{"id":53009,"date":"2026-07-14T13:55:23","date_gmt":"2026-07-14T17:55:23","guid":{"rendered":"https:\/\/www.millerthomson.com\/?p=53009"},"modified":"2026-07-14T13:55:39","modified_gmt":"2026-07-14T17:55:39","slug":"planifier-sa-succession-a-un-age-avance-quatre-moyens-de-reduire-le-risque-de-contestation-de-votre-testament-pour-cause-dincapacite","status":"publish","type":"post","link":"https:\/\/www.millerthomson.com\/fr\/perspectives-juridiques\/services-aux-particuliers\/planifier-sa-succession-a-un-age-avance-quatre-moyens-de-reduire-le-risque-de-contestation-de-votre-testament-pour-cause-dincapacite\/","title":{"rendered":"Planifier sa succession \u00e0 un \u00e2ge avanc\u00e9\u00a0: quatre moyens de r\u00e9duire le risque de contestation de votre testament pour cause d\u2019incapacit\u00e9"},"content":{"rendered":"\n<p>Si vous d\u00e9cidez de revoir votre planification successorale \u00e0 un \u00e2ge avanc\u00e9, l\u2019une des mesures les plus importantes \u00e0 prendre en consid\u00e9ration est la protection de votre testament contre toute contestation lorsque vous ne serez plus l\u00e0. L\u2019un des motifs les plus fr\u00e9quemment invoqu\u00e9s pour contester un testament est l\u2019incapacit\u00e9 cognitive, c\u2019est-\u00e0-dire l\u2019all\u00e9gation selon laquelle la personne qui pr\u00e9pare son testament ne comprend pas pleinement la nature et les cons\u00e9quences de ses actes au moment de la r\u00e9daction du testament. Ces contestations sont plus fr\u00e9quentes qu\u2019on ne le croit et peuvent avoir pour effet de d\u00e9tourner votre succession des b\u00e9n\u00e9ficiaires que vous avez d\u00e9sign\u00e9s au profit de personnes que vous n\u2019aviez pas l\u2019intention d\u2019avantager.<\/p>\n\n\n\n<p>Heureusement, des d\u00e9marches simples et efficaces peuvent \u00eatre entreprises d\u00e8s \u00e0 pr\u00e9sent, lors de la planification de votre succession, afin de pr\u00e9server les preuves essentielles \u00e0 la d\u00e9fense de votre testament s\u2019il venait \u00e0 \u00eatre contest\u00e9. Dans cet article, nous expliquons la port\u00e9e juridique de la capacit\u00e9 juridique de faire un testament et exposons quatre mesures concr\u00e8tes pour renforcer sa protection.<\/p>\n\n\n\n<h2 class=\"wp-block-heading\">Que signifie avoir la capacit\u00e9 juridique de r\u00e9diger un testament?<\/h2>\n\n\n\n<p>La port\u00e9e juridique de la capacit\u00e9 de faire un testament n\u2019a pas chang\u00e9 depuis <a href=\"https:\/\/www.canlii.org\/en\/commentary\/doc\/2017CanLIIDocs133?searchId=2026-06-29T09:51:58:591\/f8f96f3bedea48c59c5e0caa5783303a&amp;resultId=04483023c65f4edf8339ed2c36b4d634&amp;zoupio-debug#!fragment\/\/(hash:(chunk:(anchorText:''),notesQuery:'',scrollChunk:!n,searchQuery:'Banks+v.+Goodfellow+%281870',searchSortBy:RELEVANCE,tab:search))\">1870<\/a><a href=\"#_ftn1\" id=\"_ftnref1\">[1]<\/a>. Toutefois, le nombre de causes port\u00e9es devant les tribunaux pour contester la validit\u00e9 des testaments d\u00e9montre que les contestations relatives \u00e0 l\u2019incapacit\u00e9 cognitive continuent d\u2019\u00eatre motif fr\u00e9quent de litige succ\u00e9ssoraux.<\/p>\n\n\n\n<p>Par cons\u00e9quent, toute personne qui souhaite revoir ses dispositions successorales \u00e0 un \u00e2ge avanc\u00e9 devrait \u00eatre proactive et prendre les mesures n\u00e9cessaires pour constituer et conserver les preuves d\u00e9montrant sa capacit\u00e9, afin d\u2019\u00e9viter que sa succession ne profite \u00e0 des b\u00e9n\u00e9ficiaires qu\u2019elle n\u2019avait pas choisis ou ne devienne l\u2019objet de contestations judiciaires.<\/p>\n\n\n\n<p>Tout d\u2019abord, nous examinerons la notion de capacit\u00e9 cognitive n\u00e9cessaire pour r\u00e9diger un testament, puis nous aborderons les mesures \u00e0 prendre pour conserver des preuves de cette capacit\u00e9 en cas d\u2019\u00e9ventuelle contestation.<\/p>\n\n\n\n<p>Pour avoir la capacit\u00e9 juridique de r\u00e9diger un testament, une personne doit&nbsp;:<\/p>\n\n\n\n<ul class=\"wp-block-list\">\n<li>comprendre la nature de l\u2019acte qu\u2019elle accomplit (r\u00e9diger un testament) et les effets d\u2019un testament (\u00e0 savoir la disposition de ses biens apr\u00e8s son d\u00e9c\u00e8s);<\/li>\n\n\n\n<li>comprendre l\u2019\u00e9tendue des biens qu\u2019elle poss\u00e8de et qui font l\u2019objet de la disposition dans son testament;<\/li>\n\n\n\n<li>savoir qui sont ses h\u00e9ritiers et les personnes susceptibles, en r\u00e8gle g\u00e9n\u00e9rale, de faire partie des b\u00e9n\u00e9ficiaires de la succession (p. ex., conjoint, conjointe, enfants, etc.);<\/li>\n\n\n\n<li>comprendre de quelle mani\u00e8re son testament pr\u00e9voit la r\u00e9partition de ses biens et l\u2019identit\u00e9 des b\u00e9n\u00e9ficiaires d\u00e9sign\u00e9s;<\/li>\n\n\n\n<li>ne pas souffrir de troubles d\u00e9lirants ou mentaux susceptibles d\u2019avoir une incidence sur la disposition de ses biens dans son testament.<\/li>\n<\/ul>\n\n\n\n<p>Un tribunal appel\u00e9 \u00e0 se prononcer sur une question de capacit\u00e9 cherchera \u00e0 obtenir des \u00e9l\u00e9ments de preuve d\u00e9montrant que la personne qui a r\u00e9dig\u00e9 le testament avait la capacit\u00e9 de le faire \u00e0 deux moments pr\u00e9cis du processus&nbsp;: lorsqu\u2019elle a donn\u00e9 des instructions \u00e0 son avocat et au moment de la signature du testament.<\/p>\n\n\n\n<p>Lorsqu\u2019une personne entreprend sa planification successorale \u00e0 un \u00e2ge avanc\u00e9, le risque est plus \u00e9lev\u00e9 qu\u2019un b\u00e9n\u00e9ficiaire d\u00e9\u00e7u tente de contester le testament en s\u2019appuyant sur des all\u00e9gations d\u2019incapacit\u00e9 ou de d\u00e9clin cognitif. Il est impossible de pr\u00e9venir toute contestation, mais des d\u00e9marches concr\u00e8tes peuvent \u00eatre entreprises afin de pr\u00e9server les \u00e9l\u00e9ments de preuve qui permettront de d\u00e9fendre votre testament en cas de litige. Chacune de ces deux \u00e9tapes rev\u00eat une importance particuli\u00e8re et doit \u00eatre d\u00fbment document\u00e9e.<\/p>\n\n\n\n<h2 class=\"wp-block-heading\">Quelles sont les quatre fa\u00e7ons de prot\u00e9ger votre testament contre toute contestation fond\u00e9e sur l\u2019incapacit\u00e9 juridique?<\/h2>\n\n\n\n<h3 class=\"wp-block-heading\">1. Faites appel \u00e0 un avocat pour la r\u00e9daction de votre testament<\/h3>\n\n\n\n<p>La premi\u00e8re \u00e9tape \u2013 la plus importante \u2013 consiste \u00e0 consulter un avocat qui vous accompagnera dans la r\u00e9daction. Au-del\u00e0 des questions de capacit\u00e9 mentale, la r\u00e9daction de votre testament peut comporter de nombreux \u00e9cueils, dont la port\u00e9e d\u00e9passe le cadre du pr\u00e9sent article. Toutefois, lorsqu\u2019il est question d\u2019\u00e9valuation de la capacit\u00e9 mentale, les tribunaux ont clairement \u00e9tabli que le t\u00e9moignage de la personne ayant recueilli vos instructions et pr\u00e9par\u00e9 le testament \u2013 m\u00eame si cette personne ne poss\u00e8de pas de formation m\u00e9dicale \u2013 peut avoir une valeur probante importante, particuli\u00e8rement lorsqu\u2019il s\u2019agit d\u2019un avocat exp\u00e9riment\u00e9 en droit des successions<a href=\"#_ftn2\" id=\"_ftnref2\">[2]<\/a>.&nbsp;<\/p>\n\n\n\n<p>Un avocat consciencieux prendra le temps de documenter soigneusement chacune de vos rencontres, en notant non seulement vos instructions, mais \u00e9galement toute observation concernant votre apparence, votre attitude, votre vivacit\u00e9 d\u2019esprit, vos facult\u00e9s cognitives, ainsi que la pr\u00e9sence \u00e9ventuelle d\u2019une personne pouvant exercer une influence sur vos d\u00e9cisions, etc. Ces notes font partie du dossier de l\u2019avocat et peuvent \u00e9galement \u00eatre pr\u00e9sent\u00e9es comme preuve pour \u00e9tablir la validit\u00e9 d\u2019un testament. La capacit\u00e9 est un crit\u00e8re juridique, et non un crit\u00e8re m\u00e9dical, et le t\u00e9moignage d\u2019un avocat contribuera grandement \u00e0 prouver la validit\u00e9 de votre testament. Vous ne pourrez pas compter sur un tel \u00e9l\u00e9ment de preuve pour \u00e9tayer la validit\u00e9 de votre testament si vous le r\u00e9digez par vous-m\u00eame.<\/p>\n\n\n\n<p><strong>Conseil pratique&nbsp;:<\/strong> si vous constatez que votre m\u00e9moire vous joue parfois des tours avec l\u2019\u00e2ge, fixez vos rendez-vous avec votre avocat \u00e0 un moment de la journ\u00e9e o\u00f9 vous \u00eates le plus alerte et o\u00f9 vos facult\u00e9s cognitives sont \u00e0 leur meilleur.<\/p>\n\n\n\n<h3 class=\"wp-block-heading\">2. Obtenez une \u00e9valuation officielle de vos capacit\u00e9s<\/h3>\n\n\n\n<p>Une \u00e9valuation m\u00e9dicale de vos capacit\u00e9s r\u00e9alis\u00e9e au moment de la planification de votre succession constitue un \u00e9l\u00e9ment de preuve beaucoup plus convaincant qu\u2019une opinion r\u00e9trospective formul\u00e9e apr\u00e8s les faits. En laissant \u00e0 votre ex\u00e9cuteur testamentaire le soin de recueillir des \u00e9l\u00e9ments de preuve m\u00e9dicale apr\u00e8s votre d\u00e9c\u00e8s, vous risquez de compliquer sa t\u00e2che et de limiter la valeur probante des preuves obtenues.<\/p>\n\n\n\n<p>Plusieurs formes d\u2019\u00e9valuation sont possibles.<\/p>\n\n\n\n<ul class=\"wp-block-list\">\n<li><strong>Un mini-examen de l\u2019\u00e9tat mental.<\/strong> Vous pouvez demander \u00e0 votre m\u00e9decin traitant d\u2019effectuer un mini-examen de votre \u00e9tat mental, qui figurera dans votre dossier m\u00e9dical, et de fournir \u00e0 votre avocat un avis certifiant votre capacit\u00e9.<\/li>\n\n\n\n<li><strong>Une \u00e9valuation formelle par un psychiatre g\u00e9riatrique.<\/strong> Si vous avez re\u00e7u un diagnostic ou si vous craignez une \u00e9ventuelle diminution de vos facult\u00e9s cognitives, vous pourriez envisager une \u00e9valuation plus officielle par un psychiatre g\u00e9riatrique afin de confirmer que, malgr\u00e9 certains signes de d\u00e9clin cognitif, vous demeurez apte \u00e0 exercer votre capacit\u00e9 juridique. Dans tous les cas, ces rapports doivent \u00eatre transmis \u00e0 l\u2019avocat charg\u00e9 de la r\u00e9daction de votre testament. Ainsi, en plus du dossier de l\u2019avocat et de son avis, vous aurez des preuves m\u00e9dicales directes et r\u00e9centes de votre capacit\u00e9 juridique.<\/li>\n<\/ul>\n\n\n\n<h3 class=\"wp-block-heading\">3. R\u00e9digez vos propres instructions<\/h3>\n\n\n\n<p>R\u00e9fl\u00e9chissez \u00e0 la planification successorale et fournissez par \u00e9crit des instructions d\u00e9taill\u00e9es couvrant les quatre volets du test de capacit\u00e9 juridique mentionn\u00e9s pr\u00e9c\u00e9demment&nbsp;:<\/p>\n\n\n\n<ul class=\"wp-block-list\">\n<li>Ajoutez une note introductive confirmant qu\u2019il s\u2019agit de vos instructions relatives \u00e0 la r\u00e9daction de votre testament et pr\u00e9cisant vos volont\u00e9s concernant la distribution de vos biens \u00e0 votre d\u00e9c\u00e8s et l\u2019identit\u00e9 de vos b\u00e9n\u00e9ficiaires;<\/li>\n\n\n\n<li>Joignez des d\u00e9tails concernant vos biens, notamment leur description et leur valeur approximative. Plus vos notes seront d\u00e9taill\u00e9es, mieux ce sera. Par exemple, ne vous contentez pas d\u2019indiquer le montant de vos \u00e9pargnes \u00e0 la banque; pr\u00e9cisez le nom de l\u2019institution financi\u00e8re et les num\u00e9ros de compte;<\/li>\n\n\n\n<li>Pr\u00e9cisez quelles personnes peuvent raisonnablement s\u2019attendre \u00e0 h\u00e9riter de vos biens (conjoint, enfants, personnes \u00e0 charge, etc.), et indiquez que vous avez tenu compte de vos obligations morales et l\u00e9gales envers ces personnes avant de d\u00e9cider de la distribution de vos biens;<\/li>\n\n\n\n<li>Pr\u00e9cisez vos instructions concernant la r\u00e9partition de vos biens \u00e0 votre succession. Indiquez clairement les biens que vous souhaitez l\u00e9guer \u00e0 chaque b\u00e9n\u00e9ficiaire, en pr\u00e9cisant leur nom complet ainsi que le lien qui vous unit \u00e0 eux.<\/li>\n\n\n\n<li>Si vous avez l\u2019intention d\u2019exclure quelqu\u2019un ou de ne laisser qu\u2019un legs symbolique \u00e0 une personne qui serait normalement en droit de recevoir une part de vos biens (un conjoint, un enfant ou autre), il est recommand\u00e9 de r\u00e9diger une note explicative des motifs justifiant votre d\u00e9cision et de demander \u00e0 votre avocat de pr\u00e9parer une d\u00e9claration solennelle reprenant ces motifs. Ce document fera partie du dossier de l\u2019avocat et ne figurera pas dans votre testament, de sorte que personne ne prendra connaissance de ces motifs \u00e0 moins que votre testament ne fasse l\u2019objet d\u2019une contestation.<\/li>\n<\/ul>\n\n\n\n<p>Si vous avez l\u2019intention d\u2019exclure quelqu\u2019un ou de laisser un legs symbolique \u00e0 une personne qui s\u2019attendrait normalement \u00e0 faire partie de vos h\u00e9ritiers (un conjoint, un enfant ou autre), pr\u00e9parez une note explicative distincte exposant vos motifs. Votre avocat peut r\u00e9diger une d\u00e9claration solennelle reprenant ces motifs, qui sera jointe au dossier de l\u2019avocat et demeurera confidentielle, \u00e0 moins que votre testament ne fasse l\u2019objet d\u2019une contestation.<\/p>\n\n\n\n<h3 class=\"wp-block-heading\">4. Signez votre testament au bureau de votre avocat<\/h3>\n\n\n\n<p>En dernier lieu, comme il est important de v\u00e9rifier \u00e0 nouveau votre capacit\u00e9 cognitive au moment de la signature du testament, nous vous recommandons de signer votre testament au bureau d\u2019un avocat. Ainsi, l\u2019avocat aura \u00e0 nouveau l\u2019occasion (et l\u2019obligation) d\u2019\u00e9valuer vos facult\u00e9s au moment de la signature. Cette pr\u00e9caution permettra \u00e9galement \u00e0 votre ex\u00e9cuteur testamentaire de joindre ais\u00e9ment les t\u00e9moins ayant assist\u00e9 \u00e0 la signature de votre testament, le plus souvent des adjoints juridiques. En cas de contestation, elles pourront t\u00e9moigner objectivement qu\u2019elles vous ont vu relire et signer le document et qu\u2019elles n\u2019avaient aucune raison de douter de votre capacit\u00e9 au moment de la signature.&nbsp;<\/p>\n\n\n\n<p>Si vous signez votre testament \u00e0 domicile en pr\u00e9sence d\u2019amis ou de voisins, vous risquez de ne pas pouvoir compter sur leur collaboration ou de rencontrer des difficult\u00e9s \u00e0 les retrouver si leur t\u00e9moignage est n\u00e9cessaire ult\u00e9rieurement. Un autre risque est que ces t\u00e9moins soient accus\u00e9s d\u2019avoir exerc\u00e9 une influence indue sur vos d\u00e9cisions ou de ne pas avoir su reconna\u00eetre d\u2019\u00e9ventuels signes d\u2019incapacit\u00e9 cognitive au moment de la signature.<\/p>\n\n\n\n<h2 class=\"wp-block-heading\">L\u2019objectif est de veiller \u00e0 ce que vos volont\u00e9s soient respect\u00e9es<\/h2>\n\n\n\n<p>Un testament bien r\u00e9dig\u00e9 est avant tout un testament capable de r\u00e9sister \u00e0 une contestation. Ensemble, ces quatre \u00e9tapes (faire appel \u00e0 un avocat, obtenir une \u00e9valuation m\u00e9dicale de vos capacit\u00e9s, r\u00e9diger vous-m\u00eame vos instructions et signer dans un cadre professionnel) renforcent la solidit\u00e9 de votre dossier et permettent \u00e0 votre liquidateur testamentaire de disposer des preuves n\u00e9cessaires pour faire respecter vos derni\u00e8res volont\u00e9s.<\/p>\n\n\n\n<p>Il est tout \u00e0 fait possible de planifier sa succession \u00e0 un \u00e2ge avanc\u00e9 sans que cela soit compliqu\u00e9. Cette d\u00e9marche exige toutefois une certaine proactivit\u00e9 dans la pr\u00e9paration des documents. Il est pr\u00e9f\u00e9rable de r\u00e9unir les preuves d\u00e8s aujourd\u2019hui plut\u00f4t que de tenter de les \u00e9tablir apr\u00e8s coup.<\/p>\n\n\n\n<p>Si vous envisagez de revoir votre planification successorale, contactez <a href=\"file:\/\/\/C:\/Users\/mgarant\/AppData\/Local\/Microsoft\/Windows\/INetCache\/Content.Outlook\/WFHTLTEN\/Estates%20and%20Trusts%20Litigation\">nos avocats du groupe Successions et fiducies<\/a> peuvent vous aider dans la r\u00e9daction de vos documents d\u00e8s \u00e0 pr\u00e9sent.<\/p>\n\n\n\n<hr class=\"wp-block-separator has-alpha-channel-opacity\"\/>\n\n\n\n<p><a href=\"#_ftnref1\" id=\"_ftn1\">[1]<\/a> <em>Banks <\/em>c. <em>Goodfellow<\/em> (1870), L.R. 5 Q.B. 549.<\/p>\n\n\n\n<p><a href=\"#_ftnref2\" id=\"_ftn2\">[2]<\/a> <em>Waibel Estate (Re)<\/em>, 2023 BCSC 322, par. 34.<\/p>\n\n\n\n<div class=\"schema-faq wp-block-yoast-faq-block\"><div class=\"schema-faq-section\" id=\"faq-question-1783958633716\"><strong class=\"schema-faq-question\">Qu\u2019est-ce que la capacit\u00e9 de faire un testament au Canada?<\/strong> <p class=\"schema-faq-answer\">La capacit\u00e9 de faire un testament consiste \u00e0 avoir l\u2019aptitude l\u00e9gale de r\u00e9diger un testament valide au Canada. Pour avoir cette disposition, une personne doit comprendre qu\u2019elle s\u2019appr\u00eate \u00e0 r\u00e9diger un testament, conna\u00eetre l\u2019\u00e9tendue de ses biens, savoir qui en seraient normalement les h\u00e9ritiers et ne pas souffrir de d\u00e9lires ou de troubles mentaux susceptibles d\u2019affecter la mani\u00e8re dont elle dispose de ses biens.<\/p> <\/div> <div class=\"schema-faq-section\" id=\"faq-question-1783958653554\"><strong class=\"schema-faq-question\">Un testament peut-il \u00eatre contest\u00e9 pour cause d\u2019incapacit\u00e9 juridique au Canada?<\/strong> <p class=\"schema-faq-answer\">Oui. Les contestations fond\u00e9es sur l\u2019incapacit\u00e9 juridique constituent l\u2019un des motifs les plus courants de contestation d\u2019un testament au Canada. Un tribunal examinera si la personne avait la capacit\u00e9 juridique de faire un testament autant au moment de donner ses instructions \u00e0 son avocat qu\u2019au moment de sa signature du document. Le t\u00e9moignage de l\u2019avocat charg\u00e9 de la r\u00e9daction et les \u00e9valuations m\u00e9dicales r\u00e9centes ont un poids important.<\/p> <\/div> <div class=\"schema-faq-section\" id=\"faq-question-1783958664395\"><strong class=\"schema-faq-question\">Comment prot\u00e9ger mon testament contre toute contestation fond\u00e9e sur l\u2019incapacit\u00e9 juridique?<\/strong> <p class=\"schema-faq-answer\">Les quatre mesures les plus efficaces sont les suivantes\u00a0: faire appel \u00e0 un avocat pour la r\u00e9daction du testament et son attestation; obtenir une \u00e9valuation m\u00e9dicale officielle de votre capacit\u00e9 cognitive lors de la planification successorale; r\u00e9diger par vous-m\u00eame des instructions d\u00e9taill\u00e9es concernant vos biens, vos h\u00e9ritiers et vos volont\u00e9s; et signer votre testament au bureau de votre avocat plut\u00f4t qu\u2019\u00e0 votre domicile.<\/p> <\/div> <div class=\"schema-faq-section\" id=\"faq-question-1783958675595\"><strong class=\"schema-faq-question\">Qu\u2019est-ce qu\u2019un mini-examen de l\u2019\u00e9tat mental et \u00e0 quel moment en passer un dans le cadre d\u2019une planification successorale?<\/strong> <p class=\"schema-faq-answer\">Un mini-examen de l\u2019\u00e9tat mental consiste en une br\u00e8ve \u00e9valuation m\u00e9dicale des capacit\u00e9s cognitives. Dans le contexte d\u2019une planification successorale, cet examen permet de constituer un dossier m\u00e9dical r\u00e9cent de vos facult\u00e9s cognitives au moment de l\u2019auto-r\u00e9daction de votre testament. Cette \u00e9valuation sera particuli\u00e8rement utile si vous avez des inqui\u00e9tudes concernant tout \u00e9ventuel d\u00e9clin cognitif ou si vous pr\u00e9voyez que votre testament pourrait faire l\u2019objet d\u2019une contestation.<\/p> <\/div> <div class=\"schema-faq-section\" id=\"faq-question-1783958689258\"><strong class=\"schema-faq-question\">Que se passe-t-il si j\u2019exclus un enfant ou un conjoint de mon testament au Canada?<\/strong> <p class=\"schema-faq-answer\">Le fait d\u2019exclure un conjoint ou un enfant qui s\u2019attendrait normalement \u00e0 h\u00e9riter de vos biens augmente le risque de contestation du testament. Les r\u00e9sidents de la Colombie-Britannique doivent \u00e9galement tenir compte d\u2019un risque suppl\u00e9mentaire d\u00e9coulant de la loi provinciale sur la modification des testaments. Ce point n\u2019est pas abord\u00e9 dans cet article et nous vous recommandons d\u2019en discuter avec l\u2019avocat charg\u00e9 de la r\u00e9daction de votre testament. Pour prot\u00e9ger vos derni\u00e8res volont\u00e9s, exposez les motifs de vos d\u00e9cisions dans une note explicative distincte. Votre avocat peut \u00e9noncer ces raisons dans une d\u00e9claration solennelle qui demeurera confidentielle \u00e0 moins que le testament ne fasse l\u2019objet d\u2019une contestation; cette d\u00e9claration solennelle peut constituer une preuve que vos intentions \u00e9taient m\u00fbrement r\u00e9fl\u00e9chies.<\/p> <\/div> <\/div>\n","protected":false},"excerpt":{"rendered":"<p>Si vous d\u00e9cidez de revoir votre planification successorale \u00e0 un \u00e2ge avanc\u00e9, l\u2019une des mesures les plus importantes \u00e0 prendre en consid\u00e9ration est la protection de votre testament contre toute contestation lorsque vous ne serez plus l\u00e0. L\u2019un des motifs les plus fr\u00e9quemment invoqu\u00e9s pour contester un testament est l\u2019incapacit\u00e9 cognitive, c\u2019est-\u00e0-dire l\u2019all\u00e9gation selon laquelle [&hellip;]<\/p>\n","protected":false},"author":122,"featured_media":14380,"parent":0,"comment_status":"open","ping_status":"open","sticky":false,"template":"","format":"standard","meta":{"_acf_changed":false,"footnotes":""},"categories":[600],"insight-format":[470],"class_list":["post-53009","post","type-post","status-publish","format-standard","has-post-thumbnail","hentry","category-services-aux-particuliers"],"acf":[],"yoast_head":"<!-- This site is optimized with the Yoast SEO plugin v27.9 - https:\/\/yoast.com\/product\/yoast-seo-wordpress\/ -->\n<title>Planifier sa succession \u00e0 un \u00e2ge avanc\u00e9\u00a0: quatre moyens de r\u00e9duire le risque de contestation de votre testament pour cause d\u2019incapacit\u00e9 | Miller Thomson<\/title>\n<meta name=\"robots\" content=\"index, follow, max-snippet:-1, max-image-preview:large, max-video-preview:-1\" \/>\n<link rel=\"canonical\" href=\"https:\/\/www.millerthomson.com\/fr\/perspectives-juridiques\/services-aux-particuliers\/planifier-sa-succession-a-un-age-avance-quatre-moyens-de-reduire-le-risque-de-contestation-de-votre-testament-pour-cause-dincapacite\/\" \/>\n<meta property=\"og:locale\" content=\"fr_FR\" \/>\n<meta property=\"og:type\" content=\"article\" \/>\n<meta property=\"og:title\" content=\"Planifier sa succession \u00e0 un \u00e2ge avanc\u00e9\u00a0: quatre moyens de r\u00e9duire le risque de contestation de votre testament pour cause d\u2019incapacit\u00e9 | Miller Thomson\" \/>\n<meta property=\"og:description\" content=\"Si vous d\u00e9cidez de revoir votre planification successorale \u00e0 un \u00e2ge avanc\u00e9, l\u2019une des mesures les plus importantes \u00e0 prendre en consid\u00e9ration est la protection de votre testament contre toute contestation lorsque vous ne serez plus l\u00e0. L\u2019un des motifs les plus fr\u00e9quemment invoqu\u00e9s pour contester un testament est l\u2019incapacit\u00e9 cognitive, c\u2019est-\u00e0-dire l\u2019all\u00e9gation selon laquelle [&hellip;]\" \/>\n<meta property=\"og:url\" content=\"https:\/\/www.millerthomson.com\/fr\/perspectives-juridiques\/services-aux-particuliers\/planifier-sa-succession-a-un-age-avance-quatre-moyens-de-reduire-le-risque-de-contestation-de-votre-testament-pour-cause-dincapacite\/\" \/>\n<meta property=\"og:site_name\" content=\"Miller Thomson\" \/>\n<meta property=\"article:publisher\" content=\"https:\/\/www.facebook.com\/MillerThomsonLaw\/\" \/>\n<meta property=\"article:published_time\" content=\"2026-07-14T17:55:23+00:00\" \/>\n<meta property=\"article:modified_time\" content=\"2026-07-14T17:55:39+00:00\" \/>\n<meta property=\"og:image\" content=\"https:\/\/www.millerthomson.com\/wp-content\/uploads\/2024\/10\/Insights_Private-Client_Post-Image.jpg\" \/>\n\t<meta property=\"og:image:width\" content=\"1776\" \/>\n\t<meta property=\"og:image:height\" content=\"994\" \/>\n\t<meta property=\"og:image:type\" content=\"image\/jpeg\" \/>\n<meta name=\"author\" content=\"Sebastian Vives\" \/>\n<meta name=\"twitter:card\" content=\"summary_large_image\" \/>\n<meta name=\"twitter:creator\" content=\"@millerthomson\" \/>\n<meta name=\"twitter:site\" content=\"@millerthomson\" \/>\n<meta name=\"twitter:label1\" content=\"Written by\" \/>\n\t<meta name=\"twitter:data1\" content=\"Sebastian Vives\" \/>\n<script type=\"application\/ld+json\" class=\"yoast-schema-graph\">{\"@context\":\"https:\\\/\\\/schema.org\",\"@graph\":[{\"@type\":\"Article\",\"@id\":\"https:\\\/\\\/www.millerthomson.com\\\/fr\\\/perspectives-juridiques\\\/services-aux-particuliers\\\/planifier-sa-succession-a-un-age-avance-quatre-moyens-de-reduire-le-risque-de-contestation-de-votre-testament-pour-cause-dincapacite\\\/#article\",\"isPartOf\":{\"@id\":\"https:\\\/\\\/www.millerthomson.com\\\/fr\\\/perspectives-juridiques\\\/services-aux-particuliers\\\/planifier-sa-succession-a-un-age-avance-quatre-moyens-de-reduire-le-risque-de-contestation-de-votre-testament-pour-cause-dincapacite\\\/\"},\"author\":{\"name\":\"Sebastian Vives\",\"@id\":\"https:\\\/\\\/www.millerthomson.com\\\/fr\\\/#\\\/schema\\\/person\\\/be05481ca4ee617c24b33993ade4c881\"},\"headline\":\"Planifier sa succession \u00e0 un \u00e2ge avanc\u00e9\u00a0: quatre moyens de r\u00e9duire le risque de contestation de votre testament pour cause d\u2019incapacit\u00e9\",\"datePublished\":\"2026-07-14T17:55:23+00:00\",\"dateModified\":\"2026-07-14T17:55:39+00:00\",\"mainEntityOfPage\":{\"@id\":\"https:\\\/\\\/www.millerthomson.com\\\/fr\\\/perspectives-juridiques\\\/services-aux-particuliers\\\/planifier-sa-succession-a-un-age-avance-quatre-moyens-de-reduire-le-risque-de-contestation-de-votre-testament-pour-cause-dincapacite\\\/\"},\"wordCount\":2542,\"commentCount\":0,\"publisher\":{\"@id\":\"https:\\\/\\\/www.millerthomson.com\\\/fr\\\/#organization\"},\"image\":{\"@id\":\"https:\\\/\\\/www.millerthomson.com\\\/fr\\\/perspectives-juridiques\\\/services-aux-particuliers\\\/planifier-sa-succession-a-un-age-avance-quatre-moyens-de-reduire-le-risque-de-contestation-de-votre-testament-pour-cause-dincapacite\\\/#primaryimage\"},\"thumbnailUrl\":\"https:\\\/\\\/www.millerthomson.com\\\/wp-content\\\/uploads\\\/2024\\\/10\\\/Insights_Private-Client_Post-Image.jpg\",\"articleSection\":[\"Services aux particuliers\"],\"inLanguage\":\"fr-FR\",\"potentialAction\":[{\"@type\":\"CommentAction\",\"name\":\"Comment\",\"target\":[\"https:\\\/\\\/www.millerthomson.com\\\/fr\\\/perspectives-juridiques\\\/services-aux-particuliers\\\/planifier-sa-succession-a-un-age-avance-quatre-moyens-de-reduire-le-risque-de-contestation-de-votre-testament-pour-cause-dincapacite\\\/#respond\"]}]},{\"@type\":[\"WebPage\",\"ItemPage\",\"FAQPage\"],\"@id\":\"https:\\\/\\\/www.millerthomson.com\\\/fr\\\/perspectives-juridiques\\\/services-aux-particuliers\\\/planifier-sa-succession-a-un-age-avance-quatre-moyens-de-reduire-le-risque-de-contestation-de-votre-testament-pour-cause-dincapacite\\\/\",\"url\":\"https:\\\/\\\/www.millerthomson.com\\\/fr\\\/perspectives-juridiques\\\/services-aux-particuliers\\\/planifier-sa-succession-a-un-age-avance-quatre-moyens-de-reduire-le-risque-de-contestation-de-votre-testament-pour-cause-dincapacite\\\/\",\"name\":\"Planifier sa succession \u00e0 un \u00e2ge avanc\u00e9\u00a0: quatre moyens de r\u00e9duire le risque de contestation de votre testament pour cause d\u2019incapacit\u00e9 | Miller Thomson\",\"isPartOf\":{\"@id\":\"https:\\\/\\\/www.millerthomson.com\\\/fr\\\/#website\"},\"primaryImageOfPage\":{\"@id\":\"https:\\\/\\\/www.millerthomson.com\\\/fr\\\/perspectives-juridiques\\\/services-aux-particuliers\\\/planifier-sa-succession-a-un-age-avance-quatre-moyens-de-reduire-le-risque-de-contestation-de-votre-testament-pour-cause-dincapacite\\\/#primaryimage\"},\"image\":{\"@id\":\"https:\\\/\\\/www.millerthomson.com\\\/fr\\\/perspectives-juridiques\\\/services-aux-particuliers\\\/planifier-sa-succession-a-un-age-avance-quatre-moyens-de-reduire-le-risque-de-contestation-de-votre-testament-pour-cause-dincapacite\\\/#primaryimage\"},\"thumbnailUrl\":\"https:\\\/\\\/www.millerthomson.com\\\/wp-content\\\/uploads\\\/2024\\\/10\\\/Insights_Private-Client_Post-Image.jpg\",\"datePublished\":\"2026-07-14T17:55:23+00:00\",\"dateModified\":\"2026-07-14T17:55:39+00:00\",\"breadcrumb\":{\"@id\":\"https:\\\/\\\/www.millerthomson.com\\\/fr\\\/perspectives-juridiques\\\/services-aux-particuliers\\\/planifier-sa-succession-a-un-age-avance-quatre-moyens-de-reduire-le-risque-de-contestation-de-votre-testament-pour-cause-dincapacite\\\/#breadcrumb\"},\"mainEntity\":[{\"@id\":\"https:\\\/\\\/www.millerthomson.com\\\/fr\\\/perspectives-juridiques\\\/services-aux-particuliers\\\/planifier-sa-succession-a-un-age-avance-quatre-moyens-de-reduire-le-risque-de-contestation-de-votre-testament-pour-cause-dincapacite\\\/#faq-question-1783958633716\"},{\"@id\":\"https:\\\/\\\/www.millerthomson.com\\\/fr\\\/perspectives-juridiques\\\/services-aux-particuliers\\\/planifier-sa-succession-a-un-age-avance-quatre-moyens-de-reduire-le-risque-de-contestation-de-votre-testament-pour-cause-dincapacite\\\/#faq-question-1783958653554\"},{\"@id\":\"https:\\\/\\\/www.millerthomson.com\\\/fr\\\/perspectives-juridiques\\\/services-aux-particuliers\\\/planifier-sa-succession-a-un-age-avance-quatre-moyens-de-reduire-le-risque-de-contestation-de-votre-testament-pour-cause-dincapacite\\\/#faq-question-1783958664395\"},{\"@id\":\"https:\\\/\\\/www.millerthomson.com\\\/fr\\\/perspectives-juridiques\\\/services-aux-particuliers\\\/planifier-sa-succession-a-un-age-avance-quatre-moyens-de-reduire-le-risque-de-contestation-de-votre-testament-pour-cause-dincapacite\\\/#faq-question-1783958675595\"},{\"@id\":\"https:\\\/\\\/www.millerthomson.com\\\/fr\\\/perspectives-juridiques\\\/services-aux-particuliers\\\/planifier-sa-succession-a-un-age-avance-quatre-moyens-de-reduire-le-risque-de-contestation-de-votre-testament-pour-cause-dincapacite\\\/#faq-question-1783958689258\"}],\"inLanguage\":\"fr-FR\",\"potentialAction\":[{\"@type\":\"ReadAction\",\"target\":[\"https:\\\/\\\/www.millerthomson.com\\\/fr\\\/perspectives-juridiques\\\/services-aux-particuliers\\\/planifier-sa-succession-a-un-age-avance-quatre-moyens-de-reduire-le-risque-de-contestation-de-votre-testament-pour-cause-dincapacite\\\/\"]}]},{\"@type\":\"ImageObject\",\"inLanguage\":\"fr-FR\",\"@id\":\"https:\\\/\\\/www.millerthomson.com\\\/fr\\\/perspectives-juridiques\\\/services-aux-particuliers\\\/planifier-sa-succession-a-un-age-avance-quatre-moyens-de-reduire-le-risque-de-contestation-de-votre-testament-pour-cause-dincapacite\\\/#primaryimage\",\"url\":\"https:\\\/\\\/www.millerthomson.com\\\/wp-content\\\/uploads\\\/2024\\\/10\\\/Insights_Private-Client_Post-Image.jpg\",\"contentUrl\":\"https:\\\/\\\/www.millerthomson.com\\\/wp-content\\\/uploads\\\/2024\\\/10\\\/Insights_Private-Client_Post-Image.jpg\",\"width\":1776,\"height\":994,\"caption\":\"professional couple sitting at a boardroom table reviewing documents\"},{\"@type\":\"BreadcrumbList\",\"@id\":\"https:\\\/\\\/www.millerthomson.com\\\/fr\\\/perspectives-juridiques\\\/services-aux-particuliers\\\/planifier-sa-succession-a-un-age-avance-quatre-moyens-de-reduire-le-risque-de-contestation-de-votre-testament-pour-cause-dincapacite\\\/#breadcrumb\",\"itemListElement\":[{\"@type\":\"ListItem\",\"position\":1,\"name\":\"Accueil\",\"item\":\"https:\\\/\\\/www.millerthomson.com\\\/fr\\\/\"},{\"@type\":\"ListItem\",\"position\":2,\"name\":\"Planifier sa succession \u00e0 un \u00e2ge avanc\u00e9\u00a0: quatre moyens de r\u00e9duire le risque de contestation de votre testament pour cause d\u2019incapacit\u00e9\"}]},{\"@type\":\"WebSite\",\"@id\":\"https:\\\/\\\/www.millerthomson.com\\\/fr\\\/#website\",\"url\":\"https:\\\/\\\/www.millerthomson.com\\\/fr\\\/\",\"name\":\"Miller Thomson | Cabinet de droit des affaires pancanadien\",\"description\":\"National law firm providing business law expertise and litigation and disputes services for businesses across Canada since 1957.\",\"publisher\":{\"@id\":\"https:\\\/\\\/www.millerthomson.com\\\/fr\\\/#organization\"},\"potentialAction\":[{\"@type\":\"SearchAction\",\"target\":{\"@type\":\"EntryPoint\",\"urlTemplate\":\"https:\\\/\\\/www.millerthomson.com\\\/fr\\\/?s={search_term_string}\"},\"query-input\":{\"@type\":\"PropertyValueSpecification\",\"valueRequired\":true,\"valueName\":\"search_term_string\"}}],\"inLanguage\":\"fr-FR\"},{\"@type\":\"Organization\",\"@id\":\"https:\\\/\\\/www.millerthomson.com\\\/fr\\\/#organization\",\"name\":\"Miller Thomson | Cabinet de droit des affaires pancanadien\",\"url\":\"https:\\\/\\\/www.millerthomson.com\\\/fr\\\/\",\"logo\":{\"@type\":\"ImageObject\",\"inLanguage\":\"fr-FR\",\"@id\":\"https:\\\/\\\/www.millerthomson.com\\\/fr\\\/#\\\/schema\\\/logo\\\/image\\\/\",\"url\":\"https:\\\/\\\/www.millerthomson.com\\\/wp-content\\\/uploads\\\/2024\\\/10\\\/miller-thomson.svg\",\"contentUrl\":\"https:\\\/\\\/www.millerthomson.com\\\/wp-content\\\/uploads\\\/2024\\\/10\\\/miller-thomson.svg\",\"width\":380,\"height\":50,\"caption\":\"Miller Thomson | Cabinet de droit des affaires pancanadien\"},\"image\":{\"@id\":\"https:\\\/\\\/www.millerthomson.com\\\/fr\\\/#\\\/schema\\\/logo\\\/image\\\/\"},\"sameAs\":[\"https:\\\/\\\/www.facebook.com\\\/MillerThomsonLaw\\\/\",\"https:\\\/\\\/x.com\\\/millerthomson\",\"https:\\\/\\\/www.linkedin.com\\\/company\\\/miller-thomson-llp\\\/\",\"https:\\\/\\\/www.youtube.com\\\/@millerthomson\"]},{\"@type\":\"Person\",\"@id\":\"https:\\\/\\\/www.millerthomson.com\\\/fr\\\/#\\\/schema\\\/person\\\/be05481ca4ee617c24b33993ade4c881\",\"name\":\"Sebastian Vives\",\"image\":{\"@type\":\"ImageObject\",\"inLanguage\":\"fr-FR\",\"@id\":\"https:\\\/\\\/secure.gravatar.com\\\/avatar\\\/9c50194d3d05da0f277cc6ce0c163d04a4150aed35e0d008c0cba4866c37cc31?s=96&d=mm&r=g\",\"url\":\"https:\\\/\\\/secure.gravatar.com\\\/avatar\\\/9c50194d3d05da0f277cc6ce0c163d04a4150aed35e0d008c0cba4866c37cc31?s=96&d=mm&r=g\",\"contentUrl\":\"https:\\\/\\\/secure.gravatar.com\\\/avatar\\\/9c50194d3d05da0f277cc6ce0c163d04a4150aed35e0d008c0cba4866c37cc31?s=96&d=mm&r=g\",\"caption\":\"Sebastian Vives\"}},{\"@type\":\"Question\",\"@id\":\"https:\\\/\\\/www.millerthomson.com\\\/fr\\\/perspectives-juridiques\\\/services-aux-particuliers\\\/planifier-sa-succession-a-un-age-avance-quatre-moyens-de-reduire-le-risque-de-contestation-de-votre-testament-pour-cause-dincapacite\\\/#faq-question-1783958633716\",\"position\":1,\"url\":\"https:\\\/\\\/www.millerthomson.com\\\/fr\\\/perspectives-juridiques\\\/services-aux-particuliers\\\/planifier-sa-succession-a-un-age-avance-quatre-moyens-de-reduire-le-risque-de-contestation-de-votre-testament-pour-cause-dincapacite\\\/#faq-question-1783958633716\",\"name\":\"Qu\u2019est-ce que la capacit\u00e9 de faire un testament au Canada?\",\"answerCount\":1,\"acceptedAnswer\":{\"@type\":\"Answer\",\"text\":\"La capacit\u00e9 de faire un testament consiste \u00e0 avoir l\u2019aptitude l\u00e9gale de r\u00e9diger un testament valide au Canada. Pour avoir cette disposition, une personne doit comprendre qu\u2019elle s\u2019appr\u00eate \u00e0 r\u00e9diger un testament, conna\u00eetre l\u2019\u00e9tendue de ses biens, savoir qui en seraient normalement les h\u00e9ritiers et ne pas souffrir de d\u00e9lires ou de troubles mentaux susceptibles d\u2019affecter la mani\u00e8re dont elle dispose de ses biens.\",\"inLanguage\":\"fr-FR\"},\"inLanguage\":\"fr-FR\"},{\"@type\":\"Question\",\"@id\":\"https:\\\/\\\/www.millerthomson.com\\\/fr\\\/perspectives-juridiques\\\/services-aux-particuliers\\\/planifier-sa-succession-a-un-age-avance-quatre-moyens-de-reduire-le-risque-de-contestation-de-votre-testament-pour-cause-dincapacite\\\/#faq-question-1783958653554\",\"position\":2,\"url\":\"https:\\\/\\\/www.millerthomson.com\\\/fr\\\/perspectives-juridiques\\\/services-aux-particuliers\\\/planifier-sa-succession-a-un-age-avance-quatre-moyens-de-reduire-le-risque-de-contestation-de-votre-testament-pour-cause-dincapacite\\\/#faq-question-1783958653554\",\"name\":\"Un testament peut-il \u00eatre contest\u00e9 pour cause d\u2019incapacit\u00e9 juridique au Canada?\",\"answerCount\":1,\"acceptedAnswer\":{\"@type\":\"Answer\",\"text\":\"Oui. Les contestations fond\u00e9es sur l\u2019incapacit\u00e9 juridique constituent l\u2019un des motifs les plus courants de contestation d\u2019un testament au Canada. Un tribunal examinera si la personne avait la capacit\u00e9 juridique de faire un testament autant au moment de donner ses instructions \u00e0 son avocat qu\u2019au moment de sa signature du document. Le t\u00e9moignage de l\u2019avocat charg\u00e9 de la r\u00e9daction et les \u00e9valuations m\u00e9dicales r\u00e9centes ont un poids important.\",\"inLanguage\":\"fr-FR\"},\"inLanguage\":\"fr-FR\"},{\"@type\":\"Question\",\"@id\":\"https:\\\/\\\/www.millerthomson.com\\\/fr\\\/perspectives-juridiques\\\/services-aux-particuliers\\\/planifier-sa-succession-a-un-age-avance-quatre-moyens-de-reduire-le-risque-de-contestation-de-votre-testament-pour-cause-dincapacite\\\/#faq-question-1783958664395\",\"position\":3,\"url\":\"https:\\\/\\\/www.millerthomson.com\\\/fr\\\/perspectives-juridiques\\\/services-aux-particuliers\\\/planifier-sa-succession-a-un-age-avance-quatre-moyens-de-reduire-le-risque-de-contestation-de-votre-testament-pour-cause-dincapacite\\\/#faq-question-1783958664395\",\"name\":\"Comment prot\u00e9ger mon testament contre toute contestation fond\u00e9e sur l\u2019incapacit\u00e9 juridique?\",\"answerCount\":1,\"acceptedAnswer\":{\"@type\":\"Answer\",\"text\":\"Les quatre mesures les plus efficaces sont les suivantes\u00a0: faire appel \u00e0 un avocat pour la r\u00e9daction du testament et son attestation; obtenir une \u00e9valuation m\u00e9dicale officielle de votre capacit\u00e9 cognitive lors de la planification successorale; r\u00e9diger par vous-m\u00eame des instructions d\u00e9taill\u00e9es concernant vos biens, vos h\u00e9ritiers et vos volont\u00e9s; et signer votre testament au bureau de votre avocat plut\u00f4t qu\u2019\u00e0 votre domicile.\",\"inLanguage\":\"fr-FR\"},\"inLanguage\":\"fr-FR\"},{\"@type\":\"Question\",\"@id\":\"https:\\\/\\\/www.millerthomson.com\\\/fr\\\/perspectives-juridiques\\\/services-aux-particuliers\\\/planifier-sa-succession-a-un-age-avance-quatre-moyens-de-reduire-le-risque-de-contestation-de-votre-testament-pour-cause-dincapacite\\\/#faq-question-1783958675595\",\"position\":4,\"url\":\"https:\\\/\\\/www.millerthomson.com\\\/fr\\\/perspectives-juridiques\\\/services-aux-particuliers\\\/planifier-sa-succession-a-un-age-avance-quatre-moyens-de-reduire-le-risque-de-contestation-de-votre-testament-pour-cause-dincapacite\\\/#faq-question-1783958675595\",\"name\":\"Qu\u2019est-ce qu\u2019un mini-examen de l\u2019\u00e9tat mental et \u00e0 quel moment en passer un dans le cadre d\u2019une planification successorale?\",\"answerCount\":1,\"acceptedAnswer\":{\"@type\":\"Answer\",\"text\":\"Un mini-examen de l\u2019\u00e9tat mental consiste en une br\u00e8ve \u00e9valuation m\u00e9dicale des capacit\u00e9s cognitives. Dans le contexte d\u2019une planification successorale, cet examen permet de constituer un dossier m\u00e9dical r\u00e9cent de vos facult\u00e9s cognitives au moment de l\u2019auto-r\u00e9daction de votre testament. Cette \u00e9valuation sera particuli\u00e8rement utile si vous avez des inqui\u00e9tudes concernant tout \u00e9ventuel d\u00e9clin cognitif ou si vous pr\u00e9voyez que votre testament pourrait faire l\u2019objet d\u2019une contestation.\",\"inLanguage\":\"fr-FR\"},\"inLanguage\":\"fr-FR\"},{\"@type\":\"Question\",\"@id\":\"https:\\\/\\\/www.millerthomson.com\\\/fr\\\/perspectives-juridiques\\\/services-aux-particuliers\\\/planifier-sa-succession-a-un-age-avance-quatre-moyens-de-reduire-le-risque-de-contestation-de-votre-testament-pour-cause-dincapacite\\\/#faq-question-1783958689258\",\"position\":5,\"url\":\"https:\\\/\\\/www.millerthomson.com\\\/fr\\\/perspectives-juridiques\\\/services-aux-particuliers\\\/planifier-sa-succession-a-un-age-avance-quatre-moyens-de-reduire-le-risque-de-contestation-de-votre-testament-pour-cause-dincapacite\\\/#faq-question-1783958689258\",\"name\":\"Que se passe-t-il si j\u2019exclus un enfant ou un conjoint de mon testament au Canada?\",\"answerCount\":1,\"acceptedAnswer\":{\"@type\":\"Answer\",\"text\":\"Le fait d\u2019exclure un conjoint ou un enfant qui s\u2019attendrait normalement \u00e0 h\u00e9riter de vos biens augmente le risque de contestation du testament. Les r\u00e9sidents de la Colombie-Britannique doivent \u00e9galement tenir compte d\u2019un risque suppl\u00e9mentaire d\u00e9coulant de la loi provinciale sur la modification des testaments. Ce point n\u2019est pas abord\u00e9 dans cet article et nous vous recommandons d\u2019en discuter avec l\u2019avocat charg\u00e9 de la r\u00e9daction de votre testament. Pour prot\u00e9ger vos derni\u00e8res volont\u00e9s, exposez les motifs de vos d\u00e9cisions dans une note explicative distincte. Votre avocat peut \u00e9noncer ces raisons dans une d\u00e9claration solennelle qui demeurera confidentielle \u00e0 moins que le testament ne fasse l\u2019objet d\u2019une contestation; cette d\u00e9claration solennelle peut constituer une preuve que vos intentions \u00e9taient m\u00fbrement r\u00e9fl\u00e9chies.\",\"inLanguage\":\"fr-FR\"},\"inLanguage\":\"fr-FR\"}]}<\/script>\n<!-- \/ Yoast SEO plugin. -->","yoast_head_json":{"title":"Planifier sa succession \u00e0 un \u00e2ge avanc\u00e9\u00a0: quatre moyens de r\u00e9duire le risque de contestation de votre testament pour cause d\u2019incapacit\u00e9 | Miller Thomson","robots":{"index":"index","follow":"follow","max-snippet":"max-snippet:-1","max-image-preview":"max-image-preview:large","max-video-preview":"max-video-preview:-1"},"canonical":"https:\/\/www.millerthomson.com\/fr\/perspectives-juridiques\/services-aux-particuliers\/planifier-sa-succession-a-un-age-avance-quatre-moyens-de-reduire-le-risque-de-contestation-de-votre-testament-pour-cause-dincapacite\/","og_locale":"fr_FR","og_type":"article","og_title":"Planifier sa succession \u00e0 un \u00e2ge avanc\u00e9\u00a0: quatre moyens de r\u00e9duire le risque de contestation de votre testament pour cause d\u2019incapacit\u00e9 | Miller Thomson","og_description":"Si vous d\u00e9cidez de revoir votre planification successorale \u00e0 un \u00e2ge avanc\u00e9, l\u2019une des mesures les plus importantes \u00e0 prendre en consid\u00e9ration est la protection de votre testament contre toute contestation lorsque vous ne serez plus l\u00e0. L\u2019un des motifs les plus fr\u00e9quemment invoqu\u00e9s pour contester un testament est l\u2019incapacit\u00e9 cognitive, c\u2019est-\u00e0-dire l\u2019all\u00e9gation selon laquelle [&hellip;]","og_url":"https:\/\/www.millerthomson.com\/fr\/perspectives-juridiques\/services-aux-particuliers\/planifier-sa-succession-a-un-age-avance-quatre-moyens-de-reduire-le-risque-de-contestation-de-votre-testament-pour-cause-dincapacite\/","og_site_name":"Miller Thomson","article_publisher":"https:\/\/www.facebook.com\/MillerThomsonLaw\/","article_published_time":"2026-07-14T17:55:23+00:00","article_modified_time":"2026-07-14T17:55:39+00:00","og_image":[{"width":1776,"height":994,"url":"https:\/\/www.millerthomson.com\/wp-content\/uploads\/2024\/10\/Insights_Private-Client_Post-Image.jpg","type":"image\/jpeg"}],"author":"Sebastian Vives","twitter_card":"summary_large_image","twitter_creator":"@millerthomson","twitter_site":"@millerthomson","twitter_misc":{"Written by":"Sebastian Vives"},"schema":{"@context":"https:\/\/schema.org","@graph":[{"@type":"Article","@id":"https:\/\/www.millerthomson.com\/fr\/perspectives-juridiques\/services-aux-particuliers\/planifier-sa-succession-a-un-age-avance-quatre-moyens-de-reduire-le-risque-de-contestation-de-votre-testament-pour-cause-dincapacite\/#article","isPartOf":{"@id":"https:\/\/www.millerthomson.com\/fr\/perspectives-juridiques\/services-aux-particuliers\/planifier-sa-succession-a-un-age-avance-quatre-moyens-de-reduire-le-risque-de-contestation-de-votre-testament-pour-cause-dincapacite\/"},"author":{"name":"Sebastian Vives","@id":"https:\/\/www.millerthomson.com\/fr\/#\/schema\/person\/be05481ca4ee617c24b33993ade4c881"},"headline":"Planifier sa succession \u00e0 un \u00e2ge avanc\u00e9\u00a0: quatre moyens de r\u00e9duire le risque de contestation de votre testament pour cause d\u2019incapacit\u00e9","datePublished":"2026-07-14T17:55:23+00:00","dateModified":"2026-07-14T17:55:39+00:00","mainEntityOfPage":{"@id":"https:\/\/www.millerthomson.com\/fr\/perspectives-juridiques\/services-aux-particuliers\/planifier-sa-succession-a-un-age-avance-quatre-moyens-de-reduire-le-risque-de-contestation-de-votre-testament-pour-cause-dincapacite\/"},"wordCount":2542,"commentCount":0,"publisher":{"@id":"https:\/\/www.millerthomson.com\/fr\/#organization"},"image":{"@id":"https:\/\/www.millerthomson.com\/fr\/perspectives-juridiques\/services-aux-particuliers\/planifier-sa-succession-a-un-age-avance-quatre-moyens-de-reduire-le-risque-de-contestation-de-votre-testament-pour-cause-dincapacite\/#primaryimage"},"thumbnailUrl":"https:\/\/www.millerthomson.com\/wp-content\/uploads\/2024\/10\/Insights_Private-Client_Post-Image.jpg","articleSection":["Services aux particuliers"],"inLanguage":"fr-FR","potentialAction":[{"@type":"CommentAction","name":"Comment","target":["https:\/\/www.millerthomson.com\/fr\/perspectives-juridiques\/services-aux-particuliers\/planifier-sa-succession-a-un-age-avance-quatre-moyens-de-reduire-le-risque-de-contestation-de-votre-testament-pour-cause-dincapacite\/#respond"]}]},{"@type":["WebPage","ItemPage","FAQPage"],"@id":"https:\/\/www.millerthomson.com\/fr\/perspectives-juridiques\/services-aux-particuliers\/planifier-sa-succession-a-un-age-avance-quatre-moyens-de-reduire-le-risque-de-contestation-de-votre-testament-pour-cause-dincapacite\/","url":"https:\/\/www.millerthomson.com\/fr\/perspectives-juridiques\/services-aux-particuliers\/planifier-sa-succession-a-un-age-avance-quatre-moyens-de-reduire-le-risque-de-contestation-de-votre-testament-pour-cause-dincapacite\/","name":"Planifier sa succession \u00e0 un \u00e2ge avanc\u00e9\u00a0: quatre moyens de r\u00e9duire le risque de contestation de votre testament pour cause d\u2019incapacit\u00e9 | Miller Thomson","isPartOf":{"@id":"https:\/\/www.millerthomson.com\/fr\/#website"},"primaryImageOfPage":{"@id":"https:\/\/www.millerthomson.com\/fr\/perspectives-juridiques\/services-aux-particuliers\/planifier-sa-succession-a-un-age-avance-quatre-moyens-de-reduire-le-risque-de-contestation-de-votre-testament-pour-cause-dincapacite\/#primaryimage"},"image":{"@id":"https:\/\/www.millerthomson.com\/fr\/perspectives-juridiques\/services-aux-particuliers\/planifier-sa-succession-a-un-age-avance-quatre-moyens-de-reduire-le-risque-de-contestation-de-votre-testament-pour-cause-dincapacite\/#primaryimage"},"thumbnailUrl":"https:\/\/www.millerthomson.com\/wp-content\/uploads\/2024\/10\/Insights_Private-Client_Post-Image.jpg","datePublished":"2026-07-14T17:55:23+00:00","dateModified":"2026-07-14T17:55:39+00:00","breadcrumb":{"@id":"https:\/\/www.millerthomson.com\/fr\/perspectives-juridiques\/services-aux-particuliers\/planifier-sa-succession-a-un-age-avance-quatre-moyens-de-reduire-le-risque-de-contestation-de-votre-testament-pour-cause-dincapacite\/#breadcrumb"},"mainEntity":[{"@id":"https:\/\/www.millerthomson.com\/fr\/perspectives-juridiques\/services-aux-particuliers\/planifier-sa-succession-a-un-age-avance-quatre-moyens-de-reduire-le-risque-de-contestation-de-votre-testament-pour-cause-dincapacite\/#faq-question-1783958633716"},{"@id":"https:\/\/www.millerthomson.com\/fr\/perspectives-juridiques\/services-aux-particuliers\/planifier-sa-succession-a-un-age-avance-quatre-moyens-de-reduire-le-risque-de-contestation-de-votre-testament-pour-cause-dincapacite\/#faq-question-1783958653554"},{"@id":"https:\/\/www.millerthomson.com\/fr\/perspectives-juridiques\/services-aux-particuliers\/planifier-sa-succession-a-un-age-avance-quatre-moyens-de-reduire-le-risque-de-contestation-de-votre-testament-pour-cause-dincapacite\/#faq-question-1783958664395"},{"@id":"https:\/\/www.millerthomson.com\/fr\/perspectives-juridiques\/services-aux-particuliers\/planifier-sa-succession-a-un-age-avance-quatre-moyens-de-reduire-le-risque-de-contestation-de-votre-testament-pour-cause-dincapacite\/#faq-question-1783958675595"},{"@id":"https:\/\/www.millerthomson.com\/fr\/perspectives-juridiques\/services-aux-particuliers\/planifier-sa-succession-a-un-age-avance-quatre-moyens-de-reduire-le-risque-de-contestation-de-votre-testament-pour-cause-dincapacite\/#faq-question-1783958689258"}],"inLanguage":"fr-FR","potentialAction":[{"@type":"ReadAction","target":["https:\/\/www.millerthomson.com\/fr\/perspectives-juridiques\/services-aux-particuliers\/planifier-sa-succession-a-un-age-avance-quatre-moyens-de-reduire-le-risque-de-contestation-de-votre-testament-pour-cause-dincapacite\/"]}]},{"@type":"ImageObject","inLanguage":"fr-FR","@id":"https:\/\/www.millerthomson.com\/fr\/perspectives-juridiques\/services-aux-particuliers\/planifier-sa-succession-a-un-age-avance-quatre-moyens-de-reduire-le-risque-de-contestation-de-votre-testament-pour-cause-dincapacite\/#primaryimage","url":"https:\/\/www.millerthomson.com\/wp-content\/uploads\/2024\/10\/Insights_Private-Client_Post-Image.jpg","contentUrl":"https:\/\/www.millerthomson.com\/wp-content\/uploads\/2024\/10\/Insights_Private-Client_Post-Image.jpg","width":1776,"height":994,"caption":"professional couple sitting at a boardroom table reviewing documents"},{"@type":"BreadcrumbList","@id":"https:\/\/www.millerthomson.com\/fr\/perspectives-juridiques\/services-aux-particuliers\/planifier-sa-succession-a-un-age-avance-quatre-moyens-de-reduire-le-risque-de-contestation-de-votre-testament-pour-cause-dincapacite\/#breadcrumb","itemListElement":[{"@type":"ListItem","position":1,"name":"Accueil","item":"https:\/\/www.millerthomson.com\/fr\/"},{"@type":"ListItem","position":2,"name":"Planifier sa succession \u00e0 un \u00e2ge avanc\u00e9\u00a0: quatre moyens de r\u00e9duire le risque de contestation de votre testament pour cause d\u2019incapacit\u00e9"}]},{"@type":"WebSite","@id":"https:\/\/www.millerthomson.com\/fr\/#website","url":"https:\/\/www.millerthomson.com\/fr\/","name":"Miller Thomson | Cabinet de droit des affaires pancanadien","description":"National law firm providing business law expertise and litigation and disputes services for businesses across Canada since 1957.","publisher":{"@id":"https:\/\/www.millerthomson.com\/fr\/#organization"},"potentialAction":[{"@type":"SearchAction","target":{"@type":"EntryPoint","urlTemplate":"https:\/\/www.millerthomson.com\/fr\/?s={search_term_string}"},"query-input":{"@type":"PropertyValueSpecification","valueRequired":true,"valueName":"search_term_string"}}],"inLanguage":"fr-FR"},{"@type":"Organization","@id":"https:\/\/www.millerthomson.com\/fr\/#organization","name":"Miller Thomson | Cabinet de droit des affaires pancanadien","url":"https:\/\/www.millerthomson.com\/fr\/","logo":{"@type":"ImageObject","inLanguage":"fr-FR","@id":"https:\/\/www.millerthomson.com\/fr\/#\/schema\/logo\/image\/","url":"https:\/\/www.millerthomson.com\/wp-content\/uploads\/2024\/10\/miller-thomson.svg","contentUrl":"https:\/\/www.millerthomson.com\/wp-content\/uploads\/2024\/10\/miller-thomson.svg","width":380,"height":50,"caption":"Miller Thomson | Cabinet de droit des affaires pancanadien"},"image":{"@id":"https:\/\/www.millerthomson.com\/fr\/#\/schema\/logo\/image\/"},"sameAs":["https:\/\/www.facebook.com\/MillerThomsonLaw\/","https:\/\/x.com\/millerthomson","https:\/\/www.linkedin.com\/company\/miller-thomson-llp\/","https:\/\/www.youtube.com\/@millerthomson"]},{"@type":"Person","@id":"https:\/\/www.millerthomson.com\/fr\/#\/schema\/person\/be05481ca4ee617c24b33993ade4c881","name":"Sebastian Vives","image":{"@type":"ImageObject","inLanguage":"fr-FR","@id":"https:\/\/secure.gravatar.com\/avatar\/9c50194d3d05da0f277cc6ce0c163d04a4150aed35e0d008c0cba4866c37cc31?s=96&d=mm&r=g","url":"https:\/\/secure.gravatar.com\/avatar\/9c50194d3d05da0f277cc6ce0c163d04a4150aed35e0d008c0cba4866c37cc31?s=96&d=mm&r=g","contentUrl":"https:\/\/secure.gravatar.com\/avatar\/9c50194d3d05da0f277cc6ce0c163d04a4150aed35e0d008c0cba4866c37cc31?s=96&d=mm&r=g","caption":"Sebastian Vives"}},{"@type":"Question","@id":"https:\/\/www.millerthomson.com\/fr\/perspectives-juridiques\/services-aux-particuliers\/planifier-sa-succession-a-un-age-avance-quatre-moyens-de-reduire-le-risque-de-contestation-de-votre-testament-pour-cause-dincapacite\/#faq-question-1783958633716","position":1,"url":"https:\/\/www.millerthomson.com\/fr\/perspectives-juridiques\/services-aux-particuliers\/planifier-sa-succession-a-un-age-avance-quatre-moyens-de-reduire-le-risque-de-contestation-de-votre-testament-pour-cause-dincapacite\/#faq-question-1783958633716","name":"Qu\u2019est-ce que la capacit\u00e9 de faire un testament au Canada?","answerCount":1,"acceptedAnswer":{"@type":"Answer","text":"La capacit\u00e9 de faire un testament consiste \u00e0 avoir l\u2019aptitude l\u00e9gale de r\u00e9diger un testament valide au Canada. Pour avoir cette disposition, une personne doit comprendre qu\u2019elle s\u2019appr\u00eate \u00e0 r\u00e9diger un testament, conna\u00eetre l\u2019\u00e9tendue de ses biens, savoir qui en seraient normalement les h\u00e9ritiers et ne pas souffrir de d\u00e9lires ou de troubles mentaux susceptibles d\u2019affecter la mani\u00e8re dont elle dispose de ses biens.","inLanguage":"fr-FR"},"inLanguage":"fr-FR"},{"@type":"Question","@id":"https:\/\/www.millerthomson.com\/fr\/perspectives-juridiques\/services-aux-particuliers\/planifier-sa-succession-a-un-age-avance-quatre-moyens-de-reduire-le-risque-de-contestation-de-votre-testament-pour-cause-dincapacite\/#faq-question-1783958653554","position":2,"url":"https:\/\/www.millerthomson.com\/fr\/perspectives-juridiques\/services-aux-particuliers\/planifier-sa-succession-a-un-age-avance-quatre-moyens-de-reduire-le-risque-de-contestation-de-votre-testament-pour-cause-dincapacite\/#faq-question-1783958653554","name":"Un testament peut-il \u00eatre contest\u00e9 pour cause d\u2019incapacit\u00e9 juridique au Canada?","answerCount":1,"acceptedAnswer":{"@type":"Answer","text":"Oui. Les contestations fond\u00e9es sur l\u2019incapacit\u00e9 juridique constituent l\u2019un des motifs les plus courants de contestation d\u2019un testament au Canada. Un tribunal examinera si la personne avait la capacit\u00e9 juridique de faire un testament autant au moment de donner ses instructions \u00e0 son avocat qu\u2019au moment de sa signature du document. Le t\u00e9moignage de l\u2019avocat charg\u00e9 de la r\u00e9daction et les \u00e9valuations m\u00e9dicales r\u00e9centes ont un poids important.","inLanguage":"fr-FR"},"inLanguage":"fr-FR"},{"@type":"Question","@id":"https:\/\/www.millerthomson.com\/fr\/perspectives-juridiques\/services-aux-particuliers\/planifier-sa-succession-a-un-age-avance-quatre-moyens-de-reduire-le-risque-de-contestation-de-votre-testament-pour-cause-dincapacite\/#faq-question-1783958664395","position":3,"url":"https:\/\/www.millerthomson.com\/fr\/perspectives-juridiques\/services-aux-particuliers\/planifier-sa-succession-a-un-age-avance-quatre-moyens-de-reduire-le-risque-de-contestation-de-votre-testament-pour-cause-dincapacite\/#faq-question-1783958664395","name":"Comment prot\u00e9ger mon testament contre toute contestation fond\u00e9e sur l\u2019incapacit\u00e9 juridique?","answerCount":1,"acceptedAnswer":{"@type":"Answer","text":"Les quatre mesures les plus efficaces sont les suivantes\u00a0: faire appel \u00e0 un avocat pour la r\u00e9daction du testament et son attestation; obtenir une \u00e9valuation m\u00e9dicale officielle de votre capacit\u00e9 cognitive lors de la planification successorale; r\u00e9diger par vous-m\u00eame des instructions d\u00e9taill\u00e9es concernant vos biens, vos h\u00e9ritiers et vos volont\u00e9s; et signer votre testament au bureau de votre avocat plut\u00f4t qu\u2019\u00e0 votre domicile.","inLanguage":"fr-FR"},"inLanguage":"fr-FR"},{"@type":"Question","@id":"https:\/\/www.millerthomson.com\/fr\/perspectives-juridiques\/services-aux-particuliers\/planifier-sa-succession-a-un-age-avance-quatre-moyens-de-reduire-le-risque-de-contestation-de-votre-testament-pour-cause-dincapacite\/#faq-question-1783958675595","position":4,"url":"https:\/\/www.millerthomson.com\/fr\/perspectives-juridiques\/services-aux-particuliers\/planifier-sa-succession-a-un-age-avance-quatre-moyens-de-reduire-le-risque-de-contestation-de-votre-testament-pour-cause-dincapacite\/#faq-question-1783958675595","name":"Qu\u2019est-ce qu\u2019un mini-examen de l\u2019\u00e9tat mental et \u00e0 quel moment en passer un dans le cadre d\u2019une planification successorale?","answerCount":1,"acceptedAnswer":{"@type":"Answer","text":"Un mini-examen de l\u2019\u00e9tat mental consiste en une br\u00e8ve \u00e9valuation m\u00e9dicale des capacit\u00e9s cognitives. Dans le contexte d\u2019une planification successorale, cet examen permet de constituer un dossier m\u00e9dical r\u00e9cent de vos facult\u00e9s cognitives au moment de l\u2019auto-r\u00e9daction de votre testament. Cette \u00e9valuation sera particuli\u00e8rement utile si vous avez des inqui\u00e9tudes concernant tout \u00e9ventuel d\u00e9clin cognitif ou si vous pr\u00e9voyez que votre testament pourrait faire l\u2019objet d\u2019une contestation.","inLanguage":"fr-FR"},"inLanguage":"fr-FR"},{"@type":"Question","@id":"https:\/\/www.millerthomson.com\/fr\/perspectives-juridiques\/services-aux-particuliers\/planifier-sa-succession-a-un-age-avance-quatre-moyens-de-reduire-le-risque-de-contestation-de-votre-testament-pour-cause-dincapacite\/#faq-question-1783958689258","position":5,"url":"https:\/\/www.millerthomson.com\/fr\/perspectives-juridiques\/services-aux-particuliers\/planifier-sa-succession-a-un-age-avance-quatre-moyens-de-reduire-le-risque-de-contestation-de-votre-testament-pour-cause-dincapacite\/#faq-question-1783958689258","name":"Que se passe-t-il si j\u2019exclus un enfant ou un conjoint de mon testament au Canada?","answerCount":1,"acceptedAnswer":{"@type":"Answer","text":"Le fait d\u2019exclure un conjoint ou un enfant qui s\u2019attendrait normalement \u00e0 h\u00e9riter de vos biens augmente le risque de contestation du testament. Les r\u00e9sidents de la Colombie-Britannique doivent \u00e9galement tenir compte d\u2019un risque suppl\u00e9mentaire d\u00e9coulant de la loi provinciale sur la modification des testaments. Ce point n\u2019est pas abord\u00e9 dans cet article et nous vous recommandons d\u2019en discuter avec l\u2019avocat charg\u00e9 de la r\u00e9daction de votre testament. Pour prot\u00e9ger vos derni\u00e8res volont\u00e9s, exposez les motifs de vos d\u00e9cisions dans une note explicative distincte. Votre avocat peut \u00e9noncer ces raisons dans une d\u00e9claration solennelle qui demeurera confidentielle \u00e0 moins que le testament ne fasse l\u2019objet d\u2019une contestation; cette d\u00e9claration solennelle peut constituer une preuve que vos intentions \u00e9taient m\u00fbrement r\u00e9fl\u00e9chies.","inLanguage":"fr-FR"},"inLanguage":"fr-FR"}]}},"_links":{"self":[{"href":"https:\/\/www.millerthomson.com\/fr\/wp-json\/wp\/v2\/posts\/53009","targetHints":{"allow":["GET"]}}],"collection":[{"href":"https:\/\/www.millerthomson.com\/fr\/wp-json\/wp\/v2\/posts"}],"about":[{"href":"https:\/\/www.millerthomson.com\/fr\/wp-json\/wp\/v2\/types\/post"}],"author":[{"embeddable":true,"href":"https:\/\/www.millerthomson.com\/fr\/wp-json\/wp\/v2\/users\/122"}],"replies":[{"embeddable":true,"href":"https:\/\/www.millerthomson.com\/fr\/wp-json\/wp\/v2\/comments?post=53009"}],"version-history":[{"count":2,"href":"https:\/\/www.millerthomson.com\/fr\/wp-json\/wp\/v2\/posts\/53009\/revisions"}],"predecessor-version":[{"id":53011,"href":"https:\/\/www.millerthomson.com\/fr\/wp-json\/wp\/v2\/posts\/53009\/revisions\/53011"}],"wp:featuredmedia":[{"embeddable":true,"href":"https:\/\/www.millerthomson.com\/fr\/wp-json\/wp\/v2\/media\/14380"}],"wp:attachment":[{"href":"https:\/\/www.millerthomson.com\/fr\/wp-json\/wp\/v2\/media?parent=53009"}],"wp:term":[{"taxonomy":"category","embeddable":true,"href":"https:\/\/www.millerthomson.com\/fr\/wp-json\/wp\/v2\/categories?post=53009"},{"taxonomy":"insight-format","embeddable":true,"href":"https:\/\/www.millerthomson.com\/fr\/wp-json\/wp\/v2\/insight-format?post=53009"}],"curies":[{"name":"wp","href":"https:\/\/api.w.org\/{rel}","templated":true}]}}