{"id":39858,"date":"2025-08-28T07:26:00","date_gmt":"2025-08-28T11:26:00","guid":{"rendered":"https:\/\/www.millerthomson.com\/?p=39858"},"modified":"2025-12-11T17:08:37","modified_gmt":"2025-12-11T22:08:37","slug":"un-nouveau-projet-de-loi-renforce-les-exigences-de-declaration-a-larc-des-organisations-a-but-non-lucratif","status":"publish","type":"post","link":"https:\/\/www.millerthomson.com\/fr\/perspectives-juridiques\/impact-social\/un-nouveau-projet-de-loi-renforce-les-exigences-de-declaration-a-larc-des-organisations-a-but-non-lucratif\/","title":{"rendered":"Un nouveau projet de loi renforce les exigences de d\u00e9claration \u00e0 l\u2019ARC des organisations \u00e0 but non lucratif"},"content":{"rendered":"\n<p><em>Le 4\u00a0novembre\u00a02025, le gouvernement du Canada a d\u00e9pos\u00e9 le budget f\u00e9d\u00e9ral de 2025, qui indiquait que d\u2019autres modifications seraient apport\u00e9es aux obligations de d\u00e9claration impos\u00e9es aux OBNL mentionn\u00e9es dans cet article, y compris leur date de mise en application. Pour plus de d\u00e9tails, veuillez consulter notre <a href=\"https:\/\/www.millerthomson.com\/fr\/perspectives-juridiques\/impact-social\/budget-federal-de-2025-points-saillants-pour-le-secteur-des-organismes-de-bienfaisance-et-des-obnl\/\">num\u00e9ro sp\u00e9cial consacr\u00e9 au budget f\u00e9d\u00e9ral de 2025<\/a>.<\/em><\/p>\n\n\n\n<hr class=\"wp-block-separator has-alpha-channel-opacity\"\/>\n\n\n\n<p>Le 15&nbsp;ao\u00fbt&nbsp;2025, le minist\u00e8re f\u00e9d\u00e9ral des Finances a publi\u00e9 un projet de loi visant \u00e0 renforcer les exigences de d\u00e9claration impos\u00e9es aux organisations \u00e0 but non lucratif (\u00ab&nbsp;OBNL&nbsp;\u00bb).&nbsp;<\/p>\n\n\n\n<p>Ces mesures, annonc\u00e9es initialement dans l\u2019<a href=\"https:\/\/budget.canada.ca\/update-miseajour\/2024\/report-rapport\/toc-tdm-fr.html\"><em>\u00c9nonc\u00e9 \u00e9conomique de l\u2019automne de<\/em>&nbsp;<em>2024<\/em><\/a>,visent \u00e0 am\u00e9liorer la transparence dans ce secteur et, si le projet de loi est adopt\u00e9, obligeront pratiquement toutes les OBNL \u00e0 produire une d\u00e9claration annuelle de renseignements aupr\u00e8s de l\u2019Agence du revenu du Canada (\u00ab&nbsp;ARC&nbsp;\u00bb).<\/p>\n\n\n\n<p>Compte tenu de la courte p\u00e9riode de consultation s\u2019\u00e9chelonnant jusqu\u2019au 12&nbsp;septembre&nbsp;2025, les OBNL et les intervenants du secteur doivent imp\u00e9rativement comprendre la port\u00e9e des changements propos\u00e9s et se pr\u00e9parer en vue des r\u00e9percussions qu\u2019ils pourraient avoir sur eux.<\/p>\n\n\n\n<p>Nous invitons les lecteurs \u00e0 prendre connaissance du <a href=\"https:\/\/www.budget.canada.ca\/update-miseajour\/2024\/report-rapport\/tm-mf-fr.html\">projet de loi<\/a> et du <a href=\"https:\/\/www.canada.ca\/fr\/ministere-finances\/nouvelles\/2025\/08\/le-gouvernement-publie-des-projets-de-propositions-legislatives-portant-sur-des-mesures-fiscales-deja-annoncees.html\">communiqu\u00e9<\/a>.&nbsp;<\/p>\n\n\n\n<p>Nous r\u00e9sumons ci-dessous les principaux \u00e9l\u00e9ments du projet de loi et leurs r\u00e9percussions pour les OBNL.<\/p>\n\n\n\n<h2 class=\"wp-block-heading\">En quoi le projet de loi concerne les OBNL<\/h2>\n\n\n\n<p>En vertu de l\u2019alin\u00e9a&nbsp;149(1)(l) de la Loi de <em>l\u2019imp\u00f4t sur<\/em> <em>le revenu <\/em>du Canada (la \u00ab&nbsp;Loi&nbsp;\u00bb), les organisations consid\u00e9r\u00e9es comme une OBNL sont exempt\u00e9es de l\u2019imp\u00f4t sur le revenu. Contrairement aux organismes de bienfaisance enregistr\u00e9s, les OBNL ne peuvent d\u00e9livrer de re\u00e7us officiels pour don, mais elles profitent tout de m\u00eame de cette exemption \u00e0 condition d\u2019\u00eatre organis\u00e9es et exploit\u00e9es exclusivement \u00e0 des fins autres que lucratives. Le projet de loi cible ce groupe en introduisant de nouvelles exigences de d\u00e9claration visant \u00e0 am\u00e9liorer la transparence dans ce secteur.<\/p>\n\n\n\n<h2 class=\"wp-block-heading\">D\u00e9claration de renseignements par une OBNL<\/h2>\n\n\n\n<p>\u00c0 l\u2019heure actuelle, outre le formulaire&nbsp;T2 D\u00e9claration de revenus des soci\u00e9t\u00e9s (destin\u00e9 aux OBNL constitu\u00e9es en soci\u00e9t\u00e9), certaines OBNL doivent produire une d\u00e9claration annuelle de renseignements, soit le formulaire&nbsp;T1044 D\u00e9claration de renseignements des organismes sans but lucratif (\u00ab&nbsp;T1044&nbsp;\u00bb).&nbsp;<\/p>\n\n\n\n<p>Une OBNL est tenue de produire un T1044 au plus tard six&nbsp;mois apr\u00e8s la fin de son exercice, seulement si&nbsp;:<\/p>\n\n\n\n<ul class=\"wp-block-list\">\n<li>le total de ses revenus passifs au cours de l\u2019exercice d\u00e9passe 10&nbsp;000&nbsp;$;<\/li>\n\n\n\n<li>le total de ses actifs \u00e0 la fin de l\u2019exercice ant\u00e9rieur a d\u00e9pass\u00e9 200&nbsp;000&nbsp;$;<\/li>\n\n\n\n<li>l\u2019organisation devait produire une d\u00e9claration de renseignements pour un exercice ant\u00e9rieur.<\/li>\n<\/ul>\n\n\n\n<p>L\u2019OBNL qui appartient \u00e0 une ou plusieurs des trois&nbsp;cat\u00e9gories ci-dessus est tenue de d\u00e9clarer les renseignements suivants dans son T1044&nbsp;:<\/p>\n\n\n\n<ul class=\"wp-block-list\">\n<li>les sommes re\u00e7ues pendant l\u2019exercice;<\/li>\n\n\n\n<li>un \u00e9tat des actifs et des passifs \u00e0 la fin de l\u2019exercice;<\/li>\n\n\n\n<li>la r\u00e9mun\u00e9ration;<\/li>\n\n\n\n<li>une br\u00e8ve description des activit\u00e9s de l\u2019OBNL (et l\u2019obligation de pr\u00e9ciser si des activit\u00e9s ont \u00e9t\u00e9 men\u00e9es \u00e0 l\u2019ext\u00e9rieur du Canada);<\/li>\n\n\n\n<li>le lieu de conservation des registres comptables de l\u2019OBNL.<\/li>\n<\/ul>\n\n\n\n<p>Le T1044 doit \u00eatre attest\u00e9 par un signataire autoris\u00e9.<\/p>\n\n\n\n<h2 class=\"wp-block-heading\">Changement \u00e0 la d\u00e9claration de renseignements des OBNL<\/h2>\n\n\n\n<p>Le projet de loi propose des modifications \u00e0 la Loi en vertu desquelles&nbsp;:<\/p>\n\n\n<ol>\n<li>les OBNL dont les revenus bruts d\u00e9passent 50\u00a0000\u00a0$ seraient tenues de produire un T1044 chaque ann\u00e9e;<\/li>\n<li>les OBNL qui n\u2019atteignent pas les seuils exig\u00e9s pour la production d\u2019un T1044 seraient tenues de produire une nouvelle d\u00e9claration abr\u00e9g\u00e9e contenant des renseignements de base sur l\u2019organisation, notamment :<\/li>\n<\/ol>\n<p style=\"padding-left: 80px;\">(a) le num\u00e9ro d\u2019entreprise ou le num\u00e9ro de fiducie;<\/p>\n<p style=\"padding-left: 80px;\">(b) le nom de l\u2019organisation et son adresse postale;<\/p>\n<p style=\"padding-left: 80px;\">(c) les noms et adresses des administrateurs, des mandataires, des fiduciaires ou de responsables similaires;<\/p>\n<p style=\"padding-left: 80px;\">(d) une description des activit\u00e9s de l\u2019organisation, y compris si celle-ci m\u00e8ne des activit\u00e9s \u00e0 l\u2019\u00e9tranger;<\/p>\n<p style=\"padding-left: 80px;\">(e) le total des actifs, des passifs et des revenus annuels de l\u2019organisation;<\/p>\n<p style=\"padding-left: 80px;\">(f) autres renseignements prescrits.<\/p>\n<p>Si le projet de loi est adopt\u00e9, un plus grand nombre d\u2019OBNL seront tenues de produire un T1044 aupr\u00e8s de l\u2019ARC afin de fournir des pr\u00e9cisions sur leurs activit\u00e9s et leurs finances, alors qu\u2019un grand nombre d\u2019entre elles en \u00e9taient exempt\u00e9es auparavant.\u00a0 Par ailleurs, toutes les organisations qui demandent une exemption fiscale en vertu de l\u2019alin\u00e9a\u00a0149(1)(l) de la Loi devront produire annuellement un type de d\u00e9claration de renseignements aupr\u00e8s de l\u2019ARC.\u00a0\u00a0<\/p>\n\n\n<h2 class=\"wp-block-heading\">P\u00e9riode de commentaires et date d\u2019entr\u00e9e en vigueur<\/h2>\n\n\n\n<p>Ces mesures l\u00e9gislatives en sont encore \u00e0 l\u2019\u00e9tape de projet de loi et le minist\u00e8re des Finances invite l\u2019ensemble de la population canadienne ainsi que les intervenants souhaitant donner leur avis sur ces projets de propositions l\u00e9gislatives d\u2019ici le <strong>12&nbsp;septembre&nbsp;2025<\/strong>.&nbsp;<\/p>\n\n\n\n<p>Si le projet de loi est adopt\u00e9, ces nouvelles mesures s\u2019appliqueront \u00e0 compter de l\u2019ann\u00e9e d\u2019imposition&nbsp;2026.<\/p>\n\n\n\n<h2 class=\"wp-block-heading\">Principaux points \u00e0 retenir pour les OBNL<\/h2>\n\n\n\n<ul class=\"wp-block-list\">\n<li><strong>Si le projet de loi est adopt\u00e9&nbsp;:<\/strong><ul><li><strong>Toutes les OBNL auront une d\u00e9claration \u00e0 produire<\/strong> \u2013 soit la d\u00e9claration compl\u00e8te au moyen du formulaire&nbsp;T1044 ou une nouvelle d\u00e9claration abr\u00e9g\u00e9e;<\/li><\/ul><ul><li><strong>Les OBNL constitu\u00e9es en soci\u00e9t\u00e9 devront encore remplir le formulaire&nbsp;T2 D\u00e9claration de revenus des soci\u00e9t\u00e9s;<\/strong><\/li><\/ul><ul><li><strong>Le seuil changera \u2013 les organisations <\/strong>dont les revenus annuels bruts exc\u00e8dent 50&nbsp;000&nbsp;$ seront tenues de produire annuellement la d\u00e9claration de renseignements&nbsp;T1044;<\/li><\/ul>\n<ul class=\"wp-block-list\">\n<li><strong>Les petites OBNL ne seront pas exempt\u00e9es<\/strong> \u2013 m\u00eame celles qui n\u2019atteignent pas le seuil seront tenues de produire une nouvelle d\u00e9claration abr\u00e9g\u00e9e contenant des renseignements de base.<\/li>\n<\/ul>\n<\/li>\n\n\n\n<li><strong>Approche de la date limite&nbsp;<\/strong>: les intervenants ont jusqu\u2019au <strong>12&nbsp;septembre&nbsp;2025<\/strong> pour donner leur avis sur le projet de loi.<\/li>\n\n\n\n<li><strong>Date d\u2019entr\u00e9e en vigueur&nbsp;<\/strong>: les changements s\u2019appliqueront \u00e0 compter de l\u2019<strong>ann\u00e9e d\u2019imposition&nbsp;2026<\/strong>.<\/li>\n<\/ul>\n\n\n\n<p>Ces nouvelles dispositions font vraisemblablement partie des mesures prises par le minist\u00e8re des Finances pour emp\u00eacher les Canadiens de se soustraire \u00e0 leurs imp\u00f4ts et \u00e9viter que le Canada soit critiqu\u00e9 pour avoir omis d\u2019instaurer une r\u00e9glementation visant \u00e0 aider le gouvernement \u00e0 pr\u00e9venir le recyclage des produits de la criminalit\u00e9 et le financement des activit\u00e9s terroristes. &nbsp;Exiger que toutes les OBNL produisent une d\u00e9claration contribuera \u00e0 combler les lacunes qui existent actuellement au chapitre de la transparence et des renseignements. Si vous avez des questions sur les nouvelles exigences de d\u00e9claration impos\u00e9es aux OBNL par le projet de loi, n\u2019h\u00e9sitez pas \u00e0 communiquer avec un membre du groupe <a href=\"https:\/\/www.millerthomson.com\/fr\/secteurs\/organismes-de-bienfaisance-et-a-but-non-lucratif\/\">Organismes de bienfaisance et \u00e0 but non lucratif<\/a> de Miller Thomson, qui sera ravi d\u2019y r\u00e9pondre<\/p>\n","protected":false},"excerpt":{"rendered":"<p>Le 4\u00a0novembre\u00a02025, le gouvernement du Canada a d\u00e9pos\u00e9 le budget f\u00e9d\u00e9ral de 2025, qui indiquait que d\u2019autres modifications seraient apport\u00e9es aux obligations de d\u00e9claration impos\u00e9es aux OBNL mentionn\u00e9es dans cet article, y compris leur date de mise en application. Pour plus de d\u00e9tails, veuillez consulter notre num\u00e9ro sp\u00e9cial consacr\u00e9 au budget f\u00e9d\u00e9ral de 2025. Le [&hellip;]<\/p>\n","protected":false},"author":122,"featured_media":36339,"parent":0,"comment_status":"open","ping_status":"open","sticky":false,"template":"","format":"standard","meta":{"_acf_changed":false,"footnotes":""},"categories":[588],"insight-format":[470],"class_list":["post-39858","post","type-post","status-publish","format-standard","has-post-thumbnail","hentry","category-impact-social"],"acf":[],"yoast_head":"<!-- This site is optimized with the Yoast SEO plugin v26.1.1 - https:\/\/yoast.com\/wordpress\/plugins\/seo\/ -->\n<title>Un nouveau projet de loi renforce les exigences de d\u00e9claration \u00e0 l\u2019ARC des organisations \u00e0 but non lucratif | Miller Thomson<\/title>\n<meta name=\"robots\" content=\"index, follow, max-snippet:-1, max-image-preview:large, max-video-preview:-1\" \/>\n<link rel=\"canonical\" href=\"https:\/\/www.millerthomson.com\/fr\/perspectives-juridiques\/impact-social\/un-nouveau-projet-de-loi-renforce-les-exigences-de-declaration-a-larc-des-organisations-a-but-non-lucratif\/\" \/>\n<meta property=\"og:locale\" content=\"fr_FR\" \/>\n<meta property=\"og:type\" content=\"article\" \/>\n<meta property=\"og:title\" content=\"Un nouveau projet de loi renforce les exigences de d\u00e9claration \u00e0 l\u2019ARC des organisations \u00e0 but non lucratif | Miller Thomson\" \/>\n<meta property=\"og:description\" content=\"Le 4\u00a0novembre\u00a02025, le gouvernement du Canada a d\u00e9pos\u00e9 le budget f\u00e9d\u00e9ral de 2025, qui indiquait que d\u2019autres modifications seraient apport\u00e9es aux obligations de d\u00e9claration impos\u00e9es aux OBNL mentionn\u00e9es dans cet article, y compris leur date de mise en application. Pour plus de d\u00e9tails, veuillez consulter notre num\u00e9ro sp\u00e9cial consacr\u00e9 au budget f\u00e9d\u00e9ral de 2025. Le [&hellip;]\" \/>\n<meta property=\"og:url\" content=\"https:\/\/www.millerthomson.com\/fr\/perspectives-juridiques\/impact-social\/un-nouveau-projet-de-loi-renforce-les-exigences-de-declaration-a-larc-des-organisations-a-but-non-lucratif\/\" \/>\n<meta property=\"og:site_name\" content=\"Miller Thomson\" \/>\n<meta property=\"article:publisher\" content=\"https:\/\/www.facebook.com\/MillerThomsonLaw\/\" \/>\n<meta property=\"article:published_time\" content=\"2025-08-28T11:26:00+00:00\" \/>\n<meta property=\"article:modified_time\" content=\"2025-12-11T22:08:37+00:00\" \/>\n<meta property=\"og:image\" content=\"https:\/\/www.millerthomson.com\/wp-content\/uploads\/2025\/07\/ThinkstockPhotos-625736338-1.jpg\" \/>\n\t<meta property=\"og:image:width\" content=\"1920\" \/>\n\t<meta property=\"og:image:height\" content=\"1280\" \/>\n\t<meta property=\"og:image:type\" content=\"image\/jpeg\" \/>\n<meta name=\"author\" content=\"Sebastian Vives\" \/>\n<meta name=\"twitter:card\" content=\"summary_large_image\" \/>\n<meta name=\"twitter:creator\" content=\"@millerthomson\" \/>\n<meta name=\"twitter:site\" content=\"@millerthomson\" \/>\n<meta name=\"twitter:label1\" content=\"Written by\" \/>\n\t<meta name=\"twitter:data1\" content=\"Sebastian Vives\" \/>\n\t<meta name=\"twitter:label2\" content=\"Est. reading time\" \/>\n\t<meta name=\"twitter:data2\" content=\"5 minutes\" \/>\n<script type=\"application\/ld+json\" class=\"yoast-schema-graph\">{\"@context\":\"https:\/\/schema.org\",\"@graph\":[{\"@type\":\"Article\",\"@id\":\"https:\/\/www.millerthomson.com\/fr\/perspectives-juridiques\/impact-social\/un-nouveau-projet-de-loi-renforce-les-exigences-de-declaration-a-larc-des-organisations-a-but-non-lucratif\/#article\",\"isPartOf\":{\"@id\":\"https:\/\/www.millerthomson.com\/fr\/perspectives-juridiques\/impact-social\/un-nouveau-projet-de-loi-renforce-les-exigences-de-declaration-a-larc-des-organisations-a-but-non-lucratif\/\"},\"author\":{\"name\":\"Sebastian Vives\",\"@id\":\"https:\/\/www.millerthomson.com\/fr\/#\/schema\/person\/be05481ca4ee617c24b33993ade4c881\"},\"headline\":\"Un nouveau projet de loi renforce les exigences de d\u00e9claration \u00e0 l\u2019ARC des organisations \u00e0 but non lucratif\",\"datePublished\":\"2025-08-28T11:26:00+00:00\",\"dateModified\":\"2025-12-11T22:08:37+00:00\",\"mainEntityOfPage\":{\"@id\":\"https:\/\/www.millerthomson.com\/fr\/perspectives-juridiques\/impact-social\/un-nouveau-projet-de-loi-renforce-les-exigences-de-declaration-a-larc-des-organisations-a-but-non-lucratif\/\"},\"wordCount\":1210,\"commentCount\":0,\"publisher\":{\"@id\":\"https:\/\/www.millerthomson.com\/fr\/#organization\"},\"image\":{\"@id\":\"https:\/\/www.millerthomson.com\/fr\/perspectives-juridiques\/impact-social\/un-nouveau-projet-de-loi-renforce-les-exigences-de-declaration-a-larc-des-organisations-a-but-non-lucratif\/#primaryimage\"},\"thumbnailUrl\":\"https:\/\/www.millerthomson.com\/wp-content\/uploads\/2025\/07\/ThinkstockPhotos-625736338-1.jpg\",\"articleSection\":[\"Impact Social\"],\"inLanguage\":\"fr-FR\",\"potentialAction\":[{\"@type\":\"CommentAction\",\"name\":\"Comment\",\"target\":[\"https:\/\/www.millerthomson.com\/fr\/perspectives-juridiques\/impact-social\/un-nouveau-projet-de-loi-renforce-les-exigences-de-declaration-a-larc-des-organisations-a-but-non-lucratif\/#respond\"]}]},{\"@type\":[\"WebPage\",\"ItemPage\"],\"@id\":\"https:\/\/www.millerthomson.com\/fr\/perspectives-juridiques\/impact-social\/un-nouveau-projet-de-loi-renforce-les-exigences-de-declaration-a-larc-des-organisations-a-but-non-lucratif\/\",\"url\":\"https:\/\/www.millerthomson.com\/fr\/perspectives-juridiques\/impact-social\/un-nouveau-projet-de-loi-renforce-les-exigences-de-declaration-a-larc-des-organisations-a-but-non-lucratif\/\",\"name\":\"Un nouveau projet de loi renforce les exigences de d\u00e9claration \u00e0 l\u2019ARC des organisations \u00e0 but non lucratif | Miller Thomson\",\"isPartOf\":{\"@id\":\"https:\/\/www.millerthomson.com\/fr\/#website\"},\"primaryImageOfPage\":{\"@id\":\"https:\/\/www.millerthomson.com\/fr\/perspectives-juridiques\/impact-social\/un-nouveau-projet-de-loi-renforce-les-exigences-de-declaration-a-larc-des-organisations-a-but-non-lucratif\/#primaryimage\"},\"image\":{\"@id\":\"https:\/\/www.millerthomson.com\/fr\/perspectives-juridiques\/impact-social\/un-nouveau-projet-de-loi-renforce-les-exigences-de-declaration-a-larc-des-organisations-a-but-non-lucratif\/#primaryimage\"},\"thumbnailUrl\":\"https:\/\/www.millerthomson.com\/wp-content\/uploads\/2025\/07\/ThinkstockPhotos-625736338-1.jpg\",\"datePublished\":\"2025-08-28T11:26:00+00:00\",\"dateModified\":\"2025-12-11T22:08:37+00:00\",\"breadcrumb\":{\"@id\":\"https:\/\/www.millerthomson.com\/fr\/perspectives-juridiques\/impact-social\/un-nouveau-projet-de-loi-renforce-les-exigences-de-declaration-a-larc-des-organisations-a-but-non-lucratif\/#breadcrumb\"},\"inLanguage\":\"fr-FR\",\"potentialAction\":[{\"@type\":\"ReadAction\",\"target\":[\"https:\/\/www.millerthomson.com\/fr\/perspectives-juridiques\/impact-social\/un-nouveau-projet-de-loi-renforce-les-exigences-de-declaration-a-larc-des-organisations-a-but-non-lucratif\/\"]}]},{\"@type\":\"ImageObject\",\"inLanguage\":\"fr-FR\",\"@id\":\"https:\/\/www.millerthomson.com\/fr\/perspectives-juridiques\/impact-social\/un-nouveau-projet-de-loi-renforce-les-exigences-de-declaration-a-larc-des-organisations-a-but-non-lucratif\/#primaryimage\",\"url\":\"https:\/\/www.millerthomson.com\/wp-content\/uploads\/2025\/07\/ThinkstockPhotos-625736338-1.jpg\",\"contentUrl\":\"https:\/\/www.millerthomson.com\/wp-content\/uploads\/2025\/07\/ThinkstockPhotos-625736338-1.jpg\",\"width\":1920,\"height\":1280,\"caption\":\"Close up top view of young people putting their hands together. Friends with stack of hands showing unity.\"},{\"@type\":\"BreadcrumbList\",\"@id\":\"https:\/\/www.millerthomson.com\/fr\/perspectives-juridiques\/impact-social\/un-nouveau-projet-de-loi-renforce-les-exigences-de-declaration-a-larc-des-organisations-a-but-non-lucratif\/#breadcrumb\",\"itemListElement\":[{\"@type\":\"ListItem\",\"position\":1,\"name\":\"Accueil\",\"item\":\"https:\/\/www.millerthomson.com\/fr\/\"},{\"@type\":\"ListItem\",\"position\":2,\"name\":\"Un nouveau projet de loi renforce les exigences de d\u00e9claration \u00e0 l\u2019ARC des organisations \u00e0 but non lucratif\"}]},{\"@type\":\"WebSite\",\"@id\":\"https:\/\/www.millerthomson.com\/fr\/#website\",\"url\":\"https:\/\/www.millerthomson.com\/fr\/\",\"name\":\"Miller Thomson | Cabinet de droit des affaires pancanadien\",\"description\":\"National law firm providing business law expertise and litigation and disputes services for businesses across Canada since 1957.\",\"publisher\":{\"@id\":\"https:\/\/www.millerthomson.com\/fr\/#organization\"},\"potentialAction\":[{\"@type\":\"SearchAction\",\"target\":{\"@type\":\"EntryPoint\",\"urlTemplate\":\"https:\/\/www.millerthomson.com\/fr\/?s={search_term_string}\"},\"query-input\":{\"@type\":\"PropertyValueSpecification\",\"valueRequired\":true,\"valueName\":\"search_term_string\"}}],\"inLanguage\":\"fr-FR\"},{\"@type\":\"Organization\",\"@id\":\"https:\/\/www.millerthomson.com\/fr\/#organization\",\"name\":\"Miller Thomson | Cabinet de droit des affaires pancanadien\",\"url\":\"https:\/\/www.millerthomson.com\/fr\/\",\"logo\":{\"@type\":\"ImageObject\",\"inLanguage\":\"fr-FR\",\"@id\":\"https:\/\/www.millerthomson.com\/fr\/#\/schema\/logo\/image\/\",\"url\":\"https:\/\/www.millerthomson.com\/wp-content\/uploads\/2024\/10\/miller-thomson.svg\",\"contentUrl\":\"https:\/\/www.millerthomson.com\/wp-content\/uploads\/2024\/10\/miller-thomson.svg\",\"width\":380,\"height\":50,\"caption\":\"Miller Thomson | Cabinet de droit des affaires pancanadien\"},\"image\":{\"@id\":\"https:\/\/www.millerthomson.com\/fr\/#\/schema\/logo\/image\/\"},\"sameAs\":[\"https:\/\/www.facebook.com\/MillerThomsonLaw\/\",\"https:\/\/x.com\/millerthomson\",\"https:\/\/www.linkedin.com\/company\/miller-thomson-llp\/\",\"https:\/\/www.youtube.com\/@millerthomson\"]},{\"@type\":\"Person\",\"@id\":\"https:\/\/www.millerthomson.com\/fr\/#\/schema\/person\/be05481ca4ee617c24b33993ade4c881\",\"name\":\"Sebastian Vives\",\"image\":{\"@type\":\"ImageObject\",\"inLanguage\":\"fr-FR\",\"@id\":\"https:\/\/www.millerthomson.com\/fr\/#\/schema\/person\/image\/\",\"url\":\"https:\/\/secure.gravatar.com\/avatar\/9c50194d3d05da0f277cc6ce0c163d04a4150aed35e0d008c0cba4866c37cc31?s=96&d=mm&r=g\",\"contentUrl\":\"https:\/\/secure.gravatar.com\/avatar\/9c50194d3d05da0f277cc6ce0c163d04a4150aed35e0d008c0cba4866c37cc31?s=96&d=mm&r=g\",\"caption\":\"Sebastian Vives\"}}]}<\/script>\n<!-- \/ Yoast SEO plugin. -->","yoast_head_json":{"title":"Un nouveau projet de loi renforce les exigences de d\u00e9claration \u00e0 l\u2019ARC des organisations \u00e0 but non lucratif | Miller Thomson","robots":{"index":"index","follow":"follow","max-snippet":"max-snippet:-1","max-image-preview":"max-image-preview:large","max-video-preview":"max-video-preview:-1"},"canonical":"https:\/\/www.millerthomson.com\/fr\/perspectives-juridiques\/impact-social\/un-nouveau-projet-de-loi-renforce-les-exigences-de-declaration-a-larc-des-organisations-a-but-non-lucratif\/","og_locale":"fr_FR","og_type":"article","og_title":"Un nouveau projet de loi renforce les exigences de d\u00e9claration \u00e0 l\u2019ARC des organisations \u00e0 but non lucratif | Miller Thomson","og_description":"Le 4\u00a0novembre\u00a02025, le gouvernement du Canada a d\u00e9pos\u00e9 le budget f\u00e9d\u00e9ral de 2025, qui indiquait que d\u2019autres modifications seraient apport\u00e9es aux obligations de d\u00e9claration impos\u00e9es aux OBNL mentionn\u00e9es dans cet article, y compris leur date de mise en application. Pour plus de d\u00e9tails, veuillez consulter notre num\u00e9ro sp\u00e9cial consacr\u00e9 au budget f\u00e9d\u00e9ral de 2025. Le [&hellip;]","og_url":"https:\/\/www.millerthomson.com\/fr\/perspectives-juridiques\/impact-social\/un-nouveau-projet-de-loi-renforce-les-exigences-de-declaration-a-larc-des-organisations-a-but-non-lucratif\/","og_site_name":"Miller Thomson","article_publisher":"https:\/\/www.facebook.com\/MillerThomsonLaw\/","article_published_time":"2025-08-28T11:26:00+00:00","article_modified_time":"2025-12-11T22:08:37+00:00","og_image":[{"width":1920,"height":1280,"url":"https:\/\/www.millerthomson.com\/wp-content\/uploads\/2025\/07\/ThinkstockPhotos-625736338-1.jpg","type":"image\/jpeg"}],"author":"Sebastian Vives","twitter_card":"summary_large_image","twitter_creator":"@millerthomson","twitter_site":"@millerthomson","twitter_misc":{"Written by":"Sebastian Vives","Est. reading time":"5 minutes"},"schema":{"@context":"https:\/\/schema.org","@graph":[{"@type":"Article","@id":"https:\/\/www.millerthomson.com\/fr\/perspectives-juridiques\/impact-social\/un-nouveau-projet-de-loi-renforce-les-exigences-de-declaration-a-larc-des-organisations-a-but-non-lucratif\/#article","isPartOf":{"@id":"https:\/\/www.millerthomson.com\/fr\/perspectives-juridiques\/impact-social\/un-nouveau-projet-de-loi-renforce-les-exigences-de-declaration-a-larc-des-organisations-a-but-non-lucratif\/"},"author":{"name":"Sebastian Vives","@id":"https:\/\/www.millerthomson.com\/fr\/#\/schema\/person\/be05481ca4ee617c24b33993ade4c881"},"headline":"Un nouveau projet de loi renforce les exigences de d\u00e9claration \u00e0 l\u2019ARC des organisations \u00e0 but non lucratif","datePublished":"2025-08-28T11:26:00+00:00","dateModified":"2025-12-11T22:08:37+00:00","mainEntityOfPage":{"@id":"https:\/\/www.millerthomson.com\/fr\/perspectives-juridiques\/impact-social\/un-nouveau-projet-de-loi-renforce-les-exigences-de-declaration-a-larc-des-organisations-a-but-non-lucratif\/"},"wordCount":1210,"commentCount":0,"publisher":{"@id":"https:\/\/www.millerthomson.com\/fr\/#organization"},"image":{"@id":"https:\/\/www.millerthomson.com\/fr\/perspectives-juridiques\/impact-social\/un-nouveau-projet-de-loi-renforce-les-exigences-de-declaration-a-larc-des-organisations-a-but-non-lucratif\/#primaryimage"},"thumbnailUrl":"https:\/\/www.millerthomson.com\/wp-content\/uploads\/2025\/07\/ThinkstockPhotos-625736338-1.jpg","articleSection":["Impact Social"],"inLanguage":"fr-FR","potentialAction":[{"@type":"CommentAction","name":"Comment","target":["https:\/\/www.millerthomson.com\/fr\/perspectives-juridiques\/impact-social\/un-nouveau-projet-de-loi-renforce-les-exigences-de-declaration-a-larc-des-organisations-a-but-non-lucratif\/#respond"]}]},{"@type":["WebPage","ItemPage"],"@id":"https:\/\/www.millerthomson.com\/fr\/perspectives-juridiques\/impact-social\/un-nouveau-projet-de-loi-renforce-les-exigences-de-declaration-a-larc-des-organisations-a-but-non-lucratif\/","url":"https:\/\/www.millerthomson.com\/fr\/perspectives-juridiques\/impact-social\/un-nouveau-projet-de-loi-renforce-les-exigences-de-declaration-a-larc-des-organisations-a-but-non-lucratif\/","name":"Un nouveau projet de loi renforce les exigences de d\u00e9claration \u00e0 l\u2019ARC des organisations \u00e0 but non lucratif | Miller Thomson","isPartOf":{"@id":"https:\/\/www.millerthomson.com\/fr\/#website"},"primaryImageOfPage":{"@id":"https:\/\/www.millerthomson.com\/fr\/perspectives-juridiques\/impact-social\/un-nouveau-projet-de-loi-renforce-les-exigences-de-declaration-a-larc-des-organisations-a-but-non-lucratif\/#primaryimage"},"image":{"@id":"https:\/\/www.millerthomson.com\/fr\/perspectives-juridiques\/impact-social\/un-nouveau-projet-de-loi-renforce-les-exigences-de-declaration-a-larc-des-organisations-a-but-non-lucratif\/#primaryimage"},"thumbnailUrl":"https:\/\/www.millerthomson.com\/wp-content\/uploads\/2025\/07\/ThinkstockPhotos-625736338-1.jpg","datePublished":"2025-08-28T11:26:00+00:00","dateModified":"2025-12-11T22:08:37+00:00","breadcrumb":{"@id":"https:\/\/www.millerthomson.com\/fr\/perspectives-juridiques\/impact-social\/un-nouveau-projet-de-loi-renforce-les-exigences-de-declaration-a-larc-des-organisations-a-but-non-lucratif\/#breadcrumb"},"inLanguage":"fr-FR","potentialAction":[{"@type":"ReadAction","target":["https:\/\/www.millerthomson.com\/fr\/perspectives-juridiques\/impact-social\/un-nouveau-projet-de-loi-renforce-les-exigences-de-declaration-a-larc-des-organisations-a-but-non-lucratif\/"]}]},{"@type":"ImageObject","inLanguage":"fr-FR","@id":"https:\/\/www.millerthomson.com\/fr\/perspectives-juridiques\/impact-social\/un-nouveau-projet-de-loi-renforce-les-exigences-de-declaration-a-larc-des-organisations-a-but-non-lucratif\/#primaryimage","url":"https:\/\/www.millerthomson.com\/wp-content\/uploads\/2025\/07\/ThinkstockPhotos-625736338-1.jpg","contentUrl":"https:\/\/www.millerthomson.com\/wp-content\/uploads\/2025\/07\/ThinkstockPhotos-625736338-1.jpg","width":1920,"height":1280,"caption":"Close up top view of young people putting their hands together. Friends with stack of hands showing unity."},{"@type":"BreadcrumbList","@id":"https:\/\/www.millerthomson.com\/fr\/perspectives-juridiques\/impact-social\/un-nouveau-projet-de-loi-renforce-les-exigences-de-declaration-a-larc-des-organisations-a-but-non-lucratif\/#breadcrumb","itemListElement":[{"@type":"ListItem","position":1,"name":"Accueil","item":"https:\/\/www.millerthomson.com\/fr\/"},{"@type":"ListItem","position":2,"name":"Un nouveau projet de loi renforce les exigences de d\u00e9claration \u00e0 l\u2019ARC des organisations \u00e0 but non lucratif"}]},{"@type":"WebSite","@id":"https:\/\/www.millerthomson.com\/fr\/#website","url":"https:\/\/www.millerthomson.com\/fr\/","name":"Miller Thomson | Cabinet de droit des affaires pancanadien","description":"National law firm providing business law expertise and litigation and disputes services for businesses across Canada since 1957.","publisher":{"@id":"https:\/\/www.millerthomson.com\/fr\/#organization"},"potentialAction":[{"@type":"SearchAction","target":{"@type":"EntryPoint","urlTemplate":"https:\/\/www.millerthomson.com\/fr\/?s={search_term_string}"},"query-input":{"@type":"PropertyValueSpecification","valueRequired":true,"valueName":"search_term_string"}}],"inLanguage":"fr-FR"},{"@type":"Organization","@id":"https:\/\/www.millerthomson.com\/fr\/#organization","name":"Miller Thomson | Cabinet de droit des affaires pancanadien","url":"https:\/\/www.millerthomson.com\/fr\/","logo":{"@type":"ImageObject","inLanguage":"fr-FR","@id":"https:\/\/www.millerthomson.com\/fr\/#\/schema\/logo\/image\/","url":"https:\/\/www.millerthomson.com\/wp-content\/uploads\/2024\/10\/miller-thomson.svg","contentUrl":"https:\/\/www.millerthomson.com\/wp-content\/uploads\/2024\/10\/miller-thomson.svg","width":380,"height":50,"caption":"Miller Thomson | Cabinet de droit des affaires pancanadien"},"image":{"@id":"https:\/\/www.millerthomson.com\/fr\/#\/schema\/logo\/image\/"},"sameAs":["https:\/\/www.facebook.com\/MillerThomsonLaw\/","https:\/\/x.com\/millerthomson","https:\/\/www.linkedin.com\/company\/miller-thomson-llp\/","https:\/\/www.youtube.com\/@millerthomson"]},{"@type":"Person","@id":"https:\/\/www.millerthomson.com\/fr\/#\/schema\/person\/be05481ca4ee617c24b33993ade4c881","name":"Sebastian Vives","image":{"@type":"ImageObject","inLanguage":"fr-FR","@id":"https:\/\/www.millerthomson.com\/fr\/#\/schema\/person\/image\/","url":"https:\/\/secure.gravatar.com\/avatar\/9c50194d3d05da0f277cc6ce0c163d04a4150aed35e0d008c0cba4866c37cc31?s=96&d=mm&r=g","contentUrl":"https:\/\/secure.gravatar.com\/avatar\/9c50194d3d05da0f277cc6ce0c163d04a4150aed35e0d008c0cba4866c37cc31?s=96&d=mm&r=g","caption":"Sebastian Vives"}}]}},"_links":{"self":[{"href":"https:\/\/www.millerthomson.com\/fr\/wp-json\/wp\/v2\/posts\/39858","targetHints":{"allow":["GET"]}}],"collection":[{"href":"https:\/\/www.millerthomson.com\/fr\/wp-json\/wp\/v2\/posts"}],"about":[{"href":"https:\/\/www.millerthomson.com\/fr\/wp-json\/wp\/v2\/types\/post"}],"author":[{"embeddable":true,"href":"https:\/\/www.millerthomson.com\/fr\/wp-json\/wp\/v2\/users\/122"}],"replies":[{"embeddable":true,"href":"https:\/\/www.millerthomson.com\/fr\/wp-json\/wp\/v2\/comments?post=39858"}],"version-history":[{"count":0,"href":"https:\/\/www.millerthomson.com\/fr\/wp-json\/wp\/v2\/posts\/39858\/revisions"}],"wp:featuredmedia":[{"embeddable":true,"href":"https:\/\/www.millerthomson.com\/fr\/wp-json\/wp\/v2\/media\/36339"}],"wp:attachment":[{"href":"https:\/\/www.millerthomson.com\/fr\/wp-json\/wp\/v2\/media?parent=39858"}],"wp:term":[{"taxonomy":"category","embeddable":true,"href":"https:\/\/www.millerthomson.com\/fr\/wp-json\/wp\/v2\/categories?post=39858"},{"taxonomy":"insight-format","embeddable":true,"href":"https:\/\/www.millerthomson.com\/fr\/wp-json\/wp\/v2\/insight-format?post=39858"}],"curies":[{"name":"wp","href":"https:\/\/api.w.org\/{rel}","templated":true}]}}