{"id":37359,"date":"2025-07-21T09:18:26","date_gmt":"2025-07-21T13:18:26","guid":{"rendered":"https:\/\/www.millerthomson.com\/?p=37359"},"modified":"2026-01-27T16:12:03","modified_gmt":"2026-01-27T21:12:03","slug":"jusqua-ce-que-la-mort-nous-separe-suis-je-responsable-de-la-facture-fiscale-de-mon-partenaire","status":"publish","type":"post","link":"https:\/\/www.millerthomson.com\/fr\/perspectives-juridiques\/services-aux-particuliers\/jusqua-ce-que-la-mort-nous-separe-suis-je-responsable-de-la-facture-fiscale-de-mon-partenaire\/","title":{"rendered":"\u00ab\u00a0Jusqu\u2019\u00e0 ce que la mort nous s\u00e9pare\u00a0\u00bb\u00a0: suis-je responsable de la facture fiscale de mon partenaire?"},"content":{"rendered":"\n<p>Imaginez que vous appreniez, apr\u00e8s le d\u00e9c\u00e8s de votre conjoint, que l\u2019Agence du revenu du Canada vous r\u00e9clame le paiement de la dette fiscale de votre conjoint. La formule \u00ab&nbsp;jusqu\u2019\u00e0 ce que la mort nous s\u00e9pare&nbsp;\u00bb a pu exprimer un serment d\u2019amour, mais aux yeux des autorit\u00e9s fiscales, le lien financier peut persister bien au-del\u00e0 de la mort. Si vous recevez des biens d\u2019un conjoint d\u00e9c\u00e9d\u00e9 qui devait de l\u2019imp\u00f4t, \u00eates-vous responsable?<\/p>\n\n\n\n<p>Une d\u00e9cision r\u00e9cente de la Cour d\u2019appel f\u00e9d\u00e9rale souligne l\u2019importance de la d\u00e9signation d\u2019un b\u00e9n\u00e9ficiaire direct pour prot\u00e9ger l\u2019\u00e9pargne-retraite contre les r\u00e9clamations visant la succession, y compris au titre d\u2019imp\u00f4ts impay\u00e9s.<\/p>\n\n\n\n<h2 class=\"wp-block-heading\">Quand est-on consid\u00e9r\u00e9 comme un conjoint \u2013 Et pourquoi cela importe du point de vue fiscal<\/h2>\n\n\n\n<p>Le mariage marque une \u00e9tape importante dans les cultures du monde entier. La qualit\u00e9 de mari ou de femme donne \u00e9galement lieu \u00e0 des droits et obligations juridiques. Certains, mais non la totalit\u00e9, des territoires canadiens accordent aux conjoints de fait des droits et des obligations similaires \u00e0 ceux des personnes mari\u00e9es. Les exigences juridiques applicables \u00e0 la constitution d\u2019une union de fait diff\u00e8rent d\u2019un bout \u00e0 l\u2019autre du Canada et peuvent se r\u00e9v\u00e9ler assez subjectives, suscitant de l\u2019incertitude dans certains cas. Il est g\u00e9n\u00e9ralement plus ais\u00e9 de d\u00e9terminer si une personne est mari\u00e9e ou non, et donc si elle est un \u00ab&nbsp;conjoint&nbsp;\u00bb en droit.<\/p>\n\n\n\n<p>R\u00e9cemment, dans l\u2019affaire <em>Enns c. Canada<\/em>, 2025 CAF 14 (\u00ab&nbsp;<strong><em>Enns<\/em><\/strong>&nbsp;\u00bb), la d\u00e9finition du mot \u00ab&nbsp;\u00e9poux&nbsp;\u00bb a fait l\u2019objet d\u2019un examen approfondi, en particulier pour d\u00e9terminer si un partenaire survivant \u00e9tait toujours consid\u00e9r\u00e9 comme un \u00ab&nbsp;\u00e9poux&nbsp;\u00bb apr\u00e8s le d\u00e9c\u00e8s, pour l\u2019application de la <em>Loi de l\u2019imp\u00f4t sur le revenu<\/em> (la \u00ab&nbsp;<strong>LIR<\/strong>&nbsp;\u00bb).<\/p>\n\n\n\n<h2 class=\"wp-block-heading\">Peut-on h\u00e9riter d\u2019une facture fiscale? Comprendre l\u2019article\u00a0160 de la <em>Loi de l\u2019imp\u00f4t sur le revenu<\/em><\/h2>\n\n\n\n<p>Chaque particulier au Canada est un contribuable distinct, responsable du paiement de ses propres imp\u00f4ts. Les \u00e9poux et les conjoints de fait ne sont pas automatiquement tenus de payer l\u2019imp\u00f4t de leur partenaire. Toutefois, l\u2019article&nbsp;160 de la LIR permet le recouvrement d\u2019imp\u00f4ts impay\u00e9s aupr\u00e8s de personnes autres que le contribuable principal.<\/p>\n\n\n\n<p>Plus pr\u00e9cis\u00e9ment, selon l\u2019alin\u00e9a&nbsp;160(1)a) de la LIR, lorsqu\u2019une personne redevable d\u2019imp\u00f4ts impay\u00e9s transf\u00e8re des biens \u00e0 son \u00e9poux ou \u00e0 son conjoint de fait pour une contrepartie inf\u00e9rieure \u00e0 la juste valeur marchande (p.&nbsp;ex. un don), le ministre du Revenu national (le \u00ab&nbsp;<strong>ministre<\/strong>&nbsp;\u00bb) peut imposer l\u2019\u00e9poux ou le conjoint de fait b\u00e9n\u00e9ficiaire du transfert au titre des imp\u00f4ts impay\u00e9s, jusqu\u2019\u00e0 concurrence de la valeur du don. Cette mesure emp\u00eache un d\u00e9biteur fiscal de donner des biens \u00e0 son conjoint pour \u00e9viter de payer de l\u2019imp\u00f4t. Des r\u00e8gles similaires s\u2019appliquent aux transferts de biens \u00e0 des personnes mineures et \u00e0 des personnes avec lesquelles le d\u00e9biteur fiscal a un lien de d\u00e9pendance.<\/p>\n\n\n\n<h2 class=\"wp-block-heading\">\u00c9tude de cas\u00a0: <em>Enns c. Canada<\/em> \u2013 Un conjoint demeure-t-il un \u00ab\u00a0conjoint\u00a0\u00bb apr\u00e8s le d\u00e9c\u00e8s?<\/h2>\n\n\n\n<p>Peter Enns est d\u00e9c\u00e9d\u00e9 en 2013, laissant un compte de r\u00e9gime enregistr\u00e9 d\u2019\u00e9pargne-retraite (\u00ab&nbsp;<strong>REER<\/strong>&nbsp;\u00bb) d\u2019une valeur de 102&nbsp;789,52&nbsp;$. Malheureusement, \u00e0 son d\u00e9c\u00e8s, sa dette fiscale d\u00e9passait ce montant. La femme de Peter, Marlene Enns, \u00e9tait la b\u00e9n\u00e9ficiaire d\u00e9sign\u00e9e du REER et a re\u00e7u les fonds directement du compte de REER apr\u00e8s le d\u00e9c\u00e8s de Peter.<\/p>\n\n\n\n<p>Le ministre a \u00e9tabli une cotisation \u00e0 l\u2019\u00e9gard de Marlene afin de recouvrer la valeur totale du REER. Marlene a fait valoir que, Peter \u00e9tant d\u00e9c\u00e9d\u00e9, elle n\u2019\u00e9tait plus son \u00e9pouse et que, par cons\u00e9quent, le ministre ne pouvait pas lui r\u00e9clamer le paiement de la dette fiscale de Peter.<\/p>\n\n\n\n<p>La Cour de l\u2019imp\u00f4t a examin\u00e9 deux affaires ant\u00e9rieures o\u00f9 des conclusions oppos\u00e9es ont \u00e9t\u00e9 tir\u00e9es quant \u00e0 savoir si une personne cessait d\u2019\u00eatre un \u00e9poux au d\u00e9c\u00e8s de sa femme ou de son mari&nbsp;: <a href=\"https:\/\/www.canlii.org\/fr\/ca\/cci\/doc\/2013\/2013cci60\/2013cci60.html?resultId=e7f05ae00b194f8cae048659dd1b0b91&amp;searchId=2025-07-04T13:51:21:614\/15cc212e59d74ec5b245c8b85de98fc3&amp;searchUrlHash=AAAAAQAVS2lwZXJjaHVrIHYgVGhlIFF1ZWVuAAAAAAE\"><em>Kiperchuk c. La Reine<\/em>, 2013 CCI 60<\/a>, et <a href=\"https:\/\/www.canlii.org\/fr\/ca\/cci\/doc\/2015\/2015cci289\/2015cci289.html?resultId=05cf7cdb81a145bfae48de60ba84891f&amp;searchId=2025-07-04T13:51:47:793\/8ac60916087040d8b075de9da5d251aa&amp;searchUrlHash=AAAAAQASS3VjaHRhIHYgVGhlIFF1ZWVuAAAAAAE\"><em>Kuchta c. La Reine<\/em>, 2015 CCI 289<\/a>.<\/p>\n\n\n\n<p>La Cour de l\u2019imp\u00f4t a pench\u00e9 pour l\u2019analyse expos\u00e9e dans l\u2019affaire <em>Kuchta c. La Reine<\/em>, selon laquelle, pour l\u2019application de l\u2019alin\u00e9a&nbsp;160(1)a) de la LIR, une personne ne cessait pas d\u2019\u00eatre un \u00e9poux au d\u00e9c\u00e8s de sa femme ou de son mari. Par cons\u00e9quent, Marlene devait payer l\u2019imp\u00f4t de Peter. Marlene a eu gain de cause en appel.<\/p>\n\n\n\n<p>Apr\u00e8s avoir proc\u00e9d\u00e9 \u00e0 une analyse textuelle, contextuelle et t\u00e9l\u00e9ologique du mot \u00ab&nbsp;\u00e9poux&nbsp;\u00bb \u00e0 l\u2019alin\u00e9a&nbsp;160(1)a) de la LIR, la Cour d\u2019appel f\u00e9d\u00e9rale a d\u00e9clar\u00e9 que la qualit\u00e9 d\u2019\u00e9pouse de Marlene avait pris fin au d\u00e9c\u00e8s de Peter et que celle-ci n\u2019\u00e9tait pas tenue de payer les obligations fiscales de Peter. La Cour a fait remarquer que, si Marlene devait retirer le plein montant du REER pour payer la dette fiscale de Peter, elle-m\u00eame serait alors assujettie \u00e0 l\u2019imp\u00f4t applicable aux fonds retir\u00e9s, un r\u00e9sultat que le l\u00e9gislateur n\u2019aurait peut-\u00eatre pas voulu.<\/p>\n\n\n\n<h2 class=\"wp-block-heading\">Cons\u00e9quences pratiques de la d\u00e9cision <em>Enns<\/em><\/h2>\n\n\n\n<p>Bien que la d\u00e9cision <em>Enns<\/em> semble procurer aux personnes veuves un all\u00e9gement appr\u00e9ci\u00e9, deux mises en garde importantes s\u2019imposent&nbsp;:<\/p>\n\n\n\n<p>Premi\u00e8rement, les <strong>cons\u00e9quences \u00e0 long terme<\/strong> de la d\u00e9cision <em>Enns<\/em> restent incertaines. Le raisonnement de la Cour a d\u00e9j\u00e0 soulev\u00e9 certaines critiques. Le ministre pourrait interjeter appel devant la Cour supr\u00eame du Canada, en particulier compte tenu des d\u00e9cisions contradictoires rendues \u00e0 ce jour par la Cour de l\u2019imp\u00f4t. De plus, la LIR pourrait \u00eatre modifi\u00e9e de mani\u00e8re \u00e0 pr\u00e9ciser que l\u2019ancien conjoint d\u2019un d\u00e9funt est responsable de ses obligations fiscales, dans des circonstances similaires \u00e0 celles de l\u2019affaire <em>Enns<\/em>. \u00c0 l\u2019heure actuelle, toutefois, la d\u00e9signation de votre conjoint \u00e0 titre de b\u00e9n\u00e9ficiaire de votre REER peut le prot\u00e9ger contre la r\u00e9cup\u00e9ration fiscale apr\u00e8s votre d\u00e9c\u00e8s.<\/p>\n\n\n\n<p>Deuxi\u00e8mement, il importe d\u2019<strong>\u00e9tablir une distinction entre la d\u00e9signation d\u2019un b\u00e9n\u00e9ficiaire direct et le transfert d\u2019actifs \u00e0 un conjoint survivant par voie de testament<\/strong>. Les comptes enregistr\u00e9s, comme les REER, les FERR et les comptes d\u2019\u00e9pargne libre d\u2019imp\u00f4t, peuvent contourner la succession s\u2019ils sont assortis d\u2019une d\u00e9signation de b\u00e9n\u00e9ficiaire direct. Cela peut prot\u00e9ger les fonds se trouvant dans ces comptes contre les r\u00e9clamations de cr\u00e9anciers successoraux. Si, dans l\u2019affaire <em>Enns<\/em>, le REER avait \u00e9t\u00e9 transf\u00e9r\u00e9 \u00e0 la succession de Peter, sa valeur totale aurait \u00e9t\u00e9 disponible pour r\u00e9gler sa dette fiscale impay\u00e9e, m\u00eame si Marlene \u00e9tait la b\u00e9n\u00e9ficiaire de sa succession.<\/p>\n\n\n\n<p>La d\u00e9signation de b\u00e9n\u00e9ficiaires directs ne convient pas toujours et ne devrait avoir lieu qu\u2019avec des conseils appropri\u00e9s. Si vous avez des questions au sujet de la d\u00e9signation de b\u00e9n\u00e9ficiaires, du sort de vos comptes enregistr\u00e9s \u00e0 votre d\u00e9c\u00e8s ou de la protection de vos proches contre d\u2019\u00e9ventuels diff\u00e9rends ou obligations fiscales, communiquez avec notre groupe Services aux particuliers pour obtenir une consultation.<\/p>\n\n\n\n<p>S\u2019il vous a \u00e9t\u00e9 demand\u00e9 de payer des imp\u00f4ts ou d\u2019autres dettes qui incombaient \u00e0 votre conjoint ou \u00e0 un membre de votre famille d\u00e9c\u00e9d\u00e9, il importe d\u2019obtenir des conseils juridiques adapt\u00e9s \u00e0 votre situation.<\/p>\n\n\n\n<p>Notre groupe <a href=\"https:\/\/www.millerthomson.com\/fr\/expertises\/successions-et-fiducies\/\">Successions et fiducies<\/a> poss\u00e8de une vaste exp\u00e9rience de la prestation de conseils aux clients sur les diff\u00e9rends touchant les b\u00e9n\u00e9ficiaires, les cotisations fiscales et les litiges mettant en cause les droits et obligations de conjoints. Nous sommes \u00e0 votre disposition pour vous aider \u00e0 comprendre vos options, \u00e0 faire valoir vos droits et \u00e0 prot\u00e9ger ce qui compte le plus.<\/p>\n","protected":false},"excerpt":{"rendered":"<p>Imaginez que vous appreniez, apr\u00e8s le d\u00e9c\u00e8s de votre conjoint, que l\u2019Agence du revenu du Canada vous r\u00e9clame le paiement de la dette fiscale de votre conjoint. La formule \u00ab&nbsp;jusqu\u2019\u00e0 ce que la mort nous s\u00e9pare&nbsp;\u00bb a pu exprimer un serment d\u2019amour, mais aux yeux des autorit\u00e9s fiscales, le lien financier peut persister bien au-del\u00e0 [&hellip;]<\/p>\n","protected":false},"author":118,"featured_media":14380,"parent":0,"comment_status":"open","ping_status":"open","sticky":false,"template":"","format":"standard","meta":{"_acf_changed":false,"footnotes":""},"categories":[600],"insight-format":[470],"class_list":["post-37359","post","type-post","status-publish","format-standard","has-post-thumbnail","hentry","category-services-aux-particuliers"],"acf":[],"yoast_head":"<!-- This site is optimized with the Yoast SEO plugin v26.1.1 - https:\/\/yoast.com\/wordpress\/plugins\/seo\/ -->\n<title>\u00ab\u00a0Jusqu\u2019\u00e0 ce que la mort nous s\u00e9pare\u00a0\u00bb\u00a0: suis-je responsable de la facture fiscale de mon partenaire? | Miller Thomson<\/title>\n<meta name=\"robots\" content=\"index, follow, max-snippet:-1, max-image-preview:large, max-video-preview:-1\" \/>\n<link rel=\"canonical\" href=\"https:\/\/www.millerthomson.com\/fr\/perspectives-juridiques\/services-aux-particuliers\/jusqua-ce-que-la-mort-nous-separe-suis-je-responsable-de-la-facture-fiscale-de-mon-partenaire\/\" \/>\n<meta property=\"og:locale\" content=\"fr_FR\" \/>\n<meta property=\"og:type\" content=\"article\" \/>\n<meta property=\"og:title\" content=\"\u00ab\u00a0Jusqu\u2019\u00e0 ce que la mort nous s\u00e9pare\u00a0\u00bb\u00a0: suis-je responsable de la facture fiscale de mon partenaire? | Miller Thomson\" \/>\n<meta property=\"og:description\" content=\"Imaginez que vous appreniez, apr\u00e8s le d\u00e9c\u00e8s de votre conjoint, que l\u2019Agence du revenu du Canada vous r\u00e9clame le paiement de la dette fiscale de votre conjoint. La formule \u00ab&nbsp;jusqu\u2019\u00e0 ce que la mort nous s\u00e9pare&nbsp;\u00bb a pu exprimer un serment d\u2019amour, mais aux yeux des autorit\u00e9s fiscales, le lien financier peut persister bien au-del\u00e0 [&hellip;]\" \/>\n<meta property=\"og:url\" content=\"https:\/\/www.millerthomson.com\/fr\/perspectives-juridiques\/services-aux-particuliers\/jusqua-ce-que-la-mort-nous-separe-suis-je-responsable-de-la-facture-fiscale-de-mon-partenaire\/\" \/>\n<meta property=\"og:site_name\" content=\"Miller Thomson\" \/>\n<meta property=\"article:publisher\" content=\"https:\/\/www.facebook.com\/MillerThomsonLaw\/\" \/>\n<meta property=\"article:published_time\" content=\"2025-07-21T13:18:26+00:00\" \/>\n<meta property=\"article:modified_time\" content=\"2026-01-27T21:12:03+00:00\" \/>\n<meta property=\"og:image\" content=\"https:\/\/www.millerthomson.com\/wp-content\/uploads\/2024\/10\/Insights_Private-Client_Post-Image.jpg\" \/>\n\t<meta property=\"og:image:width\" content=\"1776\" \/>\n\t<meta property=\"og:image:height\" content=\"994\" \/>\n\t<meta property=\"og:image:type\" content=\"image\/jpeg\" \/>\n<meta name=\"author\" content=\"Marie-Eve Marion Garant\" \/>\n<meta name=\"twitter:card\" content=\"summary_large_image\" \/>\n<meta name=\"twitter:creator\" content=\"@millerthomson\" \/>\n<meta name=\"twitter:site\" content=\"@millerthomson\" \/>\n<meta name=\"twitter:label1\" content=\"Written by\" \/>\n\t<meta name=\"twitter:data1\" content=\"Marie-Eve Marion Garant\" \/>\n\t<meta name=\"twitter:label2\" content=\"Est. reading time\" \/>\n\t<meta name=\"twitter:data2\" content=\"6 minutes\" \/>\n<script type=\"application\/ld+json\" class=\"yoast-schema-graph\">{\"@context\":\"https:\/\/schema.org\",\"@graph\":[{\"@type\":\"Article\",\"@id\":\"https:\/\/www.millerthomson.com\/fr\/perspectives-juridiques\/services-aux-particuliers\/jusqua-ce-que-la-mort-nous-separe-suis-je-responsable-de-la-facture-fiscale-de-mon-partenaire\/#article\",\"isPartOf\":{\"@id\":\"https:\/\/www.millerthomson.com\/fr\/perspectives-juridiques\/services-aux-particuliers\/jusqua-ce-que-la-mort-nous-separe-suis-je-responsable-de-la-facture-fiscale-de-mon-partenaire\/\"},\"author\":{\"name\":\"Marie-Eve Marion Garant\",\"@id\":\"https:\/\/www.millerthomson.com\/fr\/#\/schema\/person\/d1d1cc6879a27d57e5888dad379f30ea\"},\"headline\":\"\u00ab\u00a0Jusqu\u2019\u00e0 ce que la mort nous s\u00e9pare\u00a0\u00bb\u00a0: suis-je responsable de la facture fiscale de mon partenaire?\",\"datePublished\":\"2025-07-21T13:18:26+00:00\",\"dateModified\":\"2026-01-27T21:12:03+00:00\",\"mainEntityOfPage\":{\"@id\":\"https:\/\/www.millerthomson.com\/fr\/perspectives-juridiques\/services-aux-particuliers\/jusqua-ce-que-la-mort-nous-separe-suis-je-responsable-de-la-facture-fiscale-de-mon-partenaire\/\"},\"wordCount\":1410,\"commentCount\":0,\"publisher\":{\"@id\":\"https:\/\/www.millerthomson.com\/fr\/#organization\"},\"image\":{\"@id\":\"https:\/\/www.millerthomson.com\/fr\/perspectives-juridiques\/services-aux-particuliers\/jusqua-ce-que-la-mort-nous-separe-suis-je-responsable-de-la-facture-fiscale-de-mon-partenaire\/#primaryimage\"},\"thumbnailUrl\":\"https:\/\/www.millerthomson.com\/wp-content\/uploads\/2024\/10\/Insights_Private-Client_Post-Image.jpg\",\"articleSection\":[\"Services aux particuliers\"],\"inLanguage\":\"fr-FR\",\"potentialAction\":[{\"@type\":\"CommentAction\",\"name\":\"Comment\",\"target\":[\"https:\/\/www.millerthomson.com\/fr\/perspectives-juridiques\/services-aux-particuliers\/jusqua-ce-que-la-mort-nous-separe-suis-je-responsable-de-la-facture-fiscale-de-mon-partenaire\/#respond\"]}]},{\"@type\":[\"WebPage\",\"ItemPage\"],\"@id\":\"https:\/\/www.millerthomson.com\/fr\/perspectives-juridiques\/services-aux-particuliers\/jusqua-ce-que-la-mort-nous-separe-suis-je-responsable-de-la-facture-fiscale-de-mon-partenaire\/\",\"url\":\"https:\/\/www.millerthomson.com\/fr\/perspectives-juridiques\/services-aux-particuliers\/jusqua-ce-que-la-mort-nous-separe-suis-je-responsable-de-la-facture-fiscale-de-mon-partenaire\/\",\"name\":\"\u00ab\u00a0Jusqu\u2019\u00e0 ce que la mort nous s\u00e9pare\u00a0\u00bb\u00a0: suis-je responsable de la facture fiscale de mon partenaire? | Miller Thomson\",\"isPartOf\":{\"@id\":\"https:\/\/www.millerthomson.com\/fr\/#website\"},\"primaryImageOfPage\":{\"@id\":\"https:\/\/www.millerthomson.com\/fr\/perspectives-juridiques\/services-aux-particuliers\/jusqua-ce-que-la-mort-nous-separe-suis-je-responsable-de-la-facture-fiscale-de-mon-partenaire\/#primaryimage\"},\"image\":{\"@id\":\"https:\/\/www.millerthomson.com\/fr\/perspectives-juridiques\/services-aux-particuliers\/jusqua-ce-que-la-mort-nous-separe-suis-je-responsable-de-la-facture-fiscale-de-mon-partenaire\/#primaryimage\"},\"thumbnailUrl\":\"https:\/\/www.millerthomson.com\/wp-content\/uploads\/2024\/10\/Insights_Private-Client_Post-Image.jpg\",\"datePublished\":\"2025-07-21T13:18:26+00:00\",\"dateModified\":\"2026-01-27T21:12:03+00:00\",\"breadcrumb\":{\"@id\":\"https:\/\/www.millerthomson.com\/fr\/perspectives-juridiques\/services-aux-particuliers\/jusqua-ce-que-la-mort-nous-separe-suis-je-responsable-de-la-facture-fiscale-de-mon-partenaire\/#breadcrumb\"},\"inLanguage\":\"fr-FR\",\"potentialAction\":[{\"@type\":\"ReadAction\",\"target\":[\"https:\/\/www.millerthomson.com\/fr\/perspectives-juridiques\/services-aux-particuliers\/jusqua-ce-que-la-mort-nous-separe-suis-je-responsable-de-la-facture-fiscale-de-mon-partenaire\/\"]}]},{\"@type\":\"ImageObject\",\"inLanguage\":\"fr-FR\",\"@id\":\"https:\/\/www.millerthomson.com\/fr\/perspectives-juridiques\/services-aux-particuliers\/jusqua-ce-que-la-mort-nous-separe-suis-je-responsable-de-la-facture-fiscale-de-mon-partenaire\/#primaryimage\",\"url\":\"https:\/\/www.millerthomson.com\/wp-content\/uploads\/2024\/10\/Insights_Private-Client_Post-Image.jpg\",\"contentUrl\":\"https:\/\/www.millerthomson.com\/wp-content\/uploads\/2024\/10\/Insights_Private-Client_Post-Image.jpg\",\"width\":1776,\"height\":994},{\"@type\":\"BreadcrumbList\",\"@id\":\"https:\/\/www.millerthomson.com\/fr\/perspectives-juridiques\/services-aux-particuliers\/jusqua-ce-que-la-mort-nous-separe-suis-je-responsable-de-la-facture-fiscale-de-mon-partenaire\/#breadcrumb\",\"itemListElement\":[{\"@type\":\"ListItem\",\"position\":1,\"name\":\"Accueil\",\"item\":\"https:\/\/www.millerthomson.com\/fr\/\"},{\"@type\":\"ListItem\",\"position\":2,\"name\":\"\u00ab\u00a0Jusqu\u2019\u00e0 ce que la mort nous s\u00e9pare\u00a0\u00bb\u00a0: suis-je responsable de la facture fiscale de mon partenaire?\"}]},{\"@type\":\"WebSite\",\"@id\":\"https:\/\/www.millerthomson.com\/fr\/#website\",\"url\":\"https:\/\/www.millerthomson.com\/fr\/\",\"name\":\"Miller Thomson | Cabinet de droit des affaires pancanadien\",\"description\":\"National law firm providing business law expertise and litigation and disputes services for businesses across Canada since 1957.\",\"publisher\":{\"@id\":\"https:\/\/www.millerthomson.com\/fr\/#organization\"},\"potentialAction\":[{\"@type\":\"SearchAction\",\"target\":{\"@type\":\"EntryPoint\",\"urlTemplate\":\"https:\/\/www.millerthomson.com\/fr\/?s={search_term_string}\"},\"query-input\":{\"@type\":\"PropertyValueSpecification\",\"valueRequired\":true,\"valueName\":\"search_term_string\"}}],\"inLanguage\":\"fr-FR\"},{\"@type\":\"Organization\",\"@id\":\"https:\/\/www.millerthomson.com\/fr\/#organization\",\"name\":\"Miller Thomson | Cabinet de droit des affaires pancanadien\",\"url\":\"https:\/\/www.millerthomson.com\/fr\/\",\"logo\":{\"@type\":\"ImageObject\",\"inLanguage\":\"fr-FR\",\"@id\":\"https:\/\/www.millerthomson.com\/fr\/#\/schema\/logo\/image\/\",\"url\":\"https:\/\/www.millerthomson.com\/wp-content\/uploads\/2024\/10\/miller-thomson.svg\",\"contentUrl\":\"https:\/\/www.millerthomson.com\/wp-content\/uploads\/2024\/10\/miller-thomson.svg\",\"width\":380,\"height\":50,\"caption\":\"Miller Thomson | Cabinet de droit des affaires pancanadien\"},\"image\":{\"@id\":\"https:\/\/www.millerthomson.com\/fr\/#\/schema\/logo\/image\/\"},\"sameAs\":[\"https:\/\/www.facebook.com\/MillerThomsonLaw\/\",\"https:\/\/x.com\/millerthomson\",\"https:\/\/www.linkedin.com\/company\/miller-thomson-llp\/\",\"https:\/\/www.youtube.com\/@millerthomson\"]},{\"@type\":\"Person\",\"@id\":\"https:\/\/www.millerthomson.com\/fr\/#\/schema\/person\/d1d1cc6879a27d57e5888dad379f30ea\",\"name\":\"Marie-Eve Marion Garant\",\"image\":{\"@type\":\"ImageObject\",\"inLanguage\":\"fr-FR\",\"@id\":\"https:\/\/www.millerthomson.com\/fr\/#\/schema\/person\/image\/\",\"url\":\"https:\/\/secure.gravatar.com\/avatar\/29bd6da0fbe93c9a5c37fc6f2e82c28dcc6c4901afaf6be3a0ea19e241d6192c?s=96&d=mm&r=g\",\"contentUrl\":\"https:\/\/secure.gravatar.com\/avatar\/29bd6da0fbe93c9a5c37fc6f2e82c28dcc6c4901afaf6be3a0ea19e241d6192c?s=96&d=mm&r=g\",\"caption\":\"Marie-Eve Marion Garant\"}}]}<\/script>\n<!-- \/ Yoast SEO plugin. -->","yoast_head_json":{"title":"\u00ab\u00a0Jusqu\u2019\u00e0 ce que la mort nous s\u00e9pare\u00a0\u00bb\u00a0: suis-je responsable de la facture fiscale de mon partenaire? | Miller Thomson","robots":{"index":"index","follow":"follow","max-snippet":"max-snippet:-1","max-image-preview":"max-image-preview:large","max-video-preview":"max-video-preview:-1"},"canonical":"https:\/\/www.millerthomson.com\/fr\/perspectives-juridiques\/services-aux-particuliers\/jusqua-ce-que-la-mort-nous-separe-suis-je-responsable-de-la-facture-fiscale-de-mon-partenaire\/","og_locale":"fr_FR","og_type":"article","og_title":"\u00ab\u00a0Jusqu\u2019\u00e0 ce que la mort nous s\u00e9pare\u00a0\u00bb\u00a0: suis-je responsable de la facture fiscale de mon partenaire? | Miller Thomson","og_description":"Imaginez que vous appreniez, apr\u00e8s le d\u00e9c\u00e8s de votre conjoint, que l\u2019Agence du revenu du Canada vous r\u00e9clame le paiement de la dette fiscale de votre conjoint. La formule \u00ab&nbsp;jusqu\u2019\u00e0 ce que la mort nous s\u00e9pare&nbsp;\u00bb a pu exprimer un serment d\u2019amour, mais aux yeux des autorit\u00e9s fiscales, le lien financier peut persister bien au-del\u00e0 [&hellip;]","og_url":"https:\/\/www.millerthomson.com\/fr\/perspectives-juridiques\/services-aux-particuliers\/jusqua-ce-que-la-mort-nous-separe-suis-je-responsable-de-la-facture-fiscale-de-mon-partenaire\/","og_site_name":"Miller Thomson","article_publisher":"https:\/\/www.facebook.com\/MillerThomsonLaw\/","article_published_time":"2025-07-21T13:18:26+00:00","article_modified_time":"2026-01-27T21:12:03+00:00","og_image":[{"width":1776,"height":994,"url":"https:\/\/www.millerthomson.com\/wp-content\/uploads\/2024\/10\/Insights_Private-Client_Post-Image.jpg","type":"image\/jpeg"}],"author":"Marie-Eve Marion Garant","twitter_card":"summary_large_image","twitter_creator":"@millerthomson","twitter_site":"@millerthomson","twitter_misc":{"Written by":"Marie-Eve Marion Garant","Est. reading time":"6 minutes"},"schema":{"@context":"https:\/\/schema.org","@graph":[{"@type":"Article","@id":"https:\/\/www.millerthomson.com\/fr\/perspectives-juridiques\/services-aux-particuliers\/jusqua-ce-que-la-mort-nous-separe-suis-je-responsable-de-la-facture-fiscale-de-mon-partenaire\/#article","isPartOf":{"@id":"https:\/\/www.millerthomson.com\/fr\/perspectives-juridiques\/services-aux-particuliers\/jusqua-ce-que-la-mort-nous-separe-suis-je-responsable-de-la-facture-fiscale-de-mon-partenaire\/"},"author":{"name":"Marie-Eve Marion Garant","@id":"https:\/\/www.millerthomson.com\/fr\/#\/schema\/person\/d1d1cc6879a27d57e5888dad379f30ea"},"headline":"\u00ab\u00a0Jusqu\u2019\u00e0 ce que la mort nous s\u00e9pare\u00a0\u00bb\u00a0: suis-je responsable de la facture fiscale de mon partenaire?","datePublished":"2025-07-21T13:18:26+00:00","dateModified":"2026-01-27T21:12:03+00:00","mainEntityOfPage":{"@id":"https:\/\/www.millerthomson.com\/fr\/perspectives-juridiques\/services-aux-particuliers\/jusqua-ce-que-la-mort-nous-separe-suis-je-responsable-de-la-facture-fiscale-de-mon-partenaire\/"},"wordCount":1410,"commentCount":0,"publisher":{"@id":"https:\/\/www.millerthomson.com\/fr\/#organization"},"image":{"@id":"https:\/\/www.millerthomson.com\/fr\/perspectives-juridiques\/services-aux-particuliers\/jusqua-ce-que-la-mort-nous-separe-suis-je-responsable-de-la-facture-fiscale-de-mon-partenaire\/#primaryimage"},"thumbnailUrl":"https:\/\/www.millerthomson.com\/wp-content\/uploads\/2024\/10\/Insights_Private-Client_Post-Image.jpg","articleSection":["Services aux particuliers"],"inLanguage":"fr-FR","potentialAction":[{"@type":"CommentAction","name":"Comment","target":["https:\/\/www.millerthomson.com\/fr\/perspectives-juridiques\/services-aux-particuliers\/jusqua-ce-que-la-mort-nous-separe-suis-je-responsable-de-la-facture-fiscale-de-mon-partenaire\/#respond"]}]},{"@type":["WebPage","ItemPage"],"@id":"https:\/\/www.millerthomson.com\/fr\/perspectives-juridiques\/services-aux-particuliers\/jusqua-ce-que-la-mort-nous-separe-suis-je-responsable-de-la-facture-fiscale-de-mon-partenaire\/","url":"https:\/\/www.millerthomson.com\/fr\/perspectives-juridiques\/services-aux-particuliers\/jusqua-ce-que-la-mort-nous-separe-suis-je-responsable-de-la-facture-fiscale-de-mon-partenaire\/","name":"\u00ab\u00a0Jusqu\u2019\u00e0 ce que la mort nous s\u00e9pare\u00a0\u00bb\u00a0: suis-je responsable de la facture fiscale de mon partenaire? | Miller Thomson","isPartOf":{"@id":"https:\/\/www.millerthomson.com\/fr\/#website"},"primaryImageOfPage":{"@id":"https:\/\/www.millerthomson.com\/fr\/perspectives-juridiques\/services-aux-particuliers\/jusqua-ce-que-la-mort-nous-separe-suis-je-responsable-de-la-facture-fiscale-de-mon-partenaire\/#primaryimage"},"image":{"@id":"https:\/\/www.millerthomson.com\/fr\/perspectives-juridiques\/services-aux-particuliers\/jusqua-ce-que-la-mort-nous-separe-suis-je-responsable-de-la-facture-fiscale-de-mon-partenaire\/#primaryimage"},"thumbnailUrl":"https:\/\/www.millerthomson.com\/wp-content\/uploads\/2024\/10\/Insights_Private-Client_Post-Image.jpg","datePublished":"2025-07-21T13:18:26+00:00","dateModified":"2026-01-27T21:12:03+00:00","breadcrumb":{"@id":"https:\/\/www.millerthomson.com\/fr\/perspectives-juridiques\/services-aux-particuliers\/jusqua-ce-que-la-mort-nous-separe-suis-je-responsable-de-la-facture-fiscale-de-mon-partenaire\/#breadcrumb"},"inLanguage":"fr-FR","potentialAction":[{"@type":"ReadAction","target":["https:\/\/www.millerthomson.com\/fr\/perspectives-juridiques\/services-aux-particuliers\/jusqua-ce-que-la-mort-nous-separe-suis-je-responsable-de-la-facture-fiscale-de-mon-partenaire\/"]}]},{"@type":"ImageObject","inLanguage":"fr-FR","@id":"https:\/\/www.millerthomson.com\/fr\/perspectives-juridiques\/services-aux-particuliers\/jusqua-ce-que-la-mort-nous-separe-suis-je-responsable-de-la-facture-fiscale-de-mon-partenaire\/#primaryimage","url":"https:\/\/www.millerthomson.com\/wp-content\/uploads\/2024\/10\/Insights_Private-Client_Post-Image.jpg","contentUrl":"https:\/\/www.millerthomson.com\/wp-content\/uploads\/2024\/10\/Insights_Private-Client_Post-Image.jpg","width":1776,"height":994},{"@type":"BreadcrumbList","@id":"https:\/\/www.millerthomson.com\/fr\/perspectives-juridiques\/services-aux-particuliers\/jusqua-ce-que-la-mort-nous-separe-suis-je-responsable-de-la-facture-fiscale-de-mon-partenaire\/#breadcrumb","itemListElement":[{"@type":"ListItem","position":1,"name":"Accueil","item":"https:\/\/www.millerthomson.com\/fr\/"},{"@type":"ListItem","position":2,"name":"\u00ab\u00a0Jusqu\u2019\u00e0 ce que la mort nous s\u00e9pare\u00a0\u00bb\u00a0: suis-je responsable de la facture fiscale de mon partenaire?"}]},{"@type":"WebSite","@id":"https:\/\/www.millerthomson.com\/fr\/#website","url":"https:\/\/www.millerthomson.com\/fr\/","name":"Miller Thomson | Cabinet de droit des affaires pancanadien","description":"National law firm providing business law expertise and litigation and disputes services for businesses across Canada since 1957.","publisher":{"@id":"https:\/\/www.millerthomson.com\/fr\/#organization"},"potentialAction":[{"@type":"SearchAction","target":{"@type":"EntryPoint","urlTemplate":"https:\/\/www.millerthomson.com\/fr\/?s={search_term_string}"},"query-input":{"@type":"PropertyValueSpecification","valueRequired":true,"valueName":"search_term_string"}}],"inLanguage":"fr-FR"},{"@type":"Organization","@id":"https:\/\/www.millerthomson.com\/fr\/#organization","name":"Miller Thomson | Cabinet de droit des affaires pancanadien","url":"https:\/\/www.millerthomson.com\/fr\/","logo":{"@type":"ImageObject","inLanguage":"fr-FR","@id":"https:\/\/www.millerthomson.com\/fr\/#\/schema\/logo\/image\/","url":"https:\/\/www.millerthomson.com\/wp-content\/uploads\/2024\/10\/miller-thomson.svg","contentUrl":"https:\/\/www.millerthomson.com\/wp-content\/uploads\/2024\/10\/miller-thomson.svg","width":380,"height":50,"caption":"Miller Thomson | Cabinet de droit des affaires pancanadien"},"image":{"@id":"https:\/\/www.millerthomson.com\/fr\/#\/schema\/logo\/image\/"},"sameAs":["https:\/\/www.facebook.com\/MillerThomsonLaw\/","https:\/\/x.com\/millerthomson","https:\/\/www.linkedin.com\/company\/miller-thomson-llp\/","https:\/\/www.youtube.com\/@millerthomson"]},{"@type":"Person","@id":"https:\/\/www.millerthomson.com\/fr\/#\/schema\/person\/d1d1cc6879a27d57e5888dad379f30ea","name":"Marie-Eve Marion Garant","image":{"@type":"ImageObject","inLanguage":"fr-FR","@id":"https:\/\/www.millerthomson.com\/fr\/#\/schema\/person\/image\/","url":"https:\/\/secure.gravatar.com\/avatar\/29bd6da0fbe93c9a5c37fc6f2e82c28dcc6c4901afaf6be3a0ea19e241d6192c?s=96&d=mm&r=g","contentUrl":"https:\/\/secure.gravatar.com\/avatar\/29bd6da0fbe93c9a5c37fc6f2e82c28dcc6c4901afaf6be3a0ea19e241d6192c?s=96&d=mm&r=g","caption":"Marie-Eve Marion Garant"}}]}},"_links":{"self":[{"href":"https:\/\/www.millerthomson.com\/fr\/wp-json\/wp\/v2\/posts\/37359","targetHints":{"allow":["GET"]}}],"collection":[{"href":"https:\/\/www.millerthomson.com\/fr\/wp-json\/wp\/v2\/posts"}],"about":[{"href":"https:\/\/www.millerthomson.com\/fr\/wp-json\/wp\/v2\/types\/post"}],"author":[{"embeddable":true,"href":"https:\/\/www.millerthomson.com\/fr\/wp-json\/wp\/v2\/users\/118"}],"replies":[{"embeddable":true,"href":"https:\/\/www.millerthomson.com\/fr\/wp-json\/wp\/v2\/comments?post=37359"}],"version-history":[{"count":0,"href":"https:\/\/www.millerthomson.com\/fr\/wp-json\/wp\/v2\/posts\/37359\/revisions"}],"wp:featuredmedia":[{"embeddable":true,"href":"https:\/\/www.millerthomson.com\/fr\/wp-json\/wp\/v2\/media\/14380"}],"wp:attachment":[{"href":"https:\/\/www.millerthomson.com\/fr\/wp-json\/wp\/v2\/media?parent=37359"}],"wp:term":[{"taxonomy":"category","embeddable":true,"href":"https:\/\/www.millerthomson.com\/fr\/wp-json\/wp\/v2\/categories?post=37359"},{"taxonomy":"insight-format","embeddable":true,"href":"https:\/\/www.millerthomson.com\/fr\/wp-json\/wp\/v2\/insight-format?post=37359"}],"curies":[{"name":"wp","href":"https:\/\/api.w.org\/{rel}","templated":true}]}}