{"id":33388,"date":"2025-05-06T07:45:00","date_gmt":"2025-05-06T11:45:00","guid":{"rendered":"https:\/\/www.millerthomson.com\/?p=33388"},"modified":"2025-05-21T11:49:46","modified_gmt":"2025-05-21T15:49:46","slug":"comment-conserver-vos-travailleurs-etrangers-en-2025","status":"publish","type":"post","link":"https:\/\/www.millerthomson.com\/fr\/perspectives-juridiques\/droit-du-travail-et-droit-de-lemploi\/comment-conserver-vos-travailleurs-etrangers-en-2025\/","title":{"rendered":"Comment conserver vos travailleurs \u00e9trangers en 2025"},"content":{"rendered":"\n<p>Pendant la majeure partie de la derni\u00e8re d\u00e9cennie, les employeurs canadiens ont eu recours \u00e0 une formule officieuse&nbsp;: faire venir un travailleur qualifi\u00e9, lui offrir un emploi stable et esp\u00e9rer qu\u2019il obtiendra sa r\u00e9sidence permanente. Cette formule fonctionnait\u2026 jusqu\u2019\u00e0 maintenant.<\/p>\n\n\n\n<p>Depuis septembre&nbsp;2024, le gouvernement canadien a mis en \u0153uvre des changements radicaux qui ont consid\u00e9rablement compliqu\u00e9 l\u2019acc\u00e8s \u00e0 la r\u00e9sidence permanente pour les \u00e9tudiants internationaux et les travailleurs qualifi\u00e9s. De nombreux travailleurs \u00e9trangers se retrouvent aujourd\u2019hui dans l\u2019incertitude et les employeurs qui continuent de compter sur des hypoth\u00e8ses d\u00e9pass\u00e9es devront se rendre \u00e0 l\u2019\u00e9vidence en 2025.<\/p>\n\n\n\n<h2 class=\"wp-block-heading\">Qu\u2019est-ce qui a chang\u00e9?<\/h2>\n\n\n\n<p>En l\u2019espace de neuf&nbsp;mois seulement, plusieurs changements majeurs apport\u00e9s \u00e0 la politique d\u2019immigration ont perturb\u00e9 la fili\u00e8re habituelle de la r\u00e9sidence permanente&nbsp;:<\/p>\n\n\n\n<ul class=\"wp-block-list\">\n<li>Refus de traitement des demandes d\u2019<em>\u00e9valuation de l\u2019impact sur le march\u00e9 du travail (EIMT) pour les postes \u00e0 bas salaire<\/em>;<\/li>\n\n\n\n<li>R\u00e9tablissement des conditions d\u2019admissibilit\u00e9 aux <em>permis de travail ouverts aux conjoints<\/em> en vigueur avant la pand\u00e9mie de COVID-19;<\/li>\n\n\n\n<li>Renforcement des crit\u00e8res d\u2019admissibilit\u00e9 au <em>permis de travail postdipl\u00f4me<\/em> (PTPD);<\/li>\n\n\n\n<li>R\u00e9duction du nombre d\u2019heures de travail hors campus pour les \u00e9tudiants \u00e9trangers;<\/li>\n\n\n\n<li>R\u00e9duction globale du nombre d\u2019admissions \u00e0 la r\u00e9sidence permanente;<\/li>\n\n\n\n<li>\u00c9limination des points li\u00e9s \u00e0 un <em>\u00ab\u00a0emploi r\u00e9serv\u00e9\u00a0\u00bb pour le bassin Entr\u00e9e express<\/em>; et<\/li>\n\n\n\n<li>Interdiction d\u2019effectuer des \u00ab\u00a0<em>allers-retours \u00e0 la fronti\u00e8re<\/em>\u00a0\u00bb aux points d\u2019entr\u00e9e.<\/li>\n<\/ul>\n\n\n\n<h2 class=\"wp-block-heading\">Quelle incidence ces changements ont-ils sur votre personnel?<\/h2>\n\n\n\n<h3 class=\"wp-block-heading\">\u00c9tudiants \u00e9trangers<\/h3>\n\n\n\n<p>Qu\u2019en est-il de l\u2019\u00e9tudiant \u00e9tranger que vous avez embauch\u00e9? Il ne peut plus travailler \u00e0 temps plein pendant les sessions d\u2019\u00e9tudes r\u00e9guli\u00e8res. Depuis novembre\u00a02022, les titulaires de permis d\u2019\u00e9tudes \u00e9taient autoris\u00e9s \u00e0 travailler plus de 20\u00a0heures par semaine, si bien que, pendant quelques ann\u00e9es, les employeurs pouvaient embaucher des titulaires de permis d\u2019\u00e9tudes \u00e0 temps plein. Cependant, depuis l\u2019automne\u00a02024, les titulaires de permis d\u2019\u00e9tudes sont autoris\u00e9s \u00e0 travailler seulement 24\u00a0heures par semaine pendant les sessions d\u2019\u00e9tudes, et \u00e0 temps plein pendant les cong\u00e9s r\u00e9guliers (c\u2019est-\u00e0-dire les cong\u00e9s des F\u00eates de fin d\u2019ann\u00e9e\u00a0et l\u2019\u00e9t\u00e9). Les employeurs doivent garder \u00e0 l\u2019esprit que, pour pouvoir continuer \u00e0 travailler, les titulaires de permis d\u2019\u00e9tudes doivent \u00e9galement \u00eatre inscrits \u00e0 temps plein dans un \u00e9tablissement d\u2019enseignement. Outre la modification du nombre d\u2019heures de travail autoris\u00e9es, la d\u00e9livrance d\u2019un PTPD n\u2019est plus garantie apr\u00e8s l\u2019obtention du dipl\u00f4me &#8211; l\u2019admissibilit\u00e9 est d\u00e9sormais limit\u00e9e \u00e0 certains programmes et \u00e9tablissements.<\/p>\n\n\n\n<h3 class=\"wp-block-heading\">Conjoints de travailleurs \u00e9trangers<\/h3>\n\n\n\n<p>Depuis quelques ann\u00e9es, les conjoints de travailleurs \u00e9trangers pouvaient recevoir un permis de travail ouvert assorti de peu de restrictions. Les choses ont chang\u00e9. D\u00e9sormais, pour que le conjoint puisse obtenir un permis de travail ouvert, le travailleur principal doit occuper un emploi hautement sp\u00e9cialis\u00e9 (cat\u00e9gories FEER&nbsp;0 \u00e0 2 ou certains emplois de la cat\u00e9gorie FEER&nbsp;3 selon la Classification nationale des professions). Le cadre politique en vigueur avant la pand\u00e9mie de COVID-19 a donc \u00e9t\u00e9 r\u00e9tabli.<\/p>\n\n\n\n<h4 class=\"wp-block-heading\">Travailleurs titulaires d\u2019un permis de travail li\u00e9 \u00e0 un employeur donn\u00e9 exempt\u00e9 de l\u2019EIMT ou soumis \u00e0 l\u2019EIMT<\/h4>\n\n\n\n<p>M\u00eame si vous avez obtenu une EIMT ou un permis de travail li\u00e9 \u00e0 un employeur donn\u00e9 exempt\u00e9 de l\u2019EIMT pour aider un travailleur \u00e0 obtenir la r\u00e9sidence permanente, ses chances pourraient \u00eatre consid\u00e9rablement r\u00e9duites. Depuis le 25\u00a0mars\u00a02025, il n\u2019est plus possible d\u2019obtenir des points li\u00e9s \u00e0 un <em>emploi r\u00e9serv\u00e9<\/em> pour le bassin Entr\u00e9e express. Cela repr\u00e9sente une baisse de\u00a050 \u00e0 200\u00a0points (selon la cat\u00e9gorie FEER \u00e0 laquelle l\u2019emploi appartient) &#8211; \u00e9cart qui, dans bien des cas, prive le candidat de la chance de recevoir une invitation.<\/p>\n\n\n\n<p>De plus, le gouvernement f\u00e9d\u00e9ral a annonc\u00e9 une r\u00e9duction de plus de 20&nbsp;% du nombre de demandes de r\u00e9sidence permanente qui seront approuv\u00e9es annuellement au cours des trois&nbsp;prochaines ann\u00e9es. Cette mesure aura des r\u00e9percussions sur le syst\u00e8me f\u00e9d\u00e9ral de gestion des demandes Entr\u00e9e express et les programmes des candidats des provinces (PCP).<\/p>\n\n\n\n<p>Les PCP comptent d\u00e9sormais un moins grand nombre de candidats dont ils peuvent approuver la demande, et Entr\u00e9e express enverra moins d\u2019invitations au cours des ann\u00e9es \u00e0 venir, ce qui rendra encore plus difficile un processus d\u00e9j\u00e0 tr\u00e8s comp\u00e9titif.<\/p>\n\n\n\n<h3 class=\"wp-block-heading\">D\u2019autres obstacles \u00e0 l\u2019EIMT<\/h3>\n\n\n\n<p>Les demandes d\u2019EIMT pour les postes \u00e0 bas salaire sont des demandes d\u2019EIMT soumises pour les emplois dont le taux de salaire est inf\u00e9rieur au <a href=\"https:\/\/www.canada.ca\/fr\/emploi-developpement-social\/services\/travailleurs-etrangers\/salaire-moyen.html\">seuil salarial<\/a> provincial ou territorial. Les demandes d\u2019EIMT soumises pour les postes \u00e0 bas salaire font d\u00e9sormais l\u2019objet d\u2019un \u00ab&nbsp;refus de traitement&nbsp;\u00bb si l\u2019emploi est situ\u00e9 dans une r\u00e9gion m\u00e9tropolitaine de recensement dont le taux de ch\u00f4mage est \u00e9gal ou sup\u00e9rieur \u00e0 6&nbsp;%, et ce, jusqu\u2019\u00e0 nouvel ordre. Qu\u00e9bec a par ailleurs indiqu\u00e9 qu\u2019elle ne traiterait plus AUCUNE demande d\u2019EIMT pour les postes \u00e0 bas salaire situ\u00e9s dans les r\u00e9gions de Montr\u00e9al et de Laval jusqu\u2019au 30&nbsp;novembre&nbsp;2025.<\/p>\n\n\n\n<p>Par cons\u00e9quent, m\u00eame si vous avez obtenu une EIMT pour un poste l\u2019ann\u00e9e derni\u00e8re, il se peut que vous ne puissiez pas en obtenir une autre de sit\u00f4t.<\/p>\n\n\n\n<h3 class=\"wp-block-heading\">Finis les allers-retours \u00e0 la fronti\u00e8re<\/h3>\n\n\n\n<p>La pratique des \u00ab\u00a0allers-retours \u00e0 la fronti\u00e8re\u00a0\u00bb &#8211; consistant \u00e0 sortir du territoire canadien et \u00e0 repasser la fronti\u00e8re dans le but d\u2019obtenir un nouveau permis de travail, autrefois largement r\u00e9pandue, &#8211; est officiellement interdite. L\u2019Agence des services frontaliers du Canada n\u2019autorise plus cette pratique, et les personnes qui tentent d\u2019y recourir sont renvoy\u00e9es. Les travailleurs doivent d\u00e9sormais d\u00e9poser leur demande en ligne et savoir que les d\u00e9lais de traitement au Canada sont actuellement de\u00a0cinq \u00e0 six\u00a0mois.<\/p>\n\n\n\n<p>Bien que le d\u00e9lai de traitement des demandes soumises au Canada soit long, si une personne demande un nouveau permis de travail avant l\u2019expiration de son permis de travail actuel, elle pourra continuer \u00e0 travailler selon les conditions \u00e9nonc\u00e9es dans le permis de travail expir\u00e9 en attendant la r\u00e9ception de son nouveau permis de travail; c\u2019est ce que l\u2019on appelle la \u00ab&nbsp;conservation du statut&nbsp;<em>\u00bb<\/em>. Apr\u00e8s avoir d\u00e9pos\u00e9 sa demande de permis de travail, elle recevra une lettre d\u2019IRCC confirmant qu\u2019elle peut continuer \u00e0 travailler jusqu\u2019\u00e0 ce qu\u2019une d\u00e9cision soit rendue relativement \u00e0 sa demande de permis de travail. La <em>conservation du statut <\/em>demeure valide jusqu\u2019\u00e0 ce qu\u2019une d\u00e9cision soit rendue relativement \u00e0 la demande, \u00e0 condition que la personne reste au Canada.<\/p>\n\n\n\n<p>Compte tenu de cette nouvelle r\u00e9alit\u00e9, les travailleurs \u00e9trangers au Canada ne pourront vraisemblablement pas obtenir la r\u00e9sidence permanente sans le soutien structur\u00e9 et proactif de leurs employeurs. Les employeurs ne peuvent plus supposer que leur travailleur \u00e9tranger \u00ab&nbsp;a simplement besoin de quelques mois suppl\u00e9mentaires&nbsp;\u00bb sans risquer de le perdre.<\/p>\n\n\n\n<h3 class=\"wp-block-heading\">Que peuvent faire les employeurs?<\/h3>\n\n\n\n<ul class=\"wp-block-list\">\n<li><strong>Planifiez<\/strong> correctement la fa\u00e7on d\u2019employer des travailleurs \u00e9trangers \u00e0 long terme \ua7f7 l\u2019obtention de la r\u00e9sidence permanente peut n\u00e9cessiter plusieurs renouvellements du permis de travail, et donc plusieurs EIMT.<\/li>\n\n\n\n<li><strong>Soutenez vos travailleurs<\/strong> en leur procurant des conseils professionnels en mati\u00e8re d\u2019immigration, soit en embauchant une personne en interne pour remplir cette fonction soit en leur recommandant un conseiller juridique de confiance.<\/li>\n\n\n\n<li><strong>Fournissez-leur des documents utiles<\/strong>\u00a0: lettres d\u2019offre, descriptions de poste d\u00e9taill\u00e9es et notes justifiant le salaire accord\u00e9 en fonction des normes du march\u00e9.<\/li>\n\n\n\n<li><strong>\u00c9laborez sans tarder les strat\u00e9gies d\u2019obtention de la r\u00e9sidence permanente<\/strong> \u00e0 l\u2019\u00e9gard des employ\u00e9s de grande valeur, en consultation avec un avocat sp\u00e9cialis\u00e9 en droit de l\u2019immigration.<\/li>\n\n\n\n<li><strong>Tenez-vous au courant du contexte canadien de l\u2019immigration en constante \u00e9volution.<\/strong><\/li>\n<\/ul>\n\n\n\n<p>Le Canada ne ferme pas ses fronti\u00e8res, mais il se montre nettement plus rigoureux dans le choix des personnes autoris\u00e9es \u00e0 demeurer sur son territoire. Les employeurs qui comprennent ces changements et s\u2019y adaptent sauront conserver leurs talents. Les autres risquent de perdre des travailleurs qu\u2019il pourrait \u00eatre difficile de remplacer.<\/p>\n\n\n\n<h2 class=\"wp-block-heading\">Besoin d\u2019aide?<\/h2>\n\n\n\n<p>Pour discuter de vos travailleurs \u00e9trangers en poste actuellement et des r\u00e9percussions que ces changements pourraient avoir sur votre entreprise, communiquez avec un membre de l\u2019\u00e9quipe <a href=\"https:\/\/www.millerthomson.com\/fr\/expertises\/droit-du-travail-et-droit-de-lemploi\/#immigration\">Immigration<\/a> de Miller Thomson<a id=\"_msocom_1\"><\/a><\/p>\n","protected":false},"excerpt":{"rendered":"<p>Pendant la majeure partie de la derni\u00e8re d\u00e9cennie, les employeurs canadiens ont eu recours \u00e0 une formule officieuse&nbsp;: faire venir un travailleur qualifi\u00e9, lui offrir un emploi stable et esp\u00e9rer qu\u2019il obtiendra sa r\u00e9sidence permanente. Cette formule fonctionnait\u2026 jusqu\u2019\u00e0 maintenant. Depuis septembre&nbsp;2024, le gouvernement canadien a mis en \u0153uvre des changements radicaux qui ont consid\u00e9rablement [&hellip;]<\/p>\n","protected":false},"author":5,"featured_media":32412,"parent":0,"comment_status":"open","ping_status":"open","sticky":false,"template":"","format":"standard","meta":{"_acf_changed":false,"footnotes":""},"categories":[595],"insight-format":[470],"class_list":["post-33388","post","type-post","status-publish","format-standard","has-post-thumbnail","hentry","category-droit-du-travail-et-droit-de-lemploi"],"acf":[],"yoast_head":"<!-- This site is optimized with the Yoast SEO plugin v26.1.1 - https:\/\/yoast.com\/wordpress\/plugins\/seo\/ -->\n<title>Comment conserver vos travailleurs \u00e9trangers en 2025 | Miller Thomson<\/title>\n<meta name=\"description\" content=\"Le gouvernement canadien a mis en \u0153uvre des changements radicaux qui ont consid\u00e9rablement compliqu\u00e9 l\u2019acc\u00e8s \u00e0 la r\u00e9sidence permanente.\" \/>\n<meta name=\"robots\" content=\"index, follow, max-snippet:-1, max-image-preview:large, max-video-preview:-1\" \/>\n<link rel=\"canonical\" href=\"https:\/\/www.millerthomson.com\/fr\/perspectives-juridiques\/droit-du-travail-et-droit-de-lemploi\/comment-conserver-vos-travailleurs-etrangers-en-2025\/\" \/>\n<meta property=\"og:locale\" content=\"fr_FR\" \/>\n<meta property=\"og:type\" content=\"article\" \/>\n<meta property=\"og:title\" content=\"Comment conserver vos travailleurs \u00e9trangers en 2025 | Miller Thomson\" \/>\n<meta property=\"og:description\" content=\"Le gouvernement canadien a mis en \u0153uvre des changements radicaux qui ont consid\u00e9rablement compliqu\u00e9 l\u2019acc\u00e8s \u00e0 la r\u00e9sidence permanente.\" \/>\n<meta property=\"og:url\" content=\"https:\/\/www.millerthomson.com\/fr\/perspectives-juridiques\/droit-du-travail-et-droit-de-lemploi\/comment-conserver-vos-travailleurs-etrangers-en-2025\/\" \/>\n<meta property=\"og:site_name\" content=\"Miller Thomson\" \/>\n<meta property=\"article:publisher\" content=\"https:\/\/www.facebook.com\/MillerThomsonLaw\/\" \/>\n<meta property=\"article:published_time\" content=\"2025-05-06T11:45:00+00:00\" \/>\n<meta property=\"article:modified_time\" content=\"2025-05-21T15:49:46+00:00\" \/>\n<meta property=\"og:image\" content=\"https:\/\/www.millerthomson.com\/wp-content\/uploads\/2025\/04\/insights_labour-employment_manager.jpg\" \/>\n\t<meta property=\"og:image:width\" content=\"1776\" \/>\n\t<meta property=\"og:image:height\" content=\"994\" \/>\n\t<meta property=\"og:image:type\" content=\"image\/jpeg\" \/>\n<meta name=\"author\" content=\"Katherine Chan\" \/>\n<meta name=\"twitter:card\" content=\"summary_large_image\" \/>\n<meta name=\"twitter:creator\" content=\"@millerthomson\" \/>\n<meta name=\"twitter:site\" content=\"@millerthomson\" \/>\n<meta name=\"twitter:label1\" content=\"Written by\" \/>\n\t<meta name=\"twitter:data1\" content=\"Katherine Chan\" \/>\n\t<meta name=\"twitter:label2\" content=\"Est. reading time\" \/>\n\t<meta name=\"twitter:data2\" content=\"6 minutes\" \/>\n<script type=\"application\/ld+json\" class=\"yoast-schema-graph\">{\"@context\":\"https:\/\/schema.org\",\"@graph\":[{\"@type\":\"Article\",\"@id\":\"https:\/\/www.millerthomson.com\/fr\/perspectives-juridiques\/droit-du-travail-et-droit-de-lemploi\/comment-conserver-vos-travailleurs-etrangers-en-2025\/#article\",\"isPartOf\":{\"@id\":\"https:\/\/www.millerthomson.com\/fr\/perspectives-juridiques\/droit-du-travail-et-droit-de-lemploi\/comment-conserver-vos-travailleurs-etrangers-en-2025\/\"},\"author\":{\"name\":\"Katherine Chan\",\"@id\":\"https:\/\/www.millerthomson.com\/fr\/#\/schema\/person\/5473b50a564d1e37f327fdd79cb348f6\"},\"headline\":\"Comment conserver vos travailleurs \u00e9trangers en 2025\",\"datePublished\":\"2025-05-06T11:45:00+00:00\",\"dateModified\":\"2025-05-21T15:49:46+00:00\",\"mainEntityOfPage\":{\"@id\":\"https:\/\/www.millerthomson.com\/fr\/perspectives-juridiques\/droit-du-travail-et-droit-de-lemploi\/comment-conserver-vos-travailleurs-etrangers-en-2025\/\"},\"wordCount\":1429,\"commentCount\":0,\"publisher\":{\"@id\":\"https:\/\/www.millerthomson.com\/fr\/#organization\"},\"image\":{\"@id\":\"https:\/\/www.millerthomson.com\/fr\/perspectives-juridiques\/droit-du-travail-et-droit-de-lemploi\/comment-conserver-vos-travailleurs-etrangers-en-2025\/#primaryimage\"},\"thumbnailUrl\":\"https:\/\/www.millerthomson.com\/wp-content\/uploads\/2025\/04\/insights_labour-employment_manager.jpg\",\"articleSection\":[\"Droit du travail et droit de l\u2019emploi\"],\"inLanguage\":\"fr-FR\",\"potentialAction\":[{\"@type\":\"CommentAction\",\"name\":\"Comment\",\"target\":[\"https:\/\/www.millerthomson.com\/fr\/perspectives-juridiques\/droit-du-travail-et-droit-de-lemploi\/comment-conserver-vos-travailleurs-etrangers-en-2025\/#respond\"]}]},{\"@type\":[\"WebPage\",\"ItemPage\"],\"@id\":\"https:\/\/www.millerthomson.com\/fr\/perspectives-juridiques\/droit-du-travail-et-droit-de-lemploi\/comment-conserver-vos-travailleurs-etrangers-en-2025\/\",\"url\":\"https:\/\/www.millerthomson.com\/fr\/perspectives-juridiques\/droit-du-travail-et-droit-de-lemploi\/comment-conserver-vos-travailleurs-etrangers-en-2025\/\",\"name\":\"Comment conserver vos travailleurs \u00e9trangers en 2025 | Miller Thomson\",\"isPartOf\":{\"@id\":\"https:\/\/www.millerthomson.com\/fr\/#website\"},\"primaryImageOfPage\":{\"@id\":\"https:\/\/www.millerthomson.com\/fr\/perspectives-juridiques\/droit-du-travail-et-droit-de-lemploi\/comment-conserver-vos-travailleurs-etrangers-en-2025\/#primaryimage\"},\"image\":{\"@id\":\"https:\/\/www.millerthomson.com\/fr\/perspectives-juridiques\/droit-du-travail-et-droit-de-lemploi\/comment-conserver-vos-travailleurs-etrangers-en-2025\/#primaryimage\"},\"thumbnailUrl\":\"https:\/\/www.millerthomson.com\/wp-content\/uploads\/2025\/04\/insights_labour-employment_manager.jpg\",\"datePublished\":\"2025-05-06T11:45:00+00:00\",\"dateModified\":\"2025-05-21T15:49:46+00:00\",\"description\":\"Le gouvernement canadien a mis en \u0153uvre des changements radicaux qui ont consid\u00e9rablement compliqu\u00e9 l\u2019acc\u00e8s \u00e0 la r\u00e9sidence permanente.\",\"breadcrumb\":{\"@id\":\"https:\/\/www.millerthomson.com\/fr\/perspectives-juridiques\/droit-du-travail-et-droit-de-lemploi\/comment-conserver-vos-travailleurs-etrangers-en-2025\/#breadcrumb\"},\"inLanguage\":\"fr-FR\",\"potentialAction\":[{\"@type\":\"ReadAction\",\"target\":[\"https:\/\/www.millerthomson.com\/fr\/perspectives-juridiques\/droit-du-travail-et-droit-de-lemploi\/comment-conserver-vos-travailleurs-etrangers-en-2025\/\"]}]},{\"@type\":\"ImageObject\",\"inLanguage\":\"fr-FR\",\"@id\":\"https:\/\/www.millerthomson.com\/fr\/perspectives-juridiques\/droit-du-travail-et-droit-de-lemploi\/comment-conserver-vos-travailleurs-etrangers-en-2025\/#primaryimage\",\"url\":\"https:\/\/www.millerthomson.com\/wp-content\/uploads\/2025\/04\/insights_labour-employment_manager.jpg\",\"contentUrl\":\"https:\/\/www.millerthomson.com\/wp-content\/uploads\/2025\/04\/insights_labour-employment_manager.jpg\",\"width\":1776,\"height\":994,\"caption\":\"woman standing in a conference room giving a presentation to a group of people\"},{\"@type\":\"BreadcrumbList\",\"@id\":\"https:\/\/www.millerthomson.com\/fr\/perspectives-juridiques\/droit-du-travail-et-droit-de-lemploi\/comment-conserver-vos-travailleurs-etrangers-en-2025\/#breadcrumb\",\"itemListElement\":[{\"@type\":\"ListItem\",\"position\":1,\"name\":\"Accueil\",\"item\":\"https:\/\/www.millerthomson.com\/fr\/\"},{\"@type\":\"ListItem\",\"position\":2,\"name\":\"Comment conserver vos travailleurs \u00e9trangers en 2025\"}]},{\"@type\":\"WebSite\",\"@id\":\"https:\/\/www.millerthomson.com\/fr\/#website\",\"url\":\"https:\/\/www.millerthomson.com\/fr\/\",\"name\":\"Miller Thomson | Cabinet de droit des affaires pancanadien\",\"description\":\"National law firm providing business law expertise and litigation and disputes services for businesses across Canada since 1957.\",\"publisher\":{\"@id\":\"https:\/\/www.millerthomson.com\/fr\/#organization\"},\"potentialAction\":[{\"@type\":\"SearchAction\",\"target\":{\"@type\":\"EntryPoint\",\"urlTemplate\":\"https:\/\/www.millerthomson.com\/fr\/?s={search_term_string}\"},\"query-input\":{\"@type\":\"PropertyValueSpecification\",\"valueRequired\":true,\"valueName\":\"search_term_string\"}}],\"inLanguage\":\"fr-FR\"},{\"@type\":\"Organization\",\"@id\":\"https:\/\/www.millerthomson.com\/fr\/#organization\",\"name\":\"Miller Thomson | Cabinet de droit des affaires pancanadien\",\"url\":\"https:\/\/www.millerthomson.com\/fr\/\",\"logo\":{\"@type\":\"ImageObject\",\"inLanguage\":\"fr-FR\",\"@id\":\"https:\/\/www.millerthomson.com\/fr\/#\/schema\/logo\/image\/\",\"url\":\"https:\/\/www.millerthomson.com\/wp-content\/uploads\/2024\/10\/miller-thomson.svg\",\"contentUrl\":\"https:\/\/www.millerthomson.com\/wp-content\/uploads\/2024\/10\/miller-thomson.svg\",\"width\":380,\"height\":50,\"caption\":\"Miller Thomson | Cabinet de droit des affaires pancanadien\"},\"image\":{\"@id\":\"https:\/\/www.millerthomson.com\/fr\/#\/schema\/logo\/image\/\"},\"sameAs\":[\"https:\/\/www.facebook.com\/MillerThomsonLaw\/\",\"https:\/\/x.com\/millerthomson\",\"https:\/\/www.linkedin.com\/company\/miller-thomson-llp\/\",\"https:\/\/www.youtube.com\/@millerthomson\"]},{\"@type\":\"Person\",\"@id\":\"https:\/\/www.millerthomson.com\/fr\/#\/schema\/person\/5473b50a564d1e37f327fdd79cb348f6\",\"name\":\"Katherine Chan\",\"image\":{\"@type\":\"ImageObject\",\"inLanguage\":\"fr-FR\",\"@id\":\"https:\/\/www.millerthomson.com\/fr\/#\/schema\/person\/image\/\",\"url\":\"https:\/\/secure.gravatar.com\/avatar\/da8a18c240b27905220d948a87957ba19ab6de326b44a2ce3072235c121f996f?s=96&d=mm&r=g\",\"contentUrl\":\"https:\/\/secure.gravatar.com\/avatar\/da8a18c240b27905220d948a87957ba19ab6de326b44a2ce3072235c121f996f?s=96&d=mm&r=g\",\"caption\":\"Katherine Chan\"}}]}<\/script>\n<!-- \/ Yoast SEO plugin. -->","yoast_head_json":{"title":"Comment conserver vos travailleurs \u00e9trangers en 2025 | Miller Thomson","description":"Le gouvernement canadien a mis en \u0153uvre des changements radicaux qui ont consid\u00e9rablement compliqu\u00e9 l\u2019acc\u00e8s \u00e0 la r\u00e9sidence permanente.","robots":{"index":"index","follow":"follow","max-snippet":"max-snippet:-1","max-image-preview":"max-image-preview:large","max-video-preview":"max-video-preview:-1"},"canonical":"https:\/\/www.millerthomson.com\/fr\/perspectives-juridiques\/droit-du-travail-et-droit-de-lemploi\/comment-conserver-vos-travailleurs-etrangers-en-2025\/","og_locale":"fr_FR","og_type":"article","og_title":"Comment conserver vos travailleurs \u00e9trangers en 2025 | Miller Thomson","og_description":"Le gouvernement canadien a mis en \u0153uvre des changements radicaux qui ont consid\u00e9rablement compliqu\u00e9 l\u2019acc\u00e8s \u00e0 la r\u00e9sidence permanente.","og_url":"https:\/\/www.millerthomson.com\/fr\/perspectives-juridiques\/droit-du-travail-et-droit-de-lemploi\/comment-conserver-vos-travailleurs-etrangers-en-2025\/","og_site_name":"Miller Thomson","article_publisher":"https:\/\/www.facebook.com\/MillerThomsonLaw\/","article_published_time":"2025-05-06T11:45:00+00:00","article_modified_time":"2025-05-21T15:49:46+00:00","og_image":[{"width":1776,"height":994,"url":"https:\/\/www.millerthomson.com\/wp-content\/uploads\/2025\/04\/insights_labour-employment_manager.jpg","type":"image\/jpeg"}],"author":"Katherine Chan","twitter_card":"summary_large_image","twitter_creator":"@millerthomson","twitter_site":"@millerthomson","twitter_misc":{"Written by":"Katherine Chan","Est. reading time":"6 minutes"},"schema":{"@context":"https:\/\/schema.org","@graph":[{"@type":"Article","@id":"https:\/\/www.millerthomson.com\/fr\/perspectives-juridiques\/droit-du-travail-et-droit-de-lemploi\/comment-conserver-vos-travailleurs-etrangers-en-2025\/#article","isPartOf":{"@id":"https:\/\/www.millerthomson.com\/fr\/perspectives-juridiques\/droit-du-travail-et-droit-de-lemploi\/comment-conserver-vos-travailleurs-etrangers-en-2025\/"},"author":{"name":"Katherine Chan","@id":"https:\/\/www.millerthomson.com\/fr\/#\/schema\/person\/5473b50a564d1e37f327fdd79cb348f6"},"headline":"Comment conserver vos travailleurs \u00e9trangers en 2025","datePublished":"2025-05-06T11:45:00+00:00","dateModified":"2025-05-21T15:49:46+00:00","mainEntityOfPage":{"@id":"https:\/\/www.millerthomson.com\/fr\/perspectives-juridiques\/droit-du-travail-et-droit-de-lemploi\/comment-conserver-vos-travailleurs-etrangers-en-2025\/"},"wordCount":1429,"commentCount":0,"publisher":{"@id":"https:\/\/www.millerthomson.com\/fr\/#organization"},"image":{"@id":"https:\/\/www.millerthomson.com\/fr\/perspectives-juridiques\/droit-du-travail-et-droit-de-lemploi\/comment-conserver-vos-travailleurs-etrangers-en-2025\/#primaryimage"},"thumbnailUrl":"https:\/\/www.millerthomson.com\/wp-content\/uploads\/2025\/04\/insights_labour-employment_manager.jpg","articleSection":["Droit du travail et droit de l\u2019emploi"],"inLanguage":"fr-FR","potentialAction":[{"@type":"CommentAction","name":"Comment","target":["https:\/\/www.millerthomson.com\/fr\/perspectives-juridiques\/droit-du-travail-et-droit-de-lemploi\/comment-conserver-vos-travailleurs-etrangers-en-2025\/#respond"]}]},{"@type":["WebPage","ItemPage"],"@id":"https:\/\/www.millerthomson.com\/fr\/perspectives-juridiques\/droit-du-travail-et-droit-de-lemploi\/comment-conserver-vos-travailleurs-etrangers-en-2025\/","url":"https:\/\/www.millerthomson.com\/fr\/perspectives-juridiques\/droit-du-travail-et-droit-de-lemploi\/comment-conserver-vos-travailleurs-etrangers-en-2025\/","name":"Comment conserver vos travailleurs \u00e9trangers en 2025 | Miller Thomson","isPartOf":{"@id":"https:\/\/www.millerthomson.com\/fr\/#website"},"primaryImageOfPage":{"@id":"https:\/\/www.millerthomson.com\/fr\/perspectives-juridiques\/droit-du-travail-et-droit-de-lemploi\/comment-conserver-vos-travailleurs-etrangers-en-2025\/#primaryimage"},"image":{"@id":"https:\/\/www.millerthomson.com\/fr\/perspectives-juridiques\/droit-du-travail-et-droit-de-lemploi\/comment-conserver-vos-travailleurs-etrangers-en-2025\/#primaryimage"},"thumbnailUrl":"https:\/\/www.millerthomson.com\/wp-content\/uploads\/2025\/04\/insights_labour-employment_manager.jpg","datePublished":"2025-05-06T11:45:00+00:00","dateModified":"2025-05-21T15:49:46+00:00","description":"Le gouvernement canadien a mis en \u0153uvre des changements radicaux qui ont consid\u00e9rablement compliqu\u00e9 l\u2019acc\u00e8s \u00e0 la r\u00e9sidence permanente.","breadcrumb":{"@id":"https:\/\/www.millerthomson.com\/fr\/perspectives-juridiques\/droit-du-travail-et-droit-de-lemploi\/comment-conserver-vos-travailleurs-etrangers-en-2025\/#breadcrumb"},"inLanguage":"fr-FR","potentialAction":[{"@type":"ReadAction","target":["https:\/\/www.millerthomson.com\/fr\/perspectives-juridiques\/droit-du-travail-et-droit-de-lemploi\/comment-conserver-vos-travailleurs-etrangers-en-2025\/"]}]},{"@type":"ImageObject","inLanguage":"fr-FR","@id":"https:\/\/www.millerthomson.com\/fr\/perspectives-juridiques\/droit-du-travail-et-droit-de-lemploi\/comment-conserver-vos-travailleurs-etrangers-en-2025\/#primaryimage","url":"https:\/\/www.millerthomson.com\/wp-content\/uploads\/2025\/04\/insights_labour-employment_manager.jpg","contentUrl":"https:\/\/www.millerthomson.com\/wp-content\/uploads\/2025\/04\/insights_labour-employment_manager.jpg","width":1776,"height":994,"caption":"woman standing in a conference room giving a presentation to a group of people"},{"@type":"BreadcrumbList","@id":"https:\/\/www.millerthomson.com\/fr\/perspectives-juridiques\/droit-du-travail-et-droit-de-lemploi\/comment-conserver-vos-travailleurs-etrangers-en-2025\/#breadcrumb","itemListElement":[{"@type":"ListItem","position":1,"name":"Accueil","item":"https:\/\/www.millerthomson.com\/fr\/"},{"@type":"ListItem","position":2,"name":"Comment conserver vos travailleurs \u00e9trangers en 2025"}]},{"@type":"WebSite","@id":"https:\/\/www.millerthomson.com\/fr\/#website","url":"https:\/\/www.millerthomson.com\/fr\/","name":"Miller Thomson | Cabinet de droit des affaires pancanadien","description":"National law firm providing business law expertise and litigation and disputes services for businesses across Canada since 1957.","publisher":{"@id":"https:\/\/www.millerthomson.com\/fr\/#organization"},"potentialAction":[{"@type":"SearchAction","target":{"@type":"EntryPoint","urlTemplate":"https:\/\/www.millerthomson.com\/fr\/?s={search_term_string}"},"query-input":{"@type":"PropertyValueSpecification","valueRequired":true,"valueName":"search_term_string"}}],"inLanguage":"fr-FR"},{"@type":"Organization","@id":"https:\/\/www.millerthomson.com\/fr\/#organization","name":"Miller Thomson | Cabinet de droit des affaires pancanadien","url":"https:\/\/www.millerthomson.com\/fr\/","logo":{"@type":"ImageObject","inLanguage":"fr-FR","@id":"https:\/\/www.millerthomson.com\/fr\/#\/schema\/logo\/image\/","url":"https:\/\/www.millerthomson.com\/wp-content\/uploads\/2024\/10\/miller-thomson.svg","contentUrl":"https:\/\/www.millerthomson.com\/wp-content\/uploads\/2024\/10\/miller-thomson.svg","width":380,"height":50,"caption":"Miller Thomson | Cabinet de droit des affaires pancanadien"},"image":{"@id":"https:\/\/www.millerthomson.com\/fr\/#\/schema\/logo\/image\/"},"sameAs":["https:\/\/www.facebook.com\/MillerThomsonLaw\/","https:\/\/x.com\/millerthomson","https:\/\/www.linkedin.com\/company\/miller-thomson-llp\/","https:\/\/www.youtube.com\/@millerthomson"]},{"@type":"Person","@id":"https:\/\/www.millerthomson.com\/fr\/#\/schema\/person\/5473b50a564d1e37f327fdd79cb348f6","name":"Katherine Chan","image":{"@type":"ImageObject","inLanguage":"fr-FR","@id":"https:\/\/www.millerthomson.com\/fr\/#\/schema\/person\/image\/","url":"https:\/\/secure.gravatar.com\/avatar\/da8a18c240b27905220d948a87957ba19ab6de326b44a2ce3072235c121f996f?s=96&d=mm&r=g","contentUrl":"https:\/\/secure.gravatar.com\/avatar\/da8a18c240b27905220d948a87957ba19ab6de326b44a2ce3072235c121f996f?s=96&d=mm&r=g","caption":"Katherine Chan"}}]}},"_links":{"self":[{"href":"https:\/\/www.millerthomson.com\/fr\/wp-json\/wp\/v2\/posts\/33388","targetHints":{"allow":["GET"]}}],"collection":[{"href":"https:\/\/www.millerthomson.com\/fr\/wp-json\/wp\/v2\/posts"}],"about":[{"href":"https:\/\/www.millerthomson.com\/fr\/wp-json\/wp\/v2\/types\/post"}],"author":[{"embeddable":true,"href":"https:\/\/www.millerthomson.com\/fr\/wp-json\/wp\/v2\/users\/5"}],"replies":[{"embeddable":true,"href":"https:\/\/www.millerthomson.com\/fr\/wp-json\/wp\/v2\/comments?post=33388"}],"version-history":[{"count":0,"href":"https:\/\/www.millerthomson.com\/fr\/wp-json\/wp\/v2\/posts\/33388\/revisions"}],"wp:featuredmedia":[{"embeddable":true,"href":"https:\/\/www.millerthomson.com\/fr\/wp-json\/wp\/v2\/media\/32412"}],"wp:attachment":[{"href":"https:\/\/www.millerthomson.com\/fr\/wp-json\/wp\/v2\/media?parent=33388"}],"wp:term":[{"taxonomy":"category","embeddable":true,"href":"https:\/\/www.millerthomson.com\/fr\/wp-json\/wp\/v2\/categories?post=33388"},{"taxonomy":"insight-format","embeddable":true,"href":"https:\/\/www.millerthomson.com\/fr\/wp-json\/wp\/v2\/insight-format?post=33388"}],"curies":[{"name":"wp","href":"https:\/\/api.w.org\/{rel}","templated":true}]}}