{"id":31880,"date":"2025-04-16T09:19:00","date_gmt":"2025-04-16T13:19:00","guid":{"rendered":"https:\/\/www.millerthomson.com\/?p=31880"},"modified":"2025-04-17T18:37:41","modified_gmt":"2025-04-17T22:37:41","slug":"mesures-dexclusion-des-fournisseurs-americains-dans-les-marches-publics","status":"publish","type":"post","link":"https:\/\/www.millerthomson.com\/fr\/perspectives-juridiques\/commerce-mondial-et-douanes\/mesures-dexclusion-des-fournisseurs-americains-dans-les-marches-publics\/","title":{"rendered":"Mesures d\u2019exclusion des fournisseurs am\u00e9ricains dans les march\u00e9s publics"},"content":{"rendered":"\n<p>Le 4&nbsp;mars&nbsp;2025, les premiers ministres de l\u2019Ontario et de la Colombie-Britannique ont annonc\u00e9 des mesures de r\u00e9torsion en r\u00e9ponse aux droits de douane impos\u00e9s par les \u00c9tats-Unis sur les exportations canadiennes, dont une interdiction imm\u00e9diate pour les entreprises am\u00e9ricaines de prendre part \u00e0 des march\u00e9s publics dans ces deux provinces. Doug&nbsp;Ford a aussi encourag\u00e9 les municipalit\u00e9s ontariennes \u00e0 faire de m\u00eame. &nbsp;<\/p>\n\n\n\n<p>Comme cette exclusion est contraire aux principes bien \u00e9tablis d\u2019\u00e9quit\u00e9 et d\u2019ouverture en approvisionnement, son bien-fond\u00e9 et sa port\u00e9e suscitent de nombreuses questions&nbsp;: Comment d\u00e9terminer si une entreprise est am\u00e9ricaine ou canadienne? Le lieu du si\u00e8ge social et le nombre d\u2019employ\u00e9s au Canada importent-ils? Les entreprises am\u00e9ricaines disposant d\u00e9j\u00e0 d\u2019un contrat sont-elles aussi vis\u00e9es?<\/p>\n\n\n\n<h2 class=\"wp-block-heading\">Ontario<\/h2>\n\n\n\n<p>Le 4\u00a0avril, le gouvernement de l\u2019Ontario a adopt\u00e9 la <a href=\"https:\/\/www.ontario.ca\/fr\/page\/politique-de-restriction-en-matiere-dapprovisionnement\" target=\"_blank\" rel=\"noreferrer noopener\">Politique de restriction en mati\u00e8re d\u2019approvisionnement<\/a>\u00a0(la \u00ab\u00a0<strong>Politique<\/strong>\u00a0\u00bb) en vertu de la <em>Loi sur le conseil de gestion du gouvernement<\/em> et de la <em>Loi de 2010 sur la responsabilisation du secteur parapublic<\/em>. Les directives d\u2019approvisionnement existantes, comme l\u2019Initiative de d\u00e9veloppement des entreprises ontariennes (\u00ab\u00a0<strong>IDEO<\/strong>\u00a0\u00bb), la Directive en mati\u00e8re d\u2019approvisionnement de la fonction publique de l\u2019Ontario (\u00ab\u00a0<strong>FPO<\/strong>\u00a0\u00bb) et la Directive en mati\u00e8re d\u2019approvisionnement dans le secteur parapublic, continuent de s\u2019appliquer. En cas de conflit ou d\u2019incoh\u00e9rence entre ces directives et la nouvelle Politique, cette derni\u00e8re pr\u00e9vaut.<\/p>\n\n\n\n<p>Aux termes de la Politique, une \u00ab&nbsp;entreprise am\u00e9ricaine&nbsp;\u00bb est un fournisseur, un fabricant ou un distributeur de toute structure d\u2019entreprise (notamment une entreprise individuelle, une soci\u00e9t\u00e9 de personnes, une corporation ou toute autre structure d\u2019entreprise) qui&nbsp;:<\/p>\n\n\n\n<ol start=\"1\" style=\"list-style-type:lower-roman\" class=\"wp-block-list\">\n<li>a son si\u00e8ge social ou son bureau principal aux \u00c9tats-Unis, et<\/li>\n\n\n\n<li>compte moins de 250\u00a0employ\u00e9s \u00e0 temps plein au Canada au moment du processus d\u2019approvisionnement applicable.<\/li>\n<\/ol>\n\n\n\n<p>L\u2019approvisionnement aupr\u00e8s d\u2019une entreprise am\u00e9ricaine n\u2019est autoris\u00e9 que si les conditions suivantes sont r\u00e9unies&nbsp;:<\/p>\n\n\n\n<ol start=\"1\" style=\"list-style-type:lower-roman\" class=\"wp-block-list\">\n<li>l\u2019entreprise am\u00e9ricaine est la seule source viable pour le bien ou le service;<\/li>\n\n\n\n<li>l\u2019approvisionnement ne peut \u00eatre retard\u00e9 (s\u2019il y a un risque pour la sant\u00e9 ou la s\u00e9curit\u00e9 publique, par exemple).<\/li>\n<\/ol>\n\n\n\n<p>La Politique s\u2019applique \u00e0 toutes les entit\u00e9s de la fonction publique, c\u2019est-\u00e0-dire aux entit\u00e9s gouvernementales et \u00e0 tous les organismes d\u00e9sign\u00e9s du secteur parapublic, sauf indication contraire.<\/p>\n\n\n\n<p>Par \u00ab&nbsp;entit\u00e9s gouvernementales&nbsp;\u00bb, on entend&nbsp;:<\/p>\n\n\n\n<ol start=\"1\" style=\"list-style-type:lower-roman\" class=\"wp-block-list\">\n<li>tous les minist\u00e8res;<\/li>\n\n\n\n<li>tous les organismes provinciaux (y compris ceux qui sont d\u2019autres entit\u00e9s incluses dans la Directive en mati\u00e8re d\u2019approvisionnement de la FPO);<\/li>\n\n\n\n<li>l\u2019Ontario Power Generation;<\/li>\n\n\n\n<li>la Soci\u00e9t\u00e9 ind\u00e9pendante d\u2019exploitation du r\u00e9seau d\u2019\u00e9lectricit\u00e9.<\/li>\n<\/ol>\n\n\n\n<p>Les \u00ab\u00a0organismes d\u00e9sign\u00e9s du secteur parapublic\u00a0\u00bb sont ceux qui sont assujettis \u00e0 la <a href=\"https:\/\/www.ontario.ca\/files\/2025-03\/tbs-bps-broader-public-sector-procurement-directive-fr-2025-03-04.pdf\" target=\"_blank\" rel=\"noreferrer noopener\">Directive en mati\u00e8re d\u2019approvisionnement dans le secteur parapublic (PDF)<\/a>.<\/p>\n\n\n\n<p>La Politique vise tous les nouveaux approvisionnements en biens et services, quelle qu\u2019en soit la valeur, mais pas&nbsp;:<\/p>\n\n\n\n<ol start=\"1\" style=\"list-style-type:lower-roman\" class=\"wp-block-list\">\n<li>les approvisionnements d\u00e9j\u00e0 en cours au moment de l\u2019entr\u00e9e en vigueur de la Politique (c\u2019est-\u00e0-dire pour lesquels un document d\u2019approvisionnement a d\u00e9j\u00e0 \u00e9t\u00e9 \u00e9mis);<\/li>\n\n\n\n<li>les entit\u00e9s de la fonction publique qui se pr\u00e9valent d\u2019une entente de fournisseur attitr\u00e9 existante ou d\u2019un autre accord applicable;<\/li>\n\n\n\n<li>les prolongations de contrat d\u00e9j\u00e0 pr\u00e9vues dans l\u2019entente initiale;<\/li>\n\n\n\n<li>les situations urgentes impr\u00e9vues figurant dans les directives en mati\u00e8re d\u2019approvisionnement de la FPO et du secteur parapublic.<\/li>\n<\/ol>\n\n\n\n<p>\u00c0 noter que la Politique pr\u00e9voit qu\u2019une entit\u00e9 de la fonction publique \u00ab&nbsp;peut se fier \u00e0 la d\u00e9claration d\u2019une entreprise selon laquelle elle ne r\u00e9pond pas \u00e0 la d\u00e9finition d\u2019une entreprise am\u00e9ricaine&nbsp;\u00bb.<\/p>\n\n\n\n<p>La Politique s\u2019applique r\u00e9troactivement au 4&nbsp;mars&nbsp;2025. Les march\u00e9s publics publi\u00e9s apr\u00e8s le 4&nbsp;mars, mais avant la publication de la Politique devront vraisemblablement respecter les nouvelles exigences si aucune des exceptions ne s\u2019applique.<\/p>\n\n\n\n<h3 class=\"wp-block-heading\">Toronto<\/h3>\n\n\n\n<p>Le 26\u00a0mars, le conseil municipal de Toronto a approuv\u00e9 le \u00ab\u00a0<a href=\"https:\/\/www.toronto.ca\/legdocs\/mmis\/2025\/ex\/bgrd\/backgroundfile-253854.pdf\">Mayor\u2019s Economic Action Plan in Response to U.S. Tariffs<\/a>\u00a0\u00bb (soit le \u00ab\u00a0plan d\u2019action \u00e9conomique de la mairesse en r\u00e9ponse aux droits de douane am\u00e9ricains\u00a0\u00bb, ci-apr\u00e8s le \u00ab\u00a0<strong>Plan<\/strong>\u00a0\u00bb), qui pr\u00e9voit des mesures d\u2019exclusion similaires dans les march\u00e9s publics en r\u00e9action aux mesures protectionnistes des \u00c9tats-Unis.\u00a0 Il adopte cependant des d\u00e9finitions l\u00e9g\u00e8rement diff\u00e9rentes pour les fournisseurs am\u00e9ricains, les fournisseurs canadiens et les filiales canadiennes; il se peut donc qu\u2019une entit\u00e9 puisse toujours participer aux march\u00e9s publics de la Ville de Toronto, mais qu\u2019elle soit exclue de ceux du gouvernement provincial et de ses organismes.<\/p>\n\n\n\n<p>Un fournisseur am\u00e9ricain est un fournisseur, un fabricant ou un distributeur de toute structure d\u2019entreprise qui exerce ses activit\u00e9s de fa\u00e7on permanente aux \u00c9tats-Unis et qui r\u00e9pond \u00e0 l\u2019un des deux crit\u00e8res suivants&nbsp;:<\/p>\n\n\n\n<ol start=\"1\" style=\"list-style-type:lower-roman\" class=\"wp-block-list\">\n<li>son si\u00e8ge social ou son principal \u00e9tablissement est situ\u00e9 dans un \u00c9tat ou un territoire des \u00c9tats-Unis;<\/li>\n\n\n\n<li>au moins 70\u00a0% de son personnel travaille aux \u00c9tats-Unis au moment de la soumission.<\/li>\n<\/ol>\n\n\n\n<p>Les filiales non am\u00e9ricaines ne sont pas des fournisseurs am\u00e9ricains.<\/p>\n\n\n\n<p>Une filiale non am\u00e9ricaine est une filiale dont la soci\u00e9t\u00e9 m\u00e8re exerce ses activit\u00e9s de fa\u00e7on permanente aux \u00c9tats-Unis, qui agit comme fournisseur, fabricant ou distributeur de biens et qui r\u00e9pond aux deux crit\u00e8res suivants&nbsp;:<\/p>\n\n\n\n<ol start=\"1\" style=\"list-style-type:lower-roman\" class=\"wp-block-list\">\n<li>elle a des installations de production ou des bureaux permanents \u00e0 l\u2019ext\u00e9rieur des \u00c9tats-Unis;<\/li>\n\n\n\n<li>au moins 70\u00a0% des livrables sont produits par son personnel travaillant \u00e0 l\u2019ext\u00e9rieur des \u00c9tats-Unis.<\/li>\n<\/ol>\n\n\n\n<p>Un fournisseur canadien est un fournisseur, un fabricant ou un distributeur de toute structure d\u2019entreprise qui exerce ses activit\u00e9s de fa\u00e7on permanente au Canada et qui r\u00e9pond \u00e0 l\u2019un des trois crit\u00e8res suivants&nbsp;:<\/p>\n\n\n\n<ol start=\"1\" style=\"list-style-type:lower-roman\" class=\"wp-block-list\">\n<li>son si\u00e8ge social ou son principal \u00e9tablissement est situ\u00e9 dans une province ou un territoire du Canada;<\/li>\n\n\n\n<li>au moins 70\u00a0% de son personnel travaille au Canada au moment de la soumission;<\/li>\n\n\n\n<li>il est une filiale canadienne.<\/li>\n<\/ol>\n\n\n\n<p>Une filiale canadienne est une soci\u00e9t\u00e9 qui exerce ses activit\u00e9s au Canada, qui agit comme fournisseur, fabricant ou distributeur de biens et services, dont la soci\u00e9t\u00e9 m\u00e8re se situe en dehors du Canada, et qui r\u00e9pond aux deux crit\u00e8res suivants&nbsp;:<\/p>\n\n\n\n<ol start=\"1\" style=\"list-style-type:lower-roman\" class=\"wp-block-list\">\n<li>elle a des installations de production ou des bureaux permanents;<\/li>\n\n\n\n<li>au moins 70\u00a0% des livrables sont produits par son personnel travaillant au Canada.<\/li>\n<\/ol>\n\n\n\n<p>Selon le Plan, seuls les fournisseurs canadiens et les filiales canadiennes sont autoris\u00e9s \u00e0 pr\u00e9senter des soumissions dans le cadre de nouveaux march\u00e9s concurrentiels de moins de 350&nbsp;000&nbsp;$&nbsp;CA environ pour les biens et services et de 8,8&nbsp;millions&nbsp;$&nbsp;CA pour la construction. L\u2019exclusion des fournisseurs am\u00e9ricains est r\u00e9troactive au 7&nbsp;mars&nbsp;2025.<\/p>\n\n\n\n<h3 class=\"wp-block-heading\">Mississauga et Oakville<\/h3>\n\n\n\n<p>D\u2019autres grandes villes, comme Mississauga et Oakville, reprennent la d\u00e9finition du terme \u00ab&nbsp;entreprise ontarienne&nbsp;\u00bb qui figure dans l\u2019IDEO pour d\u00e9limiter leurs mesures d\u2019exclusion des march\u00e9s publics. Selon l\u2019IDEO, est une entreprise ontarienne celle qui r\u00e9pond aux exigences suivantes&nbsp;:<\/p>\n\n\n\n<ol start=\"1\" style=\"list-style-type:lower-roman\" class=\"wp-block-list\">\n<li>L\u2019entreprise est un fournisseur, un fabricant ou un distributeur de toute structure d\u2019entreprise qui exerce ses activit\u00e9s de fa\u00e7on permanente en Ontario.<\/li>\n\n\n\n<li>L\u2019entreprise\u00a0:<\/li>\n\n\n\n<li>\n<ol start=\"1\" style=\"list-style-type:lower-alpha\" class=\"wp-block-list\">\n<li>soit a son si\u00e8ge social ou son \u00e9tablissement principal en Ontario,<\/li>\n\n\n\n<li>soit a au moins 250\u00a0employ\u00e9s \u00e0 temps plein en Ontario lors du processus d\u2019approvisionnement applicable.<\/li>\n<\/ol>\n<\/li>\n<\/ol>\n\n\n\n<p>Mississauga a sa propre d\u00e9finition de \u00ab&nbsp;soumissionnaire am\u00e9ricain&nbsp;\u00bb pour les documents d\u2019approvisionnement. Il s\u2019agit&nbsp;:<\/p>\n\n\n\n<ol start=\"1\" style=\"list-style-type:lower-roman\" class=\"wp-block-list\">\n<li>d\u2019un fournisseur de biens ou de services, d\u2019un fabricant ou d\u2019un distributeur de toute structure d\u2019entreprise qui exerce ses activit\u00e9s de fa\u00e7on permanente aux \u00c9tats-Unis;<\/li>\n\n\n\n<li>qui emploie plus de 65\u00a0% de son personnel \u00e0 temps plein aux \u00c9tats-Unis \u00e0 la date de cl\u00f4ture de l\u2019appel d\u2019offres.<\/li>\n<\/ol>\n\n\n\n<p>Contrairement \u00e0 Toronto, qui s\u2019est dot\u00e9e d\u2019un nouveau seuil p\u00e9cuniaire dans le Plan de la mairesse pour favoriser les entreprises canadiennes, Mississauga et Oakville ont rehauss\u00e9 les seuils qui existaient d\u00e9j\u00e0 aux m\u00eames fins dans leurs r\u00e8glements sur les march\u00e9s publics.<\/p>\n\n\n\n<h2 class=\"wp-block-heading\">Colombie-Britannique<\/h2>\n\n\n\n<p>En Colombie-Britannique, les mesures d\u2019exclusion sont plus centralis\u00e9es qu\u2019en Ontario, avec le projet de loi\u00a07-2025, <a href=\"https:\/\/www.bclaws.gov.bc.ca\/civix\/document\/id\/bills\/billscurrent\/1st43rd:gov07-1\" target=\"_blank\" rel=\"noreferrer noopener\"><em>Economic Stabilization (Tariff Response) Act<\/em><\/a>, qui a \u00e9t\u00e9 d\u00e9pos\u00e9 par le premier ministre le 13\u00a0mars et qui est pass\u00e9 \u00e0 l\u2019\u00e9tape de la deuxi\u00e8me lecture le 3\u00a0avril. La loi propos\u00e9e vise \u00e0 donner au lieutenant-gouverneur en conseil de la province (essentiellement le premier ministre et son cabinet) de larges pouvoirs lui permettant d\u2019adopter toute loi li\u00e9e au commerce et \u00e0 l\u2019\u00e9conomie, sans intervention l\u00e9gislative.<\/p>\n\n\n\n<p>Le bureau du premier ministre serait en droit d\u2019adopter toute loi servant \u00e0 accomplir l\u2019un des buts suivants, \u00e9nonc\u00e9s \u00e0 l\u2019article&nbsp;19 figurant dans le projet de loi&nbsp;:<\/p>\n\n\n\n<ol start=\"1\" style=\"list-style-type:lower-roman\" class=\"wp-block-list\">\n<li>s\u2019attaquer aux cons\u00e9quences r\u00e9elles ou anticip\u00e9es en Colombie-Britannique des actions d\u2019un \u00c9tat \u00e9tranger;<\/li>\n\n\n\n<li>favoriser la coop\u00e9ration interprovinciale en r\u00e9duisant les entraves au commerce int\u00e9rieur au Canada;<\/li>\n\n\n\n<li>soutenir l\u2019\u00e9conomie de la Colombie-Britannique et du Canada.<\/li>\n<\/ol>\n\n\n\n<p>De plus, le lieutenant-gouverneur pourra forcer toute entit\u00e9 \u00e0 l\u2019origine d\u2019un march\u00e9 public \u00e0 se conformer \u00e0 une directive li\u00e9e \u00e0 l\u2019approvisionnement en biens ou services et exclure ou inclure toute soci\u00e9t\u00e9 ou organisation, ou cat\u00e9gorie de soci\u00e9t\u00e9s ou organisations, dans la d\u00e9finition d\u2019entit\u00e9 \u00e0 l\u2019origine d\u2019un march\u00e9 public.<\/p>\n\n\n\n<p>Le texte doit encore \u00eatre peaufin\u00e9, mais son entr\u00e9e en vigueur devrait se faire rapidement apr\u00e8s la troisi\u00e8me lecture.<\/p>\n\n\n\n<h2 class=\"wp-block-heading\">Prochaines \u00e9tapes<\/h2>\n\n\n\n<p>Outre l\u2019Ontario et la Colombie-Britannique, les autres provinces et territoires (de m\u00eame que plusieurs municipalit\u00e9s) ont annonc\u00e9 des changements semblables \u00e0 leurs politiques d\u2019approvisionnement, mais tous ne sont pas aussi avanc\u00e9s dans le processus d\u2019adoption. Pour en savoir plus \u00e0 ce sujet, n\u2019h\u00e9sitez pas \u00e0 communiquer avec les membres des groupes <a href=\"https:\/\/www.millerthomson.com\/fr\/expertises\/droit-fiscal\/commerce-mondial-douanes\/\">Commerce mondial et douanes<\/a> et <a href=\"https:\/\/www.millerthomson.com\/fr\/secteurs\/construction-et-infrastructures\/contrats-de-construction-et-approvisionnement\/\">Contrats de construction et approvisionnement<\/a> de Miller Thomson.<\/p>\n\n\n\n<p><\/p>\n","protected":false},"excerpt":{"rendered":"<p>Le 4&nbsp;mars&nbsp;2025, les premiers ministres de l\u2019Ontario et de la Colombie-Britannique ont annonc\u00e9 des mesures de r\u00e9torsion en r\u00e9ponse aux droits de douane impos\u00e9s par les \u00c9tats-Unis sur les exportations canadiennes, dont une interdiction imm\u00e9diate pour les entreprises am\u00e9ricaines de prendre part \u00e0 des march\u00e9s publics dans ces deux provinces. Doug&nbsp;Ford a aussi encourag\u00e9 les [&hellip;]<\/p>\n","protected":false},"author":5,"featured_media":25783,"parent":0,"comment_status":"open","ping_status":"open","sticky":false,"template":"","format":"standard","meta":{"_acf_changed":false,"footnotes":""},"categories":[624],"insight-format":[470],"class_list":["post-31880","post","type-post","status-publish","format-standard","has-post-thumbnail","hentry","category-commerce-mondial-et-douanes"],"acf":[],"yoast_head":"<!-- This site is optimized with the Yoast SEO plugin v26.1.1 - https:\/\/yoast.com\/wordpress\/plugins\/seo\/ -->\n<title>Mesures d\u2019exclusion des fournisseurs am\u00e9ricains dans les march\u00e9s publics | Miller Thomson<\/title>\n<meta name=\"robots\" content=\"index, follow, max-snippet:-1, max-image-preview:large, max-video-preview:-1\" \/>\n<link rel=\"canonical\" href=\"https:\/\/www.millerthomson.com\/fr\/perspectives-juridiques\/commerce-mondial-et-douanes\/mesures-dexclusion-des-fournisseurs-americains-dans-les-marches-publics\/\" \/>\n<meta property=\"og:locale\" content=\"fr_FR\" \/>\n<meta property=\"og:type\" content=\"article\" \/>\n<meta property=\"og:title\" content=\"Mesures d\u2019exclusion des fournisseurs am\u00e9ricains dans les march\u00e9s publics | Miller Thomson\" \/>\n<meta property=\"og:description\" content=\"Le 4&nbsp;mars&nbsp;2025, les premiers ministres de l\u2019Ontario et de la Colombie-Britannique ont annonc\u00e9 des mesures de r\u00e9torsion en r\u00e9ponse aux droits de douane impos\u00e9s par les \u00c9tats-Unis sur les exportations canadiennes, dont une interdiction imm\u00e9diate pour les entreprises am\u00e9ricaines de prendre part \u00e0 des march\u00e9s publics dans ces deux provinces. Doug&nbsp;Ford a aussi encourag\u00e9 les [&hellip;]\" \/>\n<meta property=\"og:url\" content=\"https:\/\/www.millerthomson.com\/fr\/perspectives-juridiques\/commerce-mondial-et-douanes\/mesures-dexclusion-des-fournisseurs-americains-dans-les-marches-publics\/\" \/>\n<meta property=\"og:site_name\" content=\"Miller Thomson\" \/>\n<meta property=\"article:publisher\" content=\"https:\/\/www.facebook.com\/MillerThomsonLaw\/\" \/>\n<meta property=\"article:published_time\" content=\"2025-04-16T13:19:00+00:00\" \/>\n<meta property=\"article:modified_time\" content=\"2025-04-17T22:37:41+00:00\" \/>\n<meta property=\"og:image\" content=\"https:\/\/www.millerthomson.com\/wp-content\/uploads\/2025\/01\/insights_globaltrade_courier.jpg\" \/>\n\t<meta property=\"og:image:width\" content=\"1920\" \/>\n\t<meta property=\"og:image:height\" content=\"1098\" \/>\n\t<meta property=\"og:image:type\" content=\"image\/jpeg\" \/>\n<meta name=\"author\" content=\"Katherine Chan\" \/>\n<meta name=\"twitter:card\" content=\"summary_large_image\" \/>\n<meta name=\"twitter:creator\" content=\"@millerthomson\" \/>\n<meta name=\"twitter:site\" content=\"@millerthomson\" \/>\n<meta name=\"twitter:label1\" content=\"Written by\" \/>\n\t<meta name=\"twitter:data1\" content=\"Katherine Chan\" \/>\n\t<meta name=\"twitter:label2\" content=\"Est. reading time\" \/>\n\t<meta name=\"twitter:data2\" content=\"7 minutes\" \/>\n<script type=\"application\/ld+json\" class=\"yoast-schema-graph\">{\"@context\":\"https:\/\/schema.org\",\"@graph\":[{\"@type\":\"Article\",\"@id\":\"https:\/\/www.millerthomson.com\/fr\/perspectives-juridiques\/commerce-mondial-et-douanes\/mesures-dexclusion-des-fournisseurs-americains-dans-les-marches-publics\/#article\",\"isPartOf\":{\"@id\":\"https:\/\/www.millerthomson.com\/fr\/perspectives-juridiques\/commerce-mondial-et-douanes\/mesures-dexclusion-des-fournisseurs-americains-dans-les-marches-publics\/\"},\"author\":{\"name\":\"Katherine Chan\",\"@id\":\"https:\/\/www.millerthomson.com\/fr\/#\/schema\/person\/5473b50a564d1e37f327fdd79cb348f6\"},\"headline\":\"Mesures d\u2019exclusion des fournisseurs am\u00e9ricains dans les march\u00e9s publics\",\"datePublished\":\"2025-04-16T13:19:00+00:00\",\"dateModified\":\"2025-04-17T22:37:41+00:00\",\"mainEntityOfPage\":{\"@id\":\"https:\/\/www.millerthomson.com\/fr\/perspectives-juridiques\/commerce-mondial-et-douanes\/mesures-dexclusion-des-fournisseurs-americains-dans-les-marches-publics\/\"},\"wordCount\":1714,\"commentCount\":0,\"publisher\":{\"@id\":\"https:\/\/www.millerthomson.com\/fr\/#organization\"},\"image\":{\"@id\":\"https:\/\/www.millerthomson.com\/fr\/perspectives-juridiques\/commerce-mondial-et-douanes\/mesures-dexclusion-des-fournisseurs-americains-dans-les-marches-publics\/#primaryimage\"},\"thumbnailUrl\":\"https:\/\/www.millerthomson.com\/wp-content\/uploads\/2025\/01\/insights_globaltrade_courier.jpg\",\"articleSection\":[\"Commerce mondial et douanes\"],\"inLanguage\":\"fr-FR\",\"potentialAction\":[{\"@type\":\"CommentAction\",\"name\":\"Comment\",\"target\":[\"https:\/\/www.millerthomson.com\/fr\/perspectives-juridiques\/commerce-mondial-et-douanes\/mesures-dexclusion-des-fournisseurs-americains-dans-les-marches-publics\/#respond\"]}]},{\"@type\":[\"WebPage\",\"ItemPage\"],\"@id\":\"https:\/\/www.millerthomson.com\/fr\/perspectives-juridiques\/commerce-mondial-et-douanes\/mesures-dexclusion-des-fournisseurs-americains-dans-les-marches-publics\/\",\"url\":\"https:\/\/www.millerthomson.com\/fr\/perspectives-juridiques\/commerce-mondial-et-douanes\/mesures-dexclusion-des-fournisseurs-americains-dans-les-marches-publics\/\",\"name\":\"Mesures d\u2019exclusion des fournisseurs am\u00e9ricains dans les march\u00e9s publics | Miller Thomson\",\"isPartOf\":{\"@id\":\"https:\/\/www.millerthomson.com\/fr\/#website\"},\"primaryImageOfPage\":{\"@id\":\"https:\/\/www.millerthomson.com\/fr\/perspectives-juridiques\/commerce-mondial-et-douanes\/mesures-dexclusion-des-fournisseurs-americains-dans-les-marches-publics\/#primaryimage\"},\"image\":{\"@id\":\"https:\/\/www.millerthomson.com\/fr\/perspectives-juridiques\/commerce-mondial-et-douanes\/mesures-dexclusion-des-fournisseurs-americains-dans-les-marches-publics\/#primaryimage\"},\"thumbnailUrl\":\"https:\/\/www.millerthomson.com\/wp-content\/uploads\/2025\/01\/insights_globaltrade_courier.jpg\",\"datePublished\":\"2025-04-16T13:19:00+00:00\",\"dateModified\":\"2025-04-17T22:37:41+00:00\",\"breadcrumb\":{\"@id\":\"https:\/\/www.millerthomson.com\/fr\/perspectives-juridiques\/commerce-mondial-et-douanes\/mesures-dexclusion-des-fournisseurs-americains-dans-les-marches-publics\/#breadcrumb\"},\"inLanguage\":\"fr-FR\",\"potentialAction\":[{\"@type\":\"ReadAction\",\"target\":[\"https:\/\/www.millerthomson.com\/fr\/perspectives-juridiques\/commerce-mondial-et-douanes\/mesures-dexclusion-des-fournisseurs-americains-dans-les-marches-publics\/\"]}]},{\"@type\":\"ImageObject\",\"inLanguage\":\"fr-FR\",\"@id\":\"https:\/\/www.millerthomson.com\/fr\/perspectives-juridiques\/commerce-mondial-et-douanes\/mesures-dexclusion-des-fournisseurs-americains-dans-les-marches-publics\/#primaryimage\",\"url\":\"https:\/\/www.millerthomson.com\/wp-content\/uploads\/2025\/01\/insights_globaltrade_courier.jpg\",\"contentUrl\":\"https:\/\/www.millerthomson.com\/wp-content\/uploads\/2025\/01\/insights_globaltrade_courier.jpg\",\"width\":1920,\"height\":1098,\"caption\":\"courier driver signing documents on a clipboard\"},{\"@type\":\"BreadcrumbList\",\"@id\":\"https:\/\/www.millerthomson.com\/fr\/perspectives-juridiques\/commerce-mondial-et-douanes\/mesures-dexclusion-des-fournisseurs-americains-dans-les-marches-publics\/#breadcrumb\",\"itemListElement\":[{\"@type\":\"ListItem\",\"position\":1,\"name\":\"Accueil\",\"item\":\"https:\/\/www.millerthomson.com\/fr\/\"},{\"@type\":\"ListItem\",\"position\":2,\"name\":\"Mesures d\u2019exclusion des fournisseurs am\u00e9ricains dans les march\u00e9s publics\"}]},{\"@type\":\"WebSite\",\"@id\":\"https:\/\/www.millerthomson.com\/fr\/#website\",\"url\":\"https:\/\/www.millerthomson.com\/fr\/\",\"name\":\"Miller Thomson | Cabinet de droit des affaires pancanadien\",\"description\":\"National law firm providing business law expertise and litigation and disputes services for businesses across Canada since 1957.\",\"publisher\":{\"@id\":\"https:\/\/www.millerthomson.com\/fr\/#organization\"},\"potentialAction\":[{\"@type\":\"SearchAction\",\"target\":{\"@type\":\"EntryPoint\",\"urlTemplate\":\"https:\/\/www.millerthomson.com\/fr\/?s={search_term_string}\"},\"query-input\":{\"@type\":\"PropertyValueSpecification\",\"valueRequired\":true,\"valueName\":\"search_term_string\"}}],\"inLanguage\":\"fr-FR\"},{\"@type\":\"Organization\",\"@id\":\"https:\/\/www.millerthomson.com\/fr\/#organization\",\"name\":\"Miller Thomson | Cabinet de droit des affaires pancanadien\",\"url\":\"https:\/\/www.millerthomson.com\/fr\/\",\"logo\":{\"@type\":\"ImageObject\",\"inLanguage\":\"fr-FR\",\"@id\":\"https:\/\/www.millerthomson.com\/fr\/#\/schema\/logo\/image\/\",\"url\":\"https:\/\/www.millerthomson.com\/wp-content\/uploads\/2024\/10\/miller-thomson.svg\",\"contentUrl\":\"https:\/\/www.millerthomson.com\/wp-content\/uploads\/2024\/10\/miller-thomson.svg\",\"width\":380,\"height\":50,\"caption\":\"Miller Thomson | Cabinet de droit des affaires pancanadien\"},\"image\":{\"@id\":\"https:\/\/www.millerthomson.com\/fr\/#\/schema\/logo\/image\/\"},\"sameAs\":[\"https:\/\/www.facebook.com\/MillerThomsonLaw\/\",\"https:\/\/x.com\/millerthomson\",\"https:\/\/www.linkedin.com\/company\/miller-thomson-llp\/\",\"https:\/\/www.youtube.com\/@millerthomson\"]},{\"@type\":\"Person\",\"@id\":\"https:\/\/www.millerthomson.com\/fr\/#\/schema\/person\/5473b50a564d1e37f327fdd79cb348f6\",\"name\":\"Katherine Chan\",\"image\":{\"@type\":\"ImageObject\",\"inLanguage\":\"fr-FR\",\"@id\":\"https:\/\/www.millerthomson.com\/fr\/#\/schema\/person\/image\/\",\"url\":\"https:\/\/secure.gravatar.com\/avatar\/da8a18c240b27905220d948a87957ba19ab6de326b44a2ce3072235c121f996f?s=96&d=mm&r=g\",\"contentUrl\":\"https:\/\/secure.gravatar.com\/avatar\/da8a18c240b27905220d948a87957ba19ab6de326b44a2ce3072235c121f996f?s=96&d=mm&r=g\",\"caption\":\"Katherine Chan\"}}]}<\/script>\n<!-- \/ Yoast SEO plugin. -->","yoast_head_json":{"title":"Mesures d\u2019exclusion des fournisseurs am\u00e9ricains dans les march\u00e9s publics | Miller Thomson","robots":{"index":"index","follow":"follow","max-snippet":"max-snippet:-1","max-image-preview":"max-image-preview:large","max-video-preview":"max-video-preview:-1"},"canonical":"https:\/\/www.millerthomson.com\/fr\/perspectives-juridiques\/commerce-mondial-et-douanes\/mesures-dexclusion-des-fournisseurs-americains-dans-les-marches-publics\/","og_locale":"fr_FR","og_type":"article","og_title":"Mesures d\u2019exclusion des fournisseurs am\u00e9ricains dans les march\u00e9s publics | Miller Thomson","og_description":"Le 4&nbsp;mars&nbsp;2025, les premiers ministres de l\u2019Ontario et de la Colombie-Britannique ont annonc\u00e9 des mesures de r\u00e9torsion en r\u00e9ponse aux droits de douane impos\u00e9s par les \u00c9tats-Unis sur les exportations canadiennes, dont une interdiction imm\u00e9diate pour les entreprises am\u00e9ricaines de prendre part \u00e0 des march\u00e9s publics dans ces deux provinces. Doug&nbsp;Ford a aussi encourag\u00e9 les [&hellip;]","og_url":"https:\/\/www.millerthomson.com\/fr\/perspectives-juridiques\/commerce-mondial-et-douanes\/mesures-dexclusion-des-fournisseurs-americains-dans-les-marches-publics\/","og_site_name":"Miller Thomson","article_publisher":"https:\/\/www.facebook.com\/MillerThomsonLaw\/","article_published_time":"2025-04-16T13:19:00+00:00","article_modified_time":"2025-04-17T22:37:41+00:00","og_image":[{"width":1920,"height":1098,"url":"https:\/\/www.millerthomson.com\/wp-content\/uploads\/2025\/01\/insights_globaltrade_courier.jpg","type":"image\/jpeg"}],"author":"Katherine Chan","twitter_card":"summary_large_image","twitter_creator":"@millerthomson","twitter_site":"@millerthomson","twitter_misc":{"Written by":"Katherine Chan","Est. reading time":"7 minutes"},"schema":{"@context":"https:\/\/schema.org","@graph":[{"@type":"Article","@id":"https:\/\/www.millerthomson.com\/fr\/perspectives-juridiques\/commerce-mondial-et-douanes\/mesures-dexclusion-des-fournisseurs-americains-dans-les-marches-publics\/#article","isPartOf":{"@id":"https:\/\/www.millerthomson.com\/fr\/perspectives-juridiques\/commerce-mondial-et-douanes\/mesures-dexclusion-des-fournisseurs-americains-dans-les-marches-publics\/"},"author":{"name":"Katherine Chan","@id":"https:\/\/www.millerthomson.com\/fr\/#\/schema\/person\/5473b50a564d1e37f327fdd79cb348f6"},"headline":"Mesures d\u2019exclusion des fournisseurs am\u00e9ricains dans les march\u00e9s publics","datePublished":"2025-04-16T13:19:00+00:00","dateModified":"2025-04-17T22:37:41+00:00","mainEntityOfPage":{"@id":"https:\/\/www.millerthomson.com\/fr\/perspectives-juridiques\/commerce-mondial-et-douanes\/mesures-dexclusion-des-fournisseurs-americains-dans-les-marches-publics\/"},"wordCount":1714,"commentCount":0,"publisher":{"@id":"https:\/\/www.millerthomson.com\/fr\/#organization"},"image":{"@id":"https:\/\/www.millerthomson.com\/fr\/perspectives-juridiques\/commerce-mondial-et-douanes\/mesures-dexclusion-des-fournisseurs-americains-dans-les-marches-publics\/#primaryimage"},"thumbnailUrl":"https:\/\/www.millerthomson.com\/wp-content\/uploads\/2025\/01\/insights_globaltrade_courier.jpg","articleSection":["Commerce mondial et douanes"],"inLanguage":"fr-FR","potentialAction":[{"@type":"CommentAction","name":"Comment","target":["https:\/\/www.millerthomson.com\/fr\/perspectives-juridiques\/commerce-mondial-et-douanes\/mesures-dexclusion-des-fournisseurs-americains-dans-les-marches-publics\/#respond"]}]},{"@type":["WebPage","ItemPage"],"@id":"https:\/\/www.millerthomson.com\/fr\/perspectives-juridiques\/commerce-mondial-et-douanes\/mesures-dexclusion-des-fournisseurs-americains-dans-les-marches-publics\/","url":"https:\/\/www.millerthomson.com\/fr\/perspectives-juridiques\/commerce-mondial-et-douanes\/mesures-dexclusion-des-fournisseurs-americains-dans-les-marches-publics\/","name":"Mesures d\u2019exclusion des fournisseurs am\u00e9ricains dans les march\u00e9s publics | Miller Thomson","isPartOf":{"@id":"https:\/\/www.millerthomson.com\/fr\/#website"},"primaryImageOfPage":{"@id":"https:\/\/www.millerthomson.com\/fr\/perspectives-juridiques\/commerce-mondial-et-douanes\/mesures-dexclusion-des-fournisseurs-americains-dans-les-marches-publics\/#primaryimage"},"image":{"@id":"https:\/\/www.millerthomson.com\/fr\/perspectives-juridiques\/commerce-mondial-et-douanes\/mesures-dexclusion-des-fournisseurs-americains-dans-les-marches-publics\/#primaryimage"},"thumbnailUrl":"https:\/\/www.millerthomson.com\/wp-content\/uploads\/2025\/01\/insights_globaltrade_courier.jpg","datePublished":"2025-04-16T13:19:00+00:00","dateModified":"2025-04-17T22:37:41+00:00","breadcrumb":{"@id":"https:\/\/www.millerthomson.com\/fr\/perspectives-juridiques\/commerce-mondial-et-douanes\/mesures-dexclusion-des-fournisseurs-americains-dans-les-marches-publics\/#breadcrumb"},"inLanguage":"fr-FR","potentialAction":[{"@type":"ReadAction","target":["https:\/\/www.millerthomson.com\/fr\/perspectives-juridiques\/commerce-mondial-et-douanes\/mesures-dexclusion-des-fournisseurs-americains-dans-les-marches-publics\/"]}]},{"@type":"ImageObject","inLanguage":"fr-FR","@id":"https:\/\/www.millerthomson.com\/fr\/perspectives-juridiques\/commerce-mondial-et-douanes\/mesures-dexclusion-des-fournisseurs-americains-dans-les-marches-publics\/#primaryimage","url":"https:\/\/www.millerthomson.com\/wp-content\/uploads\/2025\/01\/insights_globaltrade_courier.jpg","contentUrl":"https:\/\/www.millerthomson.com\/wp-content\/uploads\/2025\/01\/insights_globaltrade_courier.jpg","width":1920,"height":1098,"caption":"courier driver signing documents on a clipboard"},{"@type":"BreadcrumbList","@id":"https:\/\/www.millerthomson.com\/fr\/perspectives-juridiques\/commerce-mondial-et-douanes\/mesures-dexclusion-des-fournisseurs-americains-dans-les-marches-publics\/#breadcrumb","itemListElement":[{"@type":"ListItem","position":1,"name":"Accueil","item":"https:\/\/www.millerthomson.com\/fr\/"},{"@type":"ListItem","position":2,"name":"Mesures d\u2019exclusion des fournisseurs am\u00e9ricains dans les march\u00e9s publics"}]},{"@type":"WebSite","@id":"https:\/\/www.millerthomson.com\/fr\/#website","url":"https:\/\/www.millerthomson.com\/fr\/","name":"Miller Thomson | Cabinet de droit des affaires pancanadien","description":"National law firm providing business law expertise and litigation and disputes services for businesses across Canada since 1957.","publisher":{"@id":"https:\/\/www.millerthomson.com\/fr\/#organization"},"potentialAction":[{"@type":"SearchAction","target":{"@type":"EntryPoint","urlTemplate":"https:\/\/www.millerthomson.com\/fr\/?s={search_term_string}"},"query-input":{"@type":"PropertyValueSpecification","valueRequired":true,"valueName":"search_term_string"}}],"inLanguage":"fr-FR"},{"@type":"Organization","@id":"https:\/\/www.millerthomson.com\/fr\/#organization","name":"Miller Thomson | Cabinet de droit des affaires pancanadien","url":"https:\/\/www.millerthomson.com\/fr\/","logo":{"@type":"ImageObject","inLanguage":"fr-FR","@id":"https:\/\/www.millerthomson.com\/fr\/#\/schema\/logo\/image\/","url":"https:\/\/www.millerthomson.com\/wp-content\/uploads\/2024\/10\/miller-thomson.svg","contentUrl":"https:\/\/www.millerthomson.com\/wp-content\/uploads\/2024\/10\/miller-thomson.svg","width":380,"height":50,"caption":"Miller Thomson | Cabinet de droit des affaires pancanadien"},"image":{"@id":"https:\/\/www.millerthomson.com\/fr\/#\/schema\/logo\/image\/"},"sameAs":["https:\/\/www.facebook.com\/MillerThomsonLaw\/","https:\/\/x.com\/millerthomson","https:\/\/www.linkedin.com\/company\/miller-thomson-llp\/","https:\/\/www.youtube.com\/@millerthomson"]},{"@type":"Person","@id":"https:\/\/www.millerthomson.com\/fr\/#\/schema\/person\/5473b50a564d1e37f327fdd79cb348f6","name":"Katherine Chan","image":{"@type":"ImageObject","inLanguage":"fr-FR","@id":"https:\/\/www.millerthomson.com\/fr\/#\/schema\/person\/image\/","url":"https:\/\/secure.gravatar.com\/avatar\/da8a18c240b27905220d948a87957ba19ab6de326b44a2ce3072235c121f996f?s=96&d=mm&r=g","contentUrl":"https:\/\/secure.gravatar.com\/avatar\/da8a18c240b27905220d948a87957ba19ab6de326b44a2ce3072235c121f996f?s=96&d=mm&r=g","caption":"Katherine Chan"}}]}},"_links":{"self":[{"href":"https:\/\/www.millerthomson.com\/fr\/wp-json\/wp\/v2\/posts\/31880","targetHints":{"allow":["GET"]}}],"collection":[{"href":"https:\/\/www.millerthomson.com\/fr\/wp-json\/wp\/v2\/posts"}],"about":[{"href":"https:\/\/www.millerthomson.com\/fr\/wp-json\/wp\/v2\/types\/post"}],"author":[{"embeddable":true,"href":"https:\/\/www.millerthomson.com\/fr\/wp-json\/wp\/v2\/users\/5"}],"replies":[{"embeddable":true,"href":"https:\/\/www.millerthomson.com\/fr\/wp-json\/wp\/v2\/comments?post=31880"}],"version-history":[{"count":0,"href":"https:\/\/www.millerthomson.com\/fr\/wp-json\/wp\/v2\/posts\/31880\/revisions"}],"wp:featuredmedia":[{"embeddable":true,"href":"https:\/\/www.millerthomson.com\/fr\/wp-json\/wp\/v2\/media\/25783"}],"wp:attachment":[{"href":"https:\/\/www.millerthomson.com\/fr\/wp-json\/wp\/v2\/media?parent=31880"}],"wp:term":[{"taxonomy":"category","embeddable":true,"href":"https:\/\/www.millerthomson.com\/fr\/wp-json\/wp\/v2\/categories?post=31880"},{"taxonomy":"insight-format","embeddable":true,"href":"https:\/\/www.millerthomson.com\/fr\/wp-json\/wp\/v2\/insight-format?post=31880"}],"curies":[{"name":"wp","href":"https:\/\/api.w.org\/{rel}","templated":true}]}}