{"id":28710,"date":"2025-02-26T10:46:38","date_gmt":"2025-02-26T15:46:38","guid":{"rendered":"https:\/\/www.millerthomson.com\/?p=28710"},"modified":"2025-07-28T12:25:15","modified_gmt":"2025-07-28T16:25:15","slug":"augmentation-du-prix-des-materiaux-en-raison-des-tarifs-douaniers-a-qui-revient-la-facture","status":"publish","type":"post","link":"https:\/\/www.millerthomson.com\/fr\/perspectives-juridiques\/bulletin-droit-de-la-construction-et-fr\/augmentation-du-prix-des-materiaux-en-raison-des-tarifs-douaniers-a-qui-revient-la-facture\/","title":{"rendered":"Augmentation du prix des mat\u00e9riaux en raison des tarifs douaniers\u00a0: \u00e0 qui revient la facture\u2009?"},"content":{"rendered":"\n<p>Le 1<sup>er<\/sup>&nbsp;f\u00e9vrier dernier, Donald Trump a sign\u00e9 un d\u00e9cret imposant des tarifs douaniers de 25&nbsp;% sur tous les produits canadiens qui entrent en sol am\u00e9ricain. Le d\u00e9cret pr\u00e9voyait une exception pour les produits \u00e9nerg\u00e9tiques (p\u00e9trole, gaz, etc.), lesquels ne seraient tarif\u00e9s qu\u2019\u00e0 10&nbsp;%. La mesure devait entrer en vigueur le 4&nbsp;f\u00e9vrier dernier, mais elle a \u00e9t\u00e9 suspendue jusqu\u2019au 1<sup>er<\/sup>&nbsp;mars.<\/p>\n\n\n\n<p>En riposte, le Canada a annonc\u00e9 que des tarifs pourraient \u00eatre impos\u00e9s sur plusieurs produits am\u00e9ricains. Le gouvernement qu\u00e9b\u00e9cois envisage \u00e9galement certaines mesures, dont une p\u00e9nalit\u00e9 aux entreprises am\u00e9ricaines, dans le but d\u2019augmenter de 25&nbsp;% le prix de leurs soumissions pour l\u2019octroi de contrats publics par appels d\u2019offres.<\/p>\n\n\n\n<p>Depuis, les&nbsp;10&nbsp;et&nbsp;11&nbsp;f\u00e9vrier 2025, le pr\u00e9sident Trump a sign\u00e9 deux nouveaux d\u00e9crets pr\u00e9voyant des tarifs douaniers de 25&nbsp;% sur les produits en acier et en aluminium. Ces tarifs s\u2019ajouteront \u00e0 ceux annonc\u00e9s le 1<sup>er<\/sup>&nbsp;f\u00e9vrier, de sorte que ces mati\u00e8res pourraient se voir imposer des tarifs douaniers totalisant 50&nbsp;%.<\/p>\n\n\n\n<p>Le Canada n\u2019a pas encore annonc\u00e9 s\u2019il r\u00e9pliquera avec des tarifs sur les importations d\u2019acier et d\u2019aluminium en provenance des \u00c9tats-Unis comme ce fut le cas en 2018. Cependant, dans un contexte o\u00f9 en 2023, le Canada \u00e9tait le deuxi\u00e8me principal importateur d\u2019acier am\u00e9ricain avec un peu plus de 46\u00a0% de toutes <a href=\"https:\/\/www.trade.gov\/data-visualization\/united-states-steel-exports-report\" target=\"_blank\" rel=\"noreferrer noopener\">les exportations<\/a>, cette situation fait craindre une augmentation du prix de certains mat\u00e9riaux.<\/p>\n\n\n\n<h2 class=\"wp-block-heading\">L\u2019allocation du risque d\u2019augmentation des prix varie en fonction du contrat<\/h2>\n\n\n\n<p>Dans le cadre d\u2019un contrat \u00e0 prix co\u00fbtant major\u00e9 (<em>cost plus<\/em>), la r\u00e9ponse est relativement simple puisque l\u2019entrepreneur facture normalement le donneur d\u2019ouvrage selon le prix de revient des mat\u00e9riaux achet\u00e9s aux fins des travaux. Ainsi, lorsque le co\u00fbt d\u2019achat de certains mat\u00e9riaux augmente, le donneur d\u2019ouvrage doit, sauf exception, en payer la note.<\/p>\n\n\n\n<p>Par contre, la situation est diff\u00e9rente en pr\u00e9sence d\u2019un contrat forfaitaire. En effet, le <em>Code civil du Qu\u00e9bec<\/em> fait reposer le risque d\u2019une augmentation du prix des mat\u00e9riaux en cours de contrat sur les \u00e9paules de l\u2019entrepreneur&nbsp;:<\/p>\n\n\n<p style=\"padding-left: 40px;\"><a href=\"https:\/\/www.legisquebec.gouv.qc.ca\/fr\/document\/lc\/ccq-1991#se:2109\" target=\"_blank\" rel=\"noopener\">2109.<\/a> Lorsque le contrat est \u00e0 forfait, le client doit payer le prix convenu et il ne peut pr\u00e9tendre \u00e0 une diminution du prix en faisant valoir que l\u2019ouvrage ou le service a exig\u00e9 moins de travail ou a co\u00fbt\u00e9 moins cher qu\u2019il n\u2019avait \u00e9t\u00e9 pr\u00e9vu.<\/p>\n<p style=\"padding-left: 40px;\">Pareillement, l\u2019entrepreneur ou le prestataire de services ne peut pr\u00e9tendre \u00e0 une augmentation du prix pour un motif contraire.<\/p>\n<p style=\"padding-left: 40px;\">Le prix forfaitaire reste le m\u00eame, bien que des modifications aient \u00e9t\u00e9 apport\u00e9es aux conditions d\u2019ex\u00e9cution initialement pr\u00e9vues, \u00e0 moins que les parties n\u2019en aient convenu autrement.<\/p>\n\n\n<p>Par le pass\u00e9, <a href=\"https:\/\/www.canlii.org\/fr\/qc\/qccs\/doc\/2008\/2008qccs5507\/2008qccs5507.html?resultId=0ef07c1cb2784458aced975c24e7028a&amp;searchId=2025-02-19T09:33:26:434\/7577ff9d95ba419b93cdf11b9f25d28f&amp;searchUrlHash=AAAAAQAvVHJhbnNwb3J0IFJvc2Vtb250IGluYy4gYy4gTW9udHLDqWFsIChWaWxsZSBkZSkAAAAAAQ\" target=\"_blank\" rel=\"noreferrer noopener\">les tribunaux<\/a> ont refus\u00e9 d\u2019accorder un ajustement au prix du contrat en raison de l\u2019augmentation du prix de mati\u00e8res premi\u00e8res.<\/p>\n\n\n\n<p>La th\u00e9orie de l\u2019impr\u00e9vision n\u2019est pas un concept juridique reconnu en droit qu\u00e9b\u00e9cois, il ne suffira donc pas en principe pour l\u2019entrepreneur d\u2019invoquer que ces tarifs \u00e9taient impr\u00e9visibles au moment de <a href=\"https:\/\/www.canlii.org\/en\/ca\/scc\/doc\/2018\/2018scc46\/2018scc46.html\" target=\"_blank\" rel=\"noreferrer noopener\">la conclusion du contrat<\/a>. Au m\u00eame titre, il pourrait s\u2019av\u00e9rer difficile d\u2019invoquer la force majeure en raison de l\u2019augmentation du prix des mat\u00e9riaux cons\u00e9cutive \u00e0 l\u2019imposition de tarifs douaniers.<\/p>\n\n\n\n<p>En effet, pour qu\u2019un \u00e9v\u00e9nement puisse se qualifier de la sorte, il est n\u00e9cessaire de d\u00e9montrer son caract\u00e8re impr\u00e9visible, irr\u00e9sistible et provenant d\u2019une <a href=\"https:\/\/lpc.quebec\/articles\/art-1470-c-c-q\/\" target=\"_blank\" rel=\"noreferrer noopener\">cause \u00e9trang\u00e8re<\/a>. L\u2019\u00e9v\u00e9nement qui rend l\u2019ex\u00e9cution simplement plus difficile ou plus p\u00e9rilleuse ou plus on\u00e9reuse pour l\u2019entrepreneur ne tombe pas dans la cat\u00e9gorie des cas de force majeure.<\/p>\n\n\n\n<p>De plus, les contrats contiennent fr\u00e9quemment une clause pr\u00e9voyant que le prix du contrat inclut toutes les taxes et tous les frais de douanes :<\/p>\n\n\n\n<p>Le prix du contrat comprend toutes les taxes f\u00e9d\u00e9rales, provinciales et municipales, frais et droits de douane, permis, licences, redevances pour la fourniture et l\u2019emploi des dispositifs, appareils ou proc\u00e9d\u00e9s brevet\u00e9s, toutes les d\u00e9penses connexes n\u00e9cessaires \u00e0 l\u2019ex\u00e9cution des travaux ainsi que tous les autres frais qui d\u00e9coulent des documents contractuels.<\/p>\n\n\n\n<p>Or, ce type de clause a \u00e9t\u00e9 consid\u00e9r\u00e9 comme incluant les taxes futures<a href=\"#_ftn1\" id=\"_ftnref1\">[1]<\/a>. Il n\u2019est donc pas impossible, selon les circonstances, que les tribunaux arrivent \u00e0 une conclusion similaire concernant l\u2019imposition de frais de douane.<\/p>\n\n\n\n<h2 class=\"wp-block-heading\">La solution\u00a0: la clause d\u2019ajustement de prix dans le contrat<\/h2>\n\n\n\n<p>Les parties ont tout avantage \u00e0 inclure dans leur contrat une clause d\u2019ajustement de prix. Une clause d\u2019ajustement de prix limite les risques de diff\u00e9rends d\u00e9coulant d\u2019une augmentation subite du prix des mat\u00e9riaux en raison de tarifs douaniers. En plus, elle \u00e9vite au donneur d\u2019ouvrage de payer un prix plus \u00e9lev\u00e9 du fait que l\u2019entrepreneur couvre un risque d\u2019augmentation des prix qui ne se mat\u00e9rialisera peut-\u00eatre pas.<\/p>\n\n\n\n<p>\u00c0 titre d\u2019exemple, l\u2019article&nbsp;10.1.2 du <em>CCDC&nbsp;2CcQ &#8211; 2024&nbsp;Contrat \u00e0 forfait (Code civil du Qu\u00e9bec)<\/em> pr\u00e9voit la possibilit\u00e9 d\u2019ajuster le prix du contrat en cas de changements au niveau des taxes et droits de douane apr\u00e8s le d\u00e9p\u00f4t de la soumission&nbsp;:<\/p>\n\n\n<p style=\"padding-left: 40px;\">10.1.2\u00a0\u00a0\u00a0\u00a0 Toute augmentation<em>\u00a0ou diminution des frais de l\u2019entrepreneur\u00a0<\/em>attribuable \u00e0 des modifications aux taxes ou droits<em>\u00a0compris dans le prix du contrat et\u00a0<\/em>survenant apr\u00e8s la cl\u00f4ture de l\u2019appel d\u2019offres doit entra\u00eener une augmentation ou une diminution correspondante du <em>prix du contrat<\/em><em>.<\/em><\/p>\n\n\n<p class=\"has-text-align-left\">Une clause de cette nature a d\u2019ailleurs \u00e9t\u00e9 avalis\u00e9e par la <a href=\"https:\/\/www.canlii.org\/fr\/qc\/qcca\/doc\/1993\/1993canlii3601\/1993canlii3601.html?resultId=dc1e6351199f4cad97def1f9c774dcd2&amp;searchId=2025-02-19T09:41:09:970\/3556f828616a43bb9489439a397a2e2b&amp;searchUrlHash=AAAAAQAvTWFyY2VsIENoYXJlc3QgJiBGaWxzIGluYy4gYy4gUml2acOocmUtZHUtTG91cCAAAAAAAQ\" target=\"_blank\" rel=\"noreferrer noopener\">Cour d\u2019appel<\/a> afin de tenir compte de l\u2019entr\u00e9e en vigueur de la TPS dans les ann\u00e9es\u00a01990, alors que les prix de l\u2019entrepreneur ne refl\u00e9taient pas l\u2019ajout de cette taxe.<\/p>\n\n\n\n<p>En conclusion, la situation des tarifs douaniers sera assur\u00e9ment \u00e0 suivre au cours des prochaines semaines et des prochains mois, en ce que ceux-ci pourraient avoir des impacts majeurs sur vos contrats, et vos chantiers.<\/p>\n\n\n\n<hr class=\"wp-block-separator has-alpha-channel-opacity\"\/>\n\n\n\n<p><a href=\"#_ftnref1\" id=\"_ftn1\">[1]<\/a> <em>Construction G. Di Iorio inc. c. Pointe-Claire (Ville de),<\/em> (C.&nbsp;S., 1991-09-23),&nbsp;SOQUIJ&nbsp;AZ-91021552\u2009; <em>Marcel Charest &amp; Fils inc. c. Rivi\u00e8re-du-Loup (Ville de)<\/em>, (C.A., 1993-02-17),&nbsp;SOQUIJ&nbsp;AZ-93011303<\/p>\n","protected":false},"excerpt":{"rendered":"<p>Le 1er&nbsp;f\u00e9vrier dernier, Donald Trump a sign\u00e9 un d\u00e9cret imposant des tarifs douaniers de 25&nbsp;% sur tous les produits canadiens qui entrent en sol am\u00e9ricain. Le d\u00e9cret pr\u00e9voyait une exception pour les produits \u00e9nerg\u00e9tiques (p\u00e9trole, gaz, etc.), lesquels ne seraient tarif\u00e9s qu\u2019\u00e0 10&nbsp;%. La mesure devait entrer en vigueur le 4&nbsp;f\u00e9vrier dernier, mais elle a [&hellip;]<\/p>\n","protected":false},"author":86,"featured_media":25541,"parent":0,"comment_status":"open","ping_status":"open","sticky":false,"template":"","format":"standard","meta":{"_acf_changed":false,"footnotes":""},"categories":[592],"insight-format":[470],"class_list":["post-28710","post","type-post","status-publish","format-standard","has-post-thumbnail","hentry","category-bulletin-droit-de-la-construction-et-fr"],"acf":[],"yoast_head":"<!-- This site is optimized with the Yoast SEO plugin v26.1.1 - https:\/\/yoast.com\/wordpress\/plugins\/seo\/ -->\n<title>Augmentation du prix des mat\u00e9riaux en raison des tarifs douaniers\u00a0: \u00e0 qui revient la facture\u2009? | Miller Thomson<\/title>\n<meta name=\"description\" content=\"Quel est l&#039;impact des tarifs sur les contrats de construction ? D\u00e9couvrez comment les clauses d&#039;ajustement des prix peuvent aider \u00e0 g\u00e9rer la hausse des co\u00fbts.\" \/>\n<meta name=\"robots\" content=\"index, follow, max-snippet:-1, max-image-preview:large, max-video-preview:-1\" \/>\n<link rel=\"canonical\" href=\"https:\/\/www.millerthomson.com\/fr\/perspectives-juridiques\/bulletin-droit-de-la-construction-et-fr\/augmentation-du-prix-des-materiaux-en-raison-des-tarifs-douaniers-a-qui-revient-la-facture\/\" \/>\n<meta property=\"og:locale\" content=\"fr_FR\" \/>\n<meta property=\"og:type\" content=\"article\" \/>\n<meta property=\"og:title\" content=\"Augmentation du prix des mat\u00e9riaux en raison des tarifs douaniers\u00a0: \u00e0 qui revient la facture\u2009? | Miller Thomson\" \/>\n<meta property=\"og:description\" content=\"Quel est l&#039;impact des tarifs sur les contrats de construction ? D\u00e9couvrez comment les clauses d&#039;ajustement des prix peuvent aider \u00e0 g\u00e9rer la hausse des co\u00fbts.\" \/>\n<meta property=\"og:url\" content=\"https:\/\/www.millerthomson.com\/fr\/perspectives-juridiques\/bulletin-droit-de-la-construction-et-fr\/augmentation-du-prix-des-materiaux-en-raison-des-tarifs-douaniers-a-qui-revient-la-facture\/\" \/>\n<meta property=\"og:site_name\" content=\"Miller Thomson\" \/>\n<meta property=\"article:publisher\" content=\"https:\/\/www.facebook.com\/MillerThomsonLaw\/\" \/>\n<meta property=\"article:published_time\" content=\"2025-02-26T15:46:38+00:00\" \/>\n<meta property=\"article:modified_time\" content=\"2025-07-28T16:25:15+00:00\" \/>\n<meta property=\"og:image\" content=\"https:\/\/www.millerthomson.com\/wp-content\/uploads\/2024\/12\/LinkedIn_ConstructionQC_FR.jpg\" \/>\n\t<meta property=\"og:image:width\" content=\"1200\" \/>\n\t<meta property=\"og:image:height\" content=\"627\" \/>\n\t<meta property=\"og:image:type\" content=\"image\/jpeg\" \/>\n<meta name=\"author\" content=\"Nyeisha Murray\" \/>\n<meta name=\"twitter:card\" content=\"summary_large_image\" \/>\n<meta name=\"twitter:creator\" content=\"@millerthomson\" \/>\n<meta name=\"twitter:site\" content=\"@millerthomson\" \/>\n<meta name=\"twitter:label1\" content=\"Written by\" \/>\n\t<meta name=\"twitter:data1\" content=\"Nyeisha Murray\" \/>\n\t<meta name=\"twitter:label2\" content=\"Est. reading time\" \/>\n\t<meta name=\"twitter:data2\" content=\"5 minutes\" \/>\n<script type=\"application\/ld+json\" class=\"yoast-schema-graph\">{\"@context\":\"https:\/\/schema.org\",\"@graph\":[{\"@type\":\"Article\",\"@id\":\"https:\/\/www.millerthomson.com\/fr\/perspectives-juridiques\/bulletin-droit-de-la-construction-et-fr\/augmentation-du-prix-des-materiaux-en-raison-des-tarifs-douaniers-a-qui-revient-la-facture\/#article\",\"isPartOf\":{\"@id\":\"https:\/\/www.millerthomson.com\/fr\/perspectives-juridiques\/bulletin-droit-de-la-construction-et-fr\/augmentation-du-prix-des-materiaux-en-raison-des-tarifs-douaniers-a-qui-revient-la-facture\/\"},\"author\":{\"name\":\"Nyeisha Murray\",\"@id\":\"https:\/\/www.millerthomson.com\/fr\/#\/schema\/person\/8c49b710501a2ba22438ca72fb0c0c85\"},\"headline\":\"Augmentation du prix des mat\u00e9riaux en raison des tarifs douaniers\u00a0: \u00e0 qui revient la facture\u2009?\",\"datePublished\":\"2025-02-26T15:46:38+00:00\",\"dateModified\":\"2025-07-28T16:25:15+00:00\",\"mainEntityOfPage\":{\"@id\":\"https:\/\/www.millerthomson.com\/fr\/perspectives-juridiques\/bulletin-droit-de-la-construction-et-fr\/augmentation-du-prix-des-materiaux-en-raison-des-tarifs-douaniers-a-qui-revient-la-facture\/\"},\"wordCount\":1102,\"commentCount\":0,\"publisher\":{\"@id\":\"https:\/\/www.millerthomson.com\/fr\/#organization\"},\"image\":{\"@id\":\"https:\/\/www.millerthomson.com\/fr\/perspectives-juridiques\/bulletin-droit-de-la-construction-et-fr\/augmentation-du-prix-des-materiaux-en-raison-des-tarifs-douaniers-a-qui-revient-la-facture\/#primaryimage\"},\"thumbnailUrl\":\"https:\/\/www.millerthomson.com\/wp-content\/uploads\/2025\/01\/insights_construction_site.jpg\",\"articleSection\":[\"Bulletin droit de la construction et infrastructures\"],\"inLanguage\":\"fr-FR\",\"potentialAction\":[{\"@type\":\"CommentAction\",\"name\":\"Comment\",\"target\":[\"https:\/\/www.millerthomson.com\/fr\/perspectives-juridiques\/bulletin-droit-de-la-construction-et-fr\/augmentation-du-prix-des-materiaux-en-raison-des-tarifs-douaniers-a-qui-revient-la-facture\/#respond\"]}]},{\"@type\":[\"WebPage\",\"ItemPage\"],\"@id\":\"https:\/\/www.millerthomson.com\/fr\/perspectives-juridiques\/bulletin-droit-de-la-construction-et-fr\/augmentation-du-prix-des-materiaux-en-raison-des-tarifs-douaniers-a-qui-revient-la-facture\/\",\"url\":\"https:\/\/www.millerthomson.com\/fr\/perspectives-juridiques\/bulletin-droit-de-la-construction-et-fr\/augmentation-du-prix-des-materiaux-en-raison-des-tarifs-douaniers-a-qui-revient-la-facture\/\",\"name\":\"Augmentation du prix des mat\u00e9riaux en raison des tarifs douaniers\u00a0: \u00e0 qui revient la facture\u2009? | Miller Thomson\",\"isPartOf\":{\"@id\":\"https:\/\/www.millerthomson.com\/fr\/#website\"},\"primaryImageOfPage\":{\"@id\":\"https:\/\/www.millerthomson.com\/fr\/perspectives-juridiques\/bulletin-droit-de-la-construction-et-fr\/augmentation-du-prix-des-materiaux-en-raison-des-tarifs-douaniers-a-qui-revient-la-facture\/#primaryimage\"},\"image\":{\"@id\":\"https:\/\/www.millerthomson.com\/fr\/perspectives-juridiques\/bulletin-droit-de-la-construction-et-fr\/augmentation-du-prix-des-materiaux-en-raison-des-tarifs-douaniers-a-qui-revient-la-facture\/#primaryimage\"},\"thumbnailUrl\":\"https:\/\/www.millerthomson.com\/wp-content\/uploads\/2025\/01\/insights_construction_site.jpg\",\"datePublished\":\"2025-02-26T15:46:38+00:00\",\"dateModified\":\"2025-07-28T16:25:15+00:00\",\"description\":\"Quel est l'impact des tarifs sur les contrats de construction ? D\u00e9couvrez comment les clauses d'ajustement des prix peuvent aider \u00e0 g\u00e9rer la hausse des co\u00fbts.\",\"breadcrumb\":{\"@id\":\"https:\/\/www.millerthomson.com\/fr\/perspectives-juridiques\/bulletin-droit-de-la-construction-et-fr\/augmentation-du-prix-des-materiaux-en-raison-des-tarifs-douaniers-a-qui-revient-la-facture\/#breadcrumb\"},\"inLanguage\":\"fr-FR\",\"potentialAction\":[{\"@type\":\"ReadAction\",\"target\":[\"https:\/\/www.millerthomson.com\/fr\/perspectives-juridiques\/bulletin-droit-de-la-construction-et-fr\/augmentation-du-prix-des-materiaux-en-raison-des-tarifs-douaniers-a-qui-revient-la-facture\/\"]}]},{\"@type\":\"ImageObject\",\"inLanguage\":\"fr-FR\",\"@id\":\"https:\/\/www.millerthomson.com\/fr\/perspectives-juridiques\/bulletin-droit-de-la-construction-et-fr\/augmentation-du-prix-des-materiaux-en-raison-des-tarifs-douaniers-a-qui-revient-la-facture\/#primaryimage\",\"url\":\"https:\/\/www.millerthomson.com\/wp-content\/uploads\/2025\/01\/insights_construction_site.jpg\",\"contentUrl\":\"https:\/\/www.millerthomson.com\/wp-content\/uploads\/2025\/01\/insights_construction_site.jpg\",\"width\":1776,\"height\":994,\"caption\":\"construction worker standing in front of bulldozer\"},{\"@type\":\"BreadcrumbList\",\"@id\":\"https:\/\/www.millerthomson.com\/fr\/perspectives-juridiques\/bulletin-droit-de-la-construction-et-fr\/augmentation-du-prix-des-materiaux-en-raison-des-tarifs-douaniers-a-qui-revient-la-facture\/#breadcrumb\",\"itemListElement\":[{\"@type\":\"ListItem\",\"position\":1,\"name\":\"Accueil\",\"item\":\"https:\/\/www.millerthomson.com\/fr\/\"},{\"@type\":\"ListItem\",\"position\":2,\"name\":\"Augmentation du prix des mat\u00e9riaux en raison des tarifs douaniers\u00a0: \u00e0 qui revient la facture\u2009?\"}]},{\"@type\":\"WebSite\",\"@id\":\"https:\/\/www.millerthomson.com\/fr\/#website\",\"url\":\"https:\/\/www.millerthomson.com\/fr\/\",\"name\":\"Miller Thomson | Cabinet de droit des affaires pancanadien\",\"description\":\"National law firm providing business law expertise and litigation and disputes services for businesses across Canada since 1957.\",\"publisher\":{\"@id\":\"https:\/\/www.millerthomson.com\/fr\/#organization\"},\"potentialAction\":[{\"@type\":\"SearchAction\",\"target\":{\"@type\":\"EntryPoint\",\"urlTemplate\":\"https:\/\/www.millerthomson.com\/fr\/?s={search_term_string}\"},\"query-input\":{\"@type\":\"PropertyValueSpecification\",\"valueRequired\":true,\"valueName\":\"search_term_string\"}}],\"inLanguage\":\"fr-FR\"},{\"@type\":\"Organization\",\"@id\":\"https:\/\/www.millerthomson.com\/fr\/#organization\",\"name\":\"Miller Thomson | Cabinet de droit des affaires pancanadien\",\"url\":\"https:\/\/www.millerthomson.com\/fr\/\",\"logo\":{\"@type\":\"ImageObject\",\"inLanguage\":\"fr-FR\",\"@id\":\"https:\/\/www.millerthomson.com\/fr\/#\/schema\/logo\/image\/\",\"url\":\"https:\/\/www.millerthomson.com\/wp-content\/uploads\/2024\/10\/miller-thomson.svg\",\"contentUrl\":\"https:\/\/www.millerthomson.com\/wp-content\/uploads\/2024\/10\/miller-thomson.svg\",\"width\":380,\"height\":50,\"caption\":\"Miller Thomson | Cabinet de droit des affaires pancanadien\"},\"image\":{\"@id\":\"https:\/\/www.millerthomson.com\/fr\/#\/schema\/logo\/image\/\"},\"sameAs\":[\"https:\/\/www.facebook.com\/MillerThomsonLaw\/\",\"https:\/\/x.com\/millerthomson\",\"https:\/\/www.linkedin.com\/company\/miller-thomson-llp\/\",\"https:\/\/www.youtube.com\/@millerthomson\"]},{\"@type\":\"Person\",\"@id\":\"https:\/\/www.millerthomson.com\/fr\/#\/schema\/person\/8c49b710501a2ba22438ca72fb0c0c85\",\"name\":\"Nyeisha Murray\",\"image\":{\"@type\":\"ImageObject\",\"inLanguage\":\"fr-FR\",\"@id\":\"https:\/\/www.millerthomson.com\/fr\/#\/schema\/person\/image\/\",\"url\":\"https:\/\/secure.gravatar.com\/avatar\/ec01113c3c7208ac683f05f5b7f25e187ddf5deabc82d0d9e12aeca8d3b9c851?s=96&d=mm&r=g\",\"contentUrl\":\"https:\/\/secure.gravatar.com\/avatar\/ec01113c3c7208ac683f05f5b7f25e187ddf5deabc82d0d9e12aeca8d3b9c851?s=96&d=mm&r=g\",\"caption\":\"Nyeisha Murray\"}}]}<\/script>\n<!-- \/ Yoast SEO plugin. -->","yoast_head_json":{"title":"Augmentation du prix des mat\u00e9riaux en raison des tarifs douaniers\u00a0: \u00e0 qui revient la facture\u2009? | Miller Thomson","description":"Quel est l'impact des tarifs sur les contrats de construction ? D\u00e9couvrez comment les clauses d'ajustement des prix peuvent aider \u00e0 g\u00e9rer la hausse des co\u00fbts.","robots":{"index":"index","follow":"follow","max-snippet":"max-snippet:-1","max-image-preview":"max-image-preview:large","max-video-preview":"max-video-preview:-1"},"canonical":"https:\/\/www.millerthomson.com\/fr\/perspectives-juridiques\/bulletin-droit-de-la-construction-et-fr\/augmentation-du-prix-des-materiaux-en-raison-des-tarifs-douaniers-a-qui-revient-la-facture\/","og_locale":"fr_FR","og_type":"article","og_title":"Augmentation du prix des mat\u00e9riaux en raison des tarifs douaniers\u00a0: \u00e0 qui revient la facture\u2009? | Miller Thomson","og_description":"Quel est l'impact des tarifs sur les contrats de construction ? D\u00e9couvrez comment les clauses d'ajustement des prix peuvent aider \u00e0 g\u00e9rer la hausse des co\u00fbts.","og_url":"https:\/\/www.millerthomson.com\/fr\/perspectives-juridiques\/bulletin-droit-de-la-construction-et-fr\/augmentation-du-prix-des-materiaux-en-raison-des-tarifs-douaniers-a-qui-revient-la-facture\/","og_site_name":"Miller Thomson","article_publisher":"https:\/\/www.facebook.com\/MillerThomsonLaw\/","article_published_time":"2025-02-26T15:46:38+00:00","article_modified_time":"2025-07-28T16:25:15+00:00","og_image":[{"width":1200,"height":627,"url":"https:\/\/www.millerthomson.com\/wp-content\/uploads\/2024\/12\/LinkedIn_ConstructionQC_FR.jpg","type":"image\/jpeg"}],"author":"Nyeisha Murray","twitter_card":"summary_large_image","twitter_creator":"@millerthomson","twitter_site":"@millerthomson","twitter_misc":{"Written by":"Nyeisha Murray","Est. reading time":"5 minutes"},"schema":{"@context":"https:\/\/schema.org","@graph":[{"@type":"Article","@id":"https:\/\/www.millerthomson.com\/fr\/perspectives-juridiques\/bulletin-droit-de-la-construction-et-fr\/augmentation-du-prix-des-materiaux-en-raison-des-tarifs-douaniers-a-qui-revient-la-facture\/#article","isPartOf":{"@id":"https:\/\/www.millerthomson.com\/fr\/perspectives-juridiques\/bulletin-droit-de-la-construction-et-fr\/augmentation-du-prix-des-materiaux-en-raison-des-tarifs-douaniers-a-qui-revient-la-facture\/"},"author":{"name":"Nyeisha Murray","@id":"https:\/\/www.millerthomson.com\/fr\/#\/schema\/person\/8c49b710501a2ba22438ca72fb0c0c85"},"headline":"Augmentation du prix des mat\u00e9riaux en raison des tarifs douaniers\u00a0: \u00e0 qui revient la facture\u2009?","datePublished":"2025-02-26T15:46:38+00:00","dateModified":"2025-07-28T16:25:15+00:00","mainEntityOfPage":{"@id":"https:\/\/www.millerthomson.com\/fr\/perspectives-juridiques\/bulletin-droit-de-la-construction-et-fr\/augmentation-du-prix-des-materiaux-en-raison-des-tarifs-douaniers-a-qui-revient-la-facture\/"},"wordCount":1102,"commentCount":0,"publisher":{"@id":"https:\/\/www.millerthomson.com\/fr\/#organization"},"image":{"@id":"https:\/\/www.millerthomson.com\/fr\/perspectives-juridiques\/bulletin-droit-de-la-construction-et-fr\/augmentation-du-prix-des-materiaux-en-raison-des-tarifs-douaniers-a-qui-revient-la-facture\/#primaryimage"},"thumbnailUrl":"https:\/\/www.millerthomson.com\/wp-content\/uploads\/2025\/01\/insights_construction_site.jpg","articleSection":["Bulletin droit de la construction et infrastructures"],"inLanguage":"fr-FR","potentialAction":[{"@type":"CommentAction","name":"Comment","target":["https:\/\/www.millerthomson.com\/fr\/perspectives-juridiques\/bulletin-droit-de-la-construction-et-fr\/augmentation-du-prix-des-materiaux-en-raison-des-tarifs-douaniers-a-qui-revient-la-facture\/#respond"]}]},{"@type":["WebPage","ItemPage"],"@id":"https:\/\/www.millerthomson.com\/fr\/perspectives-juridiques\/bulletin-droit-de-la-construction-et-fr\/augmentation-du-prix-des-materiaux-en-raison-des-tarifs-douaniers-a-qui-revient-la-facture\/","url":"https:\/\/www.millerthomson.com\/fr\/perspectives-juridiques\/bulletin-droit-de-la-construction-et-fr\/augmentation-du-prix-des-materiaux-en-raison-des-tarifs-douaniers-a-qui-revient-la-facture\/","name":"Augmentation du prix des mat\u00e9riaux en raison des tarifs douaniers\u00a0: \u00e0 qui revient la facture\u2009? | Miller Thomson","isPartOf":{"@id":"https:\/\/www.millerthomson.com\/fr\/#website"},"primaryImageOfPage":{"@id":"https:\/\/www.millerthomson.com\/fr\/perspectives-juridiques\/bulletin-droit-de-la-construction-et-fr\/augmentation-du-prix-des-materiaux-en-raison-des-tarifs-douaniers-a-qui-revient-la-facture\/#primaryimage"},"image":{"@id":"https:\/\/www.millerthomson.com\/fr\/perspectives-juridiques\/bulletin-droit-de-la-construction-et-fr\/augmentation-du-prix-des-materiaux-en-raison-des-tarifs-douaniers-a-qui-revient-la-facture\/#primaryimage"},"thumbnailUrl":"https:\/\/www.millerthomson.com\/wp-content\/uploads\/2025\/01\/insights_construction_site.jpg","datePublished":"2025-02-26T15:46:38+00:00","dateModified":"2025-07-28T16:25:15+00:00","description":"Quel est l'impact des tarifs sur les contrats de construction ? D\u00e9couvrez comment les clauses d'ajustement des prix peuvent aider \u00e0 g\u00e9rer la hausse des co\u00fbts.","breadcrumb":{"@id":"https:\/\/www.millerthomson.com\/fr\/perspectives-juridiques\/bulletin-droit-de-la-construction-et-fr\/augmentation-du-prix-des-materiaux-en-raison-des-tarifs-douaniers-a-qui-revient-la-facture\/#breadcrumb"},"inLanguage":"fr-FR","potentialAction":[{"@type":"ReadAction","target":["https:\/\/www.millerthomson.com\/fr\/perspectives-juridiques\/bulletin-droit-de-la-construction-et-fr\/augmentation-du-prix-des-materiaux-en-raison-des-tarifs-douaniers-a-qui-revient-la-facture\/"]}]},{"@type":"ImageObject","inLanguage":"fr-FR","@id":"https:\/\/www.millerthomson.com\/fr\/perspectives-juridiques\/bulletin-droit-de-la-construction-et-fr\/augmentation-du-prix-des-materiaux-en-raison-des-tarifs-douaniers-a-qui-revient-la-facture\/#primaryimage","url":"https:\/\/www.millerthomson.com\/wp-content\/uploads\/2025\/01\/insights_construction_site.jpg","contentUrl":"https:\/\/www.millerthomson.com\/wp-content\/uploads\/2025\/01\/insights_construction_site.jpg","width":1776,"height":994,"caption":"construction worker standing in front of bulldozer"},{"@type":"BreadcrumbList","@id":"https:\/\/www.millerthomson.com\/fr\/perspectives-juridiques\/bulletin-droit-de-la-construction-et-fr\/augmentation-du-prix-des-materiaux-en-raison-des-tarifs-douaniers-a-qui-revient-la-facture\/#breadcrumb","itemListElement":[{"@type":"ListItem","position":1,"name":"Accueil","item":"https:\/\/www.millerthomson.com\/fr\/"},{"@type":"ListItem","position":2,"name":"Augmentation du prix des mat\u00e9riaux en raison des tarifs douaniers\u00a0: \u00e0 qui revient la facture\u2009?"}]},{"@type":"WebSite","@id":"https:\/\/www.millerthomson.com\/fr\/#website","url":"https:\/\/www.millerthomson.com\/fr\/","name":"Miller Thomson | Cabinet de droit des affaires pancanadien","description":"National law firm providing business law expertise and litigation and disputes services for businesses across Canada since 1957.","publisher":{"@id":"https:\/\/www.millerthomson.com\/fr\/#organization"},"potentialAction":[{"@type":"SearchAction","target":{"@type":"EntryPoint","urlTemplate":"https:\/\/www.millerthomson.com\/fr\/?s={search_term_string}"},"query-input":{"@type":"PropertyValueSpecification","valueRequired":true,"valueName":"search_term_string"}}],"inLanguage":"fr-FR"},{"@type":"Organization","@id":"https:\/\/www.millerthomson.com\/fr\/#organization","name":"Miller Thomson | Cabinet de droit des affaires pancanadien","url":"https:\/\/www.millerthomson.com\/fr\/","logo":{"@type":"ImageObject","inLanguage":"fr-FR","@id":"https:\/\/www.millerthomson.com\/fr\/#\/schema\/logo\/image\/","url":"https:\/\/www.millerthomson.com\/wp-content\/uploads\/2024\/10\/miller-thomson.svg","contentUrl":"https:\/\/www.millerthomson.com\/wp-content\/uploads\/2024\/10\/miller-thomson.svg","width":380,"height":50,"caption":"Miller Thomson | Cabinet de droit des affaires pancanadien"},"image":{"@id":"https:\/\/www.millerthomson.com\/fr\/#\/schema\/logo\/image\/"},"sameAs":["https:\/\/www.facebook.com\/MillerThomsonLaw\/","https:\/\/x.com\/millerthomson","https:\/\/www.linkedin.com\/company\/miller-thomson-llp\/","https:\/\/www.youtube.com\/@millerthomson"]},{"@type":"Person","@id":"https:\/\/www.millerthomson.com\/fr\/#\/schema\/person\/8c49b710501a2ba22438ca72fb0c0c85","name":"Nyeisha Murray","image":{"@type":"ImageObject","inLanguage":"fr-FR","@id":"https:\/\/www.millerthomson.com\/fr\/#\/schema\/person\/image\/","url":"https:\/\/secure.gravatar.com\/avatar\/ec01113c3c7208ac683f05f5b7f25e187ddf5deabc82d0d9e12aeca8d3b9c851?s=96&d=mm&r=g","contentUrl":"https:\/\/secure.gravatar.com\/avatar\/ec01113c3c7208ac683f05f5b7f25e187ddf5deabc82d0d9e12aeca8d3b9c851?s=96&d=mm&r=g","caption":"Nyeisha Murray"}}]}},"_links":{"self":[{"href":"https:\/\/www.millerthomson.com\/fr\/wp-json\/wp\/v2\/posts\/28710","targetHints":{"allow":["GET"]}}],"collection":[{"href":"https:\/\/www.millerthomson.com\/fr\/wp-json\/wp\/v2\/posts"}],"about":[{"href":"https:\/\/www.millerthomson.com\/fr\/wp-json\/wp\/v2\/types\/post"}],"author":[{"embeddable":true,"href":"https:\/\/www.millerthomson.com\/fr\/wp-json\/wp\/v2\/users\/86"}],"replies":[{"embeddable":true,"href":"https:\/\/www.millerthomson.com\/fr\/wp-json\/wp\/v2\/comments?post=28710"}],"version-history":[{"count":0,"href":"https:\/\/www.millerthomson.com\/fr\/wp-json\/wp\/v2\/posts\/28710\/revisions"}],"wp:featuredmedia":[{"embeddable":true,"href":"https:\/\/www.millerthomson.com\/fr\/wp-json\/wp\/v2\/media\/25541"}],"wp:attachment":[{"href":"https:\/\/www.millerthomson.com\/fr\/wp-json\/wp\/v2\/media?parent=28710"}],"wp:term":[{"taxonomy":"category","embeddable":true,"href":"https:\/\/www.millerthomson.com\/fr\/wp-json\/wp\/v2\/categories?post=28710"},{"taxonomy":"insight-format","embeddable":true,"href":"https:\/\/www.millerthomson.com\/fr\/wp-json\/wp\/v2\/insight-format?post=28710"}],"curies":[{"name":"wp","href":"https:\/\/api.w.org\/{rel}","templated":true}]}}