{"id":18147,"date":"2024-10-08T10:55:09","date_gmt":"2024-10-08T14:55:09","guid":{"rendered":"https:\/\/www.millerthomson.com\/?post_type=insights&#038;p=225296"},"modified":"2025-03-17T08:57:27","modified_gmt":"2025-03-17T12:57:27","slug":"changements-recents-a-la-note-de-pratique-civile-1-et-a-la-note-de-pratique-commerciale-1","status":"publish","type":"post","link":"https:\/\/www.millerthomson.com\/fr\/perspectives-juridiques\/litige-commercial\/changements-recents-a-la-note-de-pratique-civile-1-et-a-la-note-de-pratique-commerciale-1\/","title":{"rendered":"Changements r\u00e9cents \u00e0 la note de pratique civile\u00a01 et \u00e0 la note de pratique commerciale\u00a01"},"content":{"rendered":"\n<h2 class=\"wp-block-heading\">Introduction<\/h2>\n\n\n\n<p>La Cour du Banc du Roi de l\u2019Alberta actualise et publie r\u00e9guli\u00e8rement les notes de pratique qui d\u00e9finissent les pratiques et proc\u00e9dures relatives aux proc\u00e9dures judiciaires. Deux d\u2019entre elles sont la note de pratique civile&nbsp;1<a href=\"#_ftn1\" id=\"_ftnref1\">[1]<\/a> intitul\u00e9e \u00ab&nbsp;<em>Justice and Applications Judges\u2019 Chambers and Special Applications<\/em>&nbsp;\u00bb (la \u00ab&nbsp;<strong>note de pratique civile&nbsp;1&nbsp;<\/strong>\u00bb) et la note de pratique commerciale&nbsp;1<a href=\"#_ftn2\" id=\"_ftnref2\">[2]<\/a> intitul\u00e9e \u00ab&nbsp;<em>Commercial Chambers&nbsp;<\/em>\u00bb (la \u00ab&nbsp;<strong>note de pratique commerciale&nbsp;1&nbsp;<\/strong>\u00bb).<\/p>\n\n\n\n<p>La Cour du Banc du Roi de l\u2019Alberta a r\u00e9cemment r\u00e9vis\u00e9 ces notes de pratique et apport\u00e9 des modifications, qui sont entr\u00e9es en vigueur le 2&nbsp;juillet 2024.&nbsp; Nous les avons r\u00e9sum\u00e9es ci-dessous.<\/p>\n\n\n\n<h2 class=\"wp-block-heading\">Modifications apport\u00e9es \u00e0 la note de pratique civile&nbsp;1<\/h2>\n\n\n\n<p>La note de pratique civile&nbsp;1 comporte des instructions sur les pratiques et proc\u00e9dures de pr\u00e9sentation des demandes ordinaires et particuli\u00e8res aux chambres de la justice et aux juges si\u00e9geant \u00e0 ces chambres. Les r\u00e9centes modifications apport\u00e9es \u00e0 la note de pratique civile&nbsp;1 portent sur les ajournements, la classification des demandes particuli\u00e8res et les exigences en mati\u00e8re de d\u00e9p\u00f4t et de dates limites pour les r\u00e9visions judiciaires et les appels en mati\u00e8re civile.<\/p>\n\n\n\n<h3 class=\"wp-block-heading\">1. Ajournement des demandes r\u00e9guli\u00e8res pr\u00e9sent\u00e9es aux chambres<\/h3>\n\n\n\n<p>La note de pratique civile&nbsp;1, dans sa version r\u00e9vis\u00e9e, augmente le d\u00e9lai accord\u00e9 aux parties pour pr\u00e9senter une demande d\u2019ajournement en ligne. Avant cela, les demandes d\u2019ajournement en ligne n\u2019\u00e9taient possibles que si la date d\u2019audience \u00e9tait plus de cinq (5) jours plus tard. Toutefois, la note de pratique civile&nbsp;1, dans sa version r\u00e9vis\u00e9e, pr\u00e9voit maintenant que des demandes ordinaires pr\u00e9sent\u00e9es aux chambres de la justice civile et aux juges si\u00e9geant \u00e0 ces chambres peuvent \u00eatre faites en ligne lorsque la date d\u2019audience est dans plus de deux (2) jours de la date pr\u00e9vue. Toutefois, lorsque la date d\u2019audience est moins de deux (2) jours plus tard, la partie doit toujours se pr\u00e9senter en chambre pour intervenir dans le cadre de la demande d\u2019ajournement.<\/p>\n\n\n\n<h3 class=\"wp-block-heading\">2. Demandes particuli\u00e8res<\/h3>\n\n\n\n<p>La d\u00e9finition du terme \u00ab&nbsp;demande particuli\u00e8re&nbsp;\u00bb a \u00e9t\u00e9 l\u00e9g\u00e8rement modifi\u00e9e. Auparavant, la d\u00e9finition de ce terme \u00e9tait \u00ab&nbsp;une demande contest\u00e9e devant un juge ou un juge de premi\u00e8re instance, autre qu\u2019en mati\u00e8re de droit de la famille, susceptible d\u2019\u00eatre plaid\u00e9e en plus de 20&nbsp;minutes, sans exc\u00e9der une demi-journ\u00e9e&nbsp;\u00bb.<a href=\"#_ftn3\" id=\"_ftnref3\">[3]<\/a>Toutefois, la note de pratique civile&nbsp;1, dans sa version r\u00e9vis\u00e9e, consid\u00e8re maintenant qu\u2019une demande particuli\u00e8re n\u00e9cessite plus de 20&nbsp;minutes pour \u00eatre plaid\u00e9e, <em>mais \u00e9galement pour \u00eatre tranch\u00e9e<\/em>. De plus, la notion de limite maximale d\u2019une demi-journ\u00e9e ne figure plus dans la nouvelle d\u00e9finition.<\/p>\n\n\n\n<p>Les proc\u00e9dures pour pr\u00e9senter des demandes particuli\u00e8res ont \u00e9galement \u00e9t\u00e9 modifi\u00e9es&nbsp;:<\/p>\n\n\n\n<ul class=\"wp-block-list\">\n<li>La note de pratique civile&nbsp;1 pr\u00e9voit maintenant que la planification des demandes particuli\u00e8res exige le consentement de toutes les parties, \u00e0 moins d\u2019une d\u00e9cision contraire de la part du tribunal;<\/li>\n\n\n\n<li>Les parties peuvent toujours pr\u00e9senter des preuves verbalement (\u00e0 condition d\u2019avoir obtenu au pr\u00e9alable l\u2019autorisation du tribunal). Toutefois, une ordonnance d\u2019audience doit d\u00e9sormais \u00eatre obtenue et d\u00e9pos\u00e9e aupr\u00e8s du tribunal;<\/li>\n\n\n\n<li>Les parties ont le droit de se fonder sur un m\u00e9moire d\u00e9pos\u00e9 \u00e0 l\u2019appui d\u2019une demande ant\u00e9rieure au lieu de d\u00e9poser un nouveau m\u00e9moire, \u00e0 condition que toutes les parties et le coordonnateur judiciaire en soient inform\u00e9s par \u00e9crit avant la date limite pour le d\u00e9p\u00f4t de la demande. Si un tel avis n\u2019est pas transmis dans les d\u00e9lais et qu\u2019une partie souhaite se fonder sur un m\u00e9moire ant\u00e9rieur, le tribunal consid\u00e9rera que la partie n\u2019a pas d\u00e9pos\u00e9 de m\u00e9moire \u00e0 l\u2019appui de la demande particuli\u00e8re et imposera les m\u00eames cons\u00e9quences que si aucun m\u00e9moire n\u2019avait \u00e9t\u00e9 d\u00e9pos\u00e9;<\/li>\n\n\n\n<li>Les parties doivent \u00e9galement informer le coordinateur judiciaire imm\u00e9diatement lorsque la cause est r\u00e9gl\u00e9e et confirmer le r\u00e8glement par lettre ou par courriel, avec copie \u00e0 toutes les parties ainsi qu\u2019au coordinateur judiciaire.<\/li>\n<\/ul>\n\n\n\n<h3 class=\"wp-block-heading\">3. Exigences et dates limites relatives au d\u00e9p\u00f4t<\/h3>\n\n\n\n<p>L\u2019une des modifications importantes qui ont \u00e9t\u00e9 apport\u00e9es \u00e0 la note de pratique civile&nbsp;1 est l\u2019ajout d\u2019exigences et de dates limites relatives au d\u00e9p\u00f4t pour les r\u00e9visions judiciaires et les appels en mati\u00e8re civile.<\/p>\n\n\n\n<p>Dans le cadre des demandes particuli\u00e8res en mati\u00e8re civile, des r\u00e9visions judiciaires et des appels en mati\u00e8re civile de la Cour de justice de l\u2019Alberta (\u00e0 l\u2019exception des proc\u00e9dures d\u2019appel d\u2019un jugement de premi\u00e8re instance), la partie demanderesse doit d\u00e9poser l\u2019acte introductif d\u2019instance et, le cas \u00e9ch\u00e9ant, un affidavit ou un proc\u00e8s-verbal d\u2019instance dans le respect des dates limites pr\u00e9vues par les lois, les r\u00e8glements ou les r\u00e8gles applicables. De plus, la partie demanderesse doit d\u00e9poser un m\u00e9moire et les documents d\u2019autorisation \u00e0 l\u2019appui, ainsi que tout affidavit autoris\u00e9 ou requis par la loi aupr\u00e8s du greffe <strong>avant 12&nbsp;h, et signifier ces documents aux parties d\u00e9fenderesses avant 16&nbsp;h&nbsp;30 le troisi\u00e8me vendredi qui pr\u00e9c\u00e8de la semaine au cours de laquelle la date d\u2019audience a \u00e9t\u00e9 fix\u00e9e.<\/strong>&nbsp; La partie d\u00e9fenderesse doit ensuite d\u00e9poser un m\u00e9moire et les documents \u00e0 l\u2019appui <strong>avant 12 h et signifier ces documents aux parties demanderesses ainsi qu\u2019\u00e0 toute autre partie d\u00e9fenderesse avant 16&nbsp;h&nbsp;30 le deuxi\u00e8me vendredi qui pr\u00e9c\u00e8de la semaine au cours de laquelle la date d\u2019audience a \u00e9t\u00e9 fix\u00e9e.<\/strong> Il convient de noter que ces dates limites ne s\u2019appliquent pas aux causes dans lesquelles la cour d\u2019appel entendra <em>de nouveau <\/em>la r\u00e9vision judiciaire ou l\u2019appel en mati\u00e8re civile.&nbsp; Dans ces situations, avant de fixer la date de l\u2019audience, les parties doivent obtenir une ordonnance de proc\u00e9dure fixant la date limite pour le d\u00e9p\u00f4t.<\/p>\n\n\n\n<p>Pour toutes les autres demandes en mati\u00e8re civile et demandes particuli\u00e8res devant un juge de premi\u00e8re instance, les parties doivent d\u00e9poser et signifier les affidavits et autres preuves qui seront utilis\u00e9s dans la demande particuli\u00e8re et terminer tout contre-interrogatoire avant de fixer la date limite pour le d\u00e9p\u00f4t d\u2019une demande particuli\u00e8re. La partie demanderesse doit remplir un formulaire et y joindre une copie de la demande, une estimation du temps n\u00e9cessaire pour plaider la cause et une liste de tous les \u00e9l\u00e9ments de preuve qui seront utilis\u00e9s dans la demande particuli\u00e8re.<\/p>\n\n\n\n<p>La partie demanderesse d\u2019une demande particuli\u00e8re aux chambres de la justice doit d\u00e9poser la demande, l\u2019affidavit, tout autre \u00e9l\u00e9ment de preuve autoris\u00e9, le m\u00e9moire et les documents d\u2019autorisation aupr\u00e8s du greffe <strong>avant 12&nbsp;h, et ces documents doivent \u00eatre signifi\u00e9s aux parties d\u00e9fenderesses avant 16&nbsp;h&nbsp;30 au plus tard deux semaines apr\u00e8s la date \u00e0 laquelle la demande particuli\u00e8re a \u00e9t\u00e9 r\u00e9serv\u00e9e.<\/strong> La partie d\u00e9fenderesse doit ensuite d\u00e9poser un affidavit, tout autre \u00e9l\u00e9ment de preuve autoris\u00e9, un m\u00e9moire et les documents d\u2019autorisation aupr\u00e8s du greffe <strong>avant 12&nbsp;h, et ces documents doivent \u00eatre signifi\u00e9s \u00e0 la partie demanderesse ainsi que toute autre partie d\u00e9fenderesse avant 16 h 30 au plus tard quatre semaines apr\u00e8s la date \u00e0 laquelle la demande particuli\u00e8re a \u00e9t\u00e9 r\u00e9serv\u00e9e.<\/strong><\/p>\n\n\n\n<p>Dans le contexte de la note de pratique civile&nbsp;1, dans sa version r\u00e9vis\u00e9e, la possibilit\u00e9 de d\u00e9poser d\u2019autres documents, la proc\u00e9dure \u00e0 suivre \u00e0 la suite d\u2019un d\u00e9p\u00f4t de documents erron\u00e9s ou insuffisants et les cons\u00e9quences d\u00e9coulant de l\u2019omission de d\u00e9poser un m\u00e9moire avant la date limite fix\u00e9e demeurent inchang\u00e9es.<\/p>\n\n\n\n<h2 class=\"wp-block-heading\">Modifications apport\u00e9es \u00e0 la note de pratique commerciale&nbsp;1 <\/h2>\n\n\n\n<p>La note de pratique commerciale&nbsp;1 d\u00e9crit le champ d\u2019application et les proc\u00e9dures d\u2019inscription au r\u00f4le des affaires commerciales. Le r\u00f4le des affaires commerciales entend les causes en mati\u00e8re commerciale \u00e0 Calgary et \u00e0 Edmonton. Les r\u00e9centes r\u00e9visions portent sur les causes qui peuvent \u00eatre inscrites au r\u00f4le des affaires commerciales ainsi que sur la possibilit\u00e9 d\u2019entendre \u00e0 Edmonton des causes qui rel\u00e8vent de la comp\u00e9tence de Calgary, et vice versa.<\/p>\n\n\n\n<h3 class=\"wp-block-heading\">1. Causes admissibles au r\u00f4le des affaires commerciales<\/h3>\n\n\n\n<p>La note de pratique commerciale&nbsp;1, dans sa version r\u00e9vis\u00e9e, \u00e9largit le nombre de causes pouvant \u00eatre entendues au r\u00f4le des affaires commerciales afin d\u2019y inclure toutes les causes n\u00e9cessitant un traitement rapide en vertu du <em>Business Corporations Act <\/em>(Alberta),<a href=\"#_ftn4\" id=\"_ftnref4\">[4]<\/a> de la <em>Loi canadienne sur les soci\u00e9t\u00e9s par actions<\/em> <a href=\"#_ftn5\" id=\"_ftnref5\">[5]<\/a>et du <em>Securities Act<\/em>.<a href=\"#_ftn6\" id=\"_ftnref6\">[6]<\/a>De plus, les causes relatives aux ordonnances Norwich, aux injonctions de type Mareva, aux ordonnances de type Anton Piller et aux injonctions conservatoires en vertu du <em>Civil Enforcement Act<\/em><a href=\"#_ftn7\" id=\"_ftnref7\">[7]<\/a> peuvent d\u00e9sormais \u00eatre entendues au r\u00f4le des affaires commerciales. Dans le contexte de la note de pratique commerciale&nbsp;1, dans sa version r\u00e9vis\u00e9e, les causes explicitement exclues de l\u2019inscription au r\u00f4le des affaires commerciales demeurent inchang\u00e9es, sauf dans des circonstances exceptionnelles.<\/p>\n\n\n\n<p>Les parties ont toujours la possibilit\u00e9 de r\u00e9server \u00ab&nbsp;d\u2019autres causes commerciales urgentes que le juge en chef ou le juge en chef adjoint peut ordonner d\u2019inscrire au r\u00f4le en raison de leur nature urgente ou du fait qu\u2019elles n\u00e9cessitent un traitement rapide&nbsp;\u00bb\u2009[<strong>NDR&nbsp;: ajouter la r\u00e9f\u00e9rence pour cette citation<\/strong>]. Toutefois, les parties doivent maintenant ajouter dans leur lettre d\u2019introduction un commentaire d\u00e9crivant la raison pour laquelle la cause doit \u00eatre entendue au r\u00f4le des affaires commerciales et fournir une estimation du temps n\u00e9cessaire exig\u00e9 par le juge pour prendre connaissance du dossier.<\/p>\n\n\n\n<h3 class=\"wp-block-heading\">2. Proc\u00e9dures g\u00e9n\u00e9rales<\/h3>\n\n\n\n<p>Pour l\u2019essentiel, les proc\u00e9dures g\u00e9n\u00e9rales concernant les demandes inscrites au r\u00f4le des affaires commerciales demeurent les m\u00eames. Toutefois, la note de pratique commerciale&nbsp;1, dans sa version r\u00e9vis\u00e9e, ne porte plus sur la disponibilit\u00e9 d\u2019un juge du secteur du droit commercial les lundis \u00e0 Calgary et les mardis \u00e0 Edmonton pour traiter les causes urgentes, les questions de mise au r\u00f4le et de consentement et les demandes de prorogation de la date limite pour le d\u00e9p\u00f4t des documents relatifs aux requ\u00eates en instance. En d\u2019autres termes, m\u00eame si le r\u00f4le des affaires commerciales continue d\u2019entendre des causes chaque jour, il n\u2019y a plus de juge d\u2019urgence d\u00e9sign\u00e9 pour traiter ces affaires ces jours-l\u00e0.&nbsp;<\/p>\n\n\n\n<p>De plus, maintenant, par d\u00e9faut, les audiences pour les causes inscrites au r\u00f4le des affaires commerciales sont tenues virtuellement.<\/p>\n\n\n\n<h3 class=\"wp-block-heading\">3. Documents \u00e0 l\u2019usage du tribunal<\/h3>\n\n\n\n<p>Aux termes de la note de pratique commerciale&nbsp;1, dans sa version r\u00e9vis\u00e9e, la date limite pour le d\u00e9p\u00f4t des documents \u00e0 l\u2019usage du tribunal par les parties demanderesses et d\u00e9fenderesses demeure inchang\u00e9e&nbsp;: <strong>12&nbsp;h le lundi pr\u00e9c\u00e9dant la semaine de l\u2019audience de la demande pour la partie demanderesse et 12&nbsp;h le jeudi pr\u00e9c\u00e9dant la semaine de l\u2019audience pour la partie d\u00e9fenderesse.<\/strong><\/p>\n\n\n\n<p>La note de pratique commerciale&nbsp;1, dans sa version r\u00e9vis\u00e9e, impose maintenant une limite de 35&nbsp;pages pour les m\u00e9moires d\u00e9pos\u00e9s par les parties demanderesses et d\u00e9fenderesses, qui doivent contenir des hyperliens dans l\u2019ensemble des m\u00e9moires, annexes et pi\u00e8ces d\u00e9pos\u00e9es en preuve.<\/p>\n\n\n\n<h3 class=\"wp-block-heading\">4. Causes au r\u00f4le des affaires commerciales d\u00e9plac\u00e9es entre Calgary et Edmonton<\/h3>\n\n\n\n<p>La note de pratique commerciale&nbsp;1, dans sa version r\u00e9vis\u00e9e, pr\u00e9voit maintenant une proc\u00e9dure officielle pour demander qu\u2019une cause relevant de la comp\u00e9tence des tribunaux d\u2019Edmonton ou de Calgary soit transf\u00e9r\u00e9e au r\u00f4le des affaires commerciales de l\u2019autre ville. Pour qu\u2019une cause puisse \u00eatre d\u00e9plac\u00e9e, les quatre conditions suivantes doivent \u00eatre respect\u00e9es&nbsp;:<\/p>\n\n\n\n<ol style=\"list-style-type:lower-alpha\" class=\"wp-block-list\">\n<li>Le r\u00f4le des affaires commerciales de l\u2019autre ville doit avoir des disponibilit\u00e9s;<\/li>\n\n\n\n<li>La cause doit \u00eatre urgente;<\/li>\n\n\n\n<li>La cause ne doit pas n\u00e9cessiter que le juge saisi de l\u2019affaire dans l\u2019autre centre judiciaire soit affect\u00e9 \u00e0 la gestion de la poursuite;<\/li>\n\n\n\n<li>Les copr\u00e9sidents du comit\u00e9 de direction du secteur du droit commercial doivent tous deux \u00eatre d\u2019accord pour que la cause soit entendue au r\u00f4le des affaires commerciales de l\u2019autre ville.<a id=\"_ftnref8\" href=\"#_ftn8\">[8]<\/a><\/li>\n<\/ol>\n\n\n\n<h2 class=\"wp-block-heading\">Consid\u00e9rations pratiques <\/h2>\n\n\n\n<p>Toute partie convoqu\u00e9e devant la chambre r\u00e9guli\u00e8re, devant des chambres sp\u00e9ciales ou devant les chambres au r\u00f4le des affaires commerciales doit passer attentivement en revue les r\u00e9visions apport\u00e9es \u00e0 la note de pratique civile&nbsp;1 et \u00e0 la note de pratique commerciale&nbsp;1 afin de s\u2019assurer que les dispositions qu\u2019elles contiennent soient respect\u00e9es.<\/p>\n\n\n\n<p>M\u00eame si les modifications peuvent \u00eatre jug\u00e9es relativement mineures, le respect des dispositions de ces deux notes de pratique permettra de veiller \u00e0 ce que toute question de proc\u00e9dure soit relev\u00e9e bien avant la pr\u00e9sentation de la demande et d\u2019\u00e9viter ainsi tout d\u00e9lai inutile.<\/p>\n\n\n\n<p>Si vous avez des questions ou si vous \u00eates partie \u00e0 un litige civil ou commercial, n\u2019h\u00e9sitez pas \u00e0 communiquer avec un membre de l\u2019\u00e9quipe <a href=\"https:\/\/www.millerthomson.com\/fr\/expertises\/litige-commercial\/\" target=\"_blank\" rel=\"noreferrer noopener\">Litige commercial<\/a> de Miller Thomson.<\/p>\n\n\n\n<hr class=\"wp-block-separator has-alpha-channel-opacity\"\/>\n\n\n\n<p><a href=\"#_ftnref1\" id=\"_ftn1\">[1]<\/a>Note de pratique civile&nbsp;1\u2009\u00ab&nbsp;<em>Justice and Applications Judges\u2019 Chambers and Special Applications<\/em>&nbsp;\u00bb [NPC1] publi\u00e9e par la Cour du Banc du Roi de l\u2019Alberta, en vigueur le 2&nbsp;juillet 2024.<\/p>\n\n\n\n<p><a href=\"#_ftnref2\" id=\"_ftn2\">[2]<\/a>Note de pratique commerciale&nbsp;1\u2009\u00ab&nbsp;<em>Commercial Chambers&nbsp;<\/em>\u00bb [NP commerciale&nbsp;1] publi\u00e9e par la Cour du Banc du Roi de l\u2019Alberta, en vigueur le 2&nbsp;juillet 2024.<\/p>\n\n\n\n<p><a href=\"#_ftnref3\" id=\"_ftn3\">[3]<\/a>Note de pratique civile&nbsp;1\u2009\u00ab&nbsp;<em>Justice and Applications Judges\u2019 Chambers<\/em>&nbsp;\u00bb publi\u00e9e par la Cour du Banc du Roi de l\u2019Alberta, en vigueur le 14&nbsp;avril 2022, paragraphe&nbsp;6b).<\/p>\n\n\n\n<p><a href=\"#_ftnref4\" id=\"_ftn4\">[4]<\/a> RSA 2000, c&nbsp;B-9.<\/p>\n\n\n\n<p><a href=\"#_ftnref5\" id=\"_ftn5\">[5]<\/a> L.R.C. 1985, c&nbsp;C-44.<\/p>\n\n\n\n<p><a href=\"#_ftnref6\" id=\"_ftn6\">[6]<\/a> RSA 2000, c&nbsp;S-4.<\/p>\n\n\n\n<p><a href=\"#_ftnref7\" id=\"_ftn7\">[7]<\/a> RSA 2000, c&nbsp;C-15.<\/p>\n\n\n\n<p><a href=\"#_ftnref8\" id=\"_ftn8\">[8]<\/a>NP commerciale&nbsp;1, supra, note&nbsp;2, paragraphe&nbsp;30.<\/p>\n\n\n\n<p><\/p>\n","protected":false},"excerpt":{"rendered":"<p>Introduction La Cour du Banc du Roi de l\u2019Alberta actualise et publie r\u00e9guli\u00e8rement les notes de pratique qui d\u00e9finissent les pratiques et proc\u00e9dures relatives aux proc\u00e9dures judiciaires. Deux d\u2019entre elles sont la note de pratique civile&nbsp;1[1] intitul\u00e9e \u00ab&nbsp;Justice and Applications Judges\u2019 Chambers and Special Applications&nbsp;\u00bb (la \u00ab&nbsp;note de pratique civile&nbsp;1&nbsp;\u00bb) et la note de pratique [&hellip;]<\/p>\n","protected":false},"author":1,"featured_media":14400,"parent":0,"comment_status":"closed","ping_status":"closed","sticky":false,"template":"","format":"standard","meta":{"_acf_changed":false,"footnotes":""},"categories":[598],"insight-format":[470],"class_list":["post-18147","post","type-post","status-publish","format-standard","has-post-thumbnail","hentry","category-litige-commercial"],"acf":[],"yoast_head":"<!-- This site is optimized with the Yoast SEO plugin v26.1.1 - https:\/\/yoast.com\/wordpress\/plugins\/seo\/ -->\n<title>Changements r\u00e9cents \u00e0 la note de pratique civile\u00a01 et \u00e0 la note de pratique commerciale\u00a01 | Miller Thomson<\/title>\n<meta name=\"description\" content=\"Restez inform\u00e9 de la mise \u00e0 jour de la note 1 de la pratique civile de l&#039;Alberta et des principaux changements apport\u00e9s aux proc\u00e9dures judiciaires, aux calendriers et aux exigences en mati\u00e8re de d\u00e9p\u00f4t.\" \/>\n<meta name=\"robots\" content=\"index, follow, max-snippet:-1, max-image-preview:large, max-video-preview:-1\" \/>\n<link rel=\"canonical\" href=\"https:\/\/www.millerthomson.com\/fr\/perspectives-juridiques\/litige-commercial\/changements-recents-a-la-note-de-pratique-civile-1-et-a-la-note-de-pratique-commerciale-1\/\" \/>\n<meta property=\"og:locale\" content=\"fr_FR\" \/>\n<meta property=\"og:type\" content=\"article\" \/>\n<meta property=\"og:title\" content=\"Changements r\u00e9cents \u00e0 la note de pratique civile\u00a01 et \u00e0 la note de pratique commerciale\u00a01 | Miller Thomson\" \/>\n<meta property=\"og:description\" content=\"Restez inform\u00e9 de la mise \u00e0 jour de la note 1 de la pratique civile de l&#039;Alberta et des principaux changements apport\u00e9s aux proc\u00e9dures judiciaires, aux calendriers et aux exigences en mati\u00e8re de d\u00e9p\u00f4t.\" \/>\n<meta property=\"og:url\" content=\"https:\/\/www.millerthomson.com\/fr\/perspectives-juridiques\/litige-commercial\/changements-recents-a-la-note-de-pratique-civile-1-et-a-la-note-de-pratique-commerciale-1\/\" \/>\n<meta property=\"og:site_name\" content=\"Miller Thomson\" \/>\n<meta property=\"article:publisher\" content=\"https:\/\/www.facebook.com\/MillerThomsonLaw\/\" \/>\n<meta property=\"article:published_time\" content=\"2024-10-08T14:55:09+00:00\" \/>\n<meta property=\"article:modified_time\" content=\"2025-03-17T12:57:27+00:00\" \/>\n<meta name=\"author\" content=\"admin\" \/>\n<meta name=\"twitter:card\" content=\"summary_large_image\" \/>\n<meta name=\"twitter:image\" content=\"https:\/\/www.millerthomson.com\/wp-content\/uploads\/2024\/10\/Insigths_Commercial-Litigation_Post-Image.jpg\" \/>\n<meta name=\"twitter:creator\" content=\"@millerthomson\" \/>\n<meta name=\"twitter:site\" content=\"@millerthomson\" \/>\n<meta name=\"twitter:label1\" content=\"Written by\" \/>\n\t<meta name=\"twitter:data1\" content=\"admin\" \/>\n\t<meta name=\"twitter:label2\" content=\"Est. reading time\" \/>\n\t<meta name=\"twitter:data2\" content=\"10 minutes\" \/>\n<script type=\"application\/ld+json\" class=\"yoast-schema-graph\">{\"@context\":\"https:\/\/schema.org\",\"@graph\":[{\"@type\":\"Article\",\"@id\":\"https:\/\/www.millerthomson.com\/fr\/perspectives-juridiques\/litige-commercial\/changements-recents-a-la-note-de-pratique-civile-1-et-a-la-note-de-pratique-commerciale-1\/#article\",\"isPartOf\":{\"@id\":\"https:\/\/www.millerthomson.com\/fr\/perspectives-juridiques\/litige-commercial\/changements-recents-a-la-note-de-pratique-civile-1-et-a-la-note-de-pratique-commerciale-1\/\"},\"author\":{\"name\":\"admin\",\"@id\":\"https:\/\/www.millerthomson.com\/fr\/#\/schema\/person\/3f9143e8aec04617923b89fecf6886ea\"},\"headline\":\"Changements r\u00e9cents \u00e0 la note de pratique civile\u00a01 et \u00e0 la note de pratique commerciale\u00a01\",\"datePublished\":\"2024-10-08T14:55:09+00:00\",\"dateModified\":\"2025-03-17T12:57:27+00:00\",\"mainEntityOfPage\":{\"@id\":\"https:\/\/www.millerthomson.com\/fr\/perspectives-juridiques\/litige-commercial\/changements-recents-a-la-note-de-pratique-civile-1-et-a-la-note-de-pratique-commerciale-1\/\"},\"wordCount\":2463,\"publisher\":{\"@id\":\"https:\/\/www.millerthomson.com\/fr\/#organization\"},\"image\":{\"@id\":\"https:\/\/www.millerthomson.com\/fr\/perspectives-juridiques\/litige-commercial\/changements-recents-a-la-note-de-pratique-civile-1-et-a-la-note-de-pratique-commerciale-1\/#primaryimage\"},\"thumbnailUrl\":\"https:\/\/www.millerthomson.com\/wp-content\/uploads\/2024\/10\/Insigths_Commercial-Litigation_Post-Image.jpg\",\"articleSection\":[\"Litige commercial\"],\"inLanguage\":\"fr-FR\"},{\"@type\":[\"WebPage\",\"ItemPage\"],\"@id\":\"https:\/\/www.millerthomson.com\/fr\/perspectives-juridiques\/litige-commercial\/changements-recents-a-la-note-de-pratique-civile-1-et-a-la-note-de-pratique-commerciale-1\/\",\"url\":\"https:\/\/www.millerthomson.com\/fr\/perspectives-juridiques\/litige-commercial\/changements-recents-a-la-note-de-pratique-civile-1-et-a-la-note-de-pratique-commerciale-1\/\",\"name\":\"Changements r\u00e9cents \u00e0 la note de pratique civile\u00a01 et \u00e0 la note de pratique commerciale\u00a01 | Miller Thomson\",\"isPartOf\":{\"@id\":\"https:\/\/www.millerthomson.com\/fr\/#website\"},\"primaryImageOfPage\":{\"@id\":\"https:\/\/www.millerthomson.com\/fr\/perspectives-juridiques\/litige-commercial\/changements-recents-a-la-note-de-pratique-civile-1-et-a-la-note-de-pratique-commerciale-1\/#primaryimage\"},\"image\":{\"@id\":\"https:\/\/www.millerthomson.com\/fr\/perspectives-juridiques\/litige-commercial\/changements-recents-a-la-note-de-pratique-civile-1-et-a-la-note-de-pratique-commerciale-1\/#primaryimage\"},\"thumbnailUrl\":\"https:\/\/www.millerthomson.com\/wp-content\/uploads\/2024\/10\/Insigths_Commercial-Litigation_Post-Image.jpg\",\"datePublished\":\"2024-10-08T14:55:09+00:00\",\"dateModified\":\"2025-03-17T12:57:27+00:00\",\"description\":\"Restez inform\u00e9 de la mise \u00e0 jour de la note 1 de la pratique civile de l'Alberta et des principaux changements apport\u00e9s aux proc\u00e9dures judiciaires, aux calendriers et aux exigences en mati\u00e8re de d\u00e9p\u00f4t.\",\"breadcrumb\":{\"@id\":\"https:\/\/www.millerthomson.com\/fr\/perspectives-juridiques\/litige-commercial\/changements-recents-a-la-note-de-pratique-civile-1-et-a-la-note-de-pratique-commerciale-1\/#breadcrumb\"},\"inLanguage\":\"fr-FR\",\"potentialAction\":[{\"@type\":\"ReadAction\",\"target\":[\"https:\/\/www.millerthomson.com\/fr\/perspectives-juridiques\/litige-commercial\/changements-recents-a-la-note-de-pratique-civile-1-et-a-la-note-de-pratique-commerciale-1\/\"]}]},{\"@type\":\"ImageObject\",\"inLanguage\":\"fr-FR\",\"@id\":\"https:\/\/www.millerthomson.com\/fr\/perspectives-juridiques\/litige-commercial\/changements-recents-a-la-note-de-pratique-civile-1-et-a-la-note-de-pratique-commerciale-1\/#primaryimage\",\"url\":\"https:\/\/www.millerthomson.com\/wp-content\/uploads\/2024\/10\/Insigths_Commercial-Litigation_Post-Image.jpg\",\"contentUrl\":\"https:\/\/www.millerthomson.com\/wp-content\/uploads\/2024\/10\/Insigths_Commercial-Litigation_Post-Image.jpg\",\"width\":1776,\"height\":994},{\"@type\":\"BreadcrumbList\",\"@id\":\"https:\/\/www.millerthomson.com\/fr\/perspectives-juridiques\/litige-commercial\/changements-recents-a-la-note-de-pratique-civile-1-et-a-la-note-de-pratique-commerciale-1\/#breadcrumb\",\"itemListElement\":[{\"@type\":\"ListItem\",\"position\":1,\"name\":\"Accueil\",\"item\":\"https:\/\/www.millerthomson.com\/fr\/\"},{\"@type\":\"ListItem\",\"position\":2,\"name\":\"Changements r\u00e9cents \u00e0 la note de pratique civile\u00a01 et \u00e0 la note de pratique commerciale\u00a01\"}]},{\"@type\":\"WebSite\",\"@id\":\"https:\/\/www.millerthomson.com\/fr\/#website\",\"url\":\"https:\/\/www.millerthomson.com\/fr\/\",\"name\":\"Miller Thomson | Cabinet de droit des affaires pancanadien\",\"description\":\"National law firm providing business law expertise and litigation and disputes services for businesses across Canada since 1957.\",\"publisher\":{\"@id\":\"https:\/\/www.millerthomson.com\/fr\/#organization\"},\"potentialAction\":[{\"@type\":\"SearchAction\",\"target\":{\"@type\":\"EntryPoint\",\"urlTemplate\":\"https:\/\/www.millerthomson.com\/fr\/?s={search_term_string}\"},\"query-input\":{\"@type\":\"PropertyValueSpecification\",\"valueRequired\":true,\"valueName\":\"search_term_string\"}}],\"inLanguage\":\"fr-FR\"},{\"@type\":\"Organization\",\"@id\":\"https:\/\/www.millerthomson.com\/fr\/#organization\",\"name\":\"Miller Thomson | Cabinet de droit des affaires pancanadien\",\"url\":\"https:\/\/www.millerthomson.com\/fr\/\",\"logo\":{\"@type\":\"ImageObject\",\"inLanguage\":\"fr-FR\",\"@id\":\"https:\/\/www.millerthomson.com\/fr\/#\/schema\/logo\/image\/\",\"url\":\"https:\/\/www.millerthomson.com\/wp-content\/uploads\/2024\/10\/miller-thomson.svg\",\"contentUrl\":\"https:\/\/www.millerthomson.com\/wp-content\/uploads\/2024\/10\/miller-thomson.svg\",\"width\":380,\"height\":50,\"caption\":\"Miller Thomson | Cabinet de droit des affaires pancanadien\"},\"image\":{\"@id\":\"https:\/\/www.millerthomson.com\/fr\/#\/schema\/logo\/image\/\"},\"sameAs\":[\"https:\/\/www.facebook.com\/MillerThomsonLaw\/\",\"https:\/\/x.com\/millerthomson\",\"https:\/\/www.linkedin.com\/company\/miller-thomson-llp\/\",\"https:\/\/www.youtube.com\/@millerthomson\"]},{\"@type\":\"Person\",\"@id\":\"https:\/\/www.millerthomson.com\/fr\/#\/schema\/person\/3f9143e8aec04617923b89fecf6886ea\",\"name\":\"admin\",\"image\":{\"@type\":\"ImageObject\",\"inLanguage\":\"fr-FR\",\"@id\":\"https:\/\/www.millerthomson.com\/fr\/#\/schema\/person\/image\/\",\"url\":\"https:\/\/secure.gravatar.com\/avatar\/2fb85dacd7d0cf6d162ec9c30c25b90c6e69a82dbe5ebe52991d2ec0d73e4890?s=96&d=mm&r=g\",\"contentUrl\":\"https:\/\/secure.gravatar.com\/avatar\/2fb85dacd7d0cf6d162ec9c30c25b90c6e69a82dbe5ebe52991d2ec0d73e4890?s=96&d=mm&r=g\",\"caption\":\"admin\"}}]}<\/script>\n<!-- \/ Yoast SEO plugin. -->","yoast_head_json":{"title":"Changements r\u00e9cents \u00e0 la note de pratique civile\u00a01 et \u00e0 la note de pratique commerciale\u00a01 | Miller Thomson","description":"Restez inform\u00e9 de la mise \u00e0 jour de la note 1 de la pratique civile de l'Alberta et des principaux changements apport\u00e9s aux proc\u00e9dures judiciaires, aux calendriers et aux exigences en mati\u00e8re de d\u00e9p\u00f4t.","robots":{"index":"index","follow":"follow","max-snippet":"max-snippet:-1","max-image-preview":"max-image-preview:large","max-video-preview":"max-video-preview:-1"},"canonical":"https:\/\/www.millerthomson.com\/fr\/perspectives-juridiques\/litige-commercial\/changements-recents-a-la-note-de-pratique-civile-1-et-a-la-note-de-pratique-commerciale-1\/","og_locale":"fr_FR","og_type":"article","og_title":"Changements r\u00e9cents \u00e0 la note de pratique civile\u00a01 et \u00e0 la note de pratique commerciale\u00a01 | Miller Thomson","og_description":"Restez inform\u00e9 de la mise \u00e0 jour de la note 1 de la pratique civile de l'Alberta et des principaux changements apport\u00e9s aux proc\u00e9dures judiciaires, aux calendriers et aux exigences en mati\u00e8re de d\u00e9p\u00f4t.","og_url":"https:\/\/www.millerthomson.com\/fr\/perspectives-juridiques\/litige-commercial\/changements-recents-a-la-note-de-pratique-civile-1-et-a-la-note-de-pratique-commerciale-1\/","og_site_name":"Miller Thomson","article_publisher":"https:\/\/www.facebook.com\/MillerThomsonLaw\/","article_published_time":"2024-10-08T14:55:09+00:00","article_modified_time":"2025-03-17T12:57:27+00:00","author":"admin","twitter_card":"summary_large_image","twitter_image":"https:\/\/www.millerthomson.com\/wp-content\/uploads\/2024\/10\/Insigths_Commercial-Litigation_Post-Image.jpg","twitter_creator":"@millerthomson","twitter_site":"@millerthomson","twitter_misc":{"Written by":"admin","Est. reading time":"10 minutes"},"schema":{"@context":"https:\/\/schema.org","@graph":[{"@type":"Article","@id":"https:\/\/www.millerthomson.com\/fr\/perspectives-juridiques\/litige-commercial\/changements-recents-a-la-note-de-pratique-civile-1-et-a-la-note-de-pratique-commerciale-1\/#article","isPartOf":{"@id":"https:\/\/www.millerthomson.com\/fr\/perspectives-juridiques\/litige-commercial\/changements-recents-a-la-note-de-pratique-civile-1-et-a-la-note-de-pratique-commerciale-1\/"},"author":{"name":"admin","@id":"https:\/\/www.millerthomson.com\/fr\/#\/schema\/person\/3f9143e8aec04617923b89fecf6886ea"},"headline":"Changements r\u00e9cents \u00e0 la note de pratique civile\u00a01 et \u00e0 la note de pratique commerciale\u00a01","datePublished":"2024-10-08T14:55:09+00:00","dateModified":"2025-03-17T12:57:27+00:00","mainEntityOfPage":{"@id":"https:\/\/www.millerthomson.com\/fr\/perspectives-juridiques\/litige-commercial\/changements-recents-a-la-note-de-pratique-civile-1-et-a-la-note-de-pratique-commerciale-1\/"},"wordCount":2463,"publisher":{"@id":"https:\/\/www.millerthomson.com\/fr\/#organization"},"image":{"@id":"https:\/\/www.millerthomson.com\/fr\/perspectives-juridiques\/litige-commercial\/changements-recents-a-la-note-de-pratique-civile-1-et-a-la-note-de-pratique-commerciale-1\/#primaryimage"},"thumbnailUrl":"https:\/\/www.millerthomson.com\/wp-content\/uploads\/2024\/10\/Insigths_Commercial-Litigation_Post-Image.jpg","articleSection":["Litige commercial"],"inLanguage":"fr-FR"},{"@type":["WebPage","ItemPage"],"@id":"https:\/\/www.millerthomson.com\/fr\/perspectives-juridiques\/litige-commercial\/changements-recents-a-la-note-de-pratique-civile-1-et-a-la-note-de-pratique-commerciale-1\/","url":"https:\/\/www.millerthomson.com\/fr\/perspectives-juridiques\/litige-commercial\/changements-recents-a-la-note-de-pratique-civile-1-et-a-la-note-de-pratique-commerciale-1\/","name":"Changements r\u00e9cents \u00e0 la note de pratique civile\u00a01 et \u00e0 la note de pratique commerciale\u00a01 | Miller Thomson","isPartOf":{"@id":"https:\/\/www.millerthomson.com\/fr\/#website"},"primaryImageOfPage":{"@id":"https:\/\/www.millerthomson.com\/fr\/perspectives-juridiques\/litige-commercial\/changements-recents-a-la-note-de-pratique-civile-1-et-a-la-note-de-pratique-commerciale-1\/#primaryimage"},"image":{"@id":"https:\/\/www.millerthomson.com\/fr\/perspectives-juridiques\/litige-commercial\/changements-recents-a-la-note-de-pratique-civile-1-et-a-la-note-de-pratique-commerciale-1\/#primaryimage"},"thumbnailUrl":"https:\/\/www.millerthomson.com\/wp-content\/uploads\/2024\/10\/Insigths_Commercial-Litigation_Post-Image.jpg","datePublished":"2024-10-08T14:55:09+00:00","dateModified":"2025-03-17T12:57:27+00:00","description":"Restez inform\u00e9 de la mise \u00e0 jour de la note 1 de la pratique civile de l'Alberta et des principaux changements apport\u00e9s aux proc\u00e9dures judiciaires, aux calendriers et aux exigences en mati\u00e8re de d\u00e9p\u00f4t.","breadcrumb":{"@id":"https:\/\/www.millerthomson.com\/fr\/perspectives-juridiques\/litige-commercial\/changements-recents-a-la-note-de-pratique-civile-1-et-a-la-note-de-pratique-commerciale-1\/#breadcrumb"},"inLanguage":"fr-FR","potentialAction":[{"@type":"ReadAction","target":["https:\/\/www.millerthomson.com\/fr\/perspectives-juridiques\/litige-commercial\/changements-recents-a-la-note-de-pratique-civile-1-et-a-la-note-de-pratique-commerciale-1\/"]}]},{"@type":"ImageObject","inLanguage":"fr-FR","@id":"https:\/\/www.millerthomson.com\/fr\/perspectives-juridiques\/litige-commercial\/changements-recents-a-la-note-de-pratique-civile-1-et-a-la-note-de-pratique-commerciale-1\/#primaryimage","url":"https:\/\/www.millerthomson.com\/wp-content\/uploads\/2024\/10\/Insigths_Commercial-Litigation_Post-Image.jpg","contentUrl":"https:\/\/www.millerthomson.com\/wp-content\/uploads\/2024\/10\/Insigths_Commercial-Litigation_Post-Image.jpg","width":1776,"height":994},{"@type":"BreadcrumbList","@id":"https:\/\/www.millerthomson.com\/fr\/perspectives-juridiques\/litige-commercial\/changements-recents-a-la-note-de-pratique-civile-1-et-a-la-note-de-pratique-commerciale-1\/#breadcrumb","itemListElement":[{"@type":"ListItem","position":1,"name":"Accueil","item":"https:\/\/www.millerthomson.com\/fr\/"},{"@type":"ListItem","position":2,"name":"Changements r\u00e9cents \u00e0 la note de pratique civile\u00a01 et \u00e0 la note de pratique commerciale\u00a01"}]},{"@type":"WebSite","@id":"https:\/\/www.millerthomson.com\/fr\/#website","url":"https:\/\/www.millerthomson.com\/fr\/","name":"Miller Thomson | Cabinet de droit des affaires pancanadien","description":"National law firm providing business law expertise and litigation and disputes services for businesses across Canada since 1957.","publisher":{"@id":"https:\/\/www.millerthomson.com\/fr\/#organization"},"potentialAction":[{"@type":"SearchAction","target":{"@type":"EntryPoint","urlTemplate":"https:\/\/www.millerthomson.com\/fr\/?s={search_term_string}"},"query-input":{"@type":"PropertyValueSpecification","valueRequired":true,"valueName":"search_term_string"}}],"inLanguage":"fr-FR"},{"@type":"Organization","@id":"https:\/\/www.millerthomson.com\/fr\/#organization","name":"Miller Thomson | Cabinet de droit des affaires pancanadien","url":"https:\/\/www.millerthomson.com\/fr\/","logo":{"@type":"ImageObject","inLanguage":"fr-FR","@id":"https:\/\/www.millerthomson.com\/fr\/#\/schema\/logo\/image\/","url":"https:\/\/www.millerthomson.com\/wp-content\/uploads\/2024\/10\/miller-thomson.svg","contentUrl":"https:\/\/www.millerthomson.com\/wp-content\/uploads\/2024\/10\/miller-thomson.svg","width":380,"height":50,"caption":"Miller Thomson | Cabinet de droit des affaires pancanadien"},"image":{"@id":"https:\/\/www.millerthomson.com\/fr\/#\/schema\/logo\/image\/"},"sameAs":["https:\/\/www.facebook.com\/MillerThomsonLaw\/","https:\/\/x.com\/millerthomson","https:\/\/www.linkedin.com\/company\/miller-thomson-llp\/","https:\/\/www.youtube.com\/@millerthomson"]},{"@type":"Person","@id":"https:\/\/www.millerthomson.com\/fr\/#\/schema\/person\/3f9143e8aec04617923b89fecf6886ea","name":"admin","image":{"@type":"ImageObject","inLanguage":"fr-FR","@id":"https:\/\/www.millerthomson.com\/fr\/#\/schema\/person\/image\/","url":"https:\/\/secure.gravatar.com\/avatar\/2fb85dacd7d0cf6d162ec9c30c25b90c6e69a82dbe5ebe52991d2ec0d73e4890?s=96&d=mm&r=g","contentUrl":"https:\/\/secure.gravatar.com\/avatar\/2fb85dacd7d0cf6d162ec9c30c25b90c6e69a82dbe5ebe52991d2ec0d73e4890?s=96&d=mm&r=g","caption":"admin"}}]}},"_links":{"self":[{"href":"https:\/\/www.millerthomson.com\/fr\/wp-json\/wp\/v2\/posts\/18147","targetHints":{"allow":["GET"]}}],"collection":[{"href":"https:\/\/www.millerthomson.com\/fr\/wp-json\/wp\/v2\/posts"}],"about":[{"href":"https:\/\/www.millerthomson.com\/fr\/wp-json\/wp\/v2\/types\/post"}],"author":[{"embeddable":true,"href":"https:\/\/www.millerthomson.com\/fr\/wp-json\/wp\/v2\/users\/1"}],"replies":[{"embeddable":true,"href":"https:\/\/www.millerthomson.com\/fr\/wp-json\/wp\/v2\/comments?post=18147"}],"version-history":[{"count":0,"href":"https:\/\/www.millerthomson.com\/fr\/wp-json\/wp\/v2\/posts\/18147\/revisions"}],"wp:featuredmedia":[{"embeddable":true,"href":"https:\/\/www.millerthomson.com\/fr\/wp-json\/wp\/v2\/media\/14400"}],"wp:attachment":[{"href":"https:\/\/www.millerthomson.com\/fr\/wp-json\/wp\/v2\/media?parent=18147"}],"wp:term":[{"taxonomy":"category","embeddable":true,"href":"https:\/\/www.millerthomson.com\/fr\/wp-json\/wp\/v2\/categories?post=18147"},{"taxonomy":"insight-format","embeddable":true,"href":"https:\/\/www.millerthomson.com\/fr\/wp-json\/wp\/v2\/insight-format?post=18147"}],"curies":[{"name":"wp","href":"https:\/\/api.w.org\/{rel}","templated":true}]}}