{"id":11859,"date":"2023-01-12T13:30:19","date_gmt":"2023-01-12T18:30:19","guid":{"rendered":"https:\/\/www.millerthomson.com\/biosphere-miller-thomson-responsabilite-sociale-entreprise-marche-carbone\/"},"modified":"2023-01-12T13:30:19","modified_gmt":"2023-01-12T18:30:19","slug":"biosphere-miller-thomson-responsabilite-sociale-entreprise-marche-carbone","status":"publish","type":"post","link":"https:\/\/www.millerthomson.com\/fr\/perspectives-juridiques\/responsabilite-sociale-dentreprise-et-du-marche-du-carbone\/biosphere-miller-thomson-responsabilite-sociale-entreprise-marche-carbone\/","title":{"rendered":"Voici MT Biosph\u00e8re<sup>MC<\/sup> : l\u2019infolettre du groupe Responsabilit\u00e9 sociale d\u2019entreprise et march\u00e9 du carbone"},"content":{"rendered":"<p>Nous avons le plaisir d\u2019annoncer le lancement de l\u2019infolettre MT Biosph\u00e8re<sup>MC<\/sup> publi\u00e9e par le groupe Responsabilit\u00e9 sociale d\u2019entreprise et march\u00e9 du carbone de Miller Thomson. L\u2019infolettre traite de diff\u00e9rents sujets li\u00e9s aux facteurs ESG \u2013 environnementaux, sociaux et de gouvernance. Partout dans la biosph\u00e8re, la vie humaine s\u2019\u00e9panouit et se d\u00e9veloppe. Notre biosph\u00e8re englobe \u00e9galement l\u2019environnement social des \u00eatres humains, qu\u2019il s\u2019agisse du milieu professionnel ou de la collectivit\u00e9. Elle d\u00e9crit \u00e9galement l\u2019environnement organisationnel dans lequel les dirigeants \u00e9valuent les occasions et les risques et prennent des d\u00e9cisions importantes qui touchent non seulement leur entreprise, leurs actionnaires et leurs employ\u00e9s, mais \u00e9galement toutes les parties prenantes qui les entourent.<\/p>\n<p>L\u2019ann\u00e9e 2022 a \u00e9t\u00e9 marqu\u00e9e par des bouleversements sur le plan des facteurs ESG et de la durabilit\u00e9 en g\u00e9n\u00e9ral. Le nouveau r\u00f4le que les entreprises sont appel\u00e9es \u00e0 jouer dans la soci\u00e9t\u00e9 constitue le plus grand changement observ\u00e9 depuis la r\u00e9volution industrielle. L\u2019invasion de l\u2019Ukraine par la Russie et la guerre qui s\u2019en est suivie ont servi d\u2019avertissement pour tous et ont provoqu\u00e9 une ru\u00e9e vers les \u00e9nergies renouvelables. Selon l\u2019Agence internationale de l\u2019\u00e9nergie, le recours aux combustibles fossiles pour produire de l\u2019\u00e9lectricit\u00e9 a atteint un plateau et n\u2019augmentera plus. Pour la premi\u00e8re fois de l\u2019histoire, l\u2019\u00e9nergie \u00e9olienne et solaire ajoute chaque ann\u00e9e plus de capacit\u00e9 au r\u00e9seau que le gaz naturel. Cette transition vers une \u00e9conomie carboneutre repr\u00e9sente des occasions formidables pour les entreprises, mais oblige \u00e9galement les investisseurs \u00e0 tenir compte davantage des crit\u00e8res de durabilit\u00e9 avant de prendre leurs d\u00e9cisions de placement. Cette situation a, par ricochet, eu comme effet de braquer les projecteurs sur l\u2019\u00e9coblanchiment. En 2022, les organismes de r\u00e9glementation du monde entier ont fait la chasse aux entreprises fautives, promptes \u00e0 apposer une \u00e9tiquette verte sur \u00e0 peu pr\u00e8s n\u2019importe quoi. La guerre en Ukraine a \u00e9galement contraint des entreprises des quatre coins du monde \u00e0 cesser de faire des affaires en Russie, signe que la transparence influe d\u00e9sormais sur les pratiques commerciales.<\/p>\n<p>Les ph\u00e9nom\u00e8nes m\u00e9t\u00e9orologiques extr\u00eames provoqu\u00e9s par les changements climatiques, comme l\u2019atteste la science de l\u2019attribution \u2013 tels que les vagues de chaleur qui ont d\u00e9ferl\u00e9 sur l\u2019Europe et la Corne de l\u2019Afrique l\u2019\u00e9t\u00e9 dernier et les inondations record qui ont frapp\u00e9 le Pakistan \u2013, rappellent tristement que les changements climatiques peuvent entra\u00eener des risques importants pour les entreprises.<\/p>\n<p>C\u2019est \u00e9galement l\u2019ann\u00e9e derni\u00e8re que le processus de standardisation des normes de durabilit\u00e9 s\u2019est enclench\u00e9 avec la publication, par le nouveau conseil des normes internationales d\u2019information sur la durabilit\u00e9 (<em>International Sustainability Standard Board<\/em>), de deux expos\u00e9s-sondages concernant la durabilit\u00e9 en g\u00e9n\u00e9ral et les changements climatiques. Les organismes de r\u00e9glementation du Royaume-Uni, de la Suisse et de la Nouvelle-Z\u00e9lande ont \u00e9galement impos\u00e9 aux grandes soci\u00e9t\u00e9s une obligation de divulgation d\u2019informations sur les risques et occasions li\u00e9s au climat. Enfin, l\u2019Union europ\u00e9enne a quant \u00e0 elle \u00e9t\u00e9 la premi\u00e8re \u00e0 \u00e9tablir un m\u00e9canisme d\u2019ajustement carbone aux fronti\u00e8res par l\u2019adoption d\u2019une taxe carbone sur les importations. Ces mesures auront une incidence consid\u00e9rable sur les entreprises du monde entier et rendront plus cr\u00e9dible l\u2019adoption de cadres de tarification du carbone.<\/p>\n<p>Nul besoin d\u2019\u00eatre visionnaire pour conclure que la responsabilit\u00e9 sociale d\u2019entreprise et le march\u00e9 du carbone sont des sujets br\u00fblants et complexes pour les entreprises, l\u2019\u00e9conomie, les gouvernements et la soci\u00e9t\u00e9 en g\u00e9n\u00e9ral.<\/p>\n<p>Des avocats de tous les bureaux du cabinet et de tous les groupes de pratique contribueront r\u00e9guli\u00e8rement \u00e0 l\u2019infolettre MT Biosph\u00e8re<sup>MC<\/sup> et aborderont les diff\u00e9rents sujets susmentionn\u00e9s. Nous esp\u00e9rons que vous appr\u00e9cierez les articles portant sur les sujets que les avocats du groupe national <a href=\"https:\/\/www.millerthomson.com\/fr\/nos-services\/secteurs-particuliers\/responsabilite-sociale-dentreprise-et-du-marche-du-carbone\/\">Responsabilit\u00e9 sociale d\u2019entreprise et march\u00e9 du carbone<\/a> de Miller Thomson aborderont dans l\u2019infolettre MT Biosph\u00e8re<sup>MC<\/sup>. Nous vous invitons \u00e0 vous abonner \u00e0 notre infolettre.<\/p>\n<p><sup>MC <\/sup><em>Marque de commerce Miller Thomson SENCRL<\/em><\/p>\n","protected":false},"excerpt":{"rendered":"<p>Nous avons le plaisir d\u2019annoncer le lancement de l\u2019infolettre MT Biosph\u00e8reMC publi\u00e9e par le groupe Responsabilit\u00e9 sociale d\u2019entreprise et march\u00e9 du carbone de Miller Thomson. L\u2019infolettre traite de diff\u00e9rents sujets li\u00e9s aux facteurs ESG \u2013 environnementaux, sociaux et de gouvernance. Partout dans la biosph\u00e8re, la vie humaine s\u2019\u00e9panouit et se d\u00e9veloppe. Notre biosph\u00e8re englobe \u00e9galement [&hellip;]<\/p>\n","protected":false},"author":5,"featured_media":14352,"parent":0,"comment_status":"closed","ping_status":"open","sticky":false,"template":"","format":"standard","meta":{"_acf_changed":false,"footnotes":""},"categories":[622],"insight-format":[470],"class_list":["post-11859","post","type-post","status-publish","format-standard","has-post-thumbnail","hentry","category-responsabilite-sociale-dentreprise-et-du-marche-du-carbone"],"acf":[],"yoast_head":"<!-- This site is optimized with the Yoast SEO plugin v26.1.1 - https:\/\/yoast.com\/wordpress\/plugins\/seo\/ -->\n<title>Voici MT Biosph\u00e8reMC : l\u2019infolettre du groupe Responsabilit\u00e9 sociale d\u2019entreprise et march\u00e9 du carbone | Miller Thomson<\/title>\n<meta name=\"robots\" content=\"index, follow, max-snippet:-1, max-image-preview:large, max-video-preview:-1\" \/>\n<link rel=\"canonical\" href=\"https:\/\/www.millerthomson.com\/fr\/perspectives-juridiques\/responsabilite-sociale-dentreprise-et-du-marche-du-carbone\/biosphere-miller-thomson-responsabilite-sociale-entreprise-marche-carbone\/\" \/>\n<meta property=\"og:locale\" content=\"fr_FR\" \/>\n<meta property=\"og:type\" content=\"article\" \/>\n<meta property=\"og:title\" content=\"Voici MT Biosph\u00e8reMC : l\u2019infolettre du groupe Responsabilit\u00e9 sociale d\u2019entreprise et march\u00e9 du carbone | Miller Thomson\" \/>\n<meta property=\"og:description\" content=\"Nous avons le plaisir d\u2019annoncer le lancement de l\u2019infolettre MT Biosph\u00e8reMC publi\u00e9e par le groupe Responsabilit\u00e9 sociale d\u2019entreprise et march\u00e9 du carbone de Miller Thomson. L\u2019infolettre traite de diff\u00e9rents sujets li\u00e9s aux facteurs ESG \u2013 environnementaux, sociaux et de gouvernance. Partout dans la biosph\u00e8re, la vie humaine s\u2019\u00e9panouit et se d\u00e9veloppe. Notre biosph\u00e8re englobe \u00e9galement [&hellip;]\" \/>\n<meta property=\"og:url\" content=\"https:\/\/www.millerthomson.com\/fr\/perspectives-juridiques\/responsabilite-sociale-dentreprise-et-du-marche-du-carbone\/biosphere-miller-thomson-responsabilite-sociale-entreprise-marche-carbone\/\" \/>\n<meta property=\"og:site_name\" content=\"Miller Thomson\" \/>\n<meta property=\"article:publisher\" content=\"https:\/\/www.facebook.com\/MillerThomsonLaw\/\" \/>\n<meta property=\"article:published_time\" content=\"2023-01-12T18:30:19+00:00\" \/>\n<meta property=\"og:image\" content=\"https:\/\/www.millerthomson.com\/wp-content\/uploads\/2024\/10\/Insights_ESG-and-Carbon-Finance_Post-Image.jpg\" \/>\n\t<meta property=\"og:image:width\" content=\"1776\" \/>\n\t<meta property=\"og:image:height\" content=\"994\" \/>\n\t<meta property=\"og:image:type\" content=\"image\/jpeg\" \/>\n<meta name=\"author\" content=\"Katherine Chan\" \/>\n<meta name=\"twitter:card\" content=\"summary_large_image\" \/>\n<meta name=\"twitter:creator\" content=\"@millerthomson\" \/>\n<meta name=\"twitter:site\" content=\"@millerthomson\" \/>\n<meta name=\"twitter:label1\" content=\"Written by\" \/>\n\t<meta name=\"twitter:data1\" content=\"Katherine Chan\" \/>\n\t<meta name=\"twitter:label2\" content=\"Est. reading time\" \/>\n\t<meta name=\"twitter:data2\" content=\"4 minutes\" \/>\n<script type=\"application\/ld+json\" class=\"yoast-schema-graph\">{\"@context\":\"https:\/\/schema.org\",\"@graph\":[{\"@type\":\"Article\",\"@id\":\"https:\/\/www.millerthomson.com\/fr\/perspectives-juridiques\/responsabilite-sociale-dentreprise-et-du-marche-du-carbone\/biosphere-miller-thomson-responsabilite-sociale-entreprise-marche-carbone\/#article\",\"isPartOf\":{\"@id\":\"https:\/\/www.millerthomson.com\/fr\/perspectives-juridiques\/responsabilite-sociale-dentreprise-et-du-marche-du-carbone\/biosphere-miller-thomson-responsabilite-sociale-entreprise-marche-carbone\/\"},\"author\":{\"name\":\"Katherine Chan\",\"@id\":\"https:\/\/www.millerthomson.com\/fr\/#\/schema\/person\/5473b50a564d1e37f327fdd79cb348f6\"},\"headline\":\"Voici MT Biosph\u00e8reMC : l\u2019infolettre du groupe Responsabilit\u00e9 sociale d\u2019entreprise et march\u00e9 du carbone\",\"datePublished\":\"2023-01-12T18:30:19+00:00\",\"mainEntityOfPage\":{\"@id\":\"https:\/\/www.millerthomson.com\/fr\/perspectives-juridiques\/responsabilite-sociale-dentreprise-et-du-marche-du-carbone\/biosphere-miller-thomson-responsabilite-sociale-entreprise-marche-carbone\/\"},\"wordCount\":729,\"publisher\":{\"@id\":\"https:\/\/www.millerthomson.com\/fr\/#organization\"},\"image\":{\"@id\":\"https:\/\/www.millerthomson.com\/fr\/perspectives-juridiques\/responsabilite-sociale-dentreprise-et-du-marche-du-carbone\/biosphere-miller-thomson-responsabilite-sociale-entreprise-marche-carbone\/#primaryimage\"},\"thumbnailUrl\":\"https:\/\/www.millerthomson.com\/wp-content\/uploads\/2024\/10\/Insights_ESG-and-Carbon-Finance_Post-Image.jpg\",\"articleSection\":[\"Responsabilit\u00e9 sociale d\u2019entreprise (RSE) et march\u00e9 du carbone\"],\"inLanguage\":\"fr-FR\"},{\"@type\":[\"WebPage\",\"ItemPage\"],\"@id\":\"https:\/\/www.millerthomson.com\/fr\/perspectives-juridiques\/responsabilite-sociale-dentreprise-et-du-marche-du-carbone\/biosphere-miller-thomson-responsabilite-sociale-entreprise-marche-carbone\/\",\"url\":\"https:\/\/www.millerthomson.com\/fr\/perspectives-juridiques\/responsabilite-sociale-dentreprise-et-du-marche-du-carbone\/biosphere-miller-thomson-responsabilite-sociale-entreprise-marche-carbone\/\",\"name\":\"Voici MT Biosph\u00e8reMC : l\u2019infolettre du groupe Responsabilit\u00e9 sociale d\u2019entreprise et march\u00e9 du carbone | Miller Thomson\",\"isPartOf\":{\"@id\":\"https:\/\/www.millerthomson.com\/fr\/#website\"},\"primaryImageOfPage\":{\"@id\":\"https:\/\/www.millerthomson.com\/fr\/perspectives-juridiques\/responsabilite-sociale-dentreprise-et-du-marche-du-carbone\/biosphere-miller-thomson-responsabilite-sociale-entreprise-marche-carbone\/#primaryimage\"},\"image\":{\"@id\":\"https:\/\/www.millerthomson.com\/fr\/perspectives-juridiques\/responsabilite-sociale-dentreprise-et-du-marche-du-carbone\/biosphere-miller-thomson-responsabilite-sociale-entreprise-marche-carbone\/#primaryimage\"},\"thumbnailUrl\":\"https:\/\/www.millerthomson.com\/wp-content\/uploads\/2024\/10\/Insights_ESG-and-Carbon-Finance_Post-Image.jpg\",\"datePublished\":\"2023-01-12T18:30:19+00:00\",\"breadcrumb\":{\"@id\":\"https:\/\/www.millerthomson.com\/fr\/perspectives-juridiques\/responsabilite-sociale-dentreprise-et-du-marche-du-carbone\/biosphere-miller-thomson-responsabilite-sociale-entreprise-marche-carbone\/#breadcrumb\"},\"inLanguage\":\"fr-FR\",\"potentialAction\":[{\"@type\":\"ReadAction\",\"target\":[\"https:\/\/www.millerthomson.com\/fr\/perspectives-juridiques\/responsabilite-sociale-dentreprise-et-du-marche-du-carbone\/biosphere-miller-thomson-responsabilite-sociale-entreprise-marche-carbone\/\"]}]},{\"@type\":\"ImageObject\",\"inLanguage\":\"fr-FR\",\"@id\":\"https:\/\/www.millerthomson.com\/fr\/perspectives-juridiques\/responsabilite-sociale-dentreprise-et-du-marche-du-carbone\/biosphere-miller-thomson-responsabilite-sociale-entreprise-marche-carbone\/#primaryimage\",\"url\":\"https:\/\/www.millerthomson.com\/wp-content\/uploads\/2024\/10\/Insights_ESG-and-Carbon-Finance_Post-Image.jpg\",\"contentUrl\":\"https:\/\/www.millerthomson.com\/wp-content\/uploads\/2024\/10\/Insights_ESG-and-Carbon-Finance_Post-Image.jpg\",\"width\":1776,\"height\":994},{\"@type\":\"BreadcrumbList\",\"@id\":\"https:\/\/www.millerthomson.com\/fr\/perspectives-juridiques\/responsabilite-sociale-dentreprise-et-du-marche-du-carbone\/biosphere-miller-thomson-responsabilite-sociale-entreprise-marche-carbone\/#breadcrumb\",\"itemListElement\":[{\"@type\":\"ListItem\",\"position\":1,\"name\":\"Accueil\",\"item\":\"https:\/\/www.millerthomson.com\/fr\/\"},{\"@type\":\"ListItem\",\"position\":2,\"name\":\"Voici MT Biosph\u00e8reMC : l\u2019infolettre du groupe Responsabilit\u00e9 sociale d\u2019entreprise et march\u00e9 du carbone\"}]},{\"@type\":\"WebSite\",\"@id\":\"https:\/\/www.millerthomson.com\/fr\/#website\",\"url\":\"https:\/\/www.millerthomson.com\/fr\/\",\"name\":\"Miller Thomson | Cabinet de droit des affaires pancanadien\",\"description\":\"National law firm providing business law expertise and litigation and disputes services for businesses across Canada since 1957.\",\"publisher\":{\"@id\":\"https:\/\/www.millerthomson.com\/fr\/#organization\"},\"potentialAction\":[{\"@type\":\"SearchAction\",\"target\":{\"@type\":\"EntryPoint\",\"urlTemplate\":\"https:\/\/www.millerthomson.com\/fr\/?s={search_term_string}\"},\"query-input\":{\"@type\":\"PropertyValueSpecification\",\"valueRequired\":true,\"valueName\":\"search_term_string\"}}],\"inLanguage\":\"fr-FR\"},{\"@type\":\"Organization\",\"@id\":\"https:\/\/www.millerthomson.com\/fr\/#organization\",\"name\":\"Miller Thomson | Cabinet de droit des affaires pancanadien\",\"url\":\"https:\/\/www.millerthomson.com\/fr\/\",\"logo\":{\"@type\":\"ImageObject\",\"inLanguage\":\"fr-FR\",\"@id\":\"https:\/\/www.millerthomson.com\/fr\/#\/schema\/logo\/image\/\",\"url\":\"https:\/\/www.millerthomson.com\/wp-content\/uploads\/2024\/10\/miller-thomson.svg\",\"contentUrl\":\"https:\/\/www.millerthomson.com\/wp-content\/uploads\/2024\/10\/miller-thomson.svg\",\"width\":380,\"height\":50,\"caption\":\"Miller Thomson | Cabinet de droit des affaires pancanadien\"},\"image\":{\"@id\":\"https:\/\/www.millerthomson.com\/fr\/#\/schema\/logo\/image\/\"},\"sameAs\":[\"https:\/\/www.facebook.com\/MillerThomsonLaw\/\",\"https:\/\/x.com\/millerthomson\",\"https:\/\/www.linkedin.com\/company\/miller-thomson-llp\/\",\"https:\/\/www.youtube.com\/@millerthomson\"]},{\"@type\":\"Person\",\"@id\":\"https:\/\/www.millerthomson.com\/fr\/#\/schema\/person\/5473b50a564d1e37f327fdd79cb348f6\",\"name\":\"Katherine Chan\",\"image\":{\"@type\":\"ImageObject\",\"inLanguage\":\"fr-FR\",\"@id\":\"https:\/\/www.millerthomson.com\/fr\/#\/schema\/person\/image\/\",\"url\":\"https:\/\/secure.gravatar.com\/avatar\/da8a18c240b27905220d948a87957ba19ab6de326b44a2ce3072235c121f996f?s=96&d=mm&r=g\",\"contentUrl\":\"https:\/\/secure.gravatar.com\/avatar\/da8a18c240b27905220d948a87957ba19ab6de326b44a2ce3072235c121f996f?s=96&d=mm&r=g\",\"caption\":\"Katherine Chan\"}}]}<\/script>\n<!-- \/ Yoast SEO plugin. -->","yoast_head_json":{"title":"Voici MT Biosph\u00e8reMC : l\u2019infolettre du groupe Responsabilit\u00e9 sociale d\u2019entreprise et march\u00e9 du carbone | Miller Thomson","robots":{"index":"index","follow":"follow","max-snippet":"max-snippet:-1","max-image-preview":"max-image-preview:large","max-video-preview":"max-video-preview:-1"},"canonical":"https:\/\/www.millerthomson.com\/fr\/perspectives-juridiques\/responsabilite-sociale-dentreprise-et-du-marche-du-carbone\/biosphere-miller-thomson-responsabilite-sociale-entreprise-marche-carbone\/","og_locale":"fr_FR","og_type":"article","og_title":"Voici MT Biosph\u00e8reMC : l\u2019infolettre du groupe Responsabilit\u00e9 sociale d\u2019entreprise et march\u00e9 du carbone | Miller Thomson","og_description":"Nous avons le plaisir d\u2019annoncer le lancement de l\u2019infolettre MT Biosph\u00e8reMC publi\u00e9e par le groupe Responsabilit\u00e9 sociale d\u2019entreprise et march\u00e9 du carbone de Miller Thomson. L\u2019infolettre traite de diff\u00e9rents sujets li\u00e9s aux facteurs ESG \u2013 environnementaux, sociaux et de gouvernance. Partout dans la biosph\u00e8re, la vie humaine s\u2019\u00e9panouit et se d\u00e9veloppe. Notre biosph\u00e8re englobe \u00e9galement [&hellip;]","og_url":"https:\/\/www.millerthomson.com\/fr\/perspectives-juridiques\/responsabilite-sociale-dentreprise-et-du-marche-du-carbone\/biosphere-miller-thomson-responsabilite-sociale-entreprise-marche-carbone\/","og_site_name":"Miller Thomson","article_publisher":"https:\/\/www.facebook.com\/MillerThomsonLaw\/","article_published_time":"2023-01-12T18:30:19+00:00","og_image":[{"width":1776,"height":994,"url":"https:\/\/www.millerthomson.com\/wp-content\/uploads\/2024\/10\/Insights_ESG-and-Carbon-Finance_Post-Image.jpg","type":"image\/jpeg"}],"author":"Katherine Chan","twitter_card":"summary_large_image","twitter_creator":"@millerthomson","twitter_site":"@millerthomson","twitter_misc":{"Written by":"Katherine Chan","Est. reading time":"4 minutes"},"schema":{"@context":"https:\/\/schema.org","@graph":[{"@type":"Article","@id":"https:\/\/www.millerthomson.com\/fr\/perspectives-juridiques\/responsabilite-sociale-dentreprise-et-du-marche-du-carbone\/biosphere-miller-thomson-responsabilite-sociale-entreprise-marche-carbone\/#article","isPartOf":{"@id":"https:\/\/www.millerthomson.com\/fr\/perspectives-juridiques\/responsabilite-sociale-dentreprise-et-du-marche-du-carbone\/biosphere-miller-thomson-responsabilite-sociale-entreprise-marche-carbone\/"},"author":{"name":"Katherine Chan","@id":"https:\/\/www.millerthomson.com\/fr\/#\/schema\/person\/5473b50a564d1e37f327fdd79cb348f6"},"headline":"Voici MT Biosph\u00e8reMC : l\u2019infolettre du groupe Responsabilit\u00e9 sociale d\u2019entreprise et march\u00e9 du carbone","datePublished":"2023-01-12T18:30:19+00:00","mainEntityOfPage":{"@id":"https:\/\/www.millerthomson.com\/fr\/perspectives-juridiques\/responsabilite-sociale-dentreprise-et-du-marche-du-carbone\/biosphere-miller-thomson-responsabilite-sociale-entreprise-marche-carbone\/"},"wordCount":729,"publisher":{"@id":"https:\/\/www.millerthomson.com\/fr\/#organization"},"image":{"@id":"https:\/\/www.millerthomson.com\/fr\/perspectives-juridiques\/responsabilite-sociale-dentreprise-et-du-marche-du-carbone\/biosphere-miller-thomson-responsabilite-sociale-entreprise-marche-carbone\/#primaryimage"},"thumbnailUrl":"https:\/\/www.millerthomson.com\/wp-content\/uploads\/2024\/10\/Insights_ESG-and-Carbon-Finance_Post-Image.jpg","articleSection":["Responsabilit\u00e9 sociale d\u2019entreprise (RSE) et march\u00e9 du carbone"],"inLanguage":"fr-FR"},{"@type":["WebPage","ItemPage"],"@id":"https:\/\/www.millerthomson.com\/fr\/perspectives-juridiques\/responsabilite-sociale-dentreprise-et-du-marche-du-carbone\/biosphere-miller-thomson-responsabilite-sociale-entreprise-marche-carbone\/","url":"https:\/\/www.millerthomson.com\/fr\/perspectives-juridiques\/responsabilite-sociale-dentreprise-et-du-marche-du-carbone\/biosphere-miller-thomson-responsabilite-sociale-entreprise-marche-carbone\/","name":"Voici MT Biosph\u00e8reMC : l\u2019infolettre du groupe Responsabilit\u00e9 sociale d\u2019entreprise et march\u00e9 du carbone | Miller Thomson","isPartOf":{"@id":"https:\/\/www.millerthomson.com\/fr\/#website"},"primaryImageOfPage":{"@id":"https:\/\/www.millerthomson.com\/fr\/perspectives-juridiques\/responsabilite-sociale-dentreprise-et-du-marche-du-carbone\/biosphere-miller-thomson-responsabilite-sociale-entreprise-marche-carbone\/#primaryimage"},"image":{"@id":"https:\/\/www.millerthomson.com\/fr\/perspectives-juridiques\/responsabilite-sociale-dentreprise-et-du-marche-du-carbone\/biosphere-miller-thomson-responsabilite-sociale-entreprise-marche-carbone\/#primaryimage"},"thumbnailUrl":"https:\/\/www.millerthomson.com\/wp-content\/uploads\/2024\/10\/Insights_ESG-and-Carbon-Finance_Post-Image.jpg","datePublished":"2023-01-12T18:30:19+00:00","breadcrumb":{"@id":"https:\/\/www.millerthomson.com\/fr\/perspectives-juridiques\/responsabilite-sociale-dentreprise-et-du-marche-du-carbone\/biosphere-miller-thomson-responsabilite-sociale-entreprise-marche-carbone\/#breadcrumb"},"inLanguage":"fr-FR","potentialAction":[{"@type":"ReadAction","target":["https:\/\/www.millerthomson.com\/fr\/perspectives-juridiques\/responsabilite-sociale-dentreprise-et-du-marche-du-carbone\/biosphere-miller-thomson-responsabilite-sociale-entreprise-marche-carbone\/"]}]},{"@type":"ImageObject","inLanguage":"fr-FR","@id":"https:\/\/www.millerthomson.com\/fr\/perspectives-juridiques\/responsabilite-sociale-dentreprise-et-du-marche-du-carbone\/biosphere-miller-thomson-responsabilite-sociale-entreprise-marche-carbone\/#primaryimage","url":"https:\/\/www.millerthomson.com\/wp-content\/uploads\/2024\/10\/Insights_ESG-and-Carbon-Finance_Post-Image.jpg","contentUrl":"https:\/\/www.millerthomson.com\/wp-content\/uploads\/2024\/10\/Insights_ESG-and-Carbon-Finance_Post-Image.jpg","width":1776,"height":994},{"@type":"BreadcrumbList","@id":"https:\/\/www.millerthomson.com\/fr\/perspectives-juridiques\/responsabilite-sociale-dentreprise-et-du-marche-du-carbone\/biosphere-miller-thomson-responsabilite-sociale-entreprise-marche-carbone\/#breadcrumb","itemListElement":[{"@type":"ListItem","position":1,"name":"Accueil","item":"https:\/\/www.millerthomson.com\/fr\/"},{"@type":"ListItem","position":2,"name":"Voici MT Biosph\u00e8reMC : l\u2019infolettre du groupe Responsabilit\u00e9 sociale d\u2019entreprise et march\u00e9 du carbone"}]},{"@type":"WebSite","@id":"https:\/\/www.millerthomson.com\/fr\/#website","url":"https:\/\/www.millerthomson.com\/fr\/","name":"Miller Thomson | Cabinet de droit des affaires pancanadien","description":"National law firm providing business law expertise and litigation and disputes services for businesses across Canada since 1957.","publisher":{"@id":"https:\/\/www.millerthomson.com\/fr\/#organization"},"potentialAction":[{"@type":"SearchAction","target":{"@type":"EntryPoint","urlTemplate":"https:\/\/www.millerthomson.com\/fr\/?s={search_term_string}"},"query-input":{"@type":"PropertyValueSpecification","valueRequired":true,"valueName":"search_term_string"}}],"inLanguage":"fr-FR"},{"@type":"Organization","@id":"https:\/\/www.millerthomson.com\/fr\/#organization","name":"Miller Thomson | Cabinet de droit des affaires pancanadien","url":"https:\/\/www.millerthomson.com\/fr\/","logo":{"@type":"ImageObject","inLanguage":"fr-FR","@id":"https:\/\/www.millerthomson.com\/fr\/#\/schema\/logo\/image\/","url":"https:\/\/www.millerthomson.com\/wp-content\/uploads\/2024\/10\/miller-thomson.svg","contentUrl":"https:\/\/www.millerthomson.com\/wp-content\/uploads\/2024\/10\/miller-thomson.svg","width":380,"height":50,"caption":"Miller Thomson | Cabinet de droit des affaires pancanadien"},"image":{"@id":"https:\/\/www.millerthomson.com\/fr\/#\/schema\/logo\/image\/"},"sameAs":["https:\/\/www.facebook.com\/MillerThomsonLaw\/","https:\/\/x.com\/millerthomson","https:\/\/www.linkedin.com\/company\/miller-thomson-llp\/","https:\/\/www.youtube.com\/@millerthomson"]},{"@type":"Person","@id":"https:\/\/www.millerthomson.com\/fr\/#\/schema\/person\/5473b50a564d1e37f327fdd79cb348f6","name":"Katherine Chan","image":{"@type":"ImageObject","inLanguage":"fr-FR","@id":"https:\/\/www.millerthomson.com\/fr\/#\/schema\/person\/image\/","url":"https:\/\/secure.gravatar.com\/avatar\/da8a18c240b27905220d948a87957ba19ab6de326b44a2ce3072235c121f996f?s=96&d=mm&r=g","contentUrl":"https:\/\/secure.gravatar.com\/avatar\/da8a18c240b27905220d948a87957ba19ab6de326b44a2ce3072235c121f996f?s=96&d=mm&r=g","caption":"Katherine Chan"}}]}},"_links":{"self":[{"href":"https:\/\/www.millerthomson.com\/fr\/wp-json\/wp\/v2\/posts\/11859","targetHints":{"allow":["GET"]}}],"collection":[{"href":"https:\/\/www.millerthomson.com\/fr\/wp-json\/wp\/v2\/posts"}],"about":[{"href":"https:\/\/www.millerthomson.com\/fr\/wp-json\/wp\/v2\/types\/post"}],"author":[{"embeddable":true,"href":"https:\/\/www.millerthomson.com\/fr\/wp-json\/wp\/v2\/users\/5"}],"replies":[{"embeddable":true,"href":"https:\/\/www.millerthomson.com\/fr\/wp-json\/wp\/v2\/comments?post=11859"}],"version-history":[{"count":0,"href":"https:\/\/www.millerthomson.com\/fr\/wp-json\/wp\/v2\/posts\/11859\/revisions"}],"wp:featuredmedia":[{"embeddable":true,"href":"https:\/\/www.millerthomson.com\/fr\/wp-json\/wp\/v2\/media\/14352"}],"wp:attachment":[{"href":"https:\/\/www.millerthomson.com\/fr\/wp-json\/wp\/v2\/media?parent=11859"}],"wp:term":[{"taxonomy":"category","embeddable":true,"href":"https:\/\/www.millerthomson.com\/fr\/wp-json\/wp\/v2\/categories?post=11859"},{"taxonomy":"insight-format","embeddable":true,"href":"https:\/\/www.millerthomson.com\/fr\/wp-json\/wp\/v2\/insight-format?post=11859"}],"curies":[{"name":"wp","href":"https:\/\/api.w.org\/{rel}","templated":true}]}}