{"id":7839,"date":"2024-04-25T18:48:53","date_gmt":"2024-04-25T22:48:53","guid":{"rendered":"https:\/\/www.millerthomson.com\/news\/miller-thomson-cree-le-groupe-technologies-propriete-intellectuelle-et-protection-de-la-vie-privee\/"},"modified":"2024-12-01T13:18:05","modified_gmt":"2024-12-01T18:18:05","slug":"miller-thomson-cree-le-groupe-technologies-propriete-intellectuelle-et-protection-de-la-vie-privee","status":"publish","type":"news","link":"https:\/\/www.millerthomson.com\/fr\/nouvelles\/miller-thomson-cree-le-groupe-technologies-propriete-intellectuelle-et-protection-de-la-vie-privee\/","title":{"rendered":"Miller Thomson cr\u00e9e le groupe Technologies, propri\u00e9t\u00e9 intellectuelle et protection de la vie priv\u00e9e"},"content":{"rendered":"<p><span class=\"xn-person\">Miller Thomson<\/span>\u00a0a le plaisir d&rsquo;annoncer la mise sur pied de son groupe combin\u00e9\u00a0<a href=\"https:\/\/www.millerthomson.com\/fr\/expertise\/business-fr\/technologies-propriete-intellectuelle-et-protection-de-la-vie-privee\/\" rel=\"nofollow noopener\">Technologies, propri\u00e9t\u00e9 intellectuelle et protection de la vie priv\u00e9e<\/a>.\u00a0Ce groupe d&rsquo;avocats sp\u00e9cialis\u00e9s est particuli\u00e8rement bien plac\u00e9 pour aider les clients \u00e0 prot\u00e9ger et \u00e0 maximiser la valeur de leurs actifs de propri\u00e9t\u00e9 intellectuelle, tout en leur fournissant des conseils sur les questions li\u00e9es aux technologies et \u00e0 la vie priv\u00e9e.<\/p>\n<p>Dirig\u00e9 par l&rsquo;associ\u00e9\u00a0<a href=\"\/fr\/votre-equipe\/aiyaz-alibhai\/\"><span class=\"xn-person\">Aiyaz Alibhai<\/span><\/a>, le groupe Technologies, propri\u00e9t\u00e9 intellectuelle et protection de la vie priv\u00e9e de\u00a0<span class=\"xn-person\">Miller Thomson<\/span>\u00a0se compose d&rsquo;avocats qui ma\u00eetrisent bien les domaines des technologies, des marques de commerce, des brevets, du droit d&rsquo;auteur, de la vie priv\u00e9e, de la protection des donn\u00e9es et de la cybers\u00e9curit\u00e9, en plus d&rsquo;exceller dans la r\u00e9solution des diff\u00e9rends. Cette \u00e9quipe dynamique s&rsquo;attache principalement \u00e0 fournir des solutions sur mesure aux clients qui doivent composer avec la complexit\u00e9 de l&rsquo;environnement num\u00e9rique.<\/p>\n<p>Ce tout nouveau groupe d&rsquo;expertise, compos\u00e9 de sp\u00e9cialistes de divers domaines, offre des solutions juridiques compl\u00e8tes ax\u00e9es sur l&rsquo;adoption des technologies, l&rsquo;application des droits de propri\u00e9t\u00e9 intellectuelle et la prestation de conseils sur la protection de la vie priv\u00e9e et la cybers\u00e9curit\u00e9. Le groupe, dont le r\u00f4le consiste essentiellement \u00e0 r\u00e9pondre aux besoins divers des entreprises num\u00e9riques, \u00e0 prot\u00e9ger leurs actifs de propri\u00e9t\u00e9 intellectuelle et \u00e0 r\u00e9pondre \u00e0 leurs pr\u00e9occupations en mati\u00e8re de protection des donn\u00e9es, fournit des services cr\u00e9atifs, agiles et concurrentiels. Cette initiative vise \u00e0 valoriser et \u00e0 pr\u00e9server les actifs technologiques et de propri\u00e9t\u00e9 intellectuelle des clients, et \u00e0 faire en sorte que leurs strat\u00e9gies commerciales reposent sur des bases juridiques solides.<\/p>\n<p>\u00ab\u00a0Dans l&rsquo;environnement num\u00e9rique actuel, il est essentiel de fournir des services juridiques fiables pour aider les entreprises \u00e0 innover, \u00e0 prendre de l&rsquo;expansion et \u00e0 prot\u00e9ger leurs actifs inestimables,\u00a0\u00bb fait remarquer\u00a0<a href=\"\/fr\/votre-equipe\/jay-m-hoffman\/\">Jay\u00a0Hoffman<\/a>,\u00a0pr\u00e9sident du groupe Droit des affaires de\u00a0<span class=\"xn-person\">Miller Thomson<\/span>. \u00ab\u00a0Le leadership d&rsquo;<span class=\"xn-person\">Aiyaz Alibhai<\/span>\u00a0contribuera consid\u00e9rablement \u00e0 la capacit\u00e9 de notre \u00e9quipe exceptionnelle \u00e0 offrir des conseils juridiques pratiques aux clients qui exercent leurs activit\u00e9s dans les domaines en constante \u00e9volution des technologies, de la propri\u00e9t\u00e9 intellectuelle et de la protection de la vie priv\u00e9e.\u00a0\u00bb<\/p>\n<p>Les journalistes qui souhaitent solliciter une entrevue sont pri\u00e9s de communiquer par courriel avec\u00a0<span class=\"xn-person\">Julie Lajoye<\/span>, directrice principale des communications, \u00e0 l&rsquo;adresse\u00a0<a href=\"mailto:jlajoye@millerthomson.com\" target=\"_blank\" rel=\"nofollow noopener\">jlajoye@millerthomson.com<\/a>.<\/p>\n<p><a href=\"https:\/\/www.newswire.ca\/fr\/news-releases\/miller-thomson-cree-le-groupe-technologies-propriete-intellectuelle-et-protection-de-la-vie-privee-808956715.html\" target=\"_blank\" rel=\"noopener\">Lire le communiqu\u00e9 de presse<\/a><\/p>\n","protected":false},"author":5,"featured_media":0,"template":"","news-category":[654],"class_list":["post-7839","news","type-news","status-publish","hentry"],"acf":[],"yoast_head":"<!-- This site is optimized with the Yoast SEO plugin v26.1.1 - https:\/\/yoast.com\/wordpress\/plugins\/seo\/ -->\n<title>Miller Thomson cr\u00e9e le groupe Technologies, propri\u00e9t\u00e9 intellectuelle et protection de la vie priv\u00e9e | Miller Thomson<\/title>\n<meta name=\"robots\" content=\"index, follow, max-snippet:-1, max-image-preview:large, max-video-preview:-1\" \/>\n<link rel=\"canonical\" href=\"https:\/\/www.millerthomson.com\/fr\/nouvelles\/miller-thomson-cree-le-groupe-technologies-propriete-intellectuelle-et-protection-de-la-vie-privee\/\" \/>\n<meta property=\"og:locale\" content=\"fr_FR\" \/>\n<meta property=\"og:type\" content=\"article\" \/>\n<meta property=\"og:title\" content=\"Miller Thomson cr\u00e9e le groupe Technologies, propri\u00e9t\u00e9 intellectuelle et protection de la vie priv\u00e9e | Miller Thomson\" \/>\n<meta property=\"og:description\" content=\"Miller Thomson\u00a0a le plaisir d&rsquo;annoncer la mise sur pied de son groupe combin\u00e9\u00a0Technologies, propri\u00e9t\u00e9 intellectuelle et protection de la vie priv\u00e9e.\u00a0Ce groupe d&rsquo;avocats sp\u00e9cialis\u00e9s est particuli\u00e8rement bien plac\u00e9 pour aider les clients \u00e0 prot\u00e9ger et \u00e0 maximiser la valeur de leurs actifs de propri\u00e9t\u00e9 intellectuelle, tout en leur fournissant des conseils sur les questions li\u00e9es [&hellip;]\" \/>\n<meta property=\"og:url\" content=\"https:\/\/www.millerthomson.com\/fr\/nouvelles\/miller-thomson-cree-le-groupe-technologies-propriete-intellectuelle-et-protection-de-la-vie-privee\/\" \/>\n<meta property=\"og:site_name\" content=\"Miller Thomson\" \/>\n<meta property=\"article:publisher\" content=\"https:\/\/www.facebook.com\/MillerThomsonLaw\/\" \/>\n<meta property=\"article:modified_time\" content=\"2024-12-01T18:18:05+00:00\" \/>\n<meta name=\"twitter:card\" content=\"summary_large_image\" \/>\n<meta name=\"twitter:site\" content=\"@millerthomson\" \/>\n<meta name=\"twitter:label1\" content=\"Est. reading time\" \/>\n\t<meta name=\"twitter:data1\" content=\"2 minutes\" \/>\n<script type=\"application\/ld+json\" class=\"yoast-schema-graph\">{\"@context\":\"https:\/\/schema.org\",\"@graph\":[{\"@type\":\"NewsArticle\",\"@id\":\"https:\/\/www.millerthomson.com\/fr\/nouvelles\/miller-thomson-cree-le-groupe-technologies-propriete-intellectuelle-et-protection-de-la-vie-privee\/#article\",\"isPartOf\":{\"@id\":\"https:\/\/www.millerthomson.com\/fr\/nouvelles\/miller-thomson-cree-le-groupe-technologies-propriete-intellectuelle-et-protection-de-la-vie-privee\/\"},\"author\":{\"name\":\"Katherine Chan\",\"@id\":\"https:\/\/www.millerthomson.com\/fr\/#\/schema\/person\/5473b50a564d1e37f327fdd79cb348f6\"},\"headline\":\"Miller Thomson cr\u00e9e le groupe Technologies, propri\u00e9t\u00e9 intellectuelle et protection de la vie priv\u00e9e\",\"datePublished\":\"2024-04-25T22:48:53+00:00\",\"dateModified\":\"2024-12-01T18:18:05+00:00\",\"mainEntityOfPage\":{\"@id\":\"https:\/\/www.millerthomson.com\/fr\/nouvelles\/miller-thomson-cree-le-groupe-technologies-propriete-intellectuelle-et-protection-de-la-vie-privee\/\"},\"wordCount\":438,\"publisher\":{\"@id\":\"https:\/\/www.millerthomson.com\/fr\/#organization\"},\"inLanguage\":\"fr-FR\"},{\"@type\":\"WebPage\",\"@id\":\"https:\/\/www.millerthomson.com\/fr\/nouvelles\/miller-thomson-cree-le-groupe-technologies-propriete-intellectuelle-et-protection-de-la-vie-privee\/\",\"url\":\"https:\/\/www.millerthomson.com\/fr\/nouvelles\/miller-thomson-cree-le-groupe-technologies-propriete-intellectuelle-et-protection-de-la-vie-privee\/\",\"name\":\"Miller Thomson cr\u00e9e le groupe Technologies, propri\u00e9t\u00e9 intellectuelle et protection de la vie priv\u00e9e | Miller Thomson\",\"isPartOf\":{\"@id\":\"https:\/\/www.millerthomson.com\/fr\/#website\"},\"datePublished\":\"2024-04-25T22:48:53+00:00\",\"dateModified\":\"2024-12-01T18:18:05+00:00\",\"breadcrumb\":{\"@id\":\"https:\/\/www.millerthomson.com\/fr\/nouvelles\/miller-thomson-cree-le-groupe-technologies-propriete-intellectuelle-et-protection-de-la-vie-privee\/#breadcrumb\"},\"inLanguage\":\"fr-FR\",\"potentialAction\":[{\"@type\":\"ReadAction\",\"target\":[\"https:\/\/www.millerthomson.com\/fr\/nouvelles\/miller-thomson-cree-le-groupe-technologies-propriete-intellectuelle-et-protection-de-la-vie-privee\/\"]}]},{\"@type\":\"BreadcrumbList\",\"@id\":\"https:\/\/www.millerthomson.com\/fr\/nouvelles\/miller-thomson-cree-le-groupe-technologies-propriete-intellectuelle-et-protection-de-la-vie-privee\/#breadcrumb\",\"itemListElement\":[{\"@type\":\"ListItem\",\"position\":1,\"name\":\"Accueil\",\"item\":\"https:\/\/www.millerthomson.com\/fr\/\"},{\"@type\":\"ListItem\",\"position\":2,\"name\":\"Nouvelles\",\"item\":\"https:\/\/www.millerthomson.com\/fr\/nouvelles\/\"},{\"@type\":\"ListItem\",\"position\":3,\"name\":\"Miller Thomson cr\u00e9e le groupe Technologies, propri\u00e9t\u00e9 intellectuelle et protection de la vie priv\u00e9e\"}]},{\"@type\":\"WebSite\",\"@id\":\"https:\/\/www.millerthomson.com\/fr\/#website\",\"url\":\"https:\/\/www.millerthomson.com\/fr\/\",\"name\":\"Miller Thomson | Cabinet de droit des affaires pancanadien\",\"description\":\"National law firm providing business law expertise and litigation and disputes services for businesses across Canada since 1957.\",\"publisher\":{\"@id\":\"https:\/\/www.millerthomson.com\/fr\/#organization\"},\"potentialAction\":[{\"@type\":\"SearchAction\",\"target\":{\"@type\":\"EntryPoint\",\"urlTemplate\":\"https:\/\/www.millerthomson.com\/fr\/?s={search_term_string}\"},\"query-input\":{\"@type\":\"PropertyValueSpecification\",\"valueRequired\":true,\"valueName\":\"search_term_string\"}}],\"inLanguage\":\"fr-FR\"},{\"@type\":\"Organization\",\"@id\":\"https:\/\/www.millerthomson.com\/fr\/#organization\",\"name\":\"Miller Thomson | Cabinet de droit des affaires pancanadien\",\"url\":\"https:\/\/www.millerthomson.com\/fr\/\",\"logo\":{\"@type\":\"ImageObject\",\"inLanguage\":\"fr-FR\",\"@id\":\"https:\/\/www.millerthomson.com\/fr\/#\/schema\/logo\/image\/\",\"url\":\"https:\/\/www.millerthomson.com\/wp-content\/uploads\/2024\/10\/miller-thomson.svg\",\"contentUrl\":\"https:\/\/www.millerthomson.com\/wp-content\/uploads\/2024\/10\/miller-thomson.svg\",\"width\":380,\"height\":50,\"caption\":\"Miller Thomson | Cabinet de droit des affaires pancanadien\"},\"image\":{\"@id\":\"https:\/\/www.millerthomson.com\/fr\/#\/schema\/logo\/image\/\"},\"sameAs\":[\"https:\/\/www.facebook.com\/MillerThomsonLaw\/\",\"https:\/\/x.com\/millerthomson\",\"https:\/\/www.linkedin.com\/company\/miller-thomson-llp\/\",\"https:\/\/www.youtube.com\/@millerthomson\"]},{\"@type\":\"Person\",\"@id\":\"https:\/\/www.millerthomson.com\/fr\/#\/schema\/person\/5473b50a564d1e37f327fdd79cb348f6\",\"name\":\"Katherine Chan\",\"image\":{\"@type\":\"ImageObject\",\"inLanguage\":\"fr-FR\",\"@id\":\"https:\/\/www.millerthomson.com\/fr\/#\/schema\/person\/image\/\",\"url\":\"https:\/\/secure.gravatar.com\/avatar\/da8a18c240b27905220d948a87957ba19ab6de326b44a2ce3072235c121f996f?s=96&d=mm&r=g\",\"contentUrl\":\"https:\/\/secure.gravatar.com\/avatar\/da8a18c240b27905220d948a87957ba19ab6de326b44a2ce3072235c121f996f?s=96&d=mm&r=g\",\"caption\":\"Katherine Chan\"}}]}<\/script>\n<!-- \/ Yoast SEO plugin. -->","yoast_head_json":{"title":"Miller Thomson cr\u00e9e le groupe Technologies, propri\u00e9t\u00e9 intellectuelle et protection de la vie priv\u00e9e | Miller Thomson","robots":{"index":"index","follow":"follow","max-snippet":"max-snippet:-1","max-image-preview":"max-image-preview:large","max-video-preview":"max-video-preview:-1"},"canonical":"https:\/\/www.millerthomson.com\/fr\/nouvelles\/miller-thomson-cree-le-groupe-technologies-propriete-intellectuelle-et-protection-de-la-vie-privee\/","og_locale":"fr_FR","og_type":"article","og_title":"Miller Thomson cr\u00e9e le groupe Technologies, propri\u00e9t\u00e9 intellectuelle et protection de la vie priv\u00e9e | Miller Thomson","og_description":"Miller Thomson\u00a0a le plaisir d&rsquo;annoncer la mise sur pied de son groupe combin\u00e9\u00a0Technologies, propri\u00e9t\u00e9 intellectuelle et protection de la vie priv\u00e9e.\u00a0Ce groupe d&rsquo;avocats sp\u00e9cialis\u00e9s est particuli\u00e8rement bien plac\u00e9 pour aider les clients \u00e0 prot\u00e9ger et \u00e0 maximiser la valeur de leurs actifs de propri\u00e9t\u00e9 intellectuelle, tout en leur fournissant des conseils sur les questions li\u00e9es [&hellip;]","og_url":"https:\/\/www.millerthomson.com\/fr\/nouvelles\/miller-thomson-cree-le-groupe-technologies-propriete-intellectuelle-et-protection-de-la-vie-privee\/","og_site_name":"Miller Thomson","article_publisher":"https:\/\/www.facebook.com\/MillerThomsonLaw\/","article_modified_time":"2024-12-01T18:18:05+00:00","twitter_card":"summary_large_image","twitter_site":"@millerthomson","twitter_misc":{"Est. reading time":"2 minutes"},"schema":{"@context":"https:\/\/schema.org","@graph":[{"@type":"NewsArticle","@id":"https:\/\/www.millerthomson.com\/fr\/nouvelles\/miller-thomson-cree-le-groupe-technologies-propriete-intellectuelle-et-protection-de-la-vie-privee\/#article","isPartOf":{"@id":"https:\/\/www.millerthomson.com\/fr\/nouvelles\/miller-thomson-cree-le-groupe-technologies-propriete-intellectuelle-et-protection-de-la-vie-privee\/"},"author":{"name":"Katherine Chan","@id":"https:\/\/www.millerthomson.com\/fr\/#\/schema\/person\/5473b50a564d1e37f327fdd79cb348f6"},"headline":"Miller Thomson cr\u00e9e le groupe Technologies, propri\u00e9t\u00e9 intellectuelle et protection de la vie priv\u00e9e","datePublished":"2024-04-25T22:48:53+00:00","dateModified":"2024-12-01T18:18:05+00:00","mainEntityOfPage":{"@id":"https:\/\/www.millerthomson.com\/fr\/nouvelles\/miller-thomson-cree-le-groupe-technologies-propriete-intellectuelle-et-protection-de-la-vie-privee\/"},"wordCount":438,"publisher":{"@id":"https:\/\/www.millerthomson.com\/fr\/#organization"},"inLanguage":"fr-FR"},{"@type":"WebPage","@id":"https:\/\/www.millerthomson.com\/fr\/nouvelles\/miller-thomson-cree-le-groupe-technologies-propriete-intellectuelle-et-protection-de-la-vie-privee\/","url":"https:\/\/www.millerthomson.com\/fr\/nouvelles\/miller-thomson-cree-le-groupe-technologies-propriete-intellectuelle-et-protection-de-la-vie-privee\/","name":"Miller Thomson cr\u00e9e le groupe Technologies, propri\u00e9t\u00e9 intellectuelle et protection de la vie priv\u00e9e | Miller Thomson","isPartOf":{"@id":"https:\/\/www.millerthomson.com\/fr\/#website"},"datePublished":"2024-04-25T22:48:53+00:00","dateModified":"2024-12-01T18:18:05+00:00","breadcrumb":{"@id":"https:\/\/www.millerthomson.com\/fr\/nouvelles\/miller-thomson-cree-le-groupe-technologies-propriete-intellectuelle-et-protection-de-la-vie-privee\/#breadcrumb"},"inLanguage":"fr-FR","potentialAction":[{"@type":"ReadAction","target":["https:\/\/www.millerthomson.com\/fr\/nouvelles\/miller-thomson-cree-le-groupe-technologies-propriete-intellectuelle-et-protection-de-la-vie-privee\/"]}]},{"@type":"BreadcrumbList","@id":"https:\/\/www.millerthomson.com\/fr\/nouvelles\/miller-thomson-cree-le-groupe-technologies-propriete-intellectuelle-et-protection-de-la-vie-privee\/#breadcrumb","itemListElement":[{"@type":"ListItem","position":1,"name":"Accueil","item":"https:\/\/www.millerthomson.com\/fr\/"},{"@type":"ListItem","position":2,"name":"Nouvelles","item":"https:\/\/www.millerthomson.com\/fr\/nouvelles\/"},{"@type":"ListItem","position":3,"name":"Miller Thomson cr\u00e9e le groupe Technologies, propri\u00e9t\u00e9 intellectuelle et protection de la vie priv\u00e9e"}]},{"@type":"WebSite","@id":"https:\/\/www.millerthomson.com\/fr\/#website","url":"https:\/\/www.millerthomson.com\/fr\/","name":"Miller Thomson | Cabinet de droit des affaires pancanadien","description":"National law firm providing business law expertise and litigation and disputes services for businesses across Canada since 1957.","publisher":{"@id":"https:\/\/www.millerthomson.com\/fr\/#organization"},"potentialAction":[{"@type":"SearchAction","target":{"@type":"EntryPoint","urlTemplate":"https:\/\/www.millerthomson.com\/fr\/?s={search_term_string}"},"query-input":{"@type":"PropertyValueSpecification","valueRequired":true,"valueName":"search_term_string"}}],"inLanguage":"fr-FR"},{"@type":"Organization","@id":"https:\/\/www.millerthomson.com\/fr\/#organization","name":"Miller Thomson | Cabinet de droit des affaires pancanadien","url":"https:\/\/www.millerthomson.com\/fr\/","logo":{"@type":"ImageObject","inLanguage":"fr-FR","@id":"https:\/\/www.millerthomson.com\/fr\/#\/schema\/logo\/image\/","url":"https:\/\/www.millerthomson.com\/wp-content\/uploads\/2024\/10\/miller-thomson.svg","contentUrl":"https:\/\/www.millerthomson.com\/wp-content\/uploads\/2024\/10\/miller-thomson.svg","width":380,"height":50,"caption":"Miller Thomson | Cabinet de droit des affaires pancanadien"},"image":{"@id":"https:\/\/www.millerthomson.com\/fr\/#\/schema\/logo\/image\/"},"sameAs":["https:\/\/www.facebook.com\/MillerThomsonLaw\/","https:\/\/x.com\/millerthomson","https:\/\/www.linkedin.com\/company\/miller-thomson-llp\/","https:\/\/www.youtube.com\/@millerthomson"]},{"@type":"Person","@id":"https:\/\/www.millerthomson.com\/fr\/#\/schema\/person\/5473b50a564d1e37f327fdd79cb348f6","name":"Katherine Chan","image":{"@type":"ImageObject","inLanguage":"fr-FR","@id":"https:\/\/www.millerthomson.com\/fr\/#\/schema\/person\/image\/","url":"https:\/\/secure.gravatar.com\/avatar\/da8a18c240b27905220d948a87957ba19ab6de326b44a2ce3072235c121f996f?s=96&d=mm&r=g","contentUrl":"https:\/\/secure.gravatar.com\/avatar\/da8a18c240b27905220d948a87957ba19ab6de326b44a2ce3072235c121f996f?s=96&d=mm&r=g","caption":"Katherine Chan"}}]}},"_links":{"self":[{"href":"https:\/\/www.millerthomson.com\/fr\/wp-json\/wp\/v2\/news\/7839","targetHints":{"allow":["GET"]}}],"collection":[{"href":"https:\/\/www.millerthomson.com\/fr\/wp-json\/wp\/v2\/news"}],"about":[{"href":"https:\/\/www.millerthomson.com\/fr\/wp-json\/wp\/v2\/types\/news"}],"author":[{"embeddable":true,"href":"https:\/\/www.millerthomson.com\/fr\/wp-json\/wp\/v2\/users\/5"}],"version-history":[{"count":0,"href":"https:\/\/www.millerthomson.com\/fr\/wp-json\/wp\/v2\/news\/7839\/revisions"}],"wp:attachment":[{"href":"https:\/\/www.millerthomson.com\/fr\/wp-json\/wp\/v2\/media?parent=7839"}],"wp:term":[{"taxonomy":"news-category","embeddable":true,"href":"https:\/\/www.millerthomson.com\/fr\/wp-json\/wp\/v2\/news-category?post=7839"}],"curies":[{"name":"wp","href":"https:\/\/api.w.org\/{rel}","templated":true}]}}