{"id":7838,"date":"2024-03-06T15:58:20","date_gmt":"2024-03-06T20:58:20","guid":{"rendered":"https:\/\/www.millerthomson.com\/news\/lexpert-reconnait-lexpertise-de-117-avocats-de-miller-thomson-dans-son-classement-annuel-des-plus-eminents-avocats-canadiens\/"},"modified":"2026-02-20T19:00:19","modified_gmt":"2026-02-21T00:00:19","slug":"lexpert-reconnait-lexpertise-de-117-avocats-de-miller-thomson-dans-son-classement-annuel-des-plus-eminents-avocats-canadiens","status":"publish","type":"news","link":"https:\/\/www.millerthomson.com\/fr\/nouvelles\/lexpert-reconnait-lexpertise-de-117-avocats-de-miller-thomson-dans-son-classement-annuel-des-plus-eminents-avocats-canadiens\/","title":{"rendered":"Lexpert reconna\u00eet l\u2019expertise de avocats de Miller Thomson dans son classement annuel des plus \u00e9minents avocats canadiens"},"content":{"rendered":"\n<p>Refl\u00e9tant l\u2019\u00e9tendue de l\u2019exp\u00e9rience du cabinet, avocats de Miller Thomson sont apparus \u00e0 l\u2019\u00e9dition de 2024 du r\u00e9pertoire Lexpert. <\/p>\n\n\n\n<p>Le <a href=\"https:\/\/www.lexpert.ca\/law-firms\/miller-thomson-llp-115\">Canadian Legal Lexpert Directory<\/a> est un guide complet des meilleurs talents juridiques au Canada. Il est compil\u00e9 \u00e0 la suite d\u2019un processus exhaustif d\u2019\u00e9valuation par des personnes reconnues comme des leaders dans leurs domaines respectifs.<\/p>\n\n\n\n<p>Vous trouverez notre classement complet dans le r\u00e9pertoire de 2024 ci-dessous&nbsp;:<\/p>\n\n\n\n<h2 class=\"wp-block-heading\">CLASSEMENT DU CABINET<\/h2>\n\n\n\n<ul class=\"wp-block-list\">\n<li>Am\u00e9nagement immobilier<\/li>\n\n\n\n<li>Droit autochtone<\/li>\n\n\n\n<li>Droit bancaire et institutions financi\u00e8res<\/li>\n\n\n\n<li>Droit de l\u2019environnement<\/li>\n\n\n\n<li>Droit de la construction<\/li>\n\n\n\n<li>Droit des soci\u00e9t\u00e9s et droit commercial<\/li>\n\n\n\n<li>Droit du divertissement<\/li>\n\n\n\n<li>Droit du franchisage<\/li>\n\n\n\n<li>Droit minier<\/li>\n\n\n\n<li>\u00c9nergie (industrie p\u00e9troli\u00e8re et gazi\u00e8re)<\/li>\n\n\n\n<li>Financement et location d\u2019\u00e9quipement<\/li>\n\n\n\n<li>Fiscalit\u00e9 des entreprises<\/li>\n\n\n\n<li>Fusions et acquisitions<\/li>\n\n\n\n<li>Insolvabilit\u00e9 et r\u00e9organisation d\u2019entreprise<\/li>\n\n\n\n<li>Litiges en mati\u00e8re de droit des soci\u00e9t\u00e9s et de droit commercial<\/li>\n\n\n\n<li>Litiges en mati\u00e8re de fiscalit\u00e9 des entreprises<\/li>\n\n\n\n<li>Litiges relatifs aux assurances commerciales<\/li>\n\n\n\n<li>Location immobili\u00e8re<\/li>\n\n\n\n<li>N\u00e9gligence m\u00e9dicale<\/li>\n\n\n\n<li>Relations de travail<\/li>\n\n\n\n<li>Responsabilit\u00e9 professionnelle<\/li>\n\n\n\n<li>Transport (routes et rails)<\/li>\n\n\n\n<li>Valeurs mobili\u00e8res et financement d\u2019entreprise<\/li>\n<\/ul>\n\n\n\n<h2 class=\"wp-block-heading\">CLASSEMENTS INDIVIDUELS<\/h2>\n\n\n\n<p><strong>Am\u00e9nagement immobilier<\/strong><\/p>\n\n\n\n<ul class=\"wp-block-list\">\n<li>Aaron E. Atcheson<\/li>\n\n\n\n<li>Steven J. O\u2019Melia<\/li>\n\n\n\n<li>Joshua I. Selby<\/li>\n<\/ul>\n\n\n\n<p><strong>Capitaux priv\u00e9s<\/strong><\/p>\n\n\n\n<ul class=\"wp-block-list\">\n<li>Lawrence D.&nbsp;Wilder<\/li>\n<\/ul>\n\n\n\n<p><strong>Divertissement<\/strong><\/p>\n\n\n\n<ul class=\"wp-block-list\">\n<li>Dean Chenoy<\/li>\n\n\n\n<li>Jonathan F. Dyck<\/li>\n\n\n\n<li>Philippe St-Louis<\/li>\n<\/ul>\n\n\n\n<p><strong>Dommages corporels (repr\u00e9sentation des d\u00e9fendeurs)<\/strong><\/p>\n\n\n\n<ul class=\"wp-block-list\">\n<li>Chris T. J. Blom<\/li>\n\n\n\n<li>Michael J. Pucylo<\/li>\n<\/ul>\n\n\n\n<p><strong>Dommages corporels (repr\u00e9sentation des demandeurs)<\/strong><\/p>\n\n\n\n<ul class=\"wp-block-list\">\n<li>Hollick Chipman<\/li>\n\n\n\n<li>Robyn L. Meara<\/li>\n\n\n\n<li>Michael J. Pucylo<\/li>\n<\/ul>\n\n\n\n<p><strong>Droit bancaire et institutions financi\u00e8res<\/strong><\/p>\n\n\n\n<ul class=\"wp-block-list\">\n<li>Jonathan F. Dyck<\/li>\n\n\n\n<li>Barbara Farina<\/li>\n\n\n\n<li>Eric F. W. Johnson<\/li>\n\n\n\n<li>Michael J. Morcom<\/li>\n\n\n\n<li>Boris M. Muchalov<\/li>\n\n\n\n<li>Amanda Plastina<\/li>\n\n\n\n<li>David Reynolds<\/li>\n\n\n\n<li>Kenneth R. Rosenstein<\/li>\n\n\n\n<li>Kristina M.&nbsp;Shaw<\/li>\n\n\n\n<li>Rick M. Van Beselaere<\/li>\n<\/ul>\n\n\n\n<p><strong>Droit de l\u2019emploi (employ\u00e9)<\/strong><\/p>\n\n\n\n<ul class=\"wp-block-list\">\n<li>Lisa S. Goodfellow<\/li>\n<\/ul>\n\n\n\n<p><strong>Droit de l\u2019emploi (employeur)<\/strong><\/p>\n\n\n\n<ul class=\"wp-block-list\">\n<li>Thomas V.&nbsp;Duke<\/li>\n\n\n\n<li>Lisa S. Goodfellow<\/li>\n\n\n\n<li>Jill W.&nbsp;Wilkie<\/li>\n\n\n\n<li>Lawrence Witt<\/li>\n<\/ul>\n\n\n\n<p><strong>Droit de l\u2019environnement<\/strong><\/p>\n\n\n\n<ul class=\"wp-block-list\">\n<li>Aaron E. Atcheson<\/li>\n\n\n\n<li>Bryan J. Buttigieg<\/li>\n\n\n\n<li>Tamara Farber<\/li>\n<\/ul>\n\n\n\n<p><strong>Droit de l\u2019infrastructure<\/strong><\/p>\n\n\n\n<ul class=\"wp-block-list\">\n<li>Scott J. Hammel<\/li>\n<\/ul>\n\n\n\n<p><strong>Droit de la concurrence<\/strong><\/p>\n\n\n\n<ul class=\"wp-block-list\">\n<li>Eric J. Dufour<\/li>\n<\/ul>\n\n\n\n<p><strong>Droit de la construction<\/strong><\/p>\n\n\n\n<ul class=\"wp-block-list\">\n<li>Gerry Argento<\/li>\n\n\n\n<li>Dra\u017een F. Bulat<\/li>\n\n\n\n<li>Yannick Forget<\/li>\n\n\n\n<li>Guy Gilain<\/li>\n\n\n\n<li>Lori Goldberg<\/li>\n\n\n\n<li>Paul Guaragna<\/li>\n\n\n\n<li>Scott J. Hammel<\/li>\n\n\n\n<li>Emma L. Johnston<\/li>\n\n\n\n<li>Jasmin Lefebvre<\/li>\n<\/ul>\n\n\n\n<p><strong>Droit de la famille<\/strong><\/p>\n\n\n\n<ul class=\"wp-block-list\">\n<li>Rebecca Grosz<\/li>\n\n\n\n<li>Belinda Rossi<\/li>\n<\/ul>\n\n\n\n<p><strong>Droit des soci\u00e9t\u00e9s (PME)<\/strong><\/p>\n\n\n\n<ul class=\"wp-block-list\">\n<li>Philipp Park<\/li>\n\n\n\n<li>Lawrence D.&nbsp;Wilder<\/li>\n<\/ul>\n\n\n\n<p><strong>Droit des soci\u00e9t\u00e9s et droit commercial<\/strong><\/p>\n\n\n\n<ul class=\"wp-block-list\">\n<li>Louis A. Amato-Gauci<\/li>\n\n\n\n<li>Michael P. Caruso<\/li>\n\n\n\n<li>Andy C. Y. Chan<\/li>\n\n\n\n<li>Ryan Done<\/li>\n\n\n\n<li>Eric F.&nbsp;W.&nbsp;Johnson<\/li>\n\n\n\n<li>Adam J.&nbsp;Kline<\/li>\n\n\n\n<li>Jason Kroft<\/li>\n\n\n\n<li>Dwayne K.&nbsp;Kuiper<\/li>\n\n\n\n<li>Glen S.&nbsp;Lekach<\/li>\n\n\n\n<li>Philipp Park<\/li>\n\n\n\n<li>Farah Rohoman<\/li>\n\n\n\n<li>Eric N. Schneider<\/li>\n\n\n\n<li>Kristina M.&nbsp;Shaw<\/li>\n\n\n\n<li>Max Spearn<\/li>\n<\/ul>\n\n\n\n<p><strong>Droit du franchisage (franchis\u00e9)<\/strong><\/p>\n\n\n\n<ul class=\"wp-block-list\">\n<li>Richard&nbsp;D.&nbsp;Leblanc<\/li>\n<\/ul>\n\n\n\n<p><strong>Droit du franchisage (franchiseur)<\/strong><\/p>\n\n\n\n<ul class=\"wp-block-list\">\n<li>Pascale Cloutier<\/li>\n\n\n\n<li>Richard&nbsp;D.&nbsp;Leblanc<\/li>\n<\/ul>\n\n\n\n<p><strong>Enjeux environnementaux, sociaux et de gouvernance<\/strong><\/p>\n\n\n\n<ul class=\"wp-block-list\">\n<li>Aaron E. Atcheson<\/li>\n\n\n\n<li>Bryan J. Buttigieg<\/li>\n\n\n\n<li>Tamara Farber<\/li>\n<\/ul>\n\n\n\n<p><strong>Financement et location d\u2019\u00e9quipement<\/strong><\/p>\n\n\n\n<ul class=\"wp-block-list\">\n<li>Kenneth R. Rosenstein<\/li>\n<\/ul>\n\n\n\n<p><strong>Fiscalit\u00e9 des entreprises<\/strong><\/p>\n\n\n\n<ul class=\"wp-block-list\">\n<li>Wendi P. Crowe<\/li>\n\n\n\n<li>Andrew Etcovitch<\/li>\n\n\n\n<li>William J. Fowlis<\/li>\n\n\n\n<li>Bryant D.&nbsp;Frydberg<\/li>\n\n\n\n<li>Joan E.&nbsp;Jung<\/li>\n\n\n\n<li>Colleen Ma<\/li>\n\n\n\n<li>Joseph W. Yurkovich<\/li>\n<\/ul>\n\n\n\n<p><strong>Fusions et acquisitions<\/strong><\/p>\n\n\n\n<ul class=\"wp-block-list\">\n<li>Ryan Done<\/li>\n\n\n\n<li>Jay M.&nbsp;Hoffman<\/li>\n\n\n\n<li>Adam J.&nbsp;Kline<\/li>\n\n\n\n<li>Philipp Park<\/li>\n\n\n\n<li>Max Spearn<\/li>\n\n\n\n<li>Lawrence D.&nbsp;Wilder<\/li>\n<\/ul>\n\n\n\n<p><strong>Insolvabilit\u00e9 et r\u00e9organisation d\u2019entreprise (litige en mati\u00e8re d\u2019insolvabilit\u00e9)<\/strong><\/p>\n\n\n\n<ul class=\"wp-block-list\">\n<li>Larry Ellis<\/li>\n\n\n\n<li>Gavin H. Finlayson<\/li>\n\n\n\n<li>Craig A.&nbsp;Mills<\/li>\n\n\n\n<li>Bobby H. Sachdeva<\/li>\n<\/ul>\n\n\n\n<p><strong>Insolvabilit\u00e9 et r\u00e9organisation d\u2019entreprise (r\u00e9organisation d\u2019entreprise)<\/strong><\/p>\n\n\n\n<ul class=\"wp-block-list\">\n<li>Gregory R. Azeff<\/li>\n\n\n\n<li>Larry Ellis<\/li>\n\n\n\n<li>Kyla Mahar<\/li>\n\n\n\n<li>James W. Reid<\/li>\n\n\n\n<li>Rick M. Van Beselaere<\/li>\n\n\n\n<li>Anthony G.J. Van Klink<\/li>\n<\/ul>\n\n\n\n<p><strong>Litiges en mati\u00e8re de droit des soci\u00e9t\u00e9s et de droit commercial<\/strong><\/p>\n\n\n\n<ul class=\"wp-block-list\">\n<li>Mark E. Alexander<\/li>\n\n\n\n<li>Fadi Amine<\/li>\n\n\n\n<li>Scott J. Hammel<\/li>\n\n\n\n<li>Paul Morrison<\/li>\n\n\n\n<li>Yves Robillard<\/li>\n\n\n\n<li>Bobby H. Sachdeva<\/li>\n\n\n\n<li>James Zibarras<\/li>\n<\/ul>\n\n\n\n<p><strong>Litiges en mati\u00e8re de fiscalit\u00e9 des entreprises<\/strong><\/p>\n\n\n\n<ul class=\"wp-block-list\">\n<li>David W. Chodikoff<\/li>\n<\/ul>\n\n\n\n<p><strong>Litiges relatifs aux assurances commerciales<\/strong><\/p>\n\n\n\n<ul class=\"wp-block-list\">\n<li>Chris T. J. Blom<\/li>\n\n\n\n<li>Karen L. Weslowski<\/li>\n<\/ul>\n\n\n\n<p><strong>Location immobili\u00e8re<\/strong><\/p>\n\n\n\n<ul class=\"wp-block-list\">\n<li>Aaron E. Atcheson<\/li>\n\n\n\n<li>Steven L. Chaimberg<\/li>\n\n\n\n<li>Stuart Chaimberg<\/li>\n\n\n\n<li>John A. Doolan<\/li>\n\n\n\n<li>Perry Katz<\/li>\n\n\n\n<li>Jean Leonard<\/li>\n\n\n\n<li>Jessica Penley<\/li>\n\n\n\n<li>Joshua I. Selby<\/li>\n<\/ul>\n\n\n\n<p><strong>Organismes de bienfaisance et \u00e0 but non lucratif<\/strong><\/p>\n\n\n\n<ul class=\"wp-block-list\">\n<li>Sarah Fitzpatrick<\/li>\n\n\n\n<li>Elena Hoffstein<\/li>\n\n\n\n<li>Susan M. Manwaring<\/li>\n\n\n\n<li>Rosanne T. Rocchi<\/li>\n\n\n\n<li>Amanda Stacey<\/li>\n\n\n\n<li>David Tang<\/li>\n\n\n\n<li>Andrew Valentine<\/li>\n<\/ul>\n\n\n\n<p><strong>Pensions et avantages sociaux (employeur)<\/strong><\/p>\n\n\n\n<ul class=\"wp-block-list\">\n<li>Hugh Wright<\/li>\n<\/ul>\n\n\n\n<p><strong>Planification successorale et fiscale des particuliers (litiges successoraux)<\/strong><\/p>\n\n\n\n<ul class=\"wp-block-list\">\n<li>Howard S.&nbsp;Black<\/li>\n\n\n\n<li>Kelly A. Charlebois<\/li>\n\n\n\n<li>Jacklynn L. Pivovar<\/li>\n<\/ul>\n\n\n\n<p><strong>Planification successorale et fiscale des particuliers (planification successorale et fiscale)<\/strong><\/p>\n\n\n\n<ul class=\"wp-block-list\">\n<li>Gail Black<\/li>\n\n\n\n<li>Wendi P. Crowe<\/li>\n\n\n\n<li>William J. Fowlis<\/li>\n\n\n\n<li>Elena Hoffstein<\/li>\n\n\n\n<li>Joan E.&nbsp;Jung<\/li>\n\n\n\n<li>Shashi B. Malik<\/li>\n\n\n\n<li>Jacklynn L. Pivovar<\/li>\n\n\n\n<li>Nicole Woodward<\/li>\n<\/ul>\n\n\n\n<p><strong>Pr\u00eats garantis par des actifs<\/strong><\/p>\n\n\n\n<ul class=\"wp-block-list\">\n<li>Barbara Farina<\/li>\n\n\n\n<li>Nora F. Osbaldeston<\/li>\n\n\n\n<li>Amanda Plastina<\/li>\n\n\n\n<li>David Reynolds<\/li>\n\n\n\n<li>Kenneth R. Rosenstein<\/li>\n<\/ul>\n\n\n\n<p><strong>Protection des donn\u00e9es et de la vie priv\u00e9e<\/strong><\/p>\n\n\n\n<ul class=\"wp-block-list\">\n<li>David Krebs<\/li>\n<\/ul>\n\n\n\n<p><strong>Publicit\u00e9 et marketing<\/strong><\/p>\n\n\n\n<ul class=\"wp-block-list\">\n<li>Eric J. Dufour<\/li>\n<\/ul>\n\n\n\n<p><strong>Taxe de consommation et douanes<\/strong><\/p>\n\n\n\n<ul class=\"wp-block-list\">\n<li>Daniel L. Kiselbach<\/li>\n<\/ul>\n\n\n\n<p><strong>Transport (routes et rails)<\/strong><\/p>\n\n\n\n<ul class=\"wp-block-list\">\n<li>Louis A. Amato-Gauci<\/li>\n\n\n\n<li>Darin J. Hannaford<\/li>\n\n\n\n<li>Jaclyne Reive<\/li>\n<\/ul>\n\n\n\n<p><strong>Valeurs mobili\u00e8res et financement d\u2019entreprise<\/strong><\/p>\n\n\n\n<ul class=\"wp-block-list\">\n<li>Geoff Clarke<\/li>\n\n\n\n<li>Adam J.&nbsp;Kline<\/li>\n\n\n\n<li>Lawrence D.&nbsp;Wilder<\/li>\n<\/ul>\n","protected":false},"author":5,"featured_media":0,"template":"","news-category":[655],"class_list":["post-7838","news","type-news","status-publish","hentry"],"acf":[],"yoast_head":"<!-- This site is optimized with the Yoast SEO plugin v26.1.1 - https:\/\/yoast.com\/wordpress\/plugins\/seo\/ -->\n<title>Lexpert reconna\u00eet l\u2019expertise de avocats de Miller Thomson dans son classement annuel des plus \u00e9minents avocats canadiens | Miller Thomson<\/title>\n<meta name=\"robots\" content=\"index, follow, max-snippet:-1, max-image-preview:large, max-video-preview:-1\" \/>\n<link rel=\"canonical\" href=\"https:\/\/www.millerthomson.com\/fr\/nouvelles\/lexpert-reconnait-lexpertise-de-117-avocats-de-miller-thomson-dans-son-classement-annuel-des-plus-eminents-avocats-canadiens\/\" \/>\n<meta property=\"og:locale\" content=\"fr_FR\" \/>\n<meta property=\"og:type\" content=\"article\" \/>\n<meta property=\"og:title\" content=\"Lexpert reconna\u00eet l\u2019expertise de avocats de Miller Thomson dans son classement annuel des plus \u00e9minents avocats canadiens | Miller Thomson\" \/>\n<meta property=\"og:description\" content=\"Refl\u00e9tant l\u2019\u00e9tendue de l\u2019exp\u00e9rience du cabinet, avocats de Miller Thomson sont apparus \u00e0 l\u2019\u00e9dition de 2024 du r\u00e9pertoire Lexpert. Le Canadian Legal Lexpert Directory est un guide complet des meilleurs talents juridiques au Canada. Il est compil\u00e9 \u00e0 la suite d\u2019un processus exhaustif d\u2019\u00e9valuation par des personnes reconnues comme des leaders dans leurs domaines respectifs. [&hellip;]\" \/>\n<meta property=\"og:url\" content=\"https:\/\/www.millerthomson.com\/fr\/nouvelles\/lexpert-reconnait-lexpertise-de-117-avocats-de-miller-thomson-dans-son-classement-annuel-des-plus-eminents-avocats-canadiens\/\" \/>\n<meta property=\"og:site_name\" content=\"Miller Thomson\" \/>\n<meta property=\"article:publisher\" content=\"https:\/\/www.facebook.com\/MillerThomsonLaw\/\" \/>\n<meta property=\"article:modified_time\" content=\"2026-02-21T00:00:19+00:00\" \/>\n<meta name=\"twitter:card\" content=\"summary_large_image\" \/>\n<meta name=\"twitter:site\" content=\"@millerthomson\" \/>\n<meta name=\"twitter:label1\" content=\"Est. reading time\" \/>\n\t<meta name=\"twitter:data1\" content=\"4 minutes\" \/>\n<script type=\"application\/ld+json\" class=\"yoast-schema-graph\">{\"@context\":\"https:\/\/schema.org\",\"@graph\":[{\"@type\":\"NewsArticle\",\"@id\":\"https:\/\/www.millerthomson.com\/fr\/nouvelles\/lexpert-reconnait-lexpertise-de-117-avocats-de-miller-thomson-dans-son-classement-annuel-des-plus-eminents-avocats-canadiens\/#article\",\"isPartOf\":{\"@id\":\"https:\/\/www.millerthomson.com\/fr\/nouvelles\/lexpert-reconnait-lexpertise-de-117-avocats-de-miller-thomson-dans-son-classement-annuel-des-plus-eminents-avocats-canadiens\/\"},\"author\":{\"name\":\"Katherine Chan\",\"@id\":\"https:\/\/www.millerthomson.com\/fr\/#\/schema\/person\/5473b50a564d1e37f327fdd79cb348f6\"},\"headline\":\"Lexpert reconna\u00eet l\u2019expertise de avocats de Miller Thomson dans son classement annuel des plus \u00e9minents avocats canadiens\",\"datePublished\":\"2024-03-06T20:58:20+00:00\",\"dateModified\":\"2026-02-21T00:00:19+00:00\",\"mainEntityOfPage\":{\"@id\":\"https:\/\/www.millerthomson.com\/fr\/nouvelles\/lexpert-reconnait-lexpertise-de-117-avocats-de-miller-thomson-dans-son-classement-annuel-des-plus-eminents-avocats-canadiens\/\"},\"wordCount\":819,\"publisher\":{\"@id\":\"https:\/\/www.millerthomson.com\/fr\/#organization\"},\"inLanguage\":\"fr-FR\"},{\"@type\":\"WebPage\",\"@id\":\"https:\/\/www.millerthomson.com\/fr\/nouvelles\/lexpert-reconnait-lexpertise-de-117-avocats-de-miller-thomson-dans-son-classement-annuel-des-plus-eminents-avocats-canadiens\/\",\"url\":\"https:\/\/www.millerthomson.com\/fr\/nouvelles\/lexpert-reconnait-lexpertise-de-117-avocats-de-miller-thomson-dans-son-classement-annuel-des-plus-eminents-avocats-canadiens\/\",\"name\":\"Lexpert reconna\u00eet l\u2019expertise de avocats de Miller Thomson dans son classement annuel des plus \u00e9minents avocats canadiens | Miller Thomson\",\"isPartOf\":{\"@id\":\"https:\/\/www.millerthomson.com\/fr\/#website\"},\"datePublished\":\"2024-03-06T20:58:20+00:00\",\"dateModified\":\"2026-02-21T00:00:19+00:00\",\"breadcrumb\":{\"@id\":\"https:\/\/www.millerthomson.com\/fr\/nouvelles\/lexpert-reconnait-lexpertise-de-117-avocats-de-miller-thomson-dans-son-classement-annuel-des-plus-eminents-avocats-canadiens\/#breadcrumb\"},\"inLanguage\":\"fr-FR\",\"potentialAction\":[{\"@type\":\"ReadAction\",\"target\":[\"https:\/\/www.millerthomson.com\/fr\/nouvelles\/lexpert-reconnait-lexpertise-de-117-avocats-de-miller-thomson-dans-son-classement-annuel-des-plus-eminents-avocats-canadiens\/\"]}]},{\"@type\":\"BreadcrumbList\",\"@id\":\"https:\/\/www.millerthomson.com\/fr\/nouvelles\/lexpert-reconnait-lexpertise-de-117-avocats-de-miller-thomson-dans-son-classement-annuel-des-plus-eminents-avocats-canadiens\/#breadcrumb\",\"itemListElement\":[{\"@type\":\"ListItem\",\"position\":1,\"name\":\"Accueil\",\"item\":\"https:\/\/www.millerthomson.com\/fr\/\"},{\"@type\":\"ListItem\",\"position\":2,\"name\":\"Nouvelles\",\"item\":\"https:\/\/www.millerthomson.com\/fr\/nouvelles\/\"},{\"@type\":\"ListItem\",\"position\":3,\"name\":\"Lexpert reconna\u00eet l\u2019expertise de avocats de Miller Thomson dans son classement annuel des plus \u00e9minents avocats canadiens\"}]},{\"@type\":\"WebSite\",\"@id\":\"https:\/\/www.millerthomson.com\/fr\/#website\",\"url\":\"https:\/\/www.millerthomson.com\/fr\/\",\"name\":\"Miller Thomson | Cabinet de droit des affaires pancanadien\",\"description\":\"National law firm providing business law expertise and litigation and disputes services for businesses across Canada since 1957.\",\"publisher\":{\"@id\":\"https:\/\/www.millerthomson.com\/fr\/#organization\"},\"potentialAction\":[{\"@type\":\"SearchAction\",\"target\":{\"@type\":\"EntryPoint\",\"urlTemplate\":\"https:\/\/www.millerthomson.com\/fr\/?s={search_term_string}\"},\"query-input\":{\"@type\":\"PropertyValueSpecification\",\"valueRequired\":true,\"valueName\":\"search_term_string\"}}],\"inLanguage\":\"fr-FR\"},{\"@type\":\"Organization\",\"@id\":\"https:\/\/www.millerthomson.com\/fr\/#organization\",\"name\":\"Miller Thomson | Cabinet de droit des affaires pancanadien\",\"url\":\"https:\/\/www.millerthomson.com\/fr\/\",\"logo\":{\"@type\":\"ImageObject\",\"inLanguage\":\"fr-FR\",\"@id\":\"https:\/\/www.millerthomson.com\/fr\/#\/schema\/logo\/image\/\",\"url\":\"https:\/\/www.millerthomson.com\/wp-content\/uploads\/2024\/10\/miller-thomson.svg\",\"contentUrl\":\"https:\/\/www.millerthomson.com\/wp-content\/uploads\/2024\/10\/miller-thomson.svg\",\"width\":380,\"height\":50,\"caption\":\"Miller Thomson | Cabinet de droit des affaires pancanadien\"},\"image\":{\"@id\":\"https:\/\/www.millerthomson.com\/fr\/#\/schema\/logo\/image\/\"},\"sameAs\":[\"https:\/\/www.facebook.com\/MillerThomsonLaw\/\",\"https:\/\/x.com\/millerthomson\",\"https:\/\/www.linkedin.com\/company\/miller-thomson-llp\/\",\"https:\/\/www.youtube.com\/@millerthomson\"]},{\"@type\":\"Person\",\"@id\":\"https:\/\/www.millerthomson.com\/fr\/#\/schema\/person\/5473b50a564d1e37f327fdd79cb348f6\",\"name\":\"Katherine Chan\",\"image\":{\"@type\":\"ImageObject\",\"inLanguage\":\"fr-FR\",\"@id\":\"https:\/\/www.millerthomson.com\/fr\/#\/schema\/person\/image\/\",\"url\":\"https:\/\/secure.gravatar.com\/avatar\/da8a18c240b27905220d948a87957ba19ab6de326b44a2ce3072235c121f996f?s=96&d=mm&r=g\",\"contentUrl\":\"https:\/\/secure.gravatar.com\/avatar\/da8a18c240b27905220d948a87957ba19ab6de326b44a2ce3072235c121f996f?s=96&d=mm&r=g\",\"caption\":\"Katherine Chan\"}}]}<\/script>\n<!-- \/ Yoast SEO plugin. -->","yoast_head_json":{"title":"Lexpert reconna\u00eet l\u2019expertise de avocats de Miller Thomson dans son classement annuel des plus \u00e9minents avocats canadiens | Miller Thomson","robots":{"index":"index","follow":"follow","max-snippet":"max-snippet:-1","max-image-preview":"max-image-preview:large","max-video-preview":"max-video-preview:-1"},"canonical":"https:\/\/www.millerthomson.com\/fr\/nouvelles\/lexpert-reconnait-lexpertise-de-117-avocats-de-miller-thomson-dans-son-classement-annuel-des-plus-eminents-avocats-canadiens\/","og_locale":"fr_FR","og_type":"article","og_title":"Lexpert reconna\u00eet l\u2019expertise de avocats de Miller Thomson dans son classement annuel des plus \u00e9minents avocats canadiens | Miller Thomson","og_description":"Refl\u00e9tant l\u2019\u00e9tendue de l\u2019exp\u00e9rience du cabinet, avocats de Miller Thomson sont apparus \u00e0 l\u2019\u00e9dition de 2024 du r\u00e9pertoire Lexpert. Le Canadian Legal Lexpert Directory est un guide complet des meilleurs talents juridiques au Canada. Il est compil\u00e9 \u00e0 la suite d\u2019un processus exhaustif d\u2019\u00e9valuation par des personnes reconnues comme des leaders dans leurs domaines respectifs. [&hellip;]","og_url":"https:\/\/www.millerthomson.com\/fr\/nouvelles\/lexpert-reconnait-lexpertise-de-117-avocats-de-miller-thomson-dans-son-classement-annuel-des-plus-eminents-avocats-canadiens\/","og_site_name":"Miller Thomson","article_publisher":"https:\/\/www.facebook.com\/MillerThomsonLaw\/","article_modified_time":"2026-02-21T00:00:19+00:00","twitter_card":"summary_large_image","twitter_site":"@millerthomson","twitter_misc":{"Est. reading time":"4 minutes"},"schema":{"@context":"https:\/\/schema.org","@graph":[{"@type":"NewsArticle","@id":"https:\/\/www.millerthomson.com\/fr\/nouvelles\/lexpert-reconnait-lexpertise-de-117-avocats-de-miller-thomson-dans-son-classement-annuel-des-plus-eminents-avocats-canadiens\/#article","isPartOf":{"@id":"https:\/\/www.millerthomson.com\/fr\/nouvelles\/lexpert-reconnait-lexpertise-de-117-avocats-de-miller-thomson-dans-son-classement-annuel-des-plus-eminents-avocats-canadiens\/"},"author":{"name":"Katherine Chan","@id":"https:\/\/www.millerthomson.com\/fr\/#\/schema\/person\/5473b50a564d1e37f327fdd79cb348f6"},"headline":"Lexpert reconna\u00eet l\u2019expertise de avocats de Miller Thomson dans son classement annuel des plus \u00e9minents avocats canadiens","datePublished":"2024-03-06T20:58:20+00:00","dateModified":"2026-02-21T00:00:19+00:00","mainEntityOfPage":{"@id":"https:\/\/www.millerthomson.com\/fr\/nouvelles\/lexpert-reconnait-lexpertise-de-117-avocats-de-miller-thomson-dans-son-classement-annuel-des-plus-eminents-avocats-canadiens\/"},"wordCount":819,"publisher":{"@id":"https:\/\/www.millerthomson.com\/fr\/#organization"},"inLanguage":"fr-FR"},{"@type":"WebPage","@id":"https:\/\/www.millerthomson.com\/fr\/nouvelles\/lexpert-reconnait-lexpertise-de-117-avocats-de-miller-thomson-dans-son-classement-annuel-des-plus-eminents-avocats-canadiens\/","url":"https:\/\/www.millerthomson.com\/fr\/nouvelles\/lexpert-reconnait-lexpertise-de-117-avocats-de-miller-thomson-dans-son-classement-annuel-des-plus-eminents-avocats-canadiens\/","name":"Lexpert reconna\u00eet l\u2019expertise de avocats de Miller Thomson dans son classement annuel des plus \u00e9minents avocats canadiens | Miller Thomson","isPartOf":{"@id":"https:\/\/www.millerthomson.com\/fr\/#website"},"datePublished":"2024-03-06T20:58:20+00:00","dateModified":"2026-02-21T00:00:19+00:00","breadcrumb":{"@id":"https:\/\/www.millerthomson.com\/fr\/nouvelles\/lexpert-reconnait-lexpertise-de-117-avocats-de-miller-thomson-dans-son-classement-annuel-des-plus-eminents-avocats-canadiens\/#breadcrumb"},"inLanguage":"fr-FR","potentialAction":[{"@type":"ReadAction","target":["https:\/\/www.millerthomson.com\/fr\/nouvelles\/lexpert-reconnait-lexpertise-de-117-avocats-de-miller-thomson-dans-son-classement-annuel-des-plus-eminents-avocats-canadiens\/"]}]},{"@type":"BreadcrumbList","@id":"https:\/\/www.millerthomson.com\/fr\/nouvelles\/lexpert-reconnait-lexpertise-de-117-avocats-de-miller-thomson-dans-son-classement-annuel-des-plus-eminents-avocats-canadiens\/#breadcrumb","itemListElement":[{"@type":"ListItem","position":1,"name":"Accueil","item":"https:\/\/www.millerthomson.com\/fr\/"},{"@type":"ListItem","position":2,"name":"Nouvelles","item":"https:\/\/www.millerthomson.com\/fr\/nouvelles\/"},{"@type":"ListItem","position":3,"name":"Lexpert reconna\u00eet l\u2019expertise de avocats de Miller Thomson dans son classement annuel des plus \u00e9minents avocats canadiens"}]},{"@type":"WebSite","@id":"https:\/\/www.millerthomson.com\/fr\/#website","url":"https:\/\/www.millerthomson.com\/fr\/","name":"Miller Thomson | Cabinet de droit des affaires pancanadien","description":"National law firm providing business law expertise and litigation and disputes services for businesses across Canada since 1957.","publisher":{"@id":"https:\/\/www.millerthomson.com\/fr\/#organization"},"potentialAction":[{"@type":"SearchAction","target":{"@type":"EntryPoint","urlTemplate":"https:\/\/www.millerthomson.com\/fr\/?s={search_term_string}"},"query-input":{"@type":"PropertyValueSpecification","valueRequired":true,"valueName":"search_term_string"}}],"inLanguage":"fr-FR"},{"@type":"Organization","@id":"https:\/\/www.millerthomson.com\/fr\/#organization","name":"Miller Thomson | Cabinet de droit des affaires pancanadien","url":"https:\/\/www.millerthomson.com\/fr\/","logo":{"@type":"ImageObject","inLanguage":"fr-FR","@id":"https:\/\/www.millerthomson.com\/fr\/#\/schema\/logo\/image\/","url":"https:\/\/www.millerthomson.com\/wp-content\/uploads\/2024\/10\/miller-thomson.svg","contentUrl":"https:\/\/www.millerthomson.com\/wp-content\/uploads\/2024\/10\/miller-thomson.svg","width":380,"height":50,"caption":"Miller Thomson | Cabinet de droit des affaires pancanadien"},"image":{"@id":"https:\/\/www.millerthomson.com\/fr\/#\/schema\/logo\/image\/"},"sameAs":["https:\/\/www.facebook.com\/MillerThomsonLaw\/","https:\/\/x.com\/millerthomson","https:\/\/www.linkedin.com\/company\/miller-thomson-llp\/","https:\/\/www.youtube.com\/@millerthomson"]},{"@type":"Person","@id":"https:\/\/www.millerthomson.com\/fr\/#\/schema\/person\/5473b50a564d1e37f327fdd79cb348f6","name":"Katherine Chan","image":{"@type":"ImageObject","inLanguage":"fr-FR","@id":"https:\/\/www.millerthomson.com\/fr\/#\/schema\/person\/image\/","url":"https:\/\/secure.gravatar.com\/avatar\/da8a18c240b27905220d948a87957ba19ab6de326b44a2ce3072235c121f996f?s=96&d=mm&r=g","contentUrl":"https:\/\/secure.gravatar.com\/avatar\/da8a18c240b27905220d948a87957ba19ab6de326b44a2ce3072235c121f996f?s=96&d=mm&r=g","caption":"Katherine Chan"}}]}},"_links":{"self":[{"href":"https:\/\/www.millerthomson.com\/fr\/wp-json\/wp\/v2\/news\/7838","targetHints":{"allow":["GET"]}}],"collection":[{"href":"https:\/\/www.millerthomson.com\/fr\/wp-json\/wp\/v2\/news"}],"about":[{"href":"https:\/\/www.millerthomson.com\/fr\/wp-json\/wp\/v2\/types\/news"}],"author":[{"embeddable":true,"href":"https:\/\/www.millerthomson.com\/fr\/wp-json\/wp\/v2\/users\/5"}],"version-history":[{"count":0,"href":"https:\/\/www.millerthomson.com\/fr\/wp-json\/wp\/v2\/news\/7838\/revisions"}],"wp:attachment":[{"href":"https:\/\/www.millerthomson.com\/fr\/wp-json\/wp\/v2\/media?parent=7838"}],"wp:term":[{"taxonomy":"news-category","embeddable":true,"href":"https:\/\/www.millerthomson.com\/fr\/wp-json\/wp\/v2\/news-category?post=7838"}],"curies":[{"name":"wp","href":"https:\/\/api.w.org\/{rel}","templated":true}]}}