{"id":7827,"date":"2023-09-13T16:26:15","date_gmt":"2023-09-13T20:26:15","guid":{"rendered":"https:\/\/www.millerthomson.com\/news\/miller-thomson-devoile-sa-marque-employeur-axee-sur-lesprit-entrepreneurial-linfluence-et-linclusion\/"},"modified":"2025-06-12T11:05:43","modified_gmt":"2025-06-12T15:05:43","slug":"miller-thomson-devoile-sa-marque-employeur-axee-sur-lesprit-entrepreneurial-linfluence-et-linclusion","status":"publish","type":"news","link":"https:\/\/www.millerthomson.com\/fr\/nouvelles\/miller-thomson-devoile-sa-marque-employeur-axee-sur-lesprit-entrepreneurial-linfluence-et-linclusion\/","title":{"rendered":"Miller Thomson d\u00e9voile sa marque employeur  ax\u00e9e sur l\u2019esprit entrepreneurial, l\u2019influence et l\u2019inclusion"},"content":{"rendered":"<p>Miller Thomson, l\u2019un des plus grands cabinets d\u2019avocats canadiens, est ravi d\u2019annoncer le lancement de sa nouvelle marque employeur. Nous sommes fiers de vous pr\u00e9senter une marque employeur enti\u00e8rement renouvel\u00e9e qui fera rayonner nos valeurs fondamentales et trouvera \u00e9cho aupr\u00e8s de nos membres actuels et futurs.<\/p>\n<p>En bref, la marque employeur repr\u00e9sente notre identit\u00e9 et notre r\u00e9putation comme employeur. La n\u00f4tre met en relief notre esprit d\u2019entrepreneurial, notre influence et notre approche inclusive, soit l\u2019essence m\u00eame de ce que nous sommes. Dans le cadre de cette campagne, nous souhaitons attirer des gens exceptionnels qui partagent nos valeurs et aspirations.<\/p>\n<p>Selon <a href=\"https:\/\/www.millerthomson.com\/fr\/votre-equipe\/e-peter-auvinen\/\">Peter Auvinen<\/a>, pr\u00e9sident de Miller Thomson, \u00ab\u00a0ce lancement est un moment phare pour notre cabinet. Notre marque employeur repr\u00e9sente le c\u0153ur et l\u2019\u00e2me de Miller Thomson et notre engagement \u00e0 favoriser l\u2019innovation, la croissance personnelle ainsi qu\u2019un milieu de travail diversifi\u00e9 et inclusif. Nous sommes convaincus que cette campagne nous permettra d\u2019attirer des talents exceptionnels et de renforcer le sentiment d\u2019appartenance de ceux et celles qui contribuent d\u00e9j\u00e0 \u00e0 notre succ\u00e8s.\u00a0\u00bb<\/p>\n<p><a href=\"https:\/\/www.millerthomson.com\/fr\/votre-equipe\/jessica-watkins\/\">Jessica Watkins<\/a>, Chef, Personnes et culture, a quant \u00e0 elle ajout\u00e9 : \u00ab nous d\u00e9voilons avec plaisir notre marque employeur; soit la synth\u00e8se de nos valeurs, de notre culture et de l\u2019exp\u00e9rience g\u00e9n\u00e9rale v\u00e9cue au sein de notre cabinet. Nos membres partagent une vision unique et le m\u00eame engagement \u00e0 cr\u00e9er un milieu de travail o\u00f9 chacun peut s\u2019\u00e9panouir. Nous servons nos clients dans un climat de bienveillance et de compr\u00e9hension. Nous sommes fermement convaincus que ce sont les individus qui nous propulsent vers le succ\u00e8s et notre marque employeur t\u00e9moigne de cette r\u00e9alit\u00e9. \u00bb<\/p>\n<p>Une s\u00e9rie de vid\u00e9os qui pr\u00e9sentent les \u00e9l\u00e9ments fondamentaux de notre marque employeur sera diffus\u00e9e sur nos r\u00e9seaux sociaux \u00e0 compter d\u2019aujourd\u2019hui. Nous \u00e9galement avons redonn\u00e9 un coup d\u2019\u00e9clat \u00e0 notre <a href=\"https:\/\/www.linkedin.com\/company\/miller-thomson-llp\/life\/e2956dd3-db63-47e1-8898-82f28f760804\/\">page LinkedIn Vie d\u2019entreprise<\/a> et bonifi\u00e9 la section <a href=\"https:\/\/www.millerthomson.com\/fr\/\">Vous joindre \u00e0 l\u2019\u00e9quipe<\/a> de notre site Web afin qu\u2019elles pr\u00e9sentent plus fid\u00e8lement la r\u00e9alit\u00e9 du travail chez Miller Thomson. Ces plateformes seront d\u2019importantes ressources pour les personnes qui souhaitent d\u00e9couvrir la culture, les valeurs et les possibilit\u00e9s de carri\u00e8re chez Miller Thomson.<\/p>\n<p><a href=\"https:\/\/www.newswire.ca\/fr\/news-releases\/miller-thomson-devoile-sa-marque-employeur-axee-sur-l-esprit-entrepreneurial-l-influence-et-l-inclusion-819265889.html\" target=\"_blank\" rel=\"noopener\">Pour lire le communiqu\u00e9 de presse, cliquez ici<\/a>.<\/p>\n","protected":false},"author":5,"featured_media":0,"template":"","news-category":[654],"class_list":["post-7827","news","type-news","status-publish","hentry"],"acf":[],"yoast_head":"<!-- This site is optimized with the Yoast SEO plugin v26.1.1 - https:\/\/yoast.com\/wordpress\/plugins\/seo\/ -->\n<title>Miller Thomson d\u00e9voile sa marque employeur ax\u00e9e sur l\u2019esprit entrepreneurial, l\u2019influence et l\u2019inclusion | Miller Thomson<\/title>\n<meta name=\"robots\" content=\"index, follow, max-snippet:-1, max-image-preview:large, max-video-preview:-1\" \/>\n<link rel=\"canonical\" href=\"https:\/\/www.millerthomson.com\/fr\/nouvelles\/miller-thomson-devoile-sa-marque-employeur-axee-sur-lesprit-entrepreneurial-linfluence-et-linclusion\/\" \/>\n<meta property=\"og:locale\" content=\"fr_FR\" \/>\n<meta property=\"og:type\" content=\"article\" \/>\n<meta property=\"og:title\" content=\"Miller Thomson d\u00e9voile sa marque employeur ax\u00e9e sur l\u2019esprit entrepreneurial, l\u2019influence et l\u2019inclusion | Miller Thomson\" \/>\n<meta property=\"og:description\" content=\"Miller Thomson, l\u2019un des plus grands cabinets d\u2019avocats canadiens, est ravi d\u2019annoncer le lancement de sa nouvelle marque employeur. Nous sommes fiers de vous pr\u00e9senter une marque employeur enti\u00e8rement renouvel\u00e9e qui fera rayonner nos valeurs fondamentales et trouvera \u00e9cho aupr\u00e8s de nos membres actuels et futurs. En bref, la marque employeur repr\u00e9sente notre identit\u00e9 et [&hellip;]\" \/>\n<meta property=\"og:url\" content=\"https:\/\/www.millerthomson.com\/fr\/nouvelles\/miller-thomson-devoile-sa-marque-employeur-axee-sur-lesprit-entrepreneurial-linfluence-et-linclusion\/\" \/>\n<meta property=\"og:site_name\" content=\"Miller Thomson\" \/>\n<meta property=\"article:publisher\" content=\"https:\/\/www.facebook.com\/MillerThomsonLaw\/\" \/>\n<meta property=\"article:modified_time\" content=\"2025-06-12T15:05:43+00:00\" \/>\n<meta name=\"twitter:card\" content=\"summary_large_image\" \/>\n<meta name=\"twitter:site\" content=\"@millerthomson\" \/>\n<meta name=\"twitter:label1\" content=\"Est. reading time\" \/>\n\t<meta name=\"twitter:data1\" content=\"2 minutes\" \/>\n<script type=\"application\/ld+json\" class=\"yoast-schema-graph\">{\"@context\":\"https:\/\/schema.org\",\"@graph\":[{\"@type\":\"NewsArticle\",\"@id\":\"https:\/\/www.millerthomson.com\/fr\/nouvelles\/miller-thomson-devoile-sa-marque-employeur-axee-sur-lesprit-entrepreneurial-linfluence-et-linclusion\/#article\",\"isPartOf\":{\"@id\":\"https:\/\/www.millerthomson.com\/fr\/nouvelles\/miller-thomson-devoile-sa-marque-employeur-axee-sur-lesprit-entrepreneurial-linfluence-et-linclusion\/\"},\"author\":{\"name\":\"Katherine Chan\",\"@id\":\"https:\/\/www.millerthomson.com\/fr\/#\/schema\/person\/5473b50a564d1e37f327fdd79cb348f6\"},\"headline\":\"Miller Thomson d\u00e9voile sa marque employeur ax\u00e9e sur l\u2019esprit entrepreneurial, l\u2019influence et l\u2019inclusion\",\"datePublished\":\"2023-09-13T20:26:15+00:00\",\"dateModified\":\"2025-06-12T15:05:43+00:00\",\"mainEntityOfPage\":{\"@id\":\"https:\/\/www.millerthomson.com\/fr\/nouvelles\/miller-thomson-devoile-sa-marque-employeur-axee-sur-lesprit-entrepreneurial-linfluence-et-linclusion\/\"},\"wordCount\":420,\"publisher\":{\"@id\":\"https:\/\/www.millerthomson.com\/fr\/#organization\"},\"inLanguage\":\"fr-FR\"},{\"@type\":\"WebPage\",\"@id\":\"https:\/\/www.millerthomson.com\/fr\/nouvelles\/miller-thomson-devoile-sa-marque-employeur-axee-sur-lesprit-entrepreneurial-linfluence-et-linclusion\/\",\"url\":\"https:\/\/www.millerthomson.com\/fr\/nouvelles\/miller-thomson-devoile-sa-marque-employeur-axee-sur-lesprit-entrepreneurial-linfluence-et-linclusion\/\",\"name\":\"Miller Thomson d\u00e9voile sa marque employeur ax\u00e9e sur l\u2019esprit entrepreneurial, l\u2019influence et l\u2019inclusion | Miller Thomson\",\"isPartOf\":{\"@id\":\"https:\/\/www.millerthomson.com\/fr\/#website\"},\"datePublished\":\"2023-09-13T20:26:15+00:00\",\"dateModified\":\"2025-06-12T15:05:43+00:00\",\"breadcrumb\":{\"@id\":\"https:\/\/www.millerthomson.com\/fr\/nouvelles\/miller-thomson-devoile-sa-marque-employeur-axee-sur-lesprit-entrepreneurial-linfluence-et-linclusion\/#breadcrumb\"},\"inLanguage\":\"fr-FR\",\"potentialAction\":[{\"@type\":\"ReadAction\",\"target\":[\"https:\/\/www.millerthomson.com\/fr\/nouvelles\/miller-thomson-devoile-sa-marque-employeur-axee-sur-lesprit-entrepreneurial-linfluence-et-linclusion\/\"]}]},{\"@type\":\"BreadcrumbList\",\"@id\":\"https:\/\/www.millerthomson.com\/fr\/nouvelles\/miller-thomson-devoile-sa-marque-employeur-axee-sur-lesprit-entrepreneurial-linfluence-et-linclusion\/#breadcrumb\",\"itemListElement\":[{\"@type\":\"ListItem\",\"position\":1,\"name\":\"Accueil\",\"item\":\"https:\/\/www.millerthomson.com\/fr\/\"},{\"@type\":\"ListItem\",\"position\":2,\"name\":\"Nouvelles\",\"item\":\"https:\/\/www.millerthomson.com\/fr\/nouvelles\/\"},{\"@type\":\"ListItem\",\"position\":3,\"name\":\"Miller Thomson d\u00e9voile sa marque employeur ax\u00e9e sur l\u2019esprit entrepreneurial, l\u2019influence et l\u2019inclusion\"}]},{\"@type\":\"WebSite\",\"@id\":\"https:\/\/www.millerthomson.com\/fr\/#website\",\"url\":\"https:\/\/www.millerthomson.com\/fr\/\",\"name\":\"Miller Thomson | Cabinet de droit des affaires pancanadien\",\"description\":\"National law firm providing business law expertise and litigation and disputes services for businesses across Canada since 1957.\",\"publisher\":{\"@id\":\"https:\/\/www.millerthomson.com\/fr\/#organization\"},\"potentialAction\":[{\"@type\":\"SearchAction\",\"target\":{\"@type\":\"EntryPoint\",\"urlTemplate\":\"https:\/\/www.millerthomson.com\/fr\/?s={search_term_string}\"},\"query-input\":{\"@type\":\"PropertyValueSpecification\",\"valueRequired\":true,\"valueName\":\"search_term_string\"}}],\"inLanguage\":\"fr-FR\"},{\"@type\":\"Organization\",\"@id\":\"https:\/\/www.millerthomson.com\/fr\/#organization\",\"name\":\"Miller Thomson | Cabinet de droit des affaires pancanadien\",\"url\":\"https:\/\/www.millerthomson.com\/fr\/\",\"logo\":{\"@type\":\"ImageObject\",\"inLanguage\":\"fr-FR\",\"@id\":\"https:\/\/www.millerthomson.com\/fr\/#\/schema\/logo\/image\/\",\"url\":\"https:\/\/www.millerthomson.com\/wp-content\/uploads\/2024\/10\/miller-thomson.svg\",\"contentUrl\":\"https:\/\/www.millerthomson.com\/wp-content\/uploads\/2024\/10\/miller-thomson.svg\",\"width\":380,\"height\":50,\"caption\":\"Miller Thomson | Cabinet de droit des affaires pancanadien\"},\"image\":{\"@id\":\"https:\/\/www.millerthomson.com\/fr\/#\/schema\/logo\/image\/\"},\"sameAs\":[\"https:\/\/www.facebook.com\/MillerThomsonLaw\/\",\"https:\/\/x.com\/millerthomson\",\"https:\/\/www.linkedin.com\/company\/miller-thomson-llp\/\",\"https:\/\/www.youtube.com\/@millerthomson\"]},{\"@type\":\"Person\",\"@id\":\"https:\/\/www.millerthomson.com\/fr\/#\/schema\/person\/5473b50a564d1e37f327fdd79cb348f6\",\"name\":\"Katherine Chan\",\"image\":{\"@type\":\"ImageObject\",\"inLanguage\":\"fr-FR\",\"@id\":\"https:\/\/www.millerthomson.com\/fr\/#\/schema\/person\/image\/\",\"url\":\"https:\/\/secure.gravatar.com\/avatar\/da8a18c240b27905220d948a87957ba19ab6de326b44a2ce3072235c121f996f?s=96&d=mm&r=g\",\"contentUrl\":\"https:\/\/secure.gravatar.com\/avatar\/da8a18c240b27905220d948a87957ba19ab6de326b44a2ce3072235c121f996f?s=96&d=mm&r=g\",\"caption\":\"Katherine Chan\"}}]}<\/script>\n<!-- \/ Yoast SEO plugin. -->","yoast_head_json":{"title":"Miller Thomson d\u00e9voile sa marque employeur ax\u00e9e sur l\u2019esprit entrepreneurial, l\u2019influence et l\u2019inclusion | Miller Thomson","robots":{"index":"index","follow":"follow","max-snippet":"max-snippet:-1","max-image-preview":"max-image-preview:large","max-video-preview":"max-video-preview:-1"},"canonical":"https:\/\/www.millerthomson.com\/fr\/nouvelles\/miller-thomson-devoile-sa-marque-employeur-axee-sur-lesprit-entrepreneurial-linfluence-et-linclusion\/","og_locale":"fr_FR","og_type":"article","og_title":"Miller Thomson d\u00e9voile sa marque employeur ax\u00e9e sur l\u2019esprit entrepreneurial, l\u2019influence et l\u2019inclusion | Miller Thomson","og_description":"Miller Thomson, l\u2019un des plus grands cabinets d\u2019avocats canadiens, est ravi d\u2019annoncer le lancement de sa nouvelle marque employeur. Nous sommes fiers de vous pr\u00e9senter une marque employeur enti\u00e8rement renouvel\u00e9e qui fera rayonner nos valeurs fondamentales et trouvera \u00e9cho aupr\u00e8s de nos membres actuels et futurs. En bref, la marque employeur repr\u00e9sente notre identit\u00e9 et [&hellip;]","og_url":"https:\/\/www.millerthomson.com\/fr\/nouvelles\/miller-thomson-devoile-sa-marque-employeur-axee-sur-lesprit-entrepreneurial-linfluence-et-linclusion\/","og_site_name":"Miller Thomson","article_publisher":"https:\/\/www.facebook.com\/MillerThomsonLaw\/","article_modified_time":"2025-06-12T15:05:43+00:00","twitter_card":"summary_large_image","twitter_site":"@millerthomson","twitter_misc":{"Est. reading time":"2 minutes"},"schema":{"@context":"https:\/\/schema.org","@graph":[{"@type":"NewsArticle","@id":"https:\/\/www.millerthomson.com\/fr\/nouvelles\/miller-thomson-devoile-sa-marque-employeur-axee-sur-lesprit-entrepreneurial-linfluence-et-linclusion\/#article","isPartOf":{"@id":"https:\/\/www.millerthomson.com\/fr\/nouvelles\/miller-thomson-devoile-sa-marque-employeur-axee-sur-lesprit-entrepreneurial-linfluence-et-linclusion\/"},"author":{"name":"Katherine Chan","@id":"https:\/\/www.millerthomson.com\/fr\/#\/schema\/person\/5473b50a564d1e37f327fdd79cb348f6"},"headline":"Miller Thomson d\u00e9voile sa marque employeur ax\u00e9e sur l\u2019esprit entrepreneurial, l\u2019influence et l\u2019inclusion","datePublished":"2023-09-13T20:26:15+00:00","dateModified":"2025-06-12T15:05:43+00:00","mainEntityOfPage":{"@id":"https:\/\/www.millerthomson.com\/fr\/nouvelles\/miller-thomson-devoile-sa-marque-employeur-axee-sur-lesprit-entrepreneurial-linfluence-et-linclusion\/"},"wordCount":420,"publisher":{"@id":"https:\/\/www.millerthomson.com\/fr\/#organization"},"inLanguage":"fr-FR"},{"@type":"WebPage","@id":"https:\/\/www.millerthomson.com\/fr\/nouvelles\/miller-thomson-devoile-sa-marque-employeur-axee-sur-lesprit-entrepreneurial-linfluence-et-linclusion\/","url":"https:\/\/www.millerthomson.com\/fr\/nouvelles\/miller-thomson-devoile-sa-marque-employeur-axee-sur-lesprit-entrepreneurial-linfluence-et-linclusion\/","name":"Miller Thomson d\u00e9voile sa marque employeur ax\u00e9e sur l\u2019esprit entrepreneurial, l\u2019influence et l\u2019inclusion | Miller Thomson","isPartOf":{"@id":"https:\/\/www.millerthomson.com\/fr\/#website"},"datePublished":"2023-09-13T20:26:15+00:00","dateModified":"2025-06-12T15:05:43+00:00","breadcrumb":{"@id":"https:\/\/www.millerthomson.com\/fr\/nouvelles\/miller-thomson-devoile-sa-marque-employeur-axee-sur-lesprit-entrepreneurial-linfluence-et-linclusion\/#breadcrumb"},"inLanguage":"fr-FR","potentialAction":[{"@type":"ReadAction","target":["https:\/\/www.millerthomson.com\/fr\/nouvelles\/miller-thomson-devoile-sa-marque-employeur-axee-sur-lesprit-entrepreneurial-linfluence-et-linclusion\/"]}]},{"@type":"BreadcrumbList","@id":"https:\/\/www.millerthomson.com\/fr\/nouvelles\/miller-thomson-devoile-sa-marque-employeur-axee-sur-lesprit-entrepreneurial-linfluence-et-linclusion\/#breadcrumb","itemListElement":[{"@type":"ListItem","position":1,"name":"Accueil","item":"https:\/\/www.millerthomson.com\/fr\/"},{"@type":"ListItem","position":2,"name":"Nouvelles","item":"https:\/\/www.millerthomson.com\/fr\/nouvelles\/"},{"@type":"ListItem","position":3,"name":"Miller Thomson d\u00e9voile sa marque employeur ax\u00e9e sur l\u2019esprit entrepreneurial, l\u2019influence et l\u2019inclusion"}]},{"@type":"WebSite","@id":"https:\/\/www.millerthomson.com\/fr\/#website","url":"https:\/\/www.millerthomson.com\/fr\/","name":"Miller Thomson | Cabinet de droit des affaires pancanadien","description":"National law firm providing business law expertise and litigation and disputes services for businesses across Canada since 1957.","publisher":{"@id":"https:\/\/www.millerthomson.com\/fr\/#organization"},"potentialAction":[{"@type":"SearchAction","target":{"@type":"EntryPoint","urlTemplate":"https:\/\/www.millerthomson.com\/fr\/?s={search_term_string}"},"query-input":{"@type":"PropertyValueSpecification","valueRequired":true,"valueName":"search_term_string"}}],"inLanguage":"fr-FR"},{"@type":"Organization","@id":"https:\/\/www.millerthomson.com\/fr\/#organization","name":"Miller Thomson | Cabinet de droit des affaires pancanadien","url":"https:\/\/www.millerthomson.com\/fr\/","logo":{"@type":"ImageObject","inLanguage":"fr-FR","@id":"https:\/\/www.millerthomson.com\/fr\/#\/schema\/logo\/image\/","url":"https:\/\/www.millerthomson.com\/wp-content\/uploads\/2024\/10\/miller-thomson.svg","contentUrl":"https:\/\/www.millerthomson.com\/wp-content\/uploads\/2024\/10\/miller-thomson.svg","width":380,"height":50,"caption":"Miller Thomson | Cabinet de droit des affaires pancanadien"},"image":{"@id":"https:\/\/www.millerthomson.com\/fr\/#\/schema\/logo\/image\/"},"sameAs":["https:\/\/www.facebook.com\/MillerThomsonLaw\/","https:\/\/x.com\/millerthomson","https:\/\/www.linkedin.com\/company\/miller-thomson-llp\/","https:\/\/www.youtube.com\/@millerthomson"]},{"@type":"Person","@id":"https:\/\/www.millerthomson.com\/fr\/#\/schema\/person\/5473b50a564d1e37f327fdd79cb348f6","name":"Katherine Chan","image":{"@type":"ImageObject","inLanguage":"fr-FR","@id":"https:\/\/www.millerthomson.com\/fr\/#\/schema\/person\/image\/","url":"https:\/\/secure.gravatar.com\/avatar\/da8a18c240b27905220d948a87957ba19ab6de326b44a2ce3072235c121f996f?s=96&d=mm&r=g","contentUrl":"https:\/\/secure.gravatar.com\/avatar\/da8a18c240b27905220d948a87957ba19ab6de326b44a2ce3072235c121f996f?s=96&d=mm&r=g","caption":"Katherine Chan"}}]}},"_links":{"self":[{"href":"https:\/\/www.millerthomson.com\/fr\/wp-json\/wp\/v2\/news\/7827","targetHints":{"allow":["GET"]}}],"collection":[{"href":"https:\/\/www.millerthomson.com\/fr\/wp-json\/wp\/v2\/news"}],"about":[{"href":"https:\/\/www.millerthomson.com\/fr\/wp-json\/wp\/v2\/types\/news"}],"author":[{"embeddable":true,"href":"https:\/\/www.millerthomson.com\/fr\/wp-json\/wp\/v2\/users\/5"}],"version-history":[{"count":0,"href":"https:\/\/www.millerthomson.com\/fr\/wp-json\/wp\/v2\/news\/7827\/revisions"}],"wp:attachment":[{"href":"https:\/\/www.millerthomson.com\/fr\/wp-json\/wp\/v2\/media?parent=7827"}],"wp:term":[{"taxonomy":"news-category","embeddable":true,"href":"https:\/\/www.millerthomson.com\/fr\/wp-json\/wp\/v2\/news-category?post=7827"}],"curies":[{"name":"wp","href":"https:\/\/api.w.org\/{rel}","templated":true}]}}