{"id":7816,"date":"2023-02-02T15:06:02","date_gmt":"2023-02-02T20:06:02","guid":{"rendered":"https:\/\/www.millerthomson.com\/news\/nouvel-associe-directeur-pour-le-bureau-de-la-region-de-waterloo\/"},"modified":"2024-12-01T13:07:52","modified_gmt":"2024-12-01T18:07:52","slug":"nouvel-associe-directeur-pour-le-bureau-de-la-region-de-waterloo","status":"publish","type":"news","link":"https:\/\/www.millerthomson.com\/fr\/nouvelles\/nouvel-associe-directeur-pour-le-bureau-de-la-region-de-waterloo\/","title":{"rendered":"Nouvel associ\u00e9 directeur pour le bureau de la r\u00e9gion de Waterloo"},"content":{"rendered":"<p>Miller Thomson est heureux d\u2019annoncer qu\u2019Andrew Roth occupera le poste d\u2019associ\u00e9 directeur de son bureau de la r\u00e9gion de Waterloo nouvellement rebaptis\u00e9.<\/p>\n<p>Regroupant les villes de Cambridge, Kitchener et Waterloo ainsi que les cantons de North Dumfries, Wellesley, Wilmot et Woolwich, la municipalit\u00e9 r\u00e9gionale de Waterloo est la 10<sup>e<\/sup>\u00a0r\u00e9gion m\u00e9tropolitaine de recensement la plus peupl\u00e9e au Canada<a href=\"#_ftn1\" name=\"_ftnref1\">[1]<\/a>.<\/p>\n<p>\u00ab Miller Thomson s\u2019est \u00e9tabli dans la r\u00e9gion de Kitchener-Waterloo il y a plus de 160 ans et la r\u00e9cente inauguration du bureau de la r\u00e9gion de Waterloo repr\u00e9sente un nouveau chapitre qui s\u2019ajoute \u00e0 cette tr\u00e8s longue histoire \u00bb, affirme Andrew Roth, nouvel associ\u00e9 directeur du bureau. \u00ab La r\u00e9gion de Waterloo est l\u2019une des communaut\u00e9s canadiennes o\u00f9 la croissance est la plus marqu\u00e9e. Nous sommes fiers de servir certaines des plus importantes entreprises de la r\u00e9gion avec des clients provenant de secteurs technologiques de pointe comme l\u2019intelligence artificielle, la cybers\u00e9curit\u00e9, la technologie financi\u00e8re et la technologie quantique, ainsi que de secteurs plus traditionnels comme la transformation des aliments et la manufacture. \u00bb<\/p>\n<p>Avec le bureau de London, Miller Thomson compte pr\u00e8s de 50\u00a0avocats dans le sud-ouest de l\u2019Ontario. Ces professionnels aguerris proposent une gamme compl\u00e8te de services juridiques et commerciaux, notamment dans les domaines du droit des soci\u00e9t\u00e9s, de l\u2019assurance, du droit du travail et de l\u2019emploi, du litige, des services aux particuliers, de l\u2019immobilier et du droit fiscal.<\/p>\n<p>Nous vous invitons \u00e0 consulter la page de la <a href=\"https:\/\/www.millerthomson.com\/fr\/notre-cabinet\/bureaux\/region-waterloo\/\" target=\"_blank\" rel=\"noopener\">r\u00e9gion de Waterloo<\/a> pour en apprendre davantage \u00e0 propos de ce bureau.<\/p>\n<hr \/>\n<p><a href=\"#_ftnref1\" name=\"_ftn1\">[1]<\/a> Source\u00a0: site Web de la <a href=\"https:\/\/www.regionofwaterloo.ca\/en\/doing-business\/demographics.aspx\">r\u00e9gion de Waterloo<\/a><\/p>\n","protected":false},"author":5,"featured_media":0,"template":"","news-category":[654],"class_list":["post-7816","news","type-news","status-publish","hentry"],"acf":[],"yoast_head":"<!-- This site is optimized with the Yoast SEO plugin v26.1.1 - https:\/\/yoast.com\/wordpress\/plugins\/seo\/ -->\n<title>Nouvel associ\u00e9 directeur pour le bureau de la r\u00e9gion de Waterloo | Miller Thomson<\/title>\n<meta name=\"robots\" content=\"index, follow, max-snippet:-1, max-image-preview:large, max-video-preview:-1\" \/>\n<link rel=\"canonical\" href=\"https:\/\/www.millerthomson.com\/fr\/nouvelles\/nouvel-associe-directeur-pour-le-bureau-de-la-region-de-waterloo\/\" \/>\n<meta property=\"og:locale\" content=\"fr_FR\" \/>\n<meta property=\"og:type\" content=\"article\" \/>\n<meta property=\"og:title\" content=\"Nouvel associ\u00e9 directeur pour le bureau de la r\u00e9gion de Waterloo | Miller Thomson\" \/>\n<meta property=\"og:description\" content=\"Miller Thomson est heureux d\u2019annoncer qu\u2019Andrew Roth occupera le poste d\u2019associ\u00e9 directeur de son bureau de la r\u00e9gion de Waterloo nouvellement rebaptis\u00e9. Regroupant les villes de Cambridge, Kitchener et Waterloo ainsi que les cantons de North Dumfries, Wellesley, Wilmot et Woolwich, la municipalit\u00e9 r\u00e9gionale de Waterloo est la 10e\u00a0r\u00e9gion m\u00e9tropolitaine de recensement la plus peupl\u00e9e [&hellip;]\" \/>\n<meta property=\"og:url\" content=\"https:\/\/www.millerthomson.com\/fr\/nouvelles\/nouvel-associe-directeur-pour-le-bureau-de-la-region-de-waterloo\/\" \/>\n<meta property=\"og:site_name\" content=\"Miller Thomson\" \/>\n<meta property=\"article:publisher\" content=\"https:\/\/www.facebook.com\/MillerThomsonLaw\/\" \/>\n<meta property=\"article:modified_time\" content=\"2024-12-01T18:07:52+00:00\" \/>\n<meta name=\"twitter:card\" content=\"summary_large_image\" \/>\n<meta name=\"twitter:site\" content=\"@millerthomson\" \/>\n<meta name=\"twitter:label1\" content=\"Est. reading time\" \/>\n\t<meta name=\"twitter:data1\" content=\"1 minute\" \/>\n<script type=\"application\/ld+json\" class=\"yoast-schema-graph\">{\"@context\":\"https:\/\/schema.org\",\"@graph\":[{\"@type\":\"NewsArticle\",\"@id\":\"https:\/\/www.millerthomson.com\/fr\/nouvelles\/nouvel-associe-directeur-pour-le-bureau-de-la-region-de-waterloo\/#article\",\"isPartOf\":{\"@id\":\"https:\/\/www.millerthomson.com\/fr\/nouvelles\/nouvel-associe-directeur-pour-le-bureau-de-la-region-de-waterloo\/\"},\"author\":{\"name\":\"Katherine Chan\",\"@id\":\"https:\/\/www.millerthomson.com\/fr\/#\/schema\/person\/5473b50a564d1e37f327fdd79cb348f6\"},\"headline\":\"Nouvel associ\u00e9 directeur pour le bureau de la r\u00e9gion de Waterloo\",\"datePublished\":\"2023-02-02T20:06:02+00:00\",\"dateModified\":\"2024-12-01T18:07:52+00:00\",\"mainEntityOfPage\":{\"@id\":\"https:\/\/www.millerthomson.com\/fr\/nouvelles\/nouvel-associe-directeur-pour-le-bureau-de-la-region-de-waterloo\/\"},\"wordCount\":295,\"publisher\":{\"@id\":\"https:\/\/www.millerthomson.com\/fr\/#organization\"},\"inLanguage\":\"fr-FR\"},{\"@type\":\"WebPage\",\"@id\":\"https:\/\/www.millerthomson.com\/fr\/nouvelles\/nouvel-associe-directeur-pour-le-bureau-de-la-region-de-waterloo\/\",\"url\":\"https:\/\/www.millerthomson.com\/fr\/nouvelles\/nouvel-associe-directeur-pour-le-bureau-de-la-region-de-waterloo\/\",\"name\":\"Nouvel associ\u00e9 directeur pour le bureau de la r\u00e9gion de Waterloo | Miller Thomson\",\"isPartOf\":{\"@id\":\"https:\/\/www.millerthomson.com\/fr\/#website\"},\"datePublished\":\"2023-02-02T20:06:02+00:00\",\"dateModified\":\"2024-12-01T18:07:52+00:00\",\"breadcrumb\":{\"@id\":\"https:\/\/www.millerthomson.com\/fr\/nouvelles\/nouvel-associe-directeur-pour-le-bureau-de-la-region-de-waterloo\/#breadcrumb\"},\"inLanguage\":\"fr-FR\",\"potentialAction\":[{\"@type\":\"ReadAction\",\"target\":[\"https:\/\/www.millerthomson.com\/fr\/nouvelles\/nouvel-associe-directeur-pour-le-bureau-de-la-region-de-waterloo\/\"]}]},{\"@type\":\"BreadcrumbList\",\"@id\":\"https:\/\/www.millerthomson.com\/fr\/nouvelles\/nouvel-associe-directeur-pour-le-bureau-de-la-region-de-waterloo\/#breadcrumb\",\"itemListElement\":[{\"@type\":\"ListItem\",\"position\":1,\"name\":\"Accueil\",\"item\":\"https:\/\/www.millerthomson.com\/fr\/\"},{\"@type\":\"ListItem\",\"position\":2,\"name\":\"Nouvelles\",\"item\":\"https:\/\/www.millerthomson.com\/fr\/nouvelles\/\"},{\"@type\":\"ListItem\",\"position\":3,\"name\":\"Nouvel associ\u00e9 directeur pour le bureau de la r\u00e9gion de Waterloo\"}]},{\"@type\":\"WebSite\",\"@id\":\"https:\/\/www.millerthomson.com\/fr\/#website\",\"url\":\"https:\/\/www.millerthomson.com\/fr\/\",\"name\":\"Miller Thomson | Cabinet de droit des affaires pancanadien\",\"description\":\"National law firm providing business law expertise and litigation and disputes services for businesses across Canada since 1957.\",\"publisher\":{\"@id\":\"https:\/\/www.millerthomson.com\/fr\/#organization\"},\"potentialAction\":[{\"@type\":\"SearchAction\",\"target\":{\"@type\":\"EntryPoint\",\"urlTemplate\":\"https:\/\/www.millerthomson.com\/fr\/?s={search_term_string}\"},\"query-input\":{\"@type\":\"PropertyValueSpecification\",\"valueRequired\":true,\"valueName\":\"search_term_string\"}}],\"inLanguage\":\"fr-FR\"},{\"@type\":\"Organization\",\"@id\":\"https:\/\/www.millerthomson.com\/fr\/#organization\",\"name\":\"Miller Thomson | Cabinet de droit des affaires pancanadien\",\"url\":\"https:\/\/www.millerthomson.com\/fr\/\",\"logo\":{\"@type\":\"ImageObject\",\"inLanguage\":\"fr-FR\",\"@id\":\"https:\/\/www.millerthomson.com\/fr\/#\/schema\/logo\/image\/\",\"url\":\"https:\/\/www.millerthomson.com\/wp-content\/uploads\/2024\/10\/miller-thomson.svg\",\"contentUrl\":\"https:\/\/www.millerthomson.com\/wp-content\/uploads\/2024\/10\/miller-thomson.svg\",\"width\":380,\"height\":50,\"caption\":\"Miller Thomson | Cabinet de droit des affaires pancanadien\"},\"image\":{\"@id\":\"https:\/\/www.millerthomson.com\/fr\/#\/schema\/logo\/image\/\"},\"sameAs\":[\"https:\/\/www.facebook.com\/MillerThomsonLaw\/\",\"https:\/\/x.com\/millerthomson\",\"https:\/\/www.linkedin.com\/company\/miller-thomson-llp\/\",\"https:\/\/www.youtube.com\/@millerthomson\"]},{\"@type\":\"Person\",\"@id\":\"https:\/\/www.millerthomson.com\/fr\/#\/schema\/person\/5473b50a564d1e37f327fdd79cb348f6\",\"name\":\"Katherine Chan\",\"image\":{\"@type\":\"ImageObject\",\"inLanguage\":\"fr-FR\",\"@id\":\"https:\/\/www.millerthomson.com\/fr\/#\/schema\/person\/image\/\",\"url\":\"https:\/\/secure.gravatar.com\/avatar\/da8a18c240b27905220d948a87957ba19ab6de326b44a2ce3072235c121f996f?s=96&d=mm&r=g\",\"contentUrl\":\"https:\/\/secure.gravatar.com\/avatar\/da8a18c240b27905220d948a87957ba19ab6de326b44a2ce3072235c121f996f?s=96&d=mm&r=g\",\"caption\":\"Katherine Chan\"}}]}<\/script>\n<!-- \/ Yoast SEO plugin. -->","yoast_head_json":{"title":"Nouvel associ\u00e9 directeur pour le bureau de la r\u00e9gion de Waterloo | Miller Thomson","robots":{"index":"index","follow":"follow","max-snippet":"max-snippet:-1","max-image-preview":"max-image-preview:large","max-video-preview":"max-video-preview:-1"},"canonical":"https:\/\/www.millerthomson.com\/fr\/nouvelles\/nouvel-associe-directeur-pour-le-bureau-de-la-region-de-waterloo\/","og_locale":"fr_FR","og_type":"article","og_title":"Nouvel associ\u00e9 directeur pour le bureau de la r\u00e9gion de Waterloo | Miller Thomson","og_description":"Miller Thomson est heureux d\u2019annoncer qu\u2019Andrew Roth occupera le poste d\u2019associ\u00e9 directeur de son bureau de la r\u00e9gion de Waterloo nouvellement rebaptis\u00e9. Regroupant les villes de Cambridge, Kitchener et Waterloo ainsi que les cantons de North Dumfries, Wellesley, Wilmot et Woolwich, la municipalit\u00e9 r\u00e9gionale de Waterloo est la 10e\u00a0r\u00e9gion m\u00e9tropolitaine de recensement la plus peupl\u00e9e [&hellip;]","og_url":"https:\/\/www.millerthomson.com\/fr\/nouvelles\/nouvel-associe-directeur-pour-le-bureau-de-la-region-de-waterloo\/","og_site_name":"Miller Thomson","article_publisher":"https:\/\/www.facebook.com\/MillerThomsonLaw\/","article_modified_time":"2024-12-01T18:07:52+00:00","twitter_card":"summary_large_image","twitter_site":"@millerthomson","twitter_misc":{"Est. reading time":"1 minute"},"schema":{"@context":"https:\/\/schema.org","@graph":[{"@type":"NewsArticle","@id":"https:\/\/www.millerthomson.com\/fr\/nouvelles\/nouvel-associe-directeur-pour-le-bureau-de-la-region-de-waterloo\/#article","isPartOf":{"@id":"https:\/\/www.millerthomson.com\/fr\/nouvelles\/nouvel-associe-directeur-pour-le-bureau-de-la-region-de-waterloo\/"},"author":{"name":"Katherine Chan","@id":"https:\/\/www.millerthomson.com\/fr\/#\/schema\/person\/5473b50a564d1e37f327fdd79cb348f6"},"headline":"Nouvel associ\u00e9 directeur pour le bureau de la r\u00e9gion de Waterloo","datePublished":"2023-02-02T20:06:02+00:00","dateModified":"2024-12-01T18:07:52+00:00","mainEntityOfPage":{"@id":"https:\/\/www.millerthomson.com\/fr\/nouvelles\/nouvel-associe-directeur-pour-le-bureau-de-la-region-de-waterloo\/"},"wordCount":295,"publisher":{"@id":"https:\/\/www.millerthomson.com\/fr\/#organization"},"inLanguage":"fr-FR"},{"@type":"WebPage","@id":"https:\/\/www.millerthomson.com\/fr\/nouvelles\/nouvel-associe-directeur-pour-le-bureau-de-la-region-de-waterloo\/","url":"https:\/\/www.millerthomson.com\/fr\/nouvelles\/nouvel-associe-directeur-pour-le-bureau-de-la-region-de-waterloo\/","name":"Nouvel associ\u00e9 directeur pour le bureau de la r\u00e9gion de Waterloo | Miller Thomson","isPartOf":{"@id":"https:\/\/www.millerthomson.com\/fr\/#website"},"datePublished":"2023-02-02T20:06:02+00:00","dateModified":"2024-12-01T18:07:52+00:00","breadcrumb":{"@id":"https:\/\/www.millerthomson.com\/fr\/nouvelles\/nouvel-associe-directeur-pour-le-bureau-de-la-region-de-waterloo\/#breadcrumb"},"inLanguage":"fr-FR","potentialAction":[{"@type":"ReadAction","target":["https:\/\/www.millerthomson.com\/fr\/nouvelles\/nouvel-associe-directeur-pour-le-bureau-de-la-region-de-waterloo\/"]}]},{"@type":"BreadcrumbList","@id":"https:\/\/www.millerthomson.com\/fr\/nouvelles\/nouvel-associe-directeur-pour-le-bureau-de-la-region-de-waterloo\/#breadcrumb","itemListElement":[{"@type":"ListItem","position":1,"name":"Accueil","item":"https:\/\/www.millerthomson.com\/fr\/"},{"@type":"ListItem","position":2,"name":"Nouvelles","item":"https:\/\/www.millerthomson.com\/fr\/nouvelles\/"},{"@type":"ListItem","position":3,"name":"Nouvel associ\u00e9 directeur pour le bureau de la r\u00e9gion de Waterloo"}]},{"@type":"WebSite","@id":"https:\/\/www.millerthomson.com\/fr\/#website","url":"https:\/\/www.millerthomson.com\/fr\/","name":"Miller Thomson | Cabinet de droit des affaires pancanadien","description":"National law firm providing business law expertise and litigation and disputes services for businesses across Canada since 1957.","publisher":{"@id":"https:\/\/www.millerthomson.com\/fr\/#organization"},"potentialAction":[{"@type":"SearchAction","target":{"@type":"EntryPoint","urlTemplate":"https:\/\/www.millerthomson.com\/fr\/?s={search_term_string}"},"query-input":{"@type":"PropertyValueSpecification","valueRequired":true,"valueName":"search_term_string"}}],"inLanguage":"fr-FR"},{"@type":"Organization","@id":"https:\/\/www.millerthomson.com\/fr\/#organization","name":"Miller Thomson | Cabinet de droit des affaires pancanadien","url":"https:\/\/www.millerthomson.com\/fr\/","logo":{"@type":"ImageObject","inLanguage":"fr-FR","@id":"https:\/\/www.millerthomson.com\/fr\/#\/schema\/logo\/image\/","url":"https:\/\/www.millerthomson.com\/wp-content\/uploads\/2024\/10\/miller-thomson.svg","contentUrl":"https:\/\/www.millerthomson.com\/wp-content\/uploads\/2024\/10\/miller-thomson.svg","width":380,"height":50,"caption":"Miller Thomson | Cabinet de droit des affaires pancanadien"},"image":{"@id":"https:\/\/www.millerthomson.com\/fr\/#\/schema\/logo\/image\/"},"sameAs":["https:\/\/www.facebook.com\/MillerThomsonLaw\/","https:\/\/x.com\/millerthomson","https:\/\/www.linkedin.com\/company\/miller-thomson-llp\/","https:\/\/www.youtube.com\/@millerthomson"]},{"@type":"Person","@id":"https:\/\/www.millerthomson.com\/fr\/#\/schema\/person\/5473b50a564d1e37f327fdd79cb348f6","name":"Katherine Chan","image":{"@type":"ImageObject","inLanguage":"fr-FR","@id":"https:\/\/www.millerthomson.com\/fr\/#\/schema\/person\/image\/","url":"https:\/\/secure.gravatar.com\/avatar\/da8a18c240b27905220d948a87957ba19ab6de326b44a2ce3072235c121f996f?s=96&d=mm&r=g","contentUrl":"https:\/\/secure.gravatar.com\/avatar\/da8a18c240b27905220d948a87957ba19ab6de326b44a2ce3072235c121f996f?s=96&d=mm&r=g","caption":"Katherine Chan"}}]}},"_links":{"self":[{"href":"https:\/\/www.millerthomson.com\/fr\/wp-json\/wp\/v2\/news\/7816","targetHints":{"allow":["GET"]}}],"collection":[{"href":"https:\/\/www.millerthomson.com\/fr\/wp-json\/wp\/v2\/news"}],"about":[{"href":"https:\/\/www.millerthomson.com\/fr\/wp-json\/wp\/v2\/types\/news"}],"author":[{"embeddable":true,"href":"https:\/\/www.millerthomson.com\/fr\/wp-json\/wp\/v2\/users\/5"}],"version-history":[{"count":0,"href":"https:\/\/www.millerthomson.com\/fr\/wp-json\/wp\/v2\/news\/7816\/revisions"}],"wp:attachment":[{"href":"https:\/\/www.millerthomson.com\/fr\/wp-json\/wp\/v2\/media?parent=7816"}],"wp:term":[{"taxonomy":"news-category","embeddable":true,"href":"https:\/\/www.millerthomson.com\/fr\/wp-json\/wp\/v2\/news-category?post=7816"}],"curies":[{"name":"wp","href":"https:\/\/api.w.org\/{rel}","templated":true}]}}