{"id":7814,"date":"2023-01-10T14:38:44","date_gmt":"2023-01-10T19:38:44","guid":{"rendered":"https:\/\/www.millerthomson.com\/news\/des-avocats-de-miller-thomson-reconnus-dans-ledition-de-2023-du-repertoire-lexpert-alm-500\/"},"modified":"2026-01-14T12:52:15","modified_gmt":"2026-01-14T17:52:15","slug":"des-avocats-de-miller-thomson-reconnus-dans-ledition-de-2023-du-repertoire-lexpert-alm-500","status":"publish","type":"news","link":"https:\/\/www.millerthomson.com\/fr\/nouvelles\/des-avocats-de-miller-thomson-reconnus-dans-ledition-de-2023-du-repertoire-lexpert-alm-500\/","title":{"rendered":"Des avocats de Miller Thomson reconnus dans l\u2019\u00e9dition de 2023 du r\u00e9pertoire Lexpert\/ALM 500"},"content":{"rendered":"<p>F\u00e9licitations aux avocats reconnus dans l\u2019\u00e9dition de 2023 du r\u00e9pertoire des 500 meilleurs avocats au Canada publi\u00e9 par Lexpert\/American Lawyer (<em>The 2023 Lexpert\u00ae\/American Lawyer Guide to the Leading 500 Lawyers in Canada) <\/em>:<\/p>\n<ul>\n<li>Dean Chenoy, droit du divertissement<\/li>\n<li>Tamara Farber, droit de l\u2019environnement<\/li>\n<\/ul>\n<p>Reconnus comme des chefs de file dans leurs domaines respectifs, les avocats s\u00e9lectionn\u00e9s au r\u00e9pertoire Lexpert\/ALM 500 sont apparus au sommet des classements dans divers domaines de pratique importants pour un public am\u00e9ricain \u00e0 la suite du sondage annuel de Lexpert.<\/p>\n","protected":false},"author":5,"featured_media":0,"template":"","news-category":[655],"class_list":["post-7814","news","type-news","status-publish","hentry"],"acf":[],"yoast_head":"<!-- This site is optimized with the Yoast SEO plugin v26.1.1 - https:\/\/yoast.com\/wordpress\/plugins\/seo\/ -->\n<title>Des avocats de Miller Thomson reconnus dans l\u2019\u00e9dition de 2023 du r\u00e9pertoire Lexpert\/ALM 500 | Miller Thomson<\/title>\n<meta name=\"robots\" content=\"index, follow, max-snippet:-1, max-image-preview:large, max-video-preview:-1\" \/>\n<link rel=\"canonical\" href=\"https:\/\/www.millerthomson.com\/fr\/nouvelles\/des-avocats-de-miller-thomson-reconnus-dans-ledition-de-2023-du-repertoire-lexpert-alm-500\/\" \/>\n<meta property=\"og:locale\" content=\"fr_FR\" \/>\n<meta property=\"og:type\" content=\"article\" \/>\n<meta property=\"og:title\" content=\"Des avocats de Miller Thomson reconnus dans l\u2019\u00e9dition de 2023 du r\u00e9pertoire Lexpert\/ALM 500 | Miller Thomson\" \/>\n<meta property=\"og:description\" content=\"F\u00e9licitations aux avocats reconnus dans l\u2019\u00e9dition de 2023 du r\u00e9pertoire des 500 meilleurs avocats au Canada publi\u00e9 par Lexpert\/American Lawyer (The 2023 Lexpert\u00ae\/American Lawyer Guide to the Leading 500 Lawyers in Canada) : Dean Chenoy, droit du divertissement Tamara Farber, droit de l\u2019environnement Reconnus comme des chefs de file dans leurs domaines respectifs, les avocats [&hellip;]\" \/>\n<meta property=\"og:url\" content=\"https:\/\/www.millerthomson.com\/fr\/nouvelles\/des-avocats-de-miller-thomson-reconnus-dans-ledition-de-2023-du-repertoire-lexpert-alm-500\/\" \/>\n<meta property=\"og:site_name\" content=\"Miller Thomson\" \/>\n<meta property=\"article:publisher\" content=\"https:\/\/www.facebook.com\/MillerThomsonLaw\/\" \/>\n<meta property=\"article:modified_time\" content=\"2026-01-14T17:52:15+00:00\" \/>\n<meta name=\"twitter:card\" content=\"summary_large_image\" \/>\n<meta name=\"twitter:site\" content=\"@millerthomson\" \/>\n<meta name=\"twitter:label1\" content=\"Est. reading time\" \/>\n\t<meta name=\"twitter:data1\" content=\"1 minute\" \/>\n<script type=\"application\/ld+json\" class=\"yoast-schema-graph\">{\"@context\":\"https:\/\/schema.org\",\"@graph\":[{\"@type\":\"NewsArticle\",\"@id\":\"https:\/\/www.millerthomson.com\/fr\/nouvelles\/des-avocats-de-miller-thomson-reconnus-dans-ledition-de-2023-du-repertoire-lexpert-alm-500\/#article\",\"isPartOf\":{\"@id\":\"https:\/\/www.millerthomson.com\/fr\/nouvelles\/des-avocats-de-miller-thomson-reconnus-dans-ledition-de-2023-du-repertoire-lexpert-alm-500\/\"},\"author\":{\"name\":\"Katherine Chan\",\"@id\":\"https:\/\/www.millerthomson.com\/fr\/#\/schema\/person\/5473b50a564d1e37f327fdd79cb348f6\"},\"headline\":\"Des avocats de Miller Thomson reconnus dans l\u2019\u00e9dition de 2023 du r\u00e9pertoire Lexpert\/ALM 500\",\"datePublished\":\"2023-01-10T19:38:44+00:00\",\"dateModified\":\"2026-01-14T17:52:15+00:00\",\"mainEntityOfPage\":{\"@id\":\"https:\/\/www.millerthomson.com\/fr\/nouvelles\/des-avocats-de-miller-thomson-reconnus-dans-ledition-de-2023-du-repertoire-lexpert-alm-500\/\"},\"wordCount\":103,\"publisher\":{\"@id\":\"https:\/\/www.millerthomson.com\/fr\/#organization\"},\"inLanguage\":\"fr-FR\"},{\"@type\":\"WebPage\",\"@id\":\"https:\/\/www.millerthomson.com\/fr\/nouvelles\/des-avocats-de-miller-thomson-reconnus-dans-ledition-de-2023-du-repertoire-lexpert-alm-500\/\",\"url\":\"https:\/\/www.millerthomson.com\/fr\/nouvelles\/des-avocats-de-miller-thomson-reconnus-dans-ledition-de-2023-du-repertoire-lexpert-alm-500\/\",\"name\":\"Des avocats de Miller Thomson reconnus dans l\u2019\u00e9dition de 2023 du r\u00e9pertoire Lexpert\/ALM 500 | Miller Thomson\",\"isPartOf\":{\"@id\":\"https:\/\/www.millerthomson.com\/fr\/#website\"},\"datePublished\":\"2023-01-10T19:38:44+00:00\",\"dateModified\":\"2026-01-14T17:52:15+00:00\",\"breadcrumb\":{\"@id\":\"https:\/\/www.millerthomson.com\/fr\/nouvelles\/des-avocats-de-miller-thomson-reconnus-dans-ledition-de-2023-du-repertoire-lexpert-alm-500\/#breadcrumb\"},\"inLanguage\":\"fr-FR\",\"potentialAction\":[{\"@type\":\"ReadAction\",\"target\":[\"https:\/\/www.millerthomson.com\/fr\/nouvelles\/des-avocats-de-miller-thomson-reconnus-dans-ledition-de-2023-du-repertoire-lexpert-alm-500\/\"]}]},{\"@type\":\"BreadcrumbList\",\"@id\":\"https:\/\/www.millerthomson.com\/fr\/nouvelles\/des-avocats-de-miller-thomson-reconnus-dans-ledition-de-2023-du-repertoire-lexpert-alm-500\/#breadcrumb\",\"itemListElement\":[{\"@type\":\"ListItem\",\"position\":1,\"name\":\"Accueil\",\"item\":\"https:\/\/www.millerthomson.com\/fr\/\"},{\"@type\":\"ListItem\",\"position\":2,\"name\":\"Nouvelles\",\"item\":\"https:\/\/www.millerthomson.com\/fr\/nouvelles\/\"},{\"@type\":\"ListItem\",\"position\":3,\"name\":\"Des avocats de Miller Thomson reconnus dans l\u2019\u00e9dition de 2023 du r\u00e9pertoire Lexpert\/ALM 500\"}]},{\"@type\":\"WebSite\",\"@id\":\"https:\/\/www.millerthomson.com\/fr\/#website\",\"url\":\"https:\/\/www.millerthomson.com\/fr\/\",\"name\":\"Miller Thomson | Cabinet de droit des affaires pancanadien\",\"description\":\"National law firm providing business law expertise and litigation and disputes services for businesses across Canada since 1957.\",\"publisher\":{\"@id\":\"https:\/\/www.millerthomson.com\/fr\/#organization\"},\"potentialAction\":[{\"@type\":\"SearchAction\",\"target\":{\"@type\":\"EntryPoint\",\"urlTemplate\":\"https:\/\/www.millerthomson.com\/fr\/?s={search_term_string}\"},\"query-input\":{\"@type\":\"PropertyValueSpecification\",\"valueRequired\":true,\"valueName\":\"search_term_string\"}}],\"inLanguage\":\"fr-FR\"},{\"@type\":\"Organization\",\"@id\":\"https:\/\/www.millerthomson.com\/fr\/#organization\",\"name\":\"Miller Thomson | Cabinet de droit des affaires pancanadien\",\"url\":\"https:\/\/www.millerthomson.com\/fr\/\",\"logo\":{\"@type\":\"ImageObject\",\"inLanguage\":\"fr-FR\",\"@id\":\"https:\/\/www.millerthomson.com\/fr\/#\/schema\/logo\/image\/\",\"url\":\"https:\/\/www.millerthomson.com\/wp-content\/uploads\/2024\/10\/miller-thomson.svg\",\"contentUrl\":\"https:\/\/www.millerthomson.com\/wp-content\/uploads\/2024\/10\/miller-thomson.svg\",\"width\":380,\"height\":50,\"caption\":\"Miller Thomson | Cabinet de droit des affaires pancanadien\"},\"image\":{\"@id\":\"https:\/\/www.millerthomson.com\/fr\/#\/schema\/logo\/image\/\"},\"sameAs\":[\"https:\/\/www.facebook.com\/MillerThomsonLaw\/\",\"https:\/\/x.com\/millerthomson\",\"https:\/\/www.linkedin.com\/company\/miller-thomson-llp\/\",\"https:\/\/www.youtube.com\/@millerthomson\"]},{\"@type\":\"Person\",\"@id\":\"https:\/\/www.millerthomson.com\/fr\/#\/schema\/person\/5473b50a564d1e37f327fdd79cb348f6\",\"name\":\"Katherine Chan\",\"image\":{\"@type\":\"ImageObject\",\"inLanguage\":\"fr-FR\",\"@id\":\"https:\/\/www.millerthomson.com\/fr\/#\/schema\/person\/image\/\",\"url\":\"https:\/\/secure.gravatar.com\/avatar\/da8a18c240b27905220d948a87957ba19ab6de326b44a2ce3072235c121f996f?s=96&d=mm&r=g\",\"contentUrl\":\"https:\/\/secure.gravatar.com\/avatar\/da8a18c240b27905220d948a87957ba19ab6de326b44a2ce3072235c121f996f?s=96&d=mm&r=g\",\"caption\":\"Katherine Chan\"}}]}<\/script>\n<!-- \/ Yoast SEO plugin. -->","yoast_head_json":{"title":"Des avocats de Miller Thomson reconnus dans l\u2019\u00e9dition de 2023 du r\u00e9pertoire Lexpert\/ALM 500 | Miller Thomson","robots":{"index":"index","follow":"follow","max-snippet":"max-snippet:-1","max-image-preview":"max-image-preview:large","max-video-preview":"max-video-preview:-1"},"canonical":"https:\/\/www.millerthomson.com\/fr\/nouvelles\/des-avocats-de-miller-thomson-reconnus-dans-ledition-de-2023-du-repertoire-lexpert-alm-500\/","og_locale":"fr_FR","og_type":"article","og_title":"Des avocats de Miller Thomson reconnus dans l\u2019\u00e9dition de 2023 du r\u00e9pertoire Lexpert\/ALM 500 | Miller Thomson","og_description":"F\u00e9licitations aux avocats reconnus dans l\u2019\u00e9dition de 2023 du r\u00e9pertoire des 500 meilleurs avocats au Canada publi\u00e9 par Lexpert\/American Lawyer (The 2023 Lexpert\u00ae\/American Lawyer Guide to the Leading 500 Lawyers in Canada) : Dean Chenoy, droit du divertissement Tamara Farber, droit de l\u2019environnement Reconnus comme des chefs de file dans leurs domaines respectifs, les avocats [&hellip;]","og_url":"https:\/\/www.millerthomson.com\/fr\/nouvelles\/des-avocats-de-miller-thomson-reconnus-dans-ledition-de-2023-du-repertoire-lexpert-alm-500\/","og_site_name":"Miller Thomson","article_publisher":"https:\/\/www.facebook.com\/MillerThomsonLaw\/","article_modified_time":"2026-01-14T17:52:15+00:00","twitter_card":"summary_large_image","twitter_site":"@millerthomson","twitter_misc":{"Est. reading time":"1 minute"},"schema":{"@context":"https:\/\/schema.org","@graph":[{"@type":"NewsArticle","@id":"https:\/\/www.millerthomson.com\/fr\/nouvelles\/des-avocats-de-miller-thomson-reconnus-dans-ledition-de-2023-du-repertoire-lexpert-alm-500\/#article","isPartOf":{"@id":"https:\/\/www.millerthomson.com\/fr\/nouvelles\/des-avocats-de-miller-thomson-reconnus-dans-ledition-de-2023-du-repertoire-lexpert-alm-500\/"},"author":{"name":"Katherine Chan","@id":"https:\/\/www.millerthomson.com\/fr\/#\/schema\/person\/5473b50a564d1e37f327fdd79cb348f6"},"headline":"Des avocats de Miller Thomson reconnus dans l\u2019\u00e9dition de 2023 du r\u00e9pertoire Lexpert\/ALM 500","datePublished":"2023-01-10T19:38:44+00:00","dateModified":"2026-01-14T17:52:15+00:00","mainEntityOfPage":{"@id":"https:\/\/www.millerthomson.com\/fr\/nouvelles\/des-avocats-de-miller-thomson-reconnus-dans-ledition-de-2023-du-repertoire-lexpert-alm-500\/"},"wordCount":103,"publisher":{"@id":"https:\/\/www.millerthomson.com\/fr\/#organization"},"inLanguage":"fr-FR"},{"@type":"WebPage","@id":"https:\/\/www.millerthomson.com\/fr\/nouvelles\/des-avocats-de-miller-thomson-reconnus-dans-ledition-de-2023-du-repertoire-lexpert-alm-500\/","url":"https:\/\/www.millerthomson.com\/fr\/nouvelles\/des-avocats-de-miller-thomson-reconnus-dans-ledition-de-2023-du-repertoire-lexpert-alm-500\/","name":"Des avocats de Miller Thomson reconnus dans l\u2019\u00e9dition de 2023 du r\u00e9pertoire Lexpert\/ALM 500 | Miller Thomson","isPartOf":{"@id":"https:\/\/www.millerthomson.com\/fr\/#website"},"datePublished":"2023-01-10T19:38:44+00:00","dateModified":"2026-01-14T17:52:15+00:00","breadcrumb":{"@id":"https:\/\/www.millerthomson.com\/fr\/nouvelles\/des-avocats-de-miller-thomson-reconnus-dans-ledition-de-2023-du-repertoire-lexpert-alm-500\/#breadcrumb"},"inLanguage":"fr-FR","potentialAction":[{"@type":"ReadAction","target":["https:\/\/www.millerthomson.com\/fr\/nouvelles\/des-avocats-de-miller-thomson-reconnus-dans-ledition-de-2023-du-repertoire-lexpert-alm-500\/"]}]},{"@type":"BreadcrumbList","@id":"https:\/\/www.millerthomson.com\/fr\/nouvelles\/des-avocats-de-miller-thomson-reconnus-dans-ledition-de-2023-du-repertoire-lexpert-alm-500\/#breadcrumb","itemListElement":[{"@type":"ListItem","position":1,"name":"Accueil","item":"https:\/\/www.millerthomson.com\/fr\/"},{"@type":"ListItem","position":2,"name":"Nouvelles","item":"https:\/\/www.millerthomson.com\/fr\/nouvelles\/"},{"@type":"ListItem","position":3,"name":"Des avocats de Miller Thomson reconnus dans l\u2019\u00e9dition de 2023 du r\u00e9pertoire Lexpert\/ALM 500"}]},{"@type":"WebSite","@id":"https:\/\/www.millerthomson.com\/fr\/#website","url":"https:\/\/www.millerthomson.com\/fr\/","name":"Miller Thomson | Cabinet de droit des affaires pancanadien","description":"National law firm providing business law expertise and litigation and disputes services for businesses across Canada since 1957.","publisher":{"@id":"https:\/\/www.millerthomson.com\/fr\/#organization"},"potentialAction":[{"@type":"SearchAction","target":{"@type":"EntryPoint","urlTemplate":"https:\/\/www.millerthomson.com\/fr\/?s={search_term_string}"},"query-input":{"@type":"PropertyValueSpecification","valueRequired":true,"valueName":"search_term_string"}}],"inLanguage":"fr-FR"},{"@type":"Organization","@id":"https:\/\/www.millerthomson.com\/fr\/#organization","name":"Miller Thomson | Cabinet de droit des affaires pancanadien","url":"https:\/\/www.millerthomson.com\/fr\/","logo":{"@type":"ImageObject","inLanguage":"fr-FR","@id":"https:\/\/www.millerthomson.com\/fr\/#\/schema\/logo\/image\/","url":"https:\/\/www.millerthomson.com\/wp-content\/uploads\/2024\/10\/miller-thomson.svg","contentUrl":"https:\/\/www.millerthomson.com\/wp-content\/uploads\/2024\/10\/miller-thomson.svg","width":380,"height":50,"caption":"Miller Thomson | Cabinet de droit des affaires pancanadien"},"image":{"@id":"https:\/\/www.millerthomson.com\/fr\/#\/schema\/logo\/image\/"},"sameAs":["https:\/\/www.facebook.com\/MillerThomsonLaw\/","https:\/\/x.com\/millerthomson","https:\/\/www.linkedin.com\/company\/miller-thomson-llp\/","https:\/\/www.youtube.com\/@millerthomson"]},{"@type":"Person","@id":"https:\/\/www.millerthomson.com\/fr\/#\/schema\/person\/5473b50a564d1e37f327fdd79cb348f6","name":"Katherine Chan","image":{"@type":"ImageObject","inLanguage":"fr-FR","@id":"https:\/\/www.millerthomson.com\/fr\/#\/schema\/person\/image\/","url":"https:\/\/secure.gravatar.com\/avatar\/da8a18c240b27905220d948a87957ba19ab6de326b44a2ce3072235c121f996f?s=96&d=mm&r=g","contentUrl":"https:\/\/secure.gravatar.com\/avatar\/da8a18c240b27905220d948a87957ba19ab6de326b44a2ce3072235c121f996f?s=96&d=mm&r=g","caption":"Katherine Chan"}}]}},"_links":{"self":[{"href":"https:\/\/www.millerthomson.com\/fr\/wp-json\/wp\/v2\/news\/7814","targetHints":{"allow":["GET"]}}],"collection":[{"href":"https:\/\/www.millerthomson.com\/fr\/wp-json\/wp\/v2\/news"}],"about":[{"href":"https:\/\/www.millerthomson.com\/fr\/wp-json\/wp\/v2\/types\/news"}],"author":[{"embeddable":true,"href":"https:\/\/www.millerthomson.com\/fr\/wp-json\/wp\/v2\/users\/5"}],"version-history":[{"count":0,"href":"https:\/\/www.millerthomson.com\/fr\/wp-json\/wp\/v2\/news\/7814\/revisions"}],"wp:attachment":[{"href":"https:\/\/www.millerthomson.com\/fr\/wp-json\/wp\/v2\/media?parent=7814"}],"wp:term":[{"taxonomy":"news-category","embeddable":true,"href":"https:\/\/www.millerthomson.com\/fr\/wp-json\/wp\/v2\/news-category?post=7814"}],"curies":[{"name":"wp","href":"https:\/\/api.w.org\/{rel}","templated":true}]}}