{"id":7806,"date":"2022-08-25T12:00:18","date_gmt":"2022-08-25T16:00:18","guid":{"rendered":"https:\/\/www.millerthomson.com\/news\/miller-thomson-reconnu-dans-le-repertoire-best-lawyers-in-canada-2023\/"},"modified":"2026-04-23T14:49:37","modified_gmt":"2026-04-23T18:49:37","slug":"miller-thomson-reconnu-dans-le-repertoire-best-lawyers-in-canada-2023","status":"publish","type":"news","link":"https:\/\/www.millerthomson.com\/fr\/nouvelles\/miller-thomson-reconnu-dans-le-repertoire-best-lawyers-in-canada-2023\/","title":{"rendered":"Miller Thomson reconnu dans le r\u00e9pertoire Best Lawyers in Canada 2023"},"content":{"rendered":"\n<p>Nous sommes fiers d\u2019annoncer que avocats de Miller Thomson ont \u00e9t\u00e9 reconnus pour leur expertise dans 44 domaines du droit dans l\u2019\u00e9dition de 2023 de The Best Lawyers in Canada.<\/p>\n\n\n\n<p>Le r\u00e9pertoire juridique <a href=\"https:\/\/www.bestlawyers.com\/\"><em>Best Lawyers<\/em><\/a>\u00ae est largement reconnu comme \u00e9tant l\u2019un des plus importants au pays.&nbsp;Le palmar\u00e8s annuel est \u00e9tabli \u00e0 la suite d\u2019une \u00e9valuation au cours de laquelle les avocats \u00e9valuent les habilet\u00e9s professionnelles de leurs pairs dans leur domaine de pratique.<\/p>\n\n\n\n<p>Vous trouverez ci-dessous la liste de tous les avocats de Miller Thomson cit\u00e9s dans l\u2019\u00e9dition de 2023 de <em>The Best Lawyers in Canada<\/em>&nbsp;:<\/p>\n\n\n\n<h2 class=\"wp-block-heading\">Actions collectives<\/h2>\n\n\n\n<ul class=\"wp-block-list\">\n<li>F. Paul Morrison<\/li>\n<\/ul>\n\n\n\n<h2 class=\"wp-block-heading\">Avantages sociaux<\/h2>\n\n\n\n<ul class=\"wp-block-list\">\n<li>Gary S. Rosen<\/li>\n\n\n\n<li>Hugh Wright<\/li>\n<\/ul>\n\n\n\n<h2 class=\"wp-block-heading\">Baux commerciaux<\/h2>\n\n\n\n<ul class=\"wp-block-list\">\n<li>Steven L. Chaimberg<\/li>\n\n\n\n<li>John A. Cross, c.r.<\/li>\n\n\n\n<li>Perry Katz<\/li>\n\n\n\n<li>Steven J. O\u2019Melia<\/li>\n<\/ul>\n\n\n\n<h2 class=\"wp-block-heading\">Capital de risque<\/h2>\n\n\n\n<ul class=\"wp-block-list\">\n<li>Philippe St-Louis<\/li>\n<\/ul>\n\n\n\n<h2 class=\"wp-block-heading\">Commerce international et finances<\/h2>\n\n\n\n<ul class=\"wp-block-list\">\n<li>Daniel Kiselbach<\/li>\n\n\n\n<li>James M. Klotz<\/li>\n<\/ul>\n\n\n\n<h2 class=\"wp-block-heading\">Divertissement<\/h2>\n\n\n\n<ul class=\"wp-block-list\">\n<li>Dean J. Chenoy<\/li>\n\n\n\n<li>Jonathan F. Dyck<\/li>\n<\/ul>\n\n\n\n<h2 class=\"wp-block-heading\">Droit administratif et public<\/h2>\n\n\n\n<ul class=\"wp-block-list\">\n<li>Steven J. O\u2019Melia<\/li>\n\n\n\n<li>Tara Piurko<\/li>\n\n\n\n<li>Lisa Spiegel<\/li>\n<\/ul>\n\n\n\n<h2 class=\"wp-block-heading\">Droit autochtone<\/h2>\n\n\n\n<ul class=\"wp-block-list\">\n<li>John A. Doolan<\/li>\n<\/ul>\n\n\n\n<h2 class=\"wp-block-heading\">Droit bancaire et financier<\/h2>\n\n\n\n<ul class=\"wp-block-list\">\n<li>Ethan Campbell*<\/li>\n\n\n\n<li>John A. Cross, c.r.<\/li>\n\n\n\n<li>Jonathan F. Dyck<\/li>\n\n\n\n<li>Jean Leonard<\/li>\n\n\n\n<li>Nora F. Osbaldeston<\/li>\n\n\n\n<li>Amanda Plastina<\/li>\n\n\n\n<li>Maxime B. Rh\u00e9aume<\/li>\n\n\n\n<li>Andrew S. Roth<\/li>\n\n\n\n<li>Melissa Timbres<\/li>\n<\/ul>\n\n\n\n<h2 class=\"wp-block-heading\">Droit de l\u2019aviation<\/h2>\n\n\n\n<ul class=\"wp-block-list\">\n<li>Louis Amato-Gauci<\/li>\n<\/ul>\n\n\n\n<h2 class=\"wp-block-heading\">Droit de l\u2019\u00e9nergie<\/h2>\n\n\n\n<ul class=\"wp-block-list\">\n<li>Aaron Atcheson<\/li>\n\n\n\n<li>Charles W. Bois<\/li>\n<\/ul>\n\n\n\n<h2 class=\"wp-block-heading\">Droit de la construction<\/h2>\n\n\n\n<ul class=\"wp-block-list\">\n<li>Mark E. Alexander<\/li>\n\n\n\n<li>Michael Arbutina<\/li>\n\n\n\n<li>Charles W. Bois<\/li>\n\n\n\n<li>Dra\u017een F. Bulat<\/li>\n\n\n\n<li>Yannick Forget<\/li>\n\n\n\n<li>Guy Gilain<\/li>\n\n\n\n<li>Paul Guaragna<\/li>\n\n\n\n<li>Scott J. Hammel, c.r.<\/li>\n\n\n\n<li>Antonio Iacovelli<\/li>\n\n\n\n<li>Jasmin Lefebvre<\/li>\n\n\n\n<li>Paul E. Ryzuk<\/li>\n\n\n\n<li>Nicole T. Taylor-Smith<\/li>\n\n\n\n<li>Louis-Michel Tremblay<\/li>\n\n\n\n<li>Stephan Trihey<\/li>\n\n\n\n<li>Thomas R. Whitby<\/li>\n<\/ul>\n\n\n\n<h2 class=\"wp-block-heading\">Droit de la famille<\/h2>\n\n\n\n<ul class=\"wp-block-list\">\n<li>Joanne Biron<\/li>\n<\/ul>\n\n\n\n<h2 class=\"wp-block-heading\">Droit des assurances<\/h2>\n\n\n\n<ul class=\"wp-block-list\">\n<li>Christopher T. J. Blom<\/li>\n\n\n\n<li>James D. Bromiley<\/li>\n\n\n\n<li>Debra Curcio Lister<\/li>\n\n\n\n<li>Patricia J. Forte<\/li>\n\n\n\n<li>Mark R. Frederick<\/li>\n\n\n\n<li>Sandra L. Hawes<\/li>\n\n\n\n<li>Oleh W. Ilnyckyj<\/li>\n\n\n\n<li>Dan Rabinowitz<\/li>\n\n\n\n<li>Karen L. Weslowski<\/li>\n\n\n\n<li>Thomas R. Whitby<\/li>\n<\/ul>\n\n\n\n<h2 class=\"wp-block-heading\">Droit des soci\u00e9t\u00e9s<\/h2>\n\n\n\n<ul class=\"wp-block-list\">\n<li>Robert T.&nbsp; Anderson<\/li>\n\n\n\n<li>Andy Chan<\/li>\n\n\n\n<li>John A. Cross, c.r.<\/li>\n\n\n\n<li>Wendi P. Crowe<\/li>\n\n\n\n<li>Ryan Done<\/li>\n\n\n\n<li>William J. Fowlis, c.r., FCA<\/li>\n\n\n\n<li>Bruce N. Geiger<\/li>\n\n\n\n<li>Jay M. Hoffman<\/li>\n\n\n\n<li>Stephen Hsia*<\/li>\n\n\n\n<li>Eric F.W. Johnson<\/li>\n\n\n\n<li>Adam Kline<\/li>\n\n\n\n<li>James M. Klotz<\/li>\n\n\n\n<li>Dwayne K. Kuiper<\/li>\n\n\n\n<li>Glen Lekach<\/li>\n\n\n\n<li>Philipp Park<\/li>\n\n\n\n<li>Eric Schneider<\/li>\n\n\n\n<li>Kristina Shaw<\/li>\n\n\n\n<li>Max Spearn<\/li>\n\n\n\n<li>Robert M. Stewart<\/li>\n\n\n\n<li>Kevin D. Trumpour<\/li>\n\n\n\n<li>Melissa Tummon<\/li>\n\n\n\n<li>Tony Van Klink<\/li>\n\n\n\n<li>Lawrence D. Wilder<\/li>\n\n\n\n<li>Joseph W. Yurkovich, c.r.<\/li>\n<\/ul>\n\n\n\n<h2 class=\"wp-block-heading\">Droit des technologies<\/h2>\n\n\n\n<ul class=\"wp-block-list\">\n<li>Bruce N. Geiger<\/li>\n<\/ul>\n\n\n\n<h2 class=\"wp-block-heading\">Droit du franchisage<\/h2>\n\n\n\n<ul class=\"wp-block-list\">\n<li>Richard D. Leblanc<\/li>\n\n\n\n<li>Glen Lekach<\/li>\n<\/ul>\n\n\n\n<h2 class=\"wp-block-heading\">Droit du travail et de l\u2019emploi<\/h2>\n\n\n\n<ul class=\"wp-block-list\">\n<li>Claudia Desjardins B\u00e9lisle<\/li>\n\n\n\n<li>Thomas V.&nbsp; Duke<\/li>\n\n\n\n<li>Hugh R. Dyer<\/li>\n\n\n\n<li>Lisa Goodfellow<\/li>\n\n\n\n<li>Michelle D. MacGillivray<\/li>\n\n\n\n<li>M. Christine O\u2019Donohue<\/li>\n\n\n\n<li>Dirk L. Van de Kamer<\/li>\n\n\n\n<li>Jill W. Wilkie<\/li>\n\n\n\n<li>Lawrence Witt<\/li>\n<\/ul>\n\n\n\n<h2 class=\"wp-block-heading\">Droit fiscal<\/h2>\n\n\n\n<ul class=\"wp-block-list\">\n<li>David W. Chodikoff<\/li>\n\n\n\n<li>Andrew Etcovitch<\/li>\n\n\n\n<li>William J. Fowlis, c.r., FCA<\/li>\n\n\n\n<li>M. Elena Hoffstein<\/li>\n\n\n\n<li>Stephen Hsia*<\/li>\n\n\n\n<li>Nathalie Marchand<\/li>\n\n\n\n<li>Joseph W. Yurkovich, c.r.<\/li>\n<\/ul>\n\n\n\n<h2 class=\"wp-block-heading\">Droit minier<\/h2>\n\n\n\n<ul class=\"wp-block-list\">\n<li>Geoff Clarke<\/li>\n<\/ul>\n\n\n\n<h2 class=\"wp-block-heading\">Droit municipal<\/h2>\n\n\n\n<ul class=\"wp-block-list\">\n<li>Luc Gratton<\/li>\n\n\n\n<li>Roberto Noce, c.r.<\/li>\n\n\n\n<li>Steven J. O\u2019Melia<\/li>\n\n\n\n<li>Tara Piurko<\/li>\n<\/ul>\n\n\n\n<h2 class=\"wp-block-heading\">Droit relatif \u00e0 la r\u00e9glementation du secteur \u00e9nerg\u00e9tique<\/h2>\n\n\n\n<ul class=\"wp-block-list\">\n<li>Charles W. Bois<\/li>\n<\/ul>\n\n\n\n<h2 class=\"wp-block-heading\">Environnement<\/h2>\n\n\n\n<ul class=\"wp-block-list\">\n<li>Aaron Atcheson<\/li>\n\n\n\n<li>Charles W. Bois<\/li>\n\n\n\n<li>Bryan J. Buttigieg<\/li>\n\n\n\n<li>Tamara Farber<\/li>\n\n\n\n<li>Tara Piurko<\/li>\n<\/ul>\n\n\n\n<h2 class=\"wp-block-heading\">Expropriation<\/h2>\n\n\n\n<ul class=\"wp-block-list\">\n<li>Steven J. O\u2019Melia<\/li>\n<\/ul>\n\n\n\n<h2 class=\"wp-block-heading\">Fiducies et successions<\/h2>\n\n\n\n<ul class=\"wp-block-list\">\n<li>Howard S. Black<\/li>\n\n\n\n<li>Gail P. Black, c.r.<\/li>\n\n\n\n<li>Kelly A. Charlebois<\/li>\n\n\n\n<li>Wendi P. Crowe<\/li>\n\n\n\n<li>Andrew Etcovitch<\/li>\n\n\n\n<li>Sarah Fitzpatrick<\/li>\n\n\n\n<li>William J. Fowlis, c.r., FCA<\/li>\n\n\n\n<li>M. Elena Hoffstein<\/li>\n\n\n\n<li>Susan M. Manwaring<\/li>\n\n\n\n<li>Nathalie Marchand<\/li>\n\n\n\n<li>Sheila Morris<\/li>\n\n\n\n<li>Brittany Sud*<\/li>\n\n\n\n<li>Louis-Michel Tremblay<\/li>\n\n\n\n<li>Nicole Woodward<\/li>\n\n\n\n<li>Joseph W. Yurkovich, Q.C.<\/li>\n<\/ul>\n\n\n\n<h2 class=\"wp-block-heading\">Financement de projets<\/h2>\n\n\n\n<ul class=\"wp-block-list\">\n<li>Louis-Michel Tremblay<\/li>\n<\/ul>\n\n\n\n<h2 class=\"wp-block-heading\">Fusions et acquisitions<\/h2>\n\n\n\n<ul class=\"wp-block-list\">\n<li>Bernard Blouin<\/li>\n\n\n\n<li>Bruno Caron<\/li>\n\n\n\n<li>Andrew M. Cohen<\/li>\n\n\n\n<li>William J. Fowlis, c.r., FCA<\/li>\n\n\n\n<li>Bruce N. Geiger<\/li>\n\n\n\n<li>Jay M. Hoffman<\/li>\n\n\n\n<li>Glen Lekach (avocat de l\u2019ann\u00e9e, Regina)<\/li>\n\n\n\n<li>Philipp Park<\/li>\n\n\n\n<li>Lawrence D. Wilder<\/li>\n\n\n\n<li>Joseph W. Yurkovich, c.r.<\/li>\n<\/ul>\n\n\n\n<h2 class=\"wp-block-heading\">Gouvernance des entreprises<\/h2>\n\n\n\n<ul class=\"wp-block-list\">\n<li>Joseph W. Yurkovich, c.r.<\/li>\n<\/ul>\n\n\n\n<h2 class=\"wp-block-heading\">Immobilier<\/h2>\n\n\n\n<ul class=\"wp-block-list\">\n<li>Stewart Berringer<\/li>\n\n\n\n<li>Steven L. Chaimberg<\/li>\n\n\n\n<li>John A. Cross, c.r.<\/li>\n\n\n\n<li>John A. Doolan<\/li>\n\n\n\n<li>Robert J. Gray<\/li>\n\n\n\n<li>Perry Katz<\/li>\n\n\n\n<li>Jessica Penley<\/li>\n\n\n\n<li>Tara Piurko<\/li>\n\n\n\n<li>Andrew S. Roth<\/li>\n\n\n\n<li>Joshua I. Selby<\/li>\n\n\n\n<li>Melissa Timbres<\/li>\n\n\n\n<li>Frank Torchia<\/li>\n<\/ul>\n\n\n\n<h2 class=\"wp-block-heading\">Insolvabilit\u00e9 et r\u00e9organisation d\u2019entreprise<\/h2>\n\n\n\n<ul class=\"wp-block-list\">\n<li>Jeffrey C. Carhart<\/li>\n\n\n\n<li>Bryan A. Hosking*<\/li>\n\n\n\n<li>Bertrand Giroux<\/li>\n\n\n\n<li>Kyla E. M. Mahar<\/li>\n\n\n\n<li>Sam Massie*<\/li>\n\n\n\n<li>Bobby Sachdeva<\/li>\n\n\n\n<li>Hubert Sibre<\/li>\n\n\n\n<li>Tony Van Klink<\/li>\n\n\n\n<li>Terrence M. Warner<\/li>\n<\/ul>\n\n\n\n<h2 class=\"wp-block-heading\">Litige en droit des soci\u00e9t\u00e9s et en droit commercial<\/h2>\n\n\n\n<ul class=\"wp-block-list\">\n<li>Susan Adam Metzler<\/li>\n\n\n\n<li>Mark E. Alexander<\/li>\n\n\n\n<li>Fadi Amine<\/li>\n\n\n\n<li>Robert T.&nbsp; Anderson<\/li>\n\n\n\n<li>Douglas F. Best<\/li>\n\n\n\n<li>John J. Chapman<\/li>\n\n\n\n<li>Debra Curcio Lister<\/li>\n\n\n\n<li>Sam De Caprio<\/li>\n\n\n\n<li>Scott J. Hammel, c.r.<\/li>\n\n\n\n<li>Darin J. Hannaford<\/li>\n\n\n\n<li>Sandra L. Hawes<\/li>\n\n\n\n<li>Bryan Hicks<\/li>\n\n\n\n<li>Bryan A. Hosking*<\/li>\n\n\n\n<li>Bertrand Giroux<\/li>\n\n\n\n<li>F. Paul Morrison<\/li>\n\n\n\n<li>Michael J. Percival<\/li>\n\n\n\n<li>Hubert Sibre<\/li>\n\n\n\n<li>Adam Stephens<\/li>\n\n\n\n<li>Karen L. Weslowski<\/li>\n\n\n\n<li>Alice M.L. Wong<\/li>\n<\/ul>\n\n\n\n<h2 class=\"wp-block-heading\">Litige relatif aux pr\u00e9judices personnels<\/h2>\n\n\n\n<ul class=\"wp-block-list\">\n<li>Christopher T. J. Blom<\/li>\n\n\n\n<li>Robyn L. Meara<\/li>\n\n\n\n<li>F. Paul Morrison<\/li>\n\n\n\n<li>Michael J.&nbsp; Pucylo<\/li>\n<\/ul>\n\n\n\n<h2 class=\"wp-block-heading\">Organismes caritatifs et \u00e0 but non lucratif<\/h2>\n\n\n\n<ul class=\"wp-block-list\">\n<li>Sarah Fitzpatrick<\/li>\n\n\n\n<li>M. Elena Hoffstein<\/li>\n\n\n\n<li>Susan M. Manwaring<\/li>\n\n\n\n<li>Andrew Valentine<\/li>\n<\/ul>\n\n\n\n<h2 class=\"wp-block-heading\">Prises de contr\u00f4le par emprunt et capitaux priv\u00e9s<\/h2>\n\n\n\n<ul class=\"wp-block-list\">\n<li>Lawrence D. Wilder<\/li>\n<\/ul>\n\n\n\n<h2 class=\"wp-block-heading\">Propri\u00e9t\u00e9 intellectuelle<\/h2>\n\n\n\n<ul class=\"wp-block-list\">\n<li>Alexandre Ajami<\/li>\n\n\n\n<li>Lisa Sim<\/li>\n<\/ul>\n\n\n\n<h2 class=\"wp-block-heading\">Protection de la vie priv\u00e9e et s\u00e9curit\u00e9 des donn\u00e9es<\/h2>\n\n\n\n<ul class=\"wp-block-list\">\n<li>Catherine M. Dennis Brooks<\/li>\n<\/ul>\n\n\n\n<h2 class=\"wp-block-heading\">Publicit\u00e9 et marketing<\/h2>\n\n\n\n<ul class=\"wp-block-list\">\n<li>Eric Dufour<\/li>\n<\/ul>\n\n\n\n<h2 class=\"wp-block-heading\">Responsabilit\u00e9 des administrateurs et des dirigeants<\/h2>\n\n\n\n<ul class=\"wp-block-list\">\n<li>F. Paul Morrison<\/li>\n<\/ul>\n\n\n\n<h2 class=\"wp-block-heading\">Responsabilit\u00e9 du fabricant<\/h2>\n\n\n\n<ul class=\"wp-block-list\">\n<li>F. Paul Morrison<\/li>\n<\/ul>\n\n\n\n<h2 class=\"wp-block-heading\">Sant\u00e9<\/h2>\n\n\n\n<ul class=\"wp-block-list\">\n<li>Kathryn M. Frelick<\/li>\n\n\n\n<li>Lisa Spiegel<\/li>\n<\/ul>\n\n\n\n<h2 class=\"wp-block-heading\">Sports<\/h2>\n\n\n\n<ul class=\"wp-block-list\">\n<li>Dan Rabinowitz<\/li>\n<\/ul>\n\n\n\n<h2 class=\"wp-block-heading\">Technologies de l\u2019information<\/h2>\n\n\n\n<ul class=\"wp-block-list\">\n<li>Lisa Sim<\/li>\n<\/ul>\n\n\n\n<h2 class=\"wp-block-heading\">Transport<\/h2>\n\n\n\n<ul class=\"wp-block-list\">\n<li>Louis Amato-Gauci<\/li>\n\n\n\n<li>Darin J. Hannaford<\/li>\n\n\n\n<li>Jaclyne Reive<\/li>\n<\/ul>\n\n\n\n<h2 class=\"wp-block-heading\">Valeurs mobili\u00e8res<\/h2>\n\n\n\n<ul class=\"wp-block-list\">\n<li>Jay M. Hoffman<\/li>\n\n\n\n<li>Adam Kline<\/li>\n\n\n\n<li>Glen Lekach<\/li>\n<\/ul>\n\n\n\n<p>* Ces avocats ont \u00e9t\u00e9 nomm\u00e9s dans la publication <em>Best Lawyers: Ones to Watch<\/em>. Cette distinction vise \u00e0 reconna\u00eetre l\u2019expertise d\u2019avocats en d\u00e9but de carri\u00e8re pour leur excellence professionnelle exceptionnelle en pratique priv\u00e9e.<\/p>\n","protected":false},"author":5,"featured_media":0,"template":"","news-category":[655],"class_list":["post-7806","news","type-news","status-publish","hentry"],"acf":[],"yoast_head":"<!-- This site is optimized with the Yoast SEO plugin v26.1.1 - https:\/\/yoast.com\/wordpress\/plugins\/seo\/ -->\n<title>Miller Thomson reconnu dans le r\u00e9pertoire Best Lawyers in Canada 2023 | Miller Thomson<\/title>\n<meta name=\"robots\" content=\"index, follow, max-snippet:-1, max-image-preview:large, max-video-preview:-1\" \/>\n<link rel=\"canonical\" href=\"https:\/\/www.millerthomson.com\/fr\/nouvelles\/miller-thomson-reconnu-dans-le-repertoire-best-lawyers-in-canada-2023\/\" \/>\n<meta property=\"og:locale\" content=\"fr_FR\" \/>\n<meta property=\"og:type\" content=\"article\" \/>\n<meta property=\"og:title\" content=\"Miller Thomson reconnu dans le r\u00e9pertoire Best Lawyers in Canada 2023 | Miller Thomson\" \/>\n<meta property=\"og:description\" content=\"Nous sommes fiers d\u2019annoncer que avocats de Miller Thomson ont \u00e9t\u00e9 reconnus pour leur expertise dans 44 domaines du droit dans l\u2019\u00e9dition de 2023 de The Best Lawyers in Canada. Le r\u00e9pertoire juridique Best Lawyers\u00ae est largement reconnu comme \u00e9tant l\u2019un des plus importants au pays.&nbsp;Le palmar\u00e8s annuel est \u00e9tabli \u00e0 la suite d\u2019une \u00e9valuation [&hellip;]\" \/>\n<meta property=\"og:url\" content=\"https:\/\/www.millerthomson.com\/fr\/nouvelles\/miller-thomson-reconnu-dans-le-repertoire-best-lawyers-in-canada-2023\/\" \/>\n<meta property=\"og:site_name\" content=\"Miller Thomson\" \/>\n<meta property=\"article:publisher\" content=\"https:\/\/www.facebook.com\/MillerThomsonLaw\/\" \/>\n<meta property=\"article:modified_time\" content=\"2026-04-23T18:49:37+00:00\" \/>\n<meta name=\"twitter:card\" content=\"summary_large_image\" \/>\n<meta name=\"twitter:site\" content=\"@millerthomson\" \/>\n<meta name=\"twitter:label1\" content=\"Est. reading time\" \/>\n\t<meta name=\"twitter:data1\" content=\"4 minutes\" \/>\n<script type=\"application\/ld+json\" class=\"yoast-schema-graph\">{\"@context\":\"https:\/\/schema.org\",\"@graph\":[{\"@type\":\"NewsArticle\",\"@id\":\"https:\/\/www.millerthomson.com\/fr\/nouvelles\/miller-thomson-reconnu-dans-le-repertoire-best-lawyers-in-canada-2023\/#article\",\"isPartOf\":{\"@id\":\"https:\/\/www.millerthomson.com\/fr\/nouvelles\/miller-thomson-reconnu-dans-le-repertoire-best-lawyers-in-canada-2023\/\"},\"author\":{\"name\":\"Katherine Chan\",\"@id\":\"https:\/\/www.millerthomson.com\/fr\/#\/schema\/person\/5473b50a564d1e37f327fdd79cb348f6\"},\"headline\":\"Miller Thomson reconnu dans le r\u00e9pertoire Best Lawyers in Canada 2023\",\"datePublished\":\"2022-08-25T16:00:18+00:00\",\"dateModified\":\"2026-04-23T18:49:37+00:00\",\"mainEntityOfPage\":{\"@id\":\"https:\/\/www.millerthomson.com\/fr\/nouvelles\/miller-thomson-reconnu-dans-le-repertoire-best-lawyers-in-canada-2023\/\"},\"wordCount\":906,\"publisher\":{\"@id\":\"https:\/\/www.millerthomson.com\/fr\/#organization\"},\"inLanguage\":\"fr-FR\"},{\"@type\":\"WebPage\",\"@id\":\"https:\/\/www.millerthomson.com\/fr\/nouvelles\/miller-thomson-reconnu-dans-le-repertoire-best-lawyers-in-canada-2023\/\",\"url\":\"https:\/\/www.millerthomson.com\/fr\/nouvelles\/miller-thomson-reconnu-dans-le-repertoire-best-lawyers-in-canada-2023\/\",\"name\":\"Miller Thomson reconnu dans le r\u00e9pertoire Best Lawyers in Canada 2023 | Miller Thomson\",\"isPartOf\":{\"@id\":\"https:\/\/www.millerthomson.com\/fr\/#website\"},\"datePublished\":\"2022-08-25T16:00:18+00:00\",\"dateModified\":\"2026-04-23T18:49:37+00:00\",\"breadcrumb\":{\"@id\":\"https:\/\/www.millerthomson.com\/fr\/nouvelles\/miller-thomson-reconnu-dans-le-repertoire-best-lawyers-in-canada-2023\/#breadcrumb\"},\"inLanguage\":\"fr-FR\",\"potentialAction\":[{\"@type\":\"ReadAction\",\"target\":[\"https:\/\/www.millerthomson.com\/fr\/nouvelles\/miller-thomson-reconnu-dans-le-repertoire-best-lawyers-in-canada-2023\/\"]}]},{\"@type\":\"BreadcrumbList\",\"@id\":\"https:\/\/www.millerthomson.com\/fr\/nouvelles\/miller-thomson-reconnu-dans-le-repertoire-best-lawyers-in-canada-2023\/#breadcrumb\",\"itemListElement\":[{\"@type\":\"ListItem\",\"position\":1,\"name\":\"Accueil\",\"item\":\"https:\/\/www.millerthomson.com\/fr\/\"},{\"@type\":\"ListItem\",\"position\":2,\"name\":\"Nouvelles\",\"item\":\"https:\/\/www.millerthomson.com\/fr\/nouvelles\/\"},{\"@type\":\"ListItem\",\"position\":3,\"name\":\"Miller Thomson reconnu dans le r\u00e9pertoire Best Lawyers in Canada 2023\"}]},{\"@type\":\"WebSite\",\"@id\":\"https:\/\/www.millerthomson.com\/fr\/#website\",\"url\":\"https:\/\/www.millerthomson.com\/fr\/\",\"name\":\"Miller Thomson | Cabinet de droit des affaires pancanadien\",\"description\":\"National law firm providing business law expertise and litigation and disputes services for businesses across Canada since 1957.\",\"publisher\":{\"@id\":\"https:\/\/www.millerthomson.com\/fr\/#organization\"},\"potentialAction\":[{\"@type\":\"SearchAction\",\"target\":{\"@type\":\"EntryPoint\",\"urlTemplate\":\"https:\/\/www.millerthomson.com\/fr\/?s={search_term_string}\"},\"query-input\":{\"@type\":\"PropertyValueSpecification\",\"valueRequired\":true,\"valueName\":\"search_term_string\"}}],\"inLanguage\":\"fr-FR\"},{\"@type\":\"Organization\",\"@id\":\"https:\/\/www.millerthomson.com\/fr\/#organization\",\"name\":\"Miller Thomson | Cabinet de droit des affaires pancanadien\",\"url\":\"https:\/\/www.millerthomson.com\/fr\/\",\"logo\":{\"@type\":\"ImageObject\",\"inLanguage\":\"fr-FR\",\"@id\":\"https:\/\/www.millerthomson.com\/fr\/#\/schema\/logo\/image\/\",\"url\":\"https:\/\/www.millerthomson.com\/wp-content\/uploads\/2024\/10\/miller-thomson.svg\",\"contentUrl\":\"https:\/\/www.millerthomson.com\/wp-content\/uploads\/2024\/10\/miller-thomson.svg\",\"width\":380,\"height\":50,\"caption\":\"Miller Thomson | Cabinet de droit des affaires pancanadien\"},\"image\":{\"@id\":\"https:\/\/www.millerthomson.com\/fr\/#\/schema\/logo\/image\/\"},\"sameAs\":[\"https:\/\/www.facebook.com\/MillerThomsonLaw\/\",\"https:\/\/x.com\/millerthomson\",\"https:\/\/www.linkedin.com\/company\/miller-thomson-llp\/\",\"https:\/\/www.youtube.com\/@millerthomson\"]},{\"@type\":\"Person\",\"@id\":\"https:\/\/www.millerthomson.com\/fr\/#\/schema\/person\/5473b50a564d1e37f327fdd79cb348f6\",\"name\":\"Katherine Chan\",\"image\":{\"@type\":\"ImageObject\",\"inLanguage\":\"fr-FR\",\"@id\":\"https:\/\/www.millerthomson.com\/fr\/#\/schema\/person\/image\/\",\"url\":\"https:\/\/secure.gravatar.com\/avatar\/da8a18c240b27905220d948a87957ba19ab6de326b44a2ce3072235c121f996f?s=96&d=mm&r=g\",\"contentUrl\":\"https:\/\/secure.gravatar.com\/avatar\/da8a18c240b27905220d948a87957ba19ab6de326b44a2ce3072235c121f996f?s=96&d=mm&r=g\",\"caption\":\"Katherine Chan\"}}]}<\/script>\n<!-- \/ Yoast SEO plugin. -->","yoast_head_json":{"title":"Miller Thomson reconnu dans le r\u00e9pertoire Best Lawyers in Canada 2023 | Miller Thomson","robots":{"index":"index","follow":"follow","max-snippet":"max-snippet:-1","max-image-preview":"max-image-preview:large","max-video-preview":"max-video-preview:-1"},"canonical":"https:\/\/www.millerthomson.com\/fr\/nouvelles\/miller-thomson-reconnu-dans-le-repertoire-best-lawyers-in-canada-2023\/","og_locale":"fr_FR","og_type":"article","og_title":"Miller Thomson reconnu dans le r\u00e9pertoire Best Lawyers in Canada 2023 | Miller Thomson","og_description":"Nous sommes fiers d\u2019annoncer que avocats de Miller Thomson ont \u00e9t\u00e9 reconnus pour leur expertise dans 44 domaines du droit dans l\u2019\u00e9dition de 2023 de The Best Lawyers in Canada. Le r\u00e9pertoire juridique Best Lawyers\u00ae est largement reconnu comme \u00e9tant l\u2019un des plus importants au pays.&nbsp;Le palmar\u00e8s annuel est \u00e9tabli \u00e0 la suite d\u2019une \u00e9valuation [&hellip;]","og_url":"https:\/\/www.millerthomson.com\/fr\/nouvelles\/miller-thomson-reconnu-dans-le-repertoire-best-lawyers-in-canada-2023\/","og_site_name":"Miller Thomson","article_publisher":"https:\/\/www.facebook.com\/MillerThomsonLaw\/","article_modified_time":"2026-04-23T18:49:37+00:00","twitter_card":"summary_large_image","twitter_site":"@millerthomson","twitter_misc":{"Est. reading time":"4 minutes"},"schema":{"@context":"https:\/\/schema.org","@graph":[{"@type":"NewsArticle","@id":"https:\/\/www.millerthomson.com\/fr\/nouvelles\/miller-thomson-reconnu-dans-le-repertoire-best-lawyers-in-canada-2023\/#article","isPartOf":{"@id":"https:\/\/www.millerthomson.com\/fr\/nouvelles\/miller-thomson-reconnu-dans-le-repertoire-best-lawyers-in-canada-2023\/"},"author":{"name":"Katherine Chan","@id":"https:\/\/www.millerthomson.com\/fr\/#\/schema\/person\/5473b50a564d1e37f327fdd79cb348f6"},"headline":"Miller Thomson reconnu dans le r\u00e9pertoire Best Lawyers in Canada 2023","datePublished":"2022-08-25T16:00:18+00:00","dateModified":"2026-04-23T18:49:37+00:00","mainEntityOfPage":{"@id":"https:\/\/www.millerthomson.com\/fr\/nouvelles\/miller-thomson-reconnu-dans-le-repertoire-best-lawyers-in-canada-2023\/"},"wordCount":906,"publisher":{"@id":"https:\/\/www.millerthomson.com\/fr\/#organization"},"inLanguage":"fr-FR"},{"@type":"WebPage","@id":"https:\/\/www.millerthomson.com\/fr\/nouvelles\/miller-thomson-reconnu-dans-le-repertoire-best-lawyers-in-canada-2023\/","url":"https:\/\/www.millerthomson.com\/fr\/nouvelles\/miller-thomson-reconnu-dans-le-repertoire-best-lawyers-in-canada-2023\/","name":"Miller Thomson reconnu dans le r\u00e9pertoire Best Lawyers in Canada 2023 | Miller Thomson","isPartOf":{"@id":"https:\/\/www.millerthomson.com\/fr\/#website"},"datePublished":"2022-08-25T16:00:18+00:00","dateModified":"2026-04-23T18:49:37+00:00","breadcrumb":{"@id":"https:\/\/www.millerthomson.com\/fr\/nouvelles\/miller-thomson-reconnu-dans-le-repertoire-best-lawyers-in-canada-2023\/#breadcrumb"},"inLanguage":"fr-FR","potentialAction":[{"@type":"ReadAction","target":["https:\/\/www.millerthomson.com\/fr\/nouvelles\/miller-thomson-reconnu-dans-le-repertoire-best-lawyers-in-canada-2023\/"]}]},{"@type":"BreadcrumbList","@id":"https:\/\/www.millerthomson.com\/fr\/nouvelles\/miller-thomson-reconnu-dans-le-repertoire-best-lawyers-in-canada-2023\/#breadcrumb","itemListElement":[{"@type":"ListItem","position":1,"name":"Accueil","item":"https:\/\/www.millerthomson.com\/fr\/"},{"@type":"ListItem","position":2,"name":"Nouvelles","item":"https:\/\/www.millerthomson.com\/fr\/nouvelles\/"},{"@type":"ListItem","position":3,"name":"Miller Thomson reconnu dans le r\u00e9pertoire Best Lawyers in Canada 2023"}]},{"@type":"WebSite","@id":"https:\/\/www.millerthomson.com\/fr\/#website","url":"https:\/\/www.millerthomson.com\/fr\/","name":"Miller Thomson | Cabinet de droit des affaires pancanadien","description":"National law firm providing business law expertise and litigation and disputes services for businesses across Canada since 1957.","publisher":{"@id":"https:\/\/www.millerthomson.com\/fr\/#organization"},"potentialAction":[{"@type":"SearchAction","target":{"@type":"EntryPoint","urlTemplate":"https:\/\/www.millerthomson.com\/fr\/?s={search_term_string}"},"query-input":{"@type":"PropertyValueSpecification","valueRequired":true,"valueName":"search_term_string"}}],"inLanguage":"fr-FR"},{"@type":"Organization","@id":"https:\/\/www.millerthomson.com\/fr\/#organization","name":"Miller Thomson | Cabinet de droit des affaires pancanadien","url":"https:\/\/www.millerthomson.com\/fr\/","logo":{"@type":"ImageObject","inLanguage":"fr-FR","@id":"https:\/\/www.millerthomson.com\/fr\/#\/schema\/logo\/image\/","url":"https:\/\/www.millerthomson.com\/wp-content\/uploads\/2024\/10\/miller-thomson.svg","contentUrl":"https:\/\/www.millerthomson.com\/wp-content\/uploads\/2024\/10\/miller-thomson.svg","width":380,"height":50,"caption":"Miller Thomson | Cabinet de droit des affaires pancanadien"},"image":{"@id":"https:\/\/www.millerthomson.com\/fr\/#\/schema\/logo\/image\/"},"sameAs":["https:\/\/www.facebook.com\/MillerThomsonLaw\/","https:\/\/x.com\/millerthomson","https:\/\/www.linkedin.com\/company\/miller-thomson-llp\/","https:\/\/www.youtube.com\/@millerthomson"]},{"@type":"Person","@id":"https:\/\/www.millerthomson.com\/fr\/#\/schema\/person\/5473b50a564d1e37f327fdd79cb348f6","name":"Katherine Chan","image":{"@type":"ImageObject","inLanguage":"fr-FR","@id":"https:\/\/www.millerthomson.com\/fr\/#\/schema\/person\/image\/","url":"https:\/\/secure.gravatar.com\/avatar\/da8a18c240b27905220d948a87957ba19ab6de326b44a2ce3072235c121f996f?s=96&d=mm&r=g","contentUrl":"https:\/\/secure.gravatar.com\/avatar\/da8a18c240b27905220d948a87957ba19ab6de326b44a2ce3072235c121f996f?s=96&d=mm&r=g","caption":"Katherine Chan"}}]}},"_links":{"self":[{"href":"https:\/\/www.millerthomson.com\/fr\/wp-json\/wp\/v2\/news\/7806","targetHints":{"allow":["GET"]}}],"collection":[{"href":"https:\/\/www.millerthomson.com\/fr\/wp-json\/wp\/v2\/news"}],"about":[{"href":"https:\/\/www.millerthomson.com\/fr\/wp-json\/wp\/v2\/types\/news"}],"author":[{"embeddable":true,"href":"https:\/\/www.millerthomson.com\/fr\/wp-json\/wp\/v2\/users\/5"}],"version-history":[{"count":1,"href":"https:\/\/www.millerthomson.com\/fr\/wp-json\/wp\/v2\/news\/7806\/revisions"}],"predecessor-version":[{"id":49454,"href":"https:\/\/www.millerthomson.com\/fr\/wp-json\/wp\/v2\/news\/7806\/revisions\/49454"}],"wp:attachment":[{"href":"https:\/\/www.millerthomson.com\/fr\/wp-json\/wp\/v2\/media?parent=7806"}],"wp:term":[{"taxonomy":"news-category","embeddable":true,"href":"https:\/\/www.millerthomson.com\/fr\/wp-json\/wp\/v2\/news-category?post=7806"}],"curies":[{"name":"wp","href":"https:\/\/api.w.org\/{rel}","templated":true}]}}