{"id":7790,"date":"2021-06-08T18:45:38","date_gmt":"2021-06-08T22:45:38","guid":{"rendered":"https:\/\/www.millerthomson.com\/news\/ensemble-contre-la-haine-et-lislamophobie\/"},"modified":"2021-06-08T18:45:38","modified_gmt":"2021-06-08T22:45:38","slug":"ensemble-contre-la-haine-et-lislamophobie","status":"publish","type":"news","link":"https:\/\/www.millerthomson.com\/fr\/nouvelles\/ensemble-contre-la-haine-et-lislamophobie\/","title":{"rendered":"Ensemble contre la haine et l\u2019islamophobie"},"content":{"rendered":"<p>Il y a trois ans d\u00e9j\u00e0, \u00e0 la suite de l\u2019attentat de la mosqu\u00e9e de Qu\u00e9bec, les Canadiens ont appris avec horreur que des attaques brutales, insens\u00e9es et racistes pouvaient survenir dans leur propre pays. Les mots me manquent pour exprimer notre profonde tristesse, y compris celle de nos coll\u00e8gues musulmans, face \u00e0 un autre acte de violence incompr\u00e9hensible cette fois inflig\u00e9e \u00e0 une famille musulmane qui se promenait dimanche soir dans le nord de London. Nous adressons nos plus sinc\u00e8res condol\u00e9ances \u00e0 la famille des victimes, \u00e0 leurs voisins, \u00e0 leurs amis, aux membres de leur mosqu\u00e9e, \u00e0 la communaut\u00e9 musulmane et plus particuli\u00e8rement au jeune survivant de neuf\u00a0ans qui a perdu trois g\u00e9n\u00e9rations de sa famille qui aurait d\u00fb le soutenir et le guider. Nous sommes en deuil avec la communaut\u00e9 musulmane de London et avec la communaut\u00e9 musulmane dans son ensemble. Cet \u00e9v\u00e9nement tragique et les vies perdues ne doivent pas \u00eatre oubli\u00e9s. L\u2019intol\u00e9rance n\u2019a pas sa place dans notre pays. Nous devons rester unis et forts face \u00e0 la haine et l\u2019islamophobie et continuer de soutenir l\u2019humanit\u00e9 et l\u2019ouverture. Nous sommes en quelque sorte tous des voisins qui avons beaucoup en commun. Nos espoirs de jours meilleurs ne pourront se concr\u00e9tiser que lorsque nous aurons pris conscience de ce qui nous unit; nos espoirs, nos liens et notre humanit\u00e9.<\/p>\n","protected":false},"author":5,"featured_media":0,"template":"","news-category":[654],"class_list":["post-7790","news","type-news","status-publish","hentry"],"acf":[],"yoast_head":"<!-- This site is optimized with the Yoast SEO plugin v26.1.1 - https:\/\/yoast.com\/wordpress\/plugins\/seo\/ -->\n<title>Ensemble contre la haine et l\u2019islamophobie | Miller Thomson<\/title>\n<meta name=\"robots\" content=\"index, follow, max-snippet:-1, max-image-preview:large, max-video-preview:-1\" \/>\n<link rel=\"canonical\" href=\"https:\/\/www.millerthomson.com\/fr\/nouvelles\/ensemble-contre-la-haine-et-lislamophobie\/\" \/>\n<meta property=\"og:locale\" content=\"fr_FR\" \/>\n<meta property=\"og:type\" content=\"article\" \/>\n<meta property=\"og:title\" content=\"Ensemble contre la haine et l\u2019islamophobie | Miller Thomson\" \/>\n<meta property=\"og:description\" content=\"Il y a trois ans d\u00e9j\u00e0, \u00e0 la suite de l\u2019attentat de la mosqu\u00e9e de Qu\u00e9bec, les Canadiens ont appris avec horreur que des attaques brutales, insens\u00e9es et racistes pouvaient survenir dans leur propre pays. Les mots me manquent pour exprimer notre profonde tristesse, y compris celle de nos coll\u00e8gues musulmans, face \u00e0 un autre [&hellip;]\" \/>\n<meta property=\"og:url\" content=\"https:\/\/www.millerthomson.com\/fr\/nouvelles\/ensemble-contre-la-haine-et-lislamophobie\/\" \/>\n<meta property=\"og:site_name\" content=\"Miller Thomson\" \/>\n<meta property=\"article:publisher\" content=\"https:\/\/www.facebook.com\/MillerThomsonLaw\/\" \/>\n<meta name=\"twitter:card\" content=\"summary_large_image\" \/>\n<meta name=\"twitter:site\" content=\"@millerthomson\" \/>\n<meta name=\"twitter:label1\" content=\"Est. reading time\" \/>\n\t<meta name=\"twitter:data1\" content=\"1 minute\" \/>\n<script type=\"application\/ld+json\" class=\"yoast-schema-graph\">{\"@context\":\"https:\/\/schema.org\",\"@graph\":[{\"@type\":\"NewsArticle\",\"@id\":\"https:\/\/www.millerthomson.com\/fr\/nouvelles\/ensemble-contre-la-haine-et-lislamophobie\/#article\",\"isPartOf\":{\"@id\":\"https:\/\/www.millerthomson.com\/fr\/nouvelles\/ensemble-contre-la-haine-et-lislamophobie\/\"},\"author\":{\"name\":\"Katherine Chan\",\"@id\":\"https:\/\/www.millerthomson.com\/fr\/#\/schema\/person\/5473b50a564d1e37f327fdd79cb348f6\"},\"headline\":\"Ensemble contre la haine et l\u2019islamophobie\",\"datePublished\":\"2021-06-08T22:45:38+00:00\",\"mainEntityOfPage\":{\"@id\":\"https:\/\/www.millerthomson.com\/fr\/nouvelles\/ensemble-contre-la-haine-et-lislamophobie\/\"},\"wordCount\":246,\"publisher\":{\"@id\":\"https:\/\/www.millerthomson.com\/fr\/#organization\"},\"inLanguage\":\"fr-FR\"},{\"@type\":\"WebPage\",\"@id\":\"https:\/\/www.millerthomson.com\/fr\/nouvelles\/ensemble-contre-la-haine-et-lislamophobie\/\",\"url\":\"https:\/\/www.millerthomson.com\/fr\/nouvelles\/ensemble-contre-la-haine-et-lislamophobie\/\",\"name\":\"Ensemble contre la haine et l\u2019islamophobie | Miller Thomson\",\"isPartOf\":{\"@id\":\"https:\/\/www.millerthomson.com\/fr\/#website\"},\"datePublished\":\"2021-06-08T22:45:38+00:00\",\"breadcrumb\":{\"@id\":\"https:\/\/www.millerthomson.com\/fr\/nouvelles\/ensemble-contre-la-haine-et-lislamophobie\/#breadcrumb\"},\"inLanguage\":\"fr-FR\",\"potentialAction\":[{\"@type\":\"ReadAction\",\"target\":[\"https:\/\/www.millerthomson.com\/fr\/nouvelles\/ensemble-contre-la-haine-et-lislamophobie\/\"]}]},{\"@type\":\"BreadcrumbList\",\"@id\":\"https:\/\/www.millerthomson.com\/fr\/nouvelles\/ensemble-contre-la-haine-et-lislamophobie\/#breadcrumb\",\"itemListElement\":[{\"@type\":\"ListItem\",\"position\":1,\"name\":\"Accueil\",\"item\":\"https:\/\/www.millerthomson.com\/fr\/\"},{\"@type\":\"ListItem\",\"position\":2,\"name\":\"Nouvelles\",\"item\":\"https:\/\/www.millerthomson.com\/fr\/nouvelles\/\"},{\"@type\":\"ListItem\",\"position\":3,\"name\":\"Ensemble contre la haine et l\u2019islamophobie\"}]},{\"@type\":\"WebSite\",\"@id\":\"https:\/\/www.millerthomson.com\/fr\/#website\",\"url\":\"https:\/\/www.millerthomson.com\/fr\/\",\"name\":\"Miller Thomson | Cabinet de droit des affaires pancanadien\",\"description\":\"National law firm providing business law expertise and litigation and disputes services for businesses across Canada since 1957.\",\"publisher\":{\"@id\":\"https:\/\/www.millerthomson.com\/fr\/#organization\"},\"potentialAction\":[{\"@type\":\"SearchAction\",\"target\":{\"@type\":\"EntryPoint\",\"urlTemplate\":\"https:\/\/www.millerthomson.com\/fr\/?s={search_term_string}\"},\"query-input\":{\"@type\":\"PropertyValueSpecification\",\"valueRequired\":true,\"valueName\":\"search_term_string\"}}],\"inLanguage\":\"fr-FR\"},{\"@type\":\"Organization\",\"@id\":\"https:\/\/www.millerthomson.com\/fr\/#organization\",\"name\":\"Miller Thomson | Cabinet de droit des affaires pancanadien\",\"url\":\"https:\/\/www.millerthomson.com\/fr\/\",\"logo\":{\"@type\":\"ImageObject\",\"inLanguage\":\"fr-FR\",\"@id\":\"https:\/\/www.millerthomson.com\/fr\/#\/schema\/logo\/image\/\",\"url\":\"https:\/\/www.millerthomson.com\/wp-content\/uploads\/2024\/10\/miller-thomson.svg\",\"contentUrl\":\"https:\/\/www.millerthomson.com\/wp-content\/uploads\/2024\/10\/miller-thomson.svg\",\"width\":380,\"height\":50,\"caption\":\"Miller Thomson | Cabinet de droit des affaires pancanadien\"},\"image\":{\"@id\":\"https:\/\/www.millerthomson.com\/fr\/#\/schema\/logo\/image\/\"},\"sameAs\":[\"https:\/\/www.facebook.com\/MillerThomsonLaw\/\",\"https:\/\/x.com\/millerthomson\",\"https:\/\/www.linkedin.com\/company\/miller-thomson-llp\/\",\"https:\/\/www.youtube.com\/@millerthomson\"]},{\"@type\":\"Person\",\"@id\":\"https:\/\/www.millerthomson.com\/fr\/#\/schema\/person\/5473b50a564d1e37f327fdd79cb348f6\",\"name\":\"Katherine Chan\",\"image\":{\"@type\":\"ImageObject\",\"inLanguage\":\"fr-FR\",\"@id\":\"https:\/\/www.millerthomson.com\/fr\/#\/schema\/person\/image\/\",\"url\":\"https:\/\/secure.gravatar.com\/avatar\/da8a18c240b27905220d948a87957ba19ab6de326b44a2ce3072235c121f996f?s=96&d=mm&r=g\",\"contentUrl\":\"https:\/\/secure.gravatar.com\/avatar\/da8a18c240b27905220d948a87957ba19ab6de326b44a2ce3072235c121f996f?s=96&d=mm&r=g\",\"caption\":\"Katherine Chan\"}}]}<\/script>\n<!-- \/ Yoast SEO plugin. -->","yoast_head_json":{"title":"Ensemble contre la haine et l\u2019islamophobie | Miller Thomson","robots":{"index":"index","follow":"follow","max-snippet":"max-snippet:-1","max-image-preview":"max-image-preview:large","max-video-preview":"max-video-preview:-1"},"canonical":"https:\/\/www.millerthomson.com\/fr\/nouvelles\/ensemble-contre-la-haine-et-lislamophobie\/","og_locale":"fr_FR","og_type":"article","og_title":"Ensemble contre la haine et l\u2019islamophobie | Miller Thomson","og_description":"Il y a trois ans d\u00e9j\u00e0, \u00e0 la suite de l\u2019attentat de la mosqu\u00e9e de Qu\u00e9bec, les Canadiens ont appris avec horreur que des attaques brutales, insens\u00e9es et racistes pouvaient survenir dans leur propre pays. Les mots me manquent pour exprimer notre profonde tristesse, y compris celle de nos coll\u00e8gues musulmans, face \u00e0 un autre [&hellip;]","og_url":"https:\/\/www.millerthomson.com\/fr\/nouvelles\/ensemble-contre-la-haine-et-lislamophobie\/","og_site_name":"Miller Thomson","article_publisher":"https:\/\/www.facebook.com\/MillerThomsonLaw\/","twitter_card":"summary_large_image","twitter_site":"@millerthomson","twitter_misc":{"Est. reading time":"1 minute"},"schema":{"@context":"https:\/\/schema.org","@graph":[{"@type":"NewsArticle","@id":"https:\/\/www.millerthomson.com\/fr\/nouvelles\/ensemble-contre-la-haine-et-lislamophobie\/#article","isPartOf":{"@id":"https:\/\/www.millerthomson.com\/fr\/nouvelles\/ensemble-contre-la-haine-et-lislamophobie\/"},"author":{"name":"Katherine Chan","@id":"https:\/\/www.millerthomson.com\/fr\/#\/schema\/person\/5473b50a564d1e37f327fdd79cb348f6"},"headline":"Ensemble contre la haine et l\u2019islamophobie","datePublished":"2021-06-08T22:45:38+00:00","mainEntityOfPage":{"@id":"https:\/\/www.millerthomson.com\/fr\/nouvelles\/ensemble-contre-la-haine-et-lislamophobie\/"},"wordCount":246,"publisher":{"@id":"https:\/\/www.millerthomson.com\/fr\/#organization"},"inLanguage":"fr-FR"},{"@type":"WebPage","@id":"https:\/\/www.millerthomson.com\/fr\/nouvelles\/ensemble-contre-la-haine-et-lislamophobie\/","url":"https:\/\/www.millerthomson.com\/fr\/nouvelles\/ensemble-contre-la-haine-et-lislamophobie\/","name":"Ensemble contre la haine et l\u2019islamophobie | Miller Thomson","isPartOf":{"@id":"https:\/\/www.millerthomson.com\/fr\/#website"},"datePublished":"2021-06-08T22:45:38+00:00","breadcrumb":{"@id":"https:\/\/www.millerthomson.com\/fr\/nouvelles\/ensemble-contre-la-haine-et-lislamophobie\/#breadcrumb"},"inLanguage":"fr-FR","potentialAction":[{"@type":"ReadAction","target":["https:\/\/www.millerthomson.com\/fr\/nouvelles\/ensemble-contre-la-haine-et-lislamophobie\/"]}]},{"@type":"BreadcrumbList","@id":"https:\/\/www.millerthomson.com\/fr\/nouvelles\/ensemble-contre-la-haine-et-lislamophobie\/#breadcrumb","itemListElement":[{"@type":"ListItem","position":1,"name":"Accueil","item":"https:\/\/www.millerthomson.com\/fr\/"},{"@type":"ListItem","position":2,"name":"Nouvelles","item":"https:\/\/www.millerthomson.com\/fr\/nouvelles\/"},{"@type":"ListItem","position":3,"name":"Ensemble contre la haine et l\u2019islamophobie"}]},{"@type":"WebSite","@id":"https:\/\/www.millerthomson.com\/fr\/#website","url":"https:\/\/www.millerthomson.com\/fr\/","name":"Miller Thomson | Cabinet de droit des affaires pancanadien","description":"National law firm providing business law expertise and litigation and disputes services for businesses across Canada since 1957.","publisher":{"@id":"https:\/\/www.millerthomson.com\/fr\/#organization"},"potentialAction":[{"@type":"SearchAction","target":{"@type":"EntryPoint","urlTemplate":"https:\/\/www.millerthomson.com\/fr\/?s={search_term_string}"},"query-input":{"@type":"PropertyValueSpecification","valueRequired":true,"valueName":"search_term_string"}}],"inLanguage":"fr-FR"},{"@type":"Organization","@id":"https:\/\/www.millerthomson.com\/fr\/#organization","name":"Miller Thomson | Cabinet de droit des affaires pancanadien","url":"https:\/\/www.millerthomson.com\/fr\/","logo":{"@type":"ImageObject","inLanguage":"fr-FR","@id":"https:\/\/www.millerthomson.com\/fr\/#\/schema\/logo\/image\/","url":"https:\/\/www.millerthomson.com\/wp-content\/uploads\/2024\/10\/miller-thomson.svg","contentUrl":"https:\/\/www.millerthomson.com\/wp-content\/uploads\/2024\/10\/miller-thomson.svg","width":380,"height":50,"caption":"Miller Thomson | Cabinet de droit des affaires pancanadien"},"image":{"@id":"https:\/\/www.millerthomson.com\/fr\/#\/schema\/logo\/image\/"},"sameAs":["https:\/\/www.facebook.com\/MillerThomsonLaw\/","https:\/\/x.com\/millerthomson","https:\/\/www.linkedin.com\/company\/miller-thomson-llp\/","https:\/\/www.youtube.com\/@millerthomson"]},{"@type":"Person","@id":"https:\/\/www.millerthomson.com\/fr\/#\/schema\/person\/5473b50a564d1e37f327fdd79cb348f6","name":"Katherine Chan","image":{"@type":"ImageObject","inLanguage":"fr-FR","@id":"https:\/\/www.millerthomson.com\/fr\/#\/schema\/person\/image\/","url":"https:\/\/secure.gravatar.com\/avatar\/da8a18c240b27905220d948a87957ba19ab6de326b44a2ce3072235c121f996f?s=96&d=mm&r=g","contentUrl":"https:\/\/secure.gravatar.com\/avatar\/da8a18c240b27905220d948a87957ba19ab6de326b44a2ce3072235c121f996f?s=96&d=mm&r=g","caption":"Katherine Chan"}}]}},"_links":{"self":[{"href":"https:\/\/www.millerthomson.com\/fr\/wp-json\/wp\/v2\/news\/7790","targetHints":{"allow":["GET"]}}],"collection":[{"href":"https:\/\/www.millerthomson.com\/fr\/wp-json\/wp\/v2\/news"}],"about":[{"href":"https:\/\/www.millerthomson.com\/fr\/wp-json\/wp\/v2\/types\/news"}],"author":[{"embeddable":true,"href":"https:\/\/www.millerthomson.com\/fr\/wp-json\/wp\/v2\/users\/5"}],"version-history":[{"count":0,"href":"https:\/\/www.millerthomson.com\/fr\/wp-json\/wp\/v2\/news\/7790\/revisions"}],"wp:attachment":[{"href":"https:\/\/www.millerthomson.com\/fr\/wp-json\/wp\/v2\/media?parent=7790"}],"wp:term":[{"taxonomy":"news-category","embeddable":true,"href":"https:\/\/www.millerthomson.com\/fr\/wp-json\/wp\/v2\/news-category?post=7790"}],"curies":[{"name":"wp","href":"https:\/\/api.w.org\/{rel}","templated":true}]}}