{"id":54566,"date":"2026-09-03T09:56:10","date_gmt":"2026-09-03T13:56:10","guid":{"rendered":"https:\/\/www.millerthomson.com\/?post_type=news&#038;p=54566"},"modified":"2026-09-03T09:57:14","modified_gmt":"2026-09-03T13:57:14","slug":"la-reconnaissance-obtenue-dans-ledition-2027-de-best-lawyers-temoigne-de-letendue-de-lexpertise-du-cabinet","status":"publish","type":"news","link":"https:\/\/www.millerthomson.com\/fr\/nouvelles\/la-reconnaissance-obtenue-dans-ledition-2027-de-best-lawyers-temoigne-de-letendue-de-lexpertise-du-cabinet\/","title":{"rendered":"La reconnaissance obtenue dans l\u2019\u00e9dition\u00a02027 de Best Lawyers\u00ae t\u00e9moigne de l\u2019\u00e9tendue de l\u2019expertise du cabinet"},"content":{"rendered":"\n<p>Les avocates et avocats de Miller Thomson figurent dans 51&nbsp;domaines de pratique de <a href=\"https:\/\/www.bestlawyers.com\/firms\/miller-thomson-llp\/38073\/CA\"><em>The Best Lawyers in Canada\u2122<\/em><\/a>.<\/p>\n\n\n\n<p>Best Lawyers\u00ae met \u00e0 l\u2019honneur les professionnelles et professionnels du droit qui se distinguent dans leur domaine, \u00e0 l\u2019issue d\u2019un processus rigoureux d\u2019\u00e9valuation par les pairs. Ces r\u00e9sultats mettent en lumi\u00e8re non seulement les r\u00e9alisations individuelles, mais \u00e9galement l\u2019approche collaborative et multidisciplinaire qui caract\u00e9rise notre service.<\/p>\n\n\n\n<p>Parmi les distinctions d\u00e9cern\u00e9es cette ann\u00e9e figurent quatre titres d\u2019\u00ab&nbsp;Avocat de l\u2019ann\u00e9e&nbsp;\u00bb, attribu\u00e9s aux professionnels ayant obtenu les meilleures \u00e9valuations globales de leurs pairs dans leur domaine de pratique et leur r\u00e9gion&nbsp;:<\/p>\n\n\n\n<ul class=\"wp-block-list\">\n<li>Louis Amato-Gauci, Transports, Toronto<\/li>\n\n\n\n<li>Eric F. W. Johnson, Droit des soci\u00e9t\u00e9s, Regina<\/li>\n\n\n\n<li>Ryan D. Kitzul, Litige en droit des soci\u00e9t\u00e9s et en droit commercial, Regina<\/li>\n\n\n\n<li>Gordon Van Vliet, Baux commerciaux, Calgary<\/li>\n<\/ul>\n\n\n\n<p style=\"padding-bottom:var(--wp--preset--spacing--small)\">Consultez notre classement complet&nbsp;ci-dessous.<\/p>\n\n\n\n<div class=\"wp-block-columns is-layout-flex wp-container-core-columns-is-layout-28f84493 wp-block-columns-is-layout-flex\">\n<div class=\"wp-block-column is-layout-flow wp-block-column-is-layout-flow\">\n<h2 class=\"wp-block-heading has-large-font-size\">Arbitrage international<\/h2>\n\n\n\n<ul class=\"wp-block-list\">\n<li>Scott J.&nbsp;Hammel, c.r., Edmonton<\/li>\n<\/ul>\n\n\n\n<h2 class=\"wp-block-heading has-large-font-size\">Autres modes de r\u00e8glement des diff\u00e9rends<\/h2>\n\n\n\n<ul class=\"wp-block-list\">\n<li>Howard S.&nbsp;Black, Toronto<\/li>\n<\/ul>\n\n\n\n<h2 class=\"wp-block-heading has-large-font-size\">Capital de risque<\/h2>\n\n\n\n<ul class=\"wp-block-list\">\n<li>Seon K. Kang, Montr\u00e9al<\/li>\n\n\n\n<li>Philippe St-Louis, Montr\u00e9al<\/li>\n<\/ul>\n\n\n\n<h2 class=\"wp-block-heading has-large-font-size\">Commerce international et finances<\/h2>\n\n\n\n<ul class=\"wp-block-list\">\n<li>Barry Horne, Toronto<\/li>\n\n\n\n<li>Daniel Kiselbach, Vancouver<\/li>\n\n\n\n<li>James M.&nbsp;Klotz, Toronto<\/li>\n<\/ul>\n\n\n\n<h2 class=\"wp-block-heading has-large-font-size\">Droit administratif et public<\/h2>\n\n\n\n<ul class=\"wp-block-list\">\n<li>Steven&nbsp;J.&nbsp;O\u2019Melia, R\u00e9gion de Waterloo<\/li>\n\n\n\n<li>Tara&nbsp;Piurko, Toronto<\/li>\n\n\n\n<li>Scott&nbsp;R.&nbsp;Spencer, Saskatoon<\/li>\n\n\n\n<li>Lisa&nbsp;Spiegel, Toronto<\/li>\n<\/ul>\n\n\n\n<h2 class=\"wp-block-heading has-large-font-size\">Droit autochtone<\/h2>\n\n\n\n<ul class=\"wp-block-list\">\n<li>Christie A.&nbsp;Mcleod, Vancouver*<\/li>\n\n\n\n<li>Julia Thielmann, Vancouver*<\/li>\n<\/ul>\n\n\n\n<h2 class=\"wp-block-heading has-large-font-size\">Droit bancaire et financier<\/h2>\n\n\n\n<ul class=\"wp-block-list\">\n<li>Erika Cabral, Montr\u00e9al*<\/li>\n\n\n\n<li>John&nbsp;A.&nbsp;Cross, c.r., Edmonton<\/li>\n\n\n\n<li>Jonathan&nbsp;F.&nbsp;Dyck, Toronto<\/li>\n\n\n\n<li>Nadim Elkommos, Montr\u00e9al*<\/li>\n\n\n\n<li>Eric&nbsp;F.&nbsp;W.&nbsp;Johnson, Regina<\/li>\n\n\n\n<li>Richard&nbsp;D.&nbsp;Leblanc, Toronto<\/li>\n\n\n\n<li>Jean Leonard, R\u00e9gion de Waterloo<\/li>\n\n\n\n<li>Kristen Louie, Calgary*<\/li>\n\n\n\n<li>Luc-Antoine&nbsp;Manneh, Montr\u00e9al<\/li>\n\n\n\n<li>Michael Morcom, Calgary<\/li>\n\n\n\n<li>Boris M.&nbsp;Muchalov, Toronto<\/li>\n\n\n\n<li>Nora&nbsp;F.&nbsp;Osbaldeston, Toronto<\/li>\n\n\n\n<li>Amanda&nbsp;Plastina, Toronto<\/li>\n\n\n\n<li>David Reynolds, Toronto<\/li>\n\n\n\n<li>Maxime B.&nbsp;Rh\u00e9aume, Montr\u00e9al<\/li>\n\n\n\n<li>Andrew S.&nbsp;Roth, R\u00e9gion de Waterloo<\/li>\n\n\n\n<li>Melissa Timbres, Edmonton<\/li>\n<\/ul>\n\n\n\n<h2 class=\"wp-block-heading has-large-font-size\">Droit de l\u2019aviation<\/h2>\n\n\n\n<ul class=\"wp-block-list\">\n<li>Louis&nbsp;Amato-Gauci, Toronto<\/li>\n<\/ul>\n\n\n\n<h2 class=\"wp-block-heading has-large-font-size\">Droit de l\u2019\u00e9nergie<\/h2>\n\n\n\n<ul class=\"wp-block-list\">\n<li>Aaron Atcheson, London<\/li>\n\n\n\n<li>Charles W.&nbsp;Bois, Vancouver<\/li>\n<\/ul>\n\n\n\n<h2 class=\"wp-block-heading has-large-font-size\">Droit de l\u2019environnement<\/h2>\n\n\n\n<ul class=\"wp-block-list\">\n<li>Aaron Atcheson, London<\/li>\n\n\n\n<li>Charles W.&nbsp;Bois, Vancouver<\/li>\n\n\n\n<li>Bryan J.&nbsp;Buttigieg, Vaughan<\/li>\n\n\n\n<li>Christine D. Duchaine, Montr\u00e9al<\/li>\n\n\n\n<li>Tamara Farber, Toronto<\/li>\n\n\n\n<li>Christie A.&nbsp;Mcleod, Vancouver*<\/li>\n\n\n\n<li>Thierry M\u00e9ance, Montr\u00e9al*<\/li>\n<\/ul>\n\n\n\n<h2 class=\"wp-block-heading has-large-font-size\">Droit de l\u2019expropriation<\/h2>\n\n\n\n<ul class=\"wp-block-list\">\n<li>Steven&nbsp;J.&nbsp;O\u2019Melia, R\u00e9gion de Waterloo<\/li>\n<\/ul>\n\n\n\n<h2 class=\"wp-block-heading has-large-font-size\">Droit de l\u2019immigration<\/h2>\n\n\n\n<ul class=\"wp-block-list\">\n<li>Veronica Choy, Calgary<\/li>\n<\/ul>\n\n\n\n<h2 class=\"wp-block-heading has-large-font-size\">Droit de la concurrence et antitrust<\/h2>\n\n\n\n<ul class=\"wp-block-list\">\n<li>Eric&nbsp;Dufour, Toronto<\/li>\n<\/ul>\n\n\n\n<h2 class=\"wp-block-heading has-large-font-size\">Droit de la construction<\/h2>\n\n\n\n<ul class=\"wp-block-list\">\n<li>Mark E.&nbsp;Alexander, Edmonton<\/li>\n\n\n\n<li>Michael Arbutina, Vaughan<\/li>\n\n\n\n<li>Gerry Argento, Montr\u00e9al<\/li>\n\n\n\n<li>Charles W.&nbsp;Bois, Vancouver<\/li>\n\n\n\n<li>Dra\u017een F. Bulat, Vaughan<\/li>\n\n\n\n<li>Yann-Julien Chouinard, Montr\u00e9al<\/li>\n\n\n\n<li>Riccardo Del Vecchio, Vaughan<\/li>\n\n\n\n<li>Haley E.&nbsp;Edmonds, Edmonton<\/li>\n\n\n\n<li>Yannick Forget, Montr\u00e9al<\/li>\n\n\n\n<li>Guy Gilain, Montr\u00e9al<\/li>\n\n\n\n<li>Dustin Gillanders, Saskatoon<\/li>\n\n\n\n<li>Lori Goldberg, Vaughan<\/li>\n\n\n\n<li>Paul Guaragna, Vaughan<\/li>\n\n\n\n<li>Scott J.&nbsp;Hammel, c.r., Edmonton<\/li>\n\n\n\n<li>Antonio Iacovelli, Montr\u00e9al<\/li>\n\n\n\n<li>Emma L.&nbsp;Johnston, Edmonton<\/li>\n\n\n\n<li>Jasmin Lefebvre, Montr\u00e9al<\/li>\n\n\n\n<li>Fergus I.&nbsp;Schappert, Edmonton<\/li>\n\n\n\n<li>Stephan H.&nbsp;Trihey, Montr\u00e9al<\/li>\n\n\n\n<li>Bryce W.&nbsp;Wells, Edmonton*<\/li>\n\n\n\n<li>Thomas R.&nbsp;Whitby, Toronto<\/li>\n\n\n\n<li>Alice M.&nbsp;L.&nbsp;Wong, Edmonton<\/li>\n<\/ul>\n\n\n\n<h2 class=\"wp-block-heading has-large-font-size\">Droit de la famille<\/h2>\n\n\n\n<ul class=\"wp-block-list\">\n<li>Susan Adam&nbsp;Metzler, Toronto<\/li>\n\n\n\n<li>Joanne Biron, Montr\u00e9al<\/li>\n\n\n\n<li>Rebecca Grosz, Vaughan<\/li>\n\n\n\n<li>Hannah Rich, Vaughan*<\/li>\n<\/ul>\n\n\n\n<h2 class=\"wp-block-heading has-large-font-size\">Droit de la sant\u00e9<\/h2>\n\n\n\n<ul class=\"wp-block-list\">\n<li>Kathryn M.&nbsp;Frelick, Toronto<\/li>\n\n\n\n<li>Karima Kanani, Toronto<\/li>\n\n\n\n<li>Ashley Maciuk, Toronto*<\/li>\n\n\n\n<li>Lisa&nbsp;Spiegel, Toronto<\/li>\n<\/ul>\n\n\n\n<h2 class=\"wp-block-heading has-large-font-size\">Droit des assurances<\/h2>\n\n\n\n<ul class=\"wp-block-list\">\n<li>Elizabeth Ackman, Toronto<\/li>\n\n\n\n<li>Mark E.&nbsp;Alexander, Edmonton<\/li>\n\n\n\n<li>Christopher T.&nbsp;J.&nbsp;Blom, Toronto<\/li>\n\n\n\n<li>James D.&nbsp;Bromiley, R\u00e9gion de Waterloo<\/li>\n\n\n\n<li>Debra Curcio&nbsp;Lister, Edmonton<\/li>\n\n\n\n<li>Vanessa De Sousa, Toronto*<\/li>\n\n\n\n<li>Patricia J.&nbsp;Forte, R\u00e9gion de Waterloo<\/li>\n\n\n\n<li>Mark R.&nbsp;Frederick, Toronto<\/li>\n\n\n\n<li>Sandra L.&nbsp;Hawes, Edmonton<\/li>\n\n\n\n<li>Stephanie Moeck, Calgary*<\/li>\n\n\n\n<li>Fareeha Qaiser, Vancouver<\/li>\n\n\n\n<li>Dan Rabinowitz, Toronto<\/li>\n\n\n\n<li>Caitlin VanDuzer, Vancouver*<\/li>\n\n\n\n<li>Karen L.&nbsp;Weslowski, Vancouver<\/li>\n\n\n\n<li>Thomas R.&nbsp;Whitby, Toronto<\/li>\n<\/ul>\n\n\n\n<h2 class=\"wp-block-heading has-large-font-size\">Droit des avantages sociaux<\/h2>\n\n\n\n<ul class=\"wp-block-list\">\n<li>Gary S.&nbsp;Rosen, Montr\u00e9al<\/li>\n\n\n\n<li>Hugh Wright, Toronto<\/li>\n<\/ul>\n\n\n\n<h2 class=\"wp-block-heading has-large-font-size\">Droit des baux commerciaux<\/h2>\n\n\n\n<ul class=\"wp-block-list\">\n<li>Steven L.&nbsp;Chaimberg, Montr\u00e9al<\/li>\n\n\n\n<li>Stuart&nbsp;Chaimberg, Toronto<\/li>\n\n\n\n<li>John&nbsp;A.&nbsp;Cross, c.r., Edmonton<\/li>\n\n\n\n<li>Rachel Day, Edmonton*<\/li>\n\n\n\n<li>Faruk Gafic, Toronto<\/li>\n\n\n\n<li>Perry Katz, Toronto<\/li>\n\n\n\n<li>Dwayne K.&nbsp;Kuiper, R\u00e9gion de Waterloo<\/li>\n\n\n\n<li>Steven&nbsp;J.&nbsp;O\u2019Melia, R\u00e9gion de Waterloo<\/li>\n\n\n\n<li>Arthur Opalinski, Calgary*<\/li>\n\n\n\n<li>Arman Poushin, Toronto*<\/li>\n\n\n\n<li>Joshua I.&nbsp;Selby, Calgary<\/li>\n\n\n\n<li>Gordon Van Vliet, Calgary<\/li>\n\n\n\n<li>Michael Walker, Vancouver<\/li>\n<\/ul>\n\n\n\n<h2 class=\"wp-block-heading has-large-font-size\">Droit des biotechnologies et des sciences de la vie<\/h2>\n\n\n\n<ul class=\"wp-block-list\">\n<li>Lisa Sim, Vancouver<\/li>\n<\/ul>\n\n\n\n<h2 class=\"wp-block-heading has-large-font-size\">Droit des organismes de bienfaisance et \u00e0 but non lucratif<\/h2>\n\n\n\n<ul class=\"wp-block-list\">\n<li>Michael Blatchford, Vancouver<\/li>\n\n\n\n<li>Sarah&nbsp;Fitzpatrick, Vancouver<\/li>\n\n\n\n<li>M.&nbsp;Elena Hoffstein, Toronto<\/li>\n\n\n\n<li>Stephen Hsia, Vancouver<\/li>\n\n\n\n<li>Susan M.&nbsp;Manwaring, Toronto<\/li>\n\n\n\n<li>Bryan Millman, Vancouver<\/li>\n\n\n\n<li>Amanda J.&nbsp;Stacey, Vancouver<\/li>\n\n\n\n<li>David Tang, Toronto<\/li>\n\n\n\n<li>Andrew Valentine, Toronto<\/li>\n<\/ul>\n\n\n\n<h2 class=\"wp-block-heading has-large-font-size\">Droit des soci\u00e9t\u00e9s<\/h2>\n\n\n\n<ul class=\"wp-block-list\">\n<li>Louis&nbsp;Amato-Gauci, Toronto<\/li>\n\n\n\n<li>Robert T.&nbsp;Anderson, Edmonton<\/li>\n\n\n\n<li>Adam Bata, Toronto<\/li>\n\n\n\n<li>Andy Chan \u2013 Vaughan<\/li>\n\n\n\n<li>Andrew M.&nbsp;Cohen, Montr\u00e9al<\/li>\n\n\n\n<li>John&nbsp;A.&nbsp;Cross, c.r., Edmonton<\/li>\n\n\n\n<li>Wendi P.&nbsp;Crowe, Edmonton<\/li>\n\n\n\n<li>Ryan Done, London<\/li>\n\n\n\n<li>Andrew Etcovitch, Montr\u00e9al<\/li>\n\n\n\n<li>John Ferber, Vancouver<\/li>\n\n\n\n<li>William J.&nbsp;Fowlis, c.r.,&nbsp;CAF, Calgary<\/li>\n\n\n\n<li>Bryan Frydberg, Calgary<\/li>\n\n\n\n<li>Bruce N.&nbsp;Geiger, Edmonton<\/li>\n\n\n\n<li>Brendon Ho, Edmonton<\/li>\n\n\n\n<li>Jay M.&nbsp;Hoffman, Toronto<\/li>\n\n\n\n<li>Eric&nbsp;F.&nbsp;W.&nbsp;Johnson, Regina<\/li>\n\n\n\n<li>Seon K.&nbsp;Kang, Montr\u00e9al<\/li>\n\n\n\n<li>Adam Kline, Toronto<\/li>\n\n\n\n<li>James M.&nbsp;Klotz, Toronto<\/li>\n\n\n\n<li>Dwayne K.&nbsp;Kuiper, R\u00e9gion de Waterloo<\/li>\n\n\n\n<li>Sarah Langille, R\u00e9gion de Waterloo<\/li>\n\n\n\n<li>Glen Lekach, Regina<\/li>\n\n\n\n<li>Julien Morier, Montr\u00e9al<\/li>\n\n\n\n<li>Philipp Park, Montr\u00e9al<\/li>\n\n\n\n<li>Rohit Kumar, R\u00e9gion de Waterloo<\/li>\n\n\n\n<li>Kevin Plowman, Calgary<\/li>\n\n\n\n<li>Yves Rocheleau, Montr\u00e9al<\/li>\n\n\n\n<li>Andrew S.&nbsp;Roth, R\u00e9gion de Waterloo<\/li>\n\n\n\n<li>Eric Schneider, R\u00e9gion de Waterloo<\/li>\n\n\n\n<li>Kristina Shaw, London<\/li>\n\n\n\n<li>Max Spearn, Toronto<\/li>\n\n\n\n<li>Robert M.&nbsp;Stewart, Toronto<\/li>\n\n\n\n<li>Philippe St-Louis, Montr\u00e9al<\/li>\n\n\n\n<li>Lauren Toreson, Edmonton<\/li>\n\n\n\n<li>Kevin D.&nbsp;Trumpour, Edmonton<\/li>\n\n\n\n<li>Melissa Tummon, R\u00e9gion de Waterloo<\/li>\n\n\n\n<li>Gordon Van Vliet, Calgary<\/li>\n\n\n\n<li>Tony Van&nbsp;Klink, London<\/li>\n\n\n\n<li>Lawrence D.&nbsp;Wilder, Toronto<\/li>\n\n\n\n<li>Joseph&nbsp;W.&nbsp;Yurkovich, c.r., Edmonton<\/li>\n<\/ul>\n\n\n\n<h2 class=\"wp-block-heading has-large-font-size\">Droit des technologies de l\u2019information<\/h2>\n\n\n\n<ul class=\"wp-block-list\">\n<li>Lisa Sim, Vancouver<\/li>\n<\/ul>\n\n\n\n<h2 class=\"wp-block-heading has-large-font-size\">Droit des transports<\/h2>\n\n\n\n<ul class=\"wp-block-list\">\n<li>Louis&nbsp;Amato-Gauci, Toronto<\/li>\n\n\n\n<li>Darin J.&nbsp;Hannaford, Edmonton<\/li>\n\n\n\n<li>Jaclyne Reive, Toronto<\/li>\n<\/ul>\n\n\n\n<h2 class=\"wp-block-heading has-large-font-size\">Droit des valeurs mobili\u00e8res<\/h2>\n\n\n\n<ul class=\"wp-block-list\">\n<li>Bruno Caron, Montr\u00e9al<\/li>\n\n\n\n<li>Dwight D.&nbsp;Dee, Vancouver<\/li>\n\n\n\n<li>Jay M.&nbsp;Hoffman, Toronto<\/li>\n\n\n\n<li>Adam Kline, Toronto<\/li>\n\n\n\n<li>Glen Lekach, Regina<\/li>\n\n\n\n<li>Andrew Valentine, Toronto<\/li>\n\n\n\n<li>Lawrence D.&nbsp;Wilder, Toronto<\/li>\n<\/ul>\n\n\n\n<h2 class=\"wp-block-heading has-large-font-size\">Droit du cannabis<\/h2>\n\n\n\n<ul class=\"wp-block-list\">\n<li>Alexander Lalka, Toronto<\/li>\n<\/ul>\n\n\n\n<h2 class=\"wp-block-heading has-large-font-size\">Droit du divertissement<\/h2>\n\n\n\n<ul class=\"wp-block-list\">\n<li>Dean J.&nbsp;Chenoy, Montr\u00e9al<\/li>\n\n\n\n<li>Jonathan&nbsp;F.&nbsp;Dyck, Toronto<\/li>\n<\/ul>\n\n\n\n<h2 class=\"wp-block-heading has-large-font-size\">Droit du franchisage<\/h2>\n\n\n\n<ul class=\"wp-block-list\">\n<li>Pascale Cloutier, Toronto<\/li>\n\n\n\n<li>Bruce&nbsp;N.&nbsp;Geiger, Edmonton<\/li>\n\n\n\n<li>Richard&nbsp;D.&nbsp;Leblanc, Toronto<\/li>\n\n\n\n<li>Glen Lekach, Regina<\/li>\n\n\n\n<li>Craig Mills, Toronto<\/li>\n<\/ul>\n\n\n\n<h2 class=\"wp-block-heading has-large-font-size\">Droit du sport<\/h2>\n\n\n\n<ul class=\"wp-block-list\">\n<li>Dan Rabinowitz, Toronto<\/li>\n<\/ul>\n<\/div>\n\n\n\n<div class=\"wp-block-column is-layout-flow wp-block-column-is-layout-flow\">\n<h2 class=\"wp-block-heading has-large-font-size\">Droit du travail et de l\u2019emploi<\/h2>\n\n\n\n<ul class=\"wp-block-list\">\n<li>John C. Batzel, Calgary<\/li>\n\n\n\n<li>Nafisah Chowdhury, Toronto<\/li>\n\n\n\n<li>Claudia Desjardins&nbsp;B\u00e9lisle, Montr\u00e9al<\/li>\n\n\n\n<li>Thomas V.&nbsp;Duke, Edmonton<\/li>\n\n\n\n<li>Hugh R.&nbsp;Dyer, Toronto<\/li>\n\n\n\n<li>Patricia J.&nbsp;Forte, R\u00e9gion de Waterloo<\/li>\n\n\n\n<li>Lisa Goodfellow, Toronto<\/li>\n\n\n\n<li>Inna Koldorf, Vaughan<\/li>\n\n\n\n<li>Michelle D.&nbsp;MacGillivray, Toronto<\/li>\n\n\n\n<li>Teri Treiber, Calgary<\/li>\n\n\n\n<li>David Tsai, Toronto<\/li>\n\n\n\n<li>Dirk L.&nbsp;Van&nbsp;de&nbsp;Kamer, Toronto<\/li>\n\n\n\n<li>Jill W.&nbsp;Wilkie, Calgary<\/li>\n\n\n\n<li>Lawrence Witt, Montr\u00e9al<\/li>\n\n\n\n<li>Hugh Wright, Toronto<\/li>\n<\/ul>\n\n\n\n<h2 class=\"wp-block-heading has-large-font-size\">Droit fiscal<\/h2>\n\n\n\n<ul class=\"wp-block-list\">\n<li>Andrew Bateman, Calgary<\/li>\n\n\n\n<li>David W.&nbsp;Chodikoff, Toronto<\/li>\n\n\n\n<li>Wendi P.&nbsp;Crowe, Edmonton<\/li>\n\n\n\n<li>Andrew Etcovitch, Montr\u00e9al<\/li>\n\n\n\n<li>William J.&nbsp;Fowlis, c.r.,&nbsp;CAF, Calgary<\/li>\n\n\n\n<li>M.&nbsp;Elena Hoffstein, Toronto<\/li>\n\n\n\n<li>Barry Horne, Toronto<\/li>\n\n\n\n<li>John Israel Galambos, Montr\u00e9al<\/li>\n\n\n\n<li>Joan E.&nbsp;Jung, Toronto<\/li>\n\n\n\n<li>Daniel Lang, Toronto<\/li>\n\n\n\n<li>Nathalie Marchand, Montr\u00e9al<\/li>\n\n\n\n<li>St\u00e9phanie P\u00e9pin, Montr\u00e9al<\/li>\n\n\n\n<li>Marie-H\u00e9l\u00e8ne Tremblay, Montr\u00e9al<\/li>\n\n\n\n<li>Tamara Farber, Toronto<\/li>\n\n\n\n<li>Joseph W.&nbsp;Yurkovich, c.r., Edmonton<\/li>\n<\/ul>\n\n\n\n<h2 class=\"wp-block-heading has-large-font-size\">Droit immobilier<\/h2>\n\n\n\n<ul class=\"wp-block-list\">\n<li>Wendy P.\u00a0S. Belisle, Montr\u00e9al<\/li>\n\n\n\n<li>Sean Bryden, Saskatoon<\/li>\n\n\n\n<li>Steven L.\u00a0Chaimberg, Montr\u00e9al<\/li>\n\n\n\n<li>Stuart\u00a0Chaimberg, Toronto<\/li>\n\n\n\n<li>Mario Concordia, Vaughan<\/li>\n\n\n\n<li>John&nbsp;A.&nbsp;Cross, c.r., Edmonton<\/li>\n\n\n\n<li>Nizar Dahrouge, Edmonton<\/li>\n\n\n\n<li>Faruk Gafic, Toronto<\/li>\n\n\n\n<li>Eric&nbsp;F.&nbsp;W.&nbsp;Johnson, Regina<\/li>\n\n\n\n<li>Perry Katz, Toronto<\/li>\n\n\n\n<li>Sharon MacMillan, Vancouver<\/li>\n\n\n\n<li>Don MacKinnon, Vancouver<\/li>\n\n\n\n<li>Jessica Penley, Vaughan<\/li>\n\n\n\n<li>Tara&nbsp;Piurko, Toronto<\/li>\n\n\n\n<li>Maxime B.&nbsp;Rh\u00e9aume, Montr\u00e9al<\/li>\n\n\n\n<li>Joshua I.&nbsp;Selby, Calgary<\/li>\n\n\n\n<li>Julia Thielmann, Vancouver*<\/li>\n\n\n\n<li>Melissa Timbres, Edmonton<\/li>\n\n\n\n<li>Frank Torchia, Vaughan<\/li>\n\n\n\n<li>Lauren Toreson, Edmonton<\/li>\n\n\n\n<li>Gordon Van Vliet, Calgary<\/li>\n\n\n\n<li>Michael Walker, Vancouver<\/li>\n\n\n\n<li>T.&nbsp;Jesse White, Toronto*<\/li>\n<\/ul>\n\n\n\n<h2 class=\"wp-block-heading has-large-font-size\">Droit li\u00e9 aux jeux et aux paris<\/h2>\n\n\n\n<ul class=\"wp-block-list\">\n<li>Philipp Park, Montr\u00e9al<\/li>\n<\/ul>\n\n\n\n<h2 class=\"wp-block-heading has-large-font-size\">Droit minier<\/h2>\n\n\n\n<ul class=\"wp-block-list\">\n<li>Geoff Clarke, Toronto<\/li>\n<\/ul>\n\n\n\n<h2 class=\"wp-block-heading has-large-font-size\">Droit municipal<\/h2>\n\n\n\n<ul class=\"wp-block-list\">\n<li>Steven&nbsp;J.&nbsp;O\u2019Melia, R\u00e9gion de Waterloo<\/li>\n\n\n\n<li>Tara&nbsp;Piurko, Toronto<\/li>\n\n\n\n<li>David Tang, Toronto<\/li>\n\n\n\n<li>Gordon Van Vliet, Calgary<\/li>\n\n\n\n<li>T.&nbsp;Jesse White, Toronto*<\/li>\n<\/ul>\n\n\n\n<h2 class=\"wp-block-heading has-large-font-size\">Droit relatif \u00e0 la r\u00e9glementation du secteur \u00e9nerg\u00e9tique<\/h2>\n\n\n\n<ul class=\"wp-block-list\">\n<li>Charles W.&nbsp;Bois, Vancouver<\/li>\n<\/ul>\n\n\n\n<h2 class=\"wp-block-heading has-large-font-size\">Fiducies et successions<\/h2>\n\n\n\n<ul class=\"wp-block-list\">\n<li>Andrew Bateman, Calgary<\/li>\n\n\n\n<li>Howard S.&nbsp;Black, Toronto<\/li>\n\n\n\n<li>Gail P.&nbsp;Black, c.r., Calgary<\/li>\n\n\n\n<li>Michael Blatchford, Vancouver<\/li>\n\n\n\n<li>Rick Breen, c.r., Calgary<\/li>\n\n\n\n<li>Kelly A.&nbsp;Charlebois, Toronto<\/li>\n\n\n\n<li>Wendi P.&nbsp;Crowe, Edmonton<\/li>\n\n\n\n<li>Debra Curcio&nbsp;Lister, Edmonton<\/li>\n\n\n\n<li>Dwight D.&nbsp;Dee, Vancouver<\/li>\n\n\n\n<li>Robin Ellis, Toronto<\/li>\n\n\n\n<li>Andrew Etcovitch, Montr\u00e9al<\/li>\n\n\n\n<li>Sarah&nbsp;Fitzpatrick, Vancouver<\/li>\n\n\n\n<li>William J.&nbsp;Fowlis, c.r.,&nbsp;CAF, Calgary<\/li>\n\n\n\n<li>Sandra L.&nbsp;Hawes, Edmonton<\/li>\n\n\n\n<li>M.&nbsp;Elena Hoffstein, Toronto<\/li>\n\n\n\n<li>Stephen Hsia, Vancouver<\/li>\n\n\n\n<li>Antonio Iacovelli, Montr\u00e9al<\/li>\n\n\n\n<li>John Israel Galambos, Montr\u00e9al<\/li>\n\n\n\n<li>Danielle Joel, Toronto<\/li>\n\n\n\n<li>Joan E.&nbsp;Jung, Toronto<\/li>\n\n\n\n<li>Susan M.&nbsp;Manwaring, Toronto<\/li>\n\n\n\n<li>Nathalie Marchand, Montr\u00e9al<\/li>\n\n\n\n<li>Sheila Morris, Toronto<\/li>\n\n\n\n<li>Kelsey Sherriff, Vancouver<\/li>\n\n\n\n<li>Amanda J.&nbsp;Stacey, Vancouver<\/li>\n\n\n\n<li>Andrew Valentine, Toronto<\/li>\n\n\n\n<li>Nicole Woodward, Toronto<\/li>\n\n\n\n<li>Joseph&nbsp;W.&nbsp;Yurkovich, c.r., Edmonton<\/li>\n<\/ul>\n\n\n\n<h2 class=\"wp-block-heading has-large-font-size\">Financement garanti par des actifs<\/h2>\n\n\n\n<ul class=\"wp-block-list\">\n<li>Ethan&nbsp;Campbell, Toronto<\/li>\n\n\n\n<li>Luc-Antoine&nbsp;Manneh, Montr\u00e9al<\/li>\n\n\n\n<li>Nora&nbsp;F.&nbsp;Osbaldeston, Toronto<\/li>\n\n\n\n<li>Amanda&nbsp;Plastina, Toronto<\/li>\n<\/ul>\n\n\n\n<h2 class=\"wp-block-heading has-large-font-size\">Fusions et acquisitions<\/h2>\n\n\n\n<ul class=\"wp-block-list\">\n<li>Louis&nbsp;Amato-Gauci, Toronto<\/li>\n\n\n\n<li>Bernard Blouin, Montr\u00e9al<\/li>\n\n\n\n<li>Louis-Philippe Borduas, Montr\u00e9al<\/li>\n\n\n\n<li>Rick Breen, c.r., Calgary<\/li>\n\n\n\n<li>Bruno Caron, Montr\u00e9al<\/li>\n\n\n\n<li>Power Chen, Vancouver*<\/li>\n\n\n\n<li>Andrew M.&nbsp;Cohen, Montr\u00e9al<\/li>\n\n\n\n<li>John&nbsp;A.&nbsp;Cross, c.r., Edmonton<\/li>\n\n\n\n<li>William J.&nbsp;Fowlis, c.r.,&nbsp;CAF, Calgary<\/li>\n\n\n\n<li>Bryan Frydberg, Calgary<\/li>\n\n\n\n<li>Bruce N.&nbsp;Geiger, Edmonton<\/li>\n\n\n\n<li>Brandon Gill, Vancouver*<\/li>\n\n\n\n<li>Brendon Ho, Edmonton<\/li>\n\n\n\n<li>Jay M.&nbsp;Hoffman, Toronto<\/li>\n\n\n\n<li>Adam Kline, Toronto<\/li>\n\n\n\n<li>Dwayne K.&nbsp;Kuiper, R\u00e9gion de Waterloo<\/li>\n\n\n\n<li>Glen Lekach, Regina<\/li>\n\n\n\n<li>Jonathan Lin, London<\/li>\n\n\n\n<li>Julien Morier, Montr\u00e9al<\/li>\n\n\n\n<li>Philipp Park, Montr\u00e9al<\/li>\n\n\n\n<li>Eric Schneider, R\u00e9gion de Waterloo<\/li>\n\n\n\n<li>Philippe St-Louis, Montr\u00e9al<\/li>\n\n\n\n<li>Kevin D.&nbsp;Trumpour, Edmonton<\/li>\n\n\n\n<li>Gordon Van Vliet, Calgary<\/li>\n\n\n\n<li>Lawrence D.&nbsp;Wilder, Toronto<\/li>\n\n\n\n<li>Joseph&nbsp;W.&nbsp;Yurkovich, c.r., Edmonton<\/li>\n<\/ul>\n\n\n\n<h2 class=\"wp-block-heading has-large-font-size\">Gouvernance d\u2019entreprise<\/h2>\n\n\n\n<ul class=\"wp-block-list\">\n<li>Michael Blatchford, Vancouver<\/li>\n\n\n\n<li>Eric&nbsp;F.&nbsp;W.&nbsp;Johnson, Regina<\/li>\n\n\n\n<li>Joseph W.&nbsp;Yurkovich, c.r., Edmonton<\/li>\n<\/ul>\n\n\n\n<h2 class=\"wp-block-heading has-large-font-size\">Insolvabilit\u00e9 et r\u00e9organisation d\u2019entreprise<\/h2>\n\n\n\n<ul class=\"wp-block-list\">\n<li>Jeffrey C.&nbsp;Carhart, Toronto<\/li>\n\n\n\n<li>Pat Corney, Toronto<\/li>\n\n\n\n<li>Gavin Finlayson, Toronto<\/li>\n\n\n\n<li>Bertrand Giroux, Montr\u00e9al<\/li>\n\n\n\n<li>Kyla E.&nbsp;M.&nbsp;Mahar, Toronto<\/li>\n\n\n\n<li>Craig Mills, Toronto<\/li>\n\n\n\n<li>Spencer Norris, Edmonton<\/li>\n\n\n\n<li>James W.&nbsp;Reid, Calgary<\/li>\n\n\n\n<li>Bobby Sachdeva, Toronto<\/li>\n\n\n\n<li>Hubert Sibre, Montr\u00e9al<\/li>\n\n\n\n<li>Pavin Takhar, Calgary*<\/li>\n\n\n\n<li>Tony Van&nbsp;Klink, London<\/li>\n\n\n\n<li>Terrence M.&nbsp;Warner, Edmonton<\/li>\n<\/ul>\n\n\n\n<h2 class=\"wp-block-heading has-large-font-size\">Litiges en droit des soci\u00e9t\u00e9s et en droit commercial<\/h2>\n\n\n\n<ul class=\"wp-block-list\">\n<li>Susan Adam&nbsp;Metzler, Toronto<\/li>\n\n\n\n<li>Mark E.&nbsp;Alexander, Edmonton<\/li>\n\n\n\n<li>Maxime Bergeron, Montr\u00e9al*<\/li>\n\n\n\n<li>Izabella Chamberland, Vaughan*<\/li>\n\n\n\n<li>John J.&nbsp;Chapman, Toronto<\/li>\n\n\n\n<li>Debra Curcio&nbsp;Lister, Edmonton<\/li>\n\n\n\n<li>Nabiel Dawood, R\u00e9gion de Waterloo*<\/li>\n\n\n\n<li>Sam De&nbsp;Caprio, Vaughan<\/li>\n\n\n\n<li>Vanessa De Sousa, Toronto*<\/li>\n\n\n\n<li>Tamara Farber, Toronto<\/li>\n\n\n\n<li>Adrienne S.&nbsp;Funk, Edmonton<\/li>\n\n\n\n<li>Dustin Gillanders, Saskatoon<\/li>\n\n\n\n<li>Bertrand Giroux, Montr\u00e9al<\/li>\n\n\n\n<li>Scott&nbsp;J.&nbsp;Hammel, c.r., Edmonton<\/li>\n\n\n\n<li>Darin J.&nbsp;Hannaford, Edmonton<\/li>\n\n\n\n<li>Sarah Hansen, Vancouver<\/li>\n\n\n\n<li>Sandra L.&nbsp;Hawes, Edmonton<\/li>\n\n\n\n<li>Bryan A.&nbsp;Hosking, Edmonton<\/li>\n\n\n\n<li>Antonio Iacovelli, Montr\u00e9al<\/li>\n\n\n\n<li>Ryan D.&nbsp;Kitzul, Regina<\/li>\n\n\n\n<li>Mitchell Lightowler, Toronto*<\/li>\n\n\n\n<li>Timothy McGurrin, R\u00e9gion de Waterloo<\/li>\n\n\n\n<li>Robyn L.&nbsp;Meara, Edmonton<\/li>\n\n\n\n<li>Stephanie Moeck, Calgary*<\/li>\n\n\n\n<li>Lindsay Moffatt, Toronto*<\/li>\n\n\n\n<li>F.&nbsp;Paul Morrison, Toronto<\/li>\n\n\n\n<li>Michael J.&nbsp;Percival, Vancouver<\/li>\n\n\n\n<li>Melissa J.&nbsp;Preston, Edmonton<\/li>\n\n\n\n<li>Yves Robillard, Montr\u00e9al<\/li>\n\n\n\n<li>Bobby Sachdeva, Toronto<\/li>\n\n\n\n<li>Jeremy Sacks, Toronto<\/li>\n\n\n\n<li>Fergus I.&nbsp;Schappert, Edmonton<\/li>\n\n\n\n<li>Kelsey Sherriff, Vancouver<\/li>\n\n\n\n<li>John Shewfelt, Vancouver<\/li>\n\n\n\n<li>Hubert Sibre, Montr\u00e9al<\/li>\n\n\n\n<li>Lisa&nbsp;Spiegel, Toronto<\/li>\n\n\n\n<li>Adam Stephens, Toronto<\/li>\n\n\n\n<li>Bryce W.&nbsp;Wells, Edmonton*<\/li>\n\n\n\n<li>Karen L.&nbsp;Weslowski, Vancouver<\/li>\n\n\n\n<li>Brian Whitwham, London<\/li>\n\n\n\n<li>Alice M.&nbsp;L.&nbsp;Wong, Edmonton<\/li>\n<\/ul>\n\n\n\n<h2 class=\"wp-block-heading has-large-font-size\">Litiges li\u00e9s aux actions collectives<\/h2>\n\n\n\n<ul class=\"wp-block-list\">\n<li>F.&nbsp;Paul Morrison, Toronto<\/li>\n<\/ul>\n\n\n\n<h2 class=\"wp-block-heading has-large-font-size\">Litiges li\u00e9s aux pr\u00e9judices personnels<\/h2>\n\n\n\n<ul class=\"wp-block-list\">\n<li>Christopher&nbsp;T.&nbsp;J.&nbsp;Blom, Toronto<\/li>\n\n\n\n<li>K.&nbsp;Hollick Chipman, Calgary<\/li>\n\n\n\n<li>Patricia J.&nbsp;Forte, R\u00e9gion de Waterloo<\/li>\n\n\n\n<li>Ryan D.&nbsp;Kitzul, Regina<\/li>\n\n\n\n<li>Robyn L.&nbsp;Meara, Edmonton<\/li>\n\n\n\n<li>Michael J.&nbsp;Pucylo, Edmonton<\/li>\n<\/ul>\n\n\n\n<h2 class=\"wp-block-heading has-large-font-size\">March\u00e9s publics<\/h2>\n\n\n\n<ul class=\"wp-block-list\">\n<li>Jasmin Lefebvre, Montr\u00e9al<\/li>\n<\/ul>\n\n\n\n<h2 class=\"wp-block-heading has-large-font-size\">N\u00e9gligence m\u00e9dicale<\/h2>\n\n\n\n<ul class=\"wp-block-list\">\n<li>Ryan D.&nbsp;Kitzul, Regina<\/li>\n<\/ul>\n\n\n\n<h2 class=\"wp-block-heading has-large-font-size\">Propri\u00e9t\u00e9 intellectuelle<\/h2>\n\n\n\n<ul class=\"wp-block-list\">\n<li>Alexandre Ajami, Montr\u00e9al<\/li>\n\n\n\n<li>Bruce N.&nbsp;Geiger, Edmonton<\/li>\n\n\n\n<li>Lisa Sim, Vancouver<\/li>\n<\/ul>\n\n\n\n<h2 class=\"wp-block-heading has-large-font-size\">Protection de la vie priv\u00e9e et cybers\u00e9curit\u00e9<\/h2>\n\n\n\n<ul class=\"wp-block-list\">\n<li>Catherine M.&nbsp;Dennis&nbsp;Brooks, Toronto<\/li>\n\n\n\n<li>David Krebs, Saskatoon<\/li>\n\n\n\n<li>Melissa Timbres, Edmonton<\/li>\n<\/ul>\n\n\n\n<h2 class=\"wp-block-heading has-large-font-size\">Publicit\u00e9 et marketing<\/h2>\n\n\n\n<ul class=\"wp-block-list\">\n<li>Eric&nbsp;Dufour, Toronto<\/li>\n\n\n\n<li>Jaclyne Reive, Toronto<\/li>\n<\/ul>\n\n\n\n<h2 class=\"wp-block-heading has-large-font-size\">Responsabilit\u00e9 des administrateurs et des dirigeants<\/h2>\n\n\n\n<ul class=\"wp-block-list\">\n<li>F.&nbsp;Paul Morrison, Toronto<\/li>\n<\/ul>\n\n\n\n<h2 class=\"wp-block-heading has-large-font-size\">Responsabilit\u00e9 du fabricant<\/h2>\n\n\n\n<ul class=\"wp-block-list\">\n<li>F.&nbsp;Paul Morrison, Toronto<\/li>\n<\/ul>\n<\/div>\n<\/div>\n\n\n\n<hr class=\"wp-block-separator has-alpha-channel-opacity\"\/>\n\n\n\n<p>* Ces avocates et avocats ont \u00e9t\u00e9 nomm\u00e9s \u00e0 la cat\u00e9gorie<em>Best Lawyers: Ones to Watch<sup>\u00ae<\/sup>&nbsp;in Canada<\/em>, une reconnaissance qui r\u00e9compense les avocates et avocats \u00e9mergents pour leur excellence en pratique priv\u00e9e.<\/p>\n\n\n\n<p><\/p>\n","protected":false},"author":5,"featured_media":40437,"template":"","news-category":[655],"class_list":["post-54566","news","type-news","status-publish","has-post-thumbnail","hentry"],"acf":[],"yoast_head":"<!-- This site is optimized with the Yoast SEO plugin v27.9 - https:\/\/yoast.com\/product\/yoast-seo-wordpress\/ -->\n<title>La reconnaissance obtenue dans l\u2019\u00e9dition\u00a02027 de Best Lawyers\u00ae t\u00e9moigne de l\u2019\u00e9tendue de l\u2019expertise du cabinet | Miller Thomson<\/title>\n<meta name=\"robots\" content=\"index, follow, max-snippet:-1, max-image-preview:large, max-video-preview:-1\" \/>\n<link rel=\"canonical\" href=\"https:\/\/www.millerthomson.com\/fr\/nouvelles\/la-reconnaissance-obtenue-dans-ledition-2027-de-best-lawyers-temoigne-de-letendue-de-lexpertise-du-cabinet\/\" \/>\n<meta property=\"og:locale\" content=\"fr_FR\" \/>\n<meta property=\"og:type\" content=\"article\" \/>\n<meta property=\"og:title\" content=\"La reconnaissance obtenue dans l\u2019\u00e9dition\u00a02027 de Best Lawyers\u00ae t\u00e9moigne de l\u2019\u00e9tendue de l\u2019expertise du cabinet | Miller Thomson\" \/>\n<meta property=\"og:description\" content=\"Les avocates et avocats de Miller Thomson figurent dans 51&nbsp;domaines de pratique de The Best Lawyers in Canada\u2122. Best Lawyers\u00ae met \u00e0 l\u2019honneur les professionnelles et professionnels du droit qui se distinguent dans leur domaine, \u00e0 l\u2019issue d\u2019un processus rigoureux d\u2019\u00e9valuation par les pairs. Ces r\u00e9sultats mettent en lumi\u00e8re non seulement les r\u00e9alisations individuelles, mais [&hellip;]\" \/>\n<meta property=\"og:url\" content=\"https:\/\/www.millerthomson.com\/fr\/nouvelles\/la-reconnaissance-obtenue-dans-ledition-2027-de-best-lawyers-temoigne-de-letendue-de-lexpertise-du-cabinet\/\" \/>\n<meta property=\"og:site_name\" content=\"Miller Thomson\" \/>\n<meta property=\"article:publisher\" content=\"https:\/\/www.facebook.com\/MillerThomsonLaw\/\" \/>\n<meta property=\"article:modified_time\" content=\"2026-09-03T13:57:14+00:00\" \/>\n<meta property=\"og:image\" content=\"https:\/\/www.millerthomson.com\/wp-content\/uploads\/2025\/10\/featured_news_copper-stars.jpg\" \/>\n\t<meta property=\"og:image:width\" content=\"1920\" \/>\n\t<meta property=\"og:image:height\" content=\"1098\" \/>\n\t<meta property=\"og:image:type\" content=\"image\/jpeg\" \/>\n<meta name=\"twitter:card\" content=\"summary_large_image\" \/>\n<meta name=\"twitter:site\" content=\"@millerthomson\" \/>\n<script type=\"application\/ld+json\" class=\"yoast-schema-graph\">{\"@context\":\"https:\\\/\\\/schema.org\",\"@graph\":[{\"@type\":\"NewsArticle\",\"@id\":\"https:\\\/\\\/www.millerthomson.com\\\/fr\\\/nouvelles\\\/la-reconnaissance-obtenue-dans-ledition-2027-de-best-lawyers-temoigne-de-letendue-de-lexpertise-du-cabinet\\\/#article\",\"isPartOf\":{\"@id\":\"https:\\\/\\\/www.millerthomson.com\\\/fr\\\/nouvelles\\\/la-reconnaissance-obtenue-dans-ledition-2027-de-best-lawyers-temoigne-de-letendue-de-lexpertise-du-cabinet\\\/\"},\"author\":{\"name\":\"Katherine Chan\",\"@id\":\"https:\\\/\\\/www.millerthomson.com\\\/fr\\\/#\\\/schema\\\/person\\\/5473b50a564d1e37f327fdd79cb348f6\"},\"headline\":\"La reconnaissance obtenue dans l\u2019\u00e9dition\u00a02027 de Best Lawyers\u00ae t\u00e9moigne de l\u2019\u00e9tendue de l\u2019expertise du cabinet\",\"datePublished\":\"2026-09-03T13:56:10+00:00\",\"dateModified\":\"2026-09-03T13:57:14+00:00\",\"mainEntityOfPage\":{\"@id\":\"https:\\\/\\\/www.millerthomson.com\\\/fr\\\/nouvelles\\\/la-reconnaissance-obtenue-dans-ledition-2027-de-best-lawyers-temoigne-de-letendue-de-lexpertise-du-cabinet\\\/\"},\"wordCount\":2127,\"publisher\":{\"@id\":\"https:\\\/\\\/www.millerthomson.com\\\/fr\\\/#organization\"},\"image\":{\"@id\":\"https:\\\/\\\/www.millerthomson.com\\\/fr\\\/nouvelles\\\/la-reconnaissance-obtenue-dans-ledition-2027-de-best-lawyers-temoigne-de-letendue-de-lexpertise-du-cabinet\\\/#primaryimage\"},\"thumbnailUrl\":\"https:\\\/\\\/www.millerthomson.com\\\/wp-content\\\/uploads\\\/2025\\\/10\\\/featured_news_copper-stars.jpg\",\"inLanguage\":\"fr-FR\"},{\"@type\":\"WebPage\",\"@id\":\"https:\\\/\\\/www.millerthomson.com\\\/fr\\\/nouvelles\\\/la-reconnaissance-obtenue-dans-ledition-2027-de-best-lawyers-temoigne-de-letendue-de-lexpertise-du-cabinet\\\/\",\"url\":\"https:\\\/\\\/www.millerthomson.com\\\/fr\\\/nouvelles\\\/la-reconnaissance-obtenue-dans-ledition-2027-de-best-lawyers-temoigne-de-letendue-de-lexpertise-du-cabinet\\\/\",\"name\":\"La reconnaissance obtenue dans l\u2019\u00e9dition\u00a02027 de Best Lawyers\u00ae t\u00e9moigne de l\u2019\u00e9tendue de l\u2019expertise du cabinet | Miller Thomson\",\"isPartOf\":{\"@id\":\"https:\\\/\\\/www.millerthomson.com\\\/fr\\\/#website\"},\"primaryImageOfPage\":{\"@id\":\"https:\\\/\\\/www.millerthomson.com\\\/fr\\\/nouvelles\\\/la-reconnaissance-obtenue-dans-ledition-2027-de-best-lawyers-temoigne-de-letendue-de-lexpertise-du-cabinet\\\/#primaryimage\"},\"image\":{\"@id\":\"https:\\\/\\\/www.millerthomson.com\\\/fr\\\/nouvelles\\\/la-reconnaissance-obtenue-dans-ledition-2027-de-best-lawyers-temoigne-de-letendue-de-lexpertise-du-cabinet\\\/#primaryimage\"},\"thumbnailUrl\":\"https:\\\/\\\/www.millerthomson.com\\\/wp-content\\\/uploads\\\/2025\\\/10\\\/featured_news_copper-stars.jpg\",\"datePublished\":\"2026-09-03T13:56:10+00:00\",\"dateModified\":\"2026-09-03T13:57:14+00:00\",\"breadcrumb\":{\"@id\":\"https:\\\/\\\/www.millerthomson.com\\\/fr\\\/nouvelles\\\/la-reconnaissance-obtenue-dans-ledition-2027-de-best-lawyers-temoigne-de-letendue-de-lexpertise-du-cabinet\\\/#breadcrumb\"},\"inLanguage\":\"fr-FR\",\"potentialAction\":[{\"@type\":\"ReadAction\",\"target\":[\"https:\\\/\\\/www.millerthomson.com\\\/fr\\\/nouvelles\\\/la-reconnaissance-obtenue-dans-ledition-2027-de-best-lawyers-temoigne-de-letendue-de-lexpertise-du-cabinet\\\/\"]}]},{\"@type\":\"ImageObject\",\"inLanguage\":\"fr-FR\",\"@id\":\"https:\\\/\\\/www.millerthomson.com\\\/fr\\\/nouvelles\\\/la-reconnaissance-obtenue-dans-ledition-2027-de-best-lawyers-temoigne-de-letendue-de-lexpertise-du-cabinet\\\/#primaryimage\",\"url\":\"https:\\\/\\\/www.millerthomson.com\\\/wp-content\\\/uploads\\\/2025\\\/10\\\/featured_news_copper-stars.jpg\",\"contentUrl\":\"https:\\\/\\\/www.millerthomson.com\\\/wp-content\\\/uploads\\\/2025\\\/10\\\/featured_news_copper-stars.jpg\",\"width\":1920,\"height\":1098,\"caption\":\"copper stars one\"},{\"@type\":\"BreadcrumbList\",\"@id\":\"https:\\\/\\\/www.millerthomson.com\\\/fr\\\/nouvelles\\\/la-reconnaissance-obtenue-dans-ledition-2027-de-best-lawyers-temoigne-de-letendue-de-lexpertise-du-cabinet\\\/#breadcrumb\",\"itemListElement\":[{\"@type\":\"ListItem\",\"position\":1,\"name\":\"Accueil\",\"item\":\"https:\\\/\\\/www.millerthomson.com\\\/fr\\\/\"},{\"@type\":\"ListItem\",\"position\":2,\"name\":\"Nouvelles\",\"item\":\"https:\\\/\\\/www.millerthomson.com\\\/fr\\\/nouvelles\\\/\"},{\"@type\":\"ListItem\",\"position\":3,\"name\":\"La reconnaissance obtenue dans l\u2019\u00e9dition\u00a02027 de Best Lawyers\u00ae t\u00e9moigne de l\u2019\u00e9tendue de l\u2019expertise du cabinet\"}]},{\"@type\":\"WebSite\",\"@id\":\"https:\\\/\\\/www.millerthomson.com\\\/fr\\\/#website\",\"url\":\"https:\\\/\\\/www.millerthomson.com\\\/fr\\\/\",\"name\":\"Miller Thomson | Cabinet de droit des affaires pancanadien\",\"description\":\"National law firm providing business law expertise and litigation and disputes services for businesses across Canada since 1957.\",\"publisher\":{\"@id\":\"https:\\\/\\\/www.millerthomson.com\\\/fr\\\/#organization\"},\"potentialAction\":[{\"@type\":\"SearchAction\",\"target\":{\"@type\":\"EntryPoint\",\"urlTemplate\":\"https:\\\/\\\/www.millerthomson.com\\\/fr\\\/?s={search_term_string}\"},\"query-input\":{\"@type\":\"PropertyValueSpecification\",\"valueRequired\":true,\"valueName\":\"search_term_string\"}}],\"inLanguage\":\"fr-FR\"},{\"@type\":\"Organization\",\"@id\":\"https:\\\/\\\/www.millerthomson.com\\\/fr\\\/#organization\",\"name\":\"Miller Thomson | Cabinet de droit des affaires pancanadien\",\"url\":\"https:\\\/\\\/www.millerthomson.com\\\/fr\\\/\",\"logo\":{\"@type\":\"ImageObject\",\"inLanguage\":\"fr-FR\",\"@id\":\"https:\\\/\\\/www.millerthomson.com\\\/fr\\\/#\\\/schema\\\/logo\\\/image\\\/\",\"url\":\"https:\\\/\\\/www.millerthomson.com\\\/wp-content\\\/uploads\\\/2024\\\/10\\\/miller-thomson.svg\",\"contentUrl\":\"https:\\\/\\\/www.millerthomson.com\\\/wp-content\\\/uploads\\\/2024\\\/10\\\/miller-thomson.svg\",\"width\":380,\"height\":50,\"caption\":\"Miller Thomson | Cabinet de droit des affaires pancanadien\"},\"image\":{\"@id\":\"https:\\\/\\\/www.millerthomson.com\\\/fr\\\/#\\\/schema\\\/logo\\\/image\\\/\"},\"sameAs\":[\"https:\\\/\\\/www.facebook.com\\\/MillerThomsonLaw\\\/\",\"https:\\\/\\\/x.com\\\/millerthomson\",\"https:\\\/\\\/www.linkedin.com\\\/company\\\/miller-thomson-llp\\\/\",\"https:\\\/\\\/www.youtube.com\\\/@millerthomson\"]},{\"@type\":\"Person\",\"@id\":\"https:\\\/\\\/www.millerthomson.com\\\/fr\\\/#\\\/schema\\\/person\\\/5473b50a564d1e37f327fdd79cb348f6\",\"name\":\"Katherine Chan\",\"image\":{\"@type\":\"ImageObject\",\"inLanguage\":\"fr-FR\",\"@id\":\"https:\\\/\\\/secure.gravatar.com\\\/avatar\\\/da8a18c240b27905220d948a87957ba19ab6de326b44a2ce3072235c121f996f?s=96&d=mm&r=g\",\"url\":\"https:\\\/\\\/secure.gravatar.com\\\/avatar\\\/da8a18c240b27905220d948a87957ba19ab6de326b44a2ce3072235c121f996f?s=96&d=mm&r=g\",\"contentUrl\":\"https:\\\/\\\/secure.gravatar.com\\\/avatar\\\/da8a18c240b27905220d948a87957ba19ab6de326b44a2ce3072235c121f996f?s=96&d=mm&r=g\",\"caption\":\"Katherine Chan\"}}]}<\/script>\n<!-- \/ Yoast SEO plugin. -->","yoast_head_json":{"title":"La reconnaissance obtenue dans l\u2019\u00e9dition\u00a02027 de Best Lawyers\u00ae t\u00e9moigne de l\u2019\u00e9tendue de l\u2019expertise du cabinet | Miller Thomson","robots":{"index":"index","follow":"follow","max-snippet":"max-snippet:-1","max-image-preview":"max-image-preview:large","max-video-preview":"max-video-preview:-1"},"canonical":"https:\/\/www.millerthomson.com\/fr\/nouvelles\/la-reconnaissance-obtenue-dans-ledition-2027-de-best-lawyers-temoigne-de-letendue-de-lexpertise-du-cabinet\/","og_locale":"fr_FR","og_type":"article","og_title":"La reconnaissance obtenue dans l\u2019\u00e9dition\u00a02027 de Best Lawyers\u00ae t\u00e9moigne de l\u2019\u00e9tendue de l\u2019expertise du cabinet | Miller Thomson","og_description":"Les avocates et avocats de Miller Thomson figurent dans 51&nbsp;domaines de pratique de The Best Lawyers in Canada\u2122. Best Lawyers\u00ae met \u00e0 l\u2019honneur les professionnelles et professionnels du droit qui se distinguent dans leur domaine, \u00e0 l\u2019issue d\u2019un processus rigoureux d\u2019\u00e9valuation par les pairs. Ces r\u00e9sultats mettent en lumi\u00e8re non seulement les r\u00e9alisations individuelles, mais [&hellip;]","og_url":"https:\/\/www.millerthomson.com\/fr\/nouvelles\/la-reconnaissance-obtenue-dans-ledition-2027-de-best-lawyers-temoigne-de-letendue-de-lexpertise-du-cabinet\/","og_site_name":"Miller Thomson","article_publisher":"https:\/\/www.facebook.com\/MillerThomsonLaw\/","article_modified_time":"2026-09-03T13:57:14+00:00","og_image":[{"width":1920,"height":1098,"url":"https:\/\/www.millerthomson.com\/wp-content\/uploads\/2025\/10\/featured_news_copper-stars.jpg","type":"image\/jpeg"}],"twitter_card":"summary_large_image","twitter_site":"@millerthomson","schema":{"@context":"https:\/\/schema.org","@graph":[{"@type":"NewsArticle","@id":"https:\/\/www.millerthomson.com\/fr\/nouvelles\/la-reconnaissance-obtenue-dans-ledition-2027-de-best-lawyers-temoigne-de-letendue-de-lexpertise-du-cabinet\/#article","isPartOf":{"@id":"https:\/\/www.millerthomson.com\/fr\/nouvelles\/la-reconnaissance-obtenue-dans-ledition-2027-de-best-lawyers-temoigne-de-letendue-de-lexpertise-du-cabinet\/"},"author":{"name":"Katherine Chan","@id":"https:\/\/www.millerthomson.com\/fr\/#\/schema\/person\/5473b50a564d1e37f327fdd79cb348f6"},"headline":"La reconnaissance obtenue dans l\u2019\u00e9dition\u00a02027 de Best Lawyers\u00ae t\u00e9moigne de l\u2019\u00e9tendue de l\u2019expertise du cabinet","datePublished":"2026-09-03T13:56:10+00:00","dateModified":"2026-09-03T13:57:14+00:00","mainEntityOfPage":{"@id":"https:\/\/www.millerthomson.com\/fr\/nouvelles\/la-reconnaissance-obtenue-dans-ledition-2027-de-best-lawyers-temoigne-de-letendue-de-lexpertise-du-cabinet\/"},"wordCount":2127,"publisher":{"@id":"https:\/\/www.millerthomson.com\/fr\/#organization"},"image":{"@id":"https:\/\/www.millerthomson.com\/fr\/nouvelles\/la-reconnaissance-obtenue-dans-ledition-2027-de-best-lawyers-temoigne-de-letendue-de-lexpertise-du-cabinet\/#primaryimage"},"thumbnailUrl":"https:\/\/www.millerthomson.com\/wp-content\/uploads\/2025\/10\/featured_news_copper-stars.jpg","inLanguage":"fr-FR"},{"@type":"WebPage","@id":"https:\/\/www.millerthomson.com\/fr\/nouvelles\/la-reconnaissance-obtenue-dans-ledition-2027-de-best-lawyers-temoigne-de-letendue-de-lexpertise-du-cabinet\/","url":"https:\/\/www.millerthomson.com\/fr\/nouvelles\/la-reconnaissance-obtenue-dans-ledition-2027-de-best-lawyers-temoigne-de-letendue-de-lexpertise-du-cabinet\/","name":"La reconnaissance obtenue dans l\u2019\u00e9dition\u00a02027 de Best Lawyers\u00ae t\u00e9moigne de l\u2019\u00e9tendue de l\u2019expertise du cabinet | Miller Thomson","isPartOf":{"@id":"https:\/\/www.millerthomson.com\/fr\/#website"},"primaryImageOfPage":{"@id":"https:\/\/www.millerthomson.com\/fr\/nouvelles\/la-reconnaissance-obtenue-dans-ledition-2027-de-best-lawyers-temoigne-de-letendue-de-lexpertise-du-cabinet\/#primaryimage"},"image":{"@id":"https:\/\/www.millerthomson.com\/fr\/nouvelles\/la-reconnaissance-obtenue-dans-ledition-2027-de-best-lawyers-temoigne-de-letendue-de-lexpertise-du-cabinet\/#primaryimage"},"thumbnailUrl":"https:\/\/www.millerthomson.com\/wp-content\/uploads\/2025\/10\/featured_news_copper-stars.jpg","datePublished":"2026-09-03T13:56:10+00:00","dateModified":"2026-09-03T13:57:14+00:00","breadcrumb":{"@id":"https:\/\/www.millerthomson.com\/fr\/nouvelles\/la-reconnaissance-obtenue-dans-ledition-2027-de-best-lawyers-temoigne-de-letendue-de-lexpertise-du-cabinet\/#breadcrumb"},"inLanguage":"fr-FR","potentialAction":[{"@type":"ReadAction","target":["https:\/\/www.millerthomson.com\/fr\/nouvelles\/la-reconnaissance-obtenue-dans-ledition-2027-de-best-lawyers-temoigne-de-letendue-de-lexpertise-du-cabinet\/"]}]},{"@type":"ImageObject","inLanguage":"fr-FR","@id":"https:\/\/www.millerthomson.com\/fr\/nouvelles\/la-reconnaissance-obtenue-dans-ledition-2027-de-best-lawyers-temoigne-de-letendue-de-lexpertise-du-cabinet\/#primaryimage","url":"https:\/\/www.millerthomson.com\/wp-content\/uploads\/2025\/10\/featured_news_copper-stars.jpg","contentUrl":"https:\/\/www.millerthomson.com\/wp-content\/uploads\/2025\/10\/featured_news_copper-stars.jpg","width":1920,"height":1098,"caption":"copper stars one"},{"@type":"BreadcrumbList","@id":"https:\/\/www.millerthomson.com\/fr\/nouvelles\/la-reconnaissance-obtenue-dans-ledition-2027-de-best-lawyers-temoigne-de-letendue-de-lexpertise-du-cabinet\/#breadcrumb","itemListElement":[{"@type":"ListItem","position":1,"name":"Accueil","item":"https:\/\/www.millerthomson.com\/fr\/"},{"@type":"ListItem","position":2,"name":"Nouvelles","item":"https:\/\/www.millerthomson.com\/fr\/nouvelles\/"},{"@type":"ListItem","position":3,"name":"La reconnaissance obtenue dans l\u2019\u00e9dition\u00a02027 de Best Lawyers\u00ae t\u00e9moigne de l\u2019\u00e9tendue de l\u2019expertise du cabinet"}]},{"@type":"WebSite","@id":"https:\/\/www.millerthomson.com\/fr\/#website","url":"https:\/\/www.millerthomson.com\/fr\/","name":"Miller Thomson | Cabinet de droit des affaires pancanadien","description":"National law firm providing business law expertise and litigation and disputes services for businesses across Canada since 1957.","publisher":{"@id":"https:\/\/www.millerthomson.com\/fr\/#organization"},"potentialAction":[{"@type":"SearchAction","target":{"@type":"EntryPoint","urlTemplate":"https:\/\/www.millerthomson.com\/fr\/?s={search_term_string}"},"query-input":{"@type":"PropertyValueSpecification","valueRequired":true,"valueName":"search_term_string"}}],"inLanguage":"fr-FR"},{"@type":"Organization","@id":"https:\/\/www.millerthomson.com\/fr\/#organization","name":"Miller Thomson | Cabinet de droit des affaires pancanadien","url":"https:\/\/www.millerthomson.com\/fr\/","logo":{"@type":"ImageObject","inLanguage":"fr-FR","@id":"https:\/\/www.millerthomson.com\/fr\/#\/schema\/logo\/image\/","url":"https:\/\/www.millerthomson.com\/wp-content\/uploads\/2024\/10\/miller-thomson.svg","contentUrl":"https:\/\/www.millerthomson.com\/wp-content\/uploads\/2024\/10\/miller-thomson.svg","width":380,"height":50,"caption":"Miller Thomson | Cabinet de droit des affaires pancanadien"},"image":{"@id":"https:\/\/www.millerthomson.com\/fr\/#\/schema\/logo\/image\/"},"sameAs":["https:\/\/www.facebook.com\/MillerThomsonLaw\/","https:\/\/x.com\/millerthomson","https:\/\/www.linkedin.com\/company\/miller-thomson-llp\/","https:\/\/www.youtube.com\/@millerthomson"]},{"@type":"Person","@id":"https:\/\/www.millerthomson.com\/fr\/#\/schema\/person\/5473b50a564d1e37f327fdd79cb348f6","name":"Katherine Chan","image":{"@type":"ImageObject","inLanguage":"fr-FR","@id":"https:\/\/secure.gravatar.com\/avatar\/da8a18c240b27905220d948a87957ba19ab6de326b44a2ce3072235c121f996f?s=96&d=mm&r=g","url":"https:\/\/secure.gravatar.com\/avatar\/da8a18c240b27905220d948a87957ba19ab6de326b44a2ce3072235c121f996f?s=96&d=mm&r=g","contentUrl":"https:\/\/secure.gravatar.com\/avatar\/da8a18c240b27905220d948a87957ba19ab6de326b44a2ce3072235c121f996f?s=96&d=mm&r=g","caption":"Katherine Chan"}}]}},"_links":{"self":[{"href":"https:\/\/www.millerthomson.com\/fr\/wp-json\/wp\/v2\/news\/54566","targetHints":{"allow":["GET"]}}],"collection":[{"href":"https:\/\/www.millerthomson.com\/fr\/wp-json\/wp\/v2\/news"}],"about":[{"href":"https:\/\/www.millerthomson.com\/fr\/wp-json\/wp\/v2\/types\/news"}],"author":[{"embeddable":true,"href":"https:\/\/www.millerthomson.com\/fr\/wp-json\/wp\/v2\/users\/5"}],"version-history":[{"count":5,"href":"https:\/\/www.millerthomson.com\/fr\/wp-json\/wp\/v2\/news\/54566\/revisions"}],"predecessor-version":[{"id":54683,"href":"https:\/\/www.millerthomson.com\/fr\/wp-json\/wp\/v2\/news\/54566\/revisions\/54683"}],"wp:featuredmedia":[{"embeddable":true,"href":"https:\/\/www.millerthomson.com\/fr\/wp-json\/wp\/v2\/media\/40437"}],"wp:attachment":[{"href":"https:\/\/www.millerthomson.com\/fr\/wp-json\/wp\/v2\/media?parent=54566"}],"wp:term":[{"taxonomy":"news-category","embeddable":true,"href":"https:\/\/www.millerthomson.com\/fr\/wp-json\/wp\/v2\/news-category?post=54566"}],"curies":[{"name":"wp","href":"https:\/\/api.w.org\/{rel}","templated":true}]}}