{"id":49308,"date":"2026-04-27T11:37:18","date_gmt":"2026-04-27T15:37:18","guid":{"rendered":"https:\/\/www.millerthomson.com\/?post_type=news&#038;p=49308"},"modified":"2026-04-27T14:15:19","modified_gmt":"2026-04-27T18:15:19","slug":"miller-thomson-accueille-perry-kiefer-a-titre-dassocie-au-sein-du-groupe-fiscalite-des-entreprises","status":"publish","type":"news","link":"https:\/\/www.millerthomson.com\/fr\/nouvelles\/miller-thomson-accueille-perry-kiefer-a-titre-dassocie-au-sein-du-groupe-fiscalite-des-entreprises\/","title":{"rendered":"Miller Thomson accueille Perry Kiefer \u00e0 titre d\u2019associ\u00e9 au sein du groupe Fiscalit\u00e9 des entreprises\u00a0"},"content":{"rendered":"\n<p>\u202f<a href=\"https:\/\/www.millerthomson.com\/fr\/votre-equipe\/perry-kiefer\/\">Perry Kiefer<\/a>&nbsp;s\u2019est joint au bureau de Saskatoon de&nbsp;Miller Thomson&nbsp;\u00e0 titre d\u2019associ\u00e9 au sein du groupe&nbsp;<a href=\"https:\/\/www.millerthomson.com\/fr\/expertises\/droit-fiscal\/\" target=\"_blank\" rel=\"noreferrer noopener\">Fiscalit\u00e9 des entreprises<\/a>.\u202f&nbsp;<\/p>\n\n\n\n<p>Perry conseille ses clients dans un vaste \u00e9ventail de dossiers fiscaux et juridiques, notamment en mati\u00e8re de planification fiscale des entreprises, de r\u00e9organisations, de fusions et acquisitions&nbsp;et de planification successorale. Sa pratique est principalement ax\u00e9e sur les entreprises exploit\u00e9es par leurs propri\u00e9taires ainsi que sur les entreprises agricoles, qu\u2019il accompagne afin d\u2019optimiser leur efficacit\u00e9 fiscale et de les aider \u00e0 atteindre leurs objectifs de planification \u00e0 long terme.&nbsp;<br>&nbsp;<\/p>\n\n\n\n<p>Conf\u00e9rencier respect\u00e9, Perry est reconnu pour sa capacit\u00e9 \u00e0 vulgariser des concepts fiscaux et financiers complexes de mani\u00e8re claire et pratique, permettant ainsi \u00e0 ses clients de bien comprendre leurs options et de prendre des d\u00e9cisions \u00e9clair\u00e9es.&nbsp;<\/p>\n\n\n\n<p>\u00ab\u202fNous sommes ravis d\u2019accueillir Perry au sein de notre groupe de fiscalit\u00e9 des entreprises,\u202f\u00bb d\u00e9clare&nbsp;<a href=\"https:\/\/www.millerthomson.com\/fr\/votre-equipe\/jay-m-hoffman\/\" target=\"_blank\" rel=\"noreferrer noopener\">Jay Hoffman<\/a>, pr\u00e9sident du groupe national Droit des affaires de Miller\u202fThomson. \u00ab\u202fIl apporte une solide expertise, tant en comptabilit\u00e9 qu\u2019en droit, dans les domaines de la planification fiscale et des r\u00e9organisations d\u2019entreprises. Sa capacit\u00e9 \u00e0 transformer des enjeux fiscaux complexes en conseils clairs et concrets vient \u00e9largir notre offre de services.\u202f\u00bb&nbsp;<\/p>\n\n\n\n<p>\u00ab\u202fPerry repr\u00e9sente un ajout de premier plan pour notre bureau de Saskatoon,\u202f\u00bb ajoute\u00a0<a href=\"https:\/\/www.millerthomson.com\/fr\/votre-equipe\/eric-f-w-johnson\/\" target=\"_blank\" rel=\"noreferrer noopener\">Eric\u00a0Johnson<\/a>, associ\u00e9 directeur du bureau de Saskatoon. \u00ab\u202fIl est reconnu pour ses connaissances techniques approfondies et son approche pratique. Son exp\u00e9rience\u00a0compl\u00e8te\u00a0admirablement notre \u00e9quipe et renforce les services que nous proposons dans la r\u00e9gion.\u202f\u00bb\u00a0<\/p>\n\n\n\n<p>Perry est titulaire d\u2019un&nbsp;Juris&nbsp;Doctor&nbsp;de l\u2019Universit\u00e9 de Calgary et d\u00e9tient \u00e9galement les titres de&nbsp;CPA, CA&nbsp;et TEP. Il a par ailleurs \u00e9t\u00e9 reconnu parmi les meilleurs avocates et avocats en fiscalit\u00e9 des entreprises dans l\u2019\u00e9dition\u202f2026 de&nbsp;Lexpert.&nbsp;<\/p>\n\n\n\n<p><\/p>\n","protected":false},"author":5,"featured_media":49290,"template":"","news-category":[654],"class_list":["post-49308","news","type-news","status-publish","has-post-thumbnail","hentry"],"acf":[],"yoast_head":"<!-- This site is optimized with the Yoast SEO plugin v26.1.1 - https:\/\/yoast.com\/wordpress\/plugins\/seo\/ -->\n<title>Miller Thomson accueille Perry Kiefer \u00e0 titre d\u2019associ\u00e9 au sein du groupe Fiscalit\u00e9 des entreprises\u00a0 | Miller Thomson<\/title>\n<meta name=\"robots\" content=\"index, follow, max-snippet:-1, max-image-preview:large, max-video-preview:-1\" \/>\n<link rel=\"canonical\" href=\"https:\/\/www.millerthomson.com\/fr\/nouvelles\/miller-thomson-accueille-perry-kiefer-a-titre-dassocie-au-sein-du-groupe-fiscalite-des-entreprises\/\" \/>\n<meta property=\"og:locale\" content=\"fr_FR\" \/>\n<meta property=\"og:type\" content=\"article\" \/>\n<meta property=\"og:title\" content=\"Miller Thomson accueille Perry Kiefer \u00e0 titre d\u2019associ\u00e9 au sein du groupe Fiscalit\u00e9 des entreprises\u00a0 | Miller Thomson\" \/>\n<meta property=\"og:description\" content=\"\u202fPerry Kiefer&nbsp;s\u2019est joint au bureau de Saskatoon de&nbsp;Miller Thomson&nbsp;\u00e0 titre d\u2019associ\u00e9 au sein du groupe&nbsp;Fiscalit\u00e9 des entreprises.\u202f&nbsp; Perry conseille ses clients dans un vaste \u00e9ventail de dossiers fiscaux et juridiques, notamment en mati\u00e8re de planification fiscale des entreprises, de r\u00e9organisations, de fusions et acquisitions&nbsp;et de planification successorale. Sa pratique est principalement ax\u00e9e sur les entreprises [&hellip;]\" \/>\n<meta property=\"og:url\" content=\"https:\/\/www.millerthomson.com\/fr\/nouvelles\/miller-thomson-accueille-perry-kiefer-a-titre-dassocie-au-sein-du-groupe-fiscalite-des-entreprises\/\" \/>\n<meta property=\"og:site_name\" content=\"Miller Thomson\" \/>\n<meta property=\"article:publisher\" content=\"https:\/\/www.facebook.com\/MillerThomsonLaw\/\" \/>\n<meta property=\"article:modified_time\" content=\"2026-04-27T18:15:19+00:00\" \/>\n<meta property=\"og:image\" content=\"https:\/\/www.millerthomson.com\/wp-content\/uploads\/2026\/04\/news_featured_saskatoon.jpg\" \/>\n\t<meta property=\"og:image:width\" content=\"1920\" \/>\n\t<meta property=\"og:image:height\" content=\"1098\" \/>\n\t<meta property=\"og:image:type\" content=\"image\/jpeg\" \/>\n<meta name=\"twitter:card\" content=\"summary_large_image\" \/>\n<meta name=\"twitter:site\" content=\"@millerthomson\" \/>\n<meta name=\"twitter:label1\" content=\"Est. reading time\" \/>\n\t<meta name=\"twitter:data1\" content=\"2 minutes\" \/>\n<script type=\"application\/ld+json\" class=\"yoast-schema-graph\">{\"@context\":\"https:\/\/schema.org\",\"@graph\":[{\"@type\":\"NewsArticle\",\"@id\":\"https:\/\/www.millerthomson.com\/fr\/nouvelles\/miller-thomson-accueille-perry-kiefer-a-titre-dassocie-au-sein-du-groupe-fiscalite-des-entreprises\/#article\",\"isPartOf\":{\"@id\":\"https:\/\/www.millerthomson.com\/fr\/nouvelles\/miller-thomson-accueille-perry-kiefer-a-titre-dassocie-au-sein-du-groupe-fiscalite-des-entreprises\/\"},\"author\":{\"name\":\"Katherine Chan\",\"@id\":\"https:\/\/www.millerthomson.com\/fr\/#\/schema\/person\/5473b50a564d1e37f327fdd79cb348f6\"},\"headline\":\"Miller Thomson accueille Perry Kiefer \u00e0 titre d\u2019associ\u00e9 au sein du groupe Fiscalit\u00e9 des entreprises\u00a0\",\"datePublished\":\"2026-04-27T15:37:18+00:00\",\"dateModified\":\"2026-04-27T18:15:19+00:00\",\"mainEntityOfPage\":{\"@id\":\"https:\/\/www.millerthomson.com\/fr\/nouvelles\/miller-thomson-accueille-perry-kiefer-a-titre-dassocie-au-sein-du-groupe-fiscalite-des-entreprises\/\"},\"wordCount\":337,\"publisher\":{\"@id\":\"https:\/\/www.millerthomson.com\/fr\/#organization\"},\"image\":{\"@id\":\"https:\/\/www.millerthomson.com\/fr\/nouvelles\/miller-thomson-accueille-perry-kiefer-a-titre-dassocie-au-sein-du-groupe-fiscalite-des-entreprises\/#primaryimage\"},\"thumbnailUrl\":\"https:\/\/www.millerthomson.com\/wp-content\/uploads\/2026\/04\/news_featured_saskatoon.jpg\",\"inLanguage\":\"fr-FR\"},{\"@type\":\"WebPage\",\"@id\":\"https:\/\/www.millerthomson.com\/fr\/nouvelles\/miller-thomson-accueille-perry-kiefer-a-titre-dassocie-au-sein-du-groupe-fiscalite-des-entreprises\/\",\"url\":\"https:\/\/www.millerthomson.com\/fr\/nouvelles\/miller-thomson-accueille-perry-kiefer-a-titre-dassocie-au-sein-du-groupe-fiscalite-des-entreprises\/\",\"name\":\"Miller Thomson accueille Perry Kiefer \u00e0 titre d\u2019associ\u00e9 au sein du groupe Fiscalit\u00e9 des entreprises\u00a0 | Miller Thomson\",\"isPartOf\":{\"@id\":\"https:\/\/www.millerthomson.com\/fr\/#website\"},\"primaryImageOfPage\":{\"@id\":\"https:\/\/www.millerthomson.com\/fr\/nouvelles\/miller-thomson-accueille-perry-kiefer-a-titre-dassocie-au-sein-du-groupe-fiscalite-des-entreprises\/#primaryimage\"},\"image\":{\"@id\":\"https:\/\/www.millerthomson.com\/fr\/nouvelles\/miller-thomson-accueille-perry-kiefer-a-titre-dassocie-au-sein-du-groupe-fiscalite-des-entreprises\/#primaryimage\"},\"thumbnailUrl\":\"https:\/\/www.millerthomson.com\/wp-content\/uploads\/2026\/04\/news_featured_saskatoon.jpg\",\"datePublished\":\"2026-04-27T15:37:18+00:00\",\"dateModified\":\"2026-04-27T18:15:19+00:00\",\"breadcrumb\":{\"@id\":\"https:\/\/www.millerthomson.com\/fr\/nouvelles\/miller-thomson-accueille-perry-kiefer-a-titre-dassocie-au-sein-du-groupe-fiscalite-des-entreprises\/#breadcrumb\"},\"inLanguage\":\"fr-FR\",\"potentialAction\":[{\"@type\":\"ReadAction\",\"target\":[\"https:\/\/www.millerthomson.com\/fr\/nouvelles\/miller-thomson-accueille-perry-kiefer-a-titre-dassocie-au-sein-du-groupe-fiscalite-des-entreprises\/\"]}]},{\"@type\":\"ImageObject\",\"inLanguage\":\"fr-FR\",\"@id\":\"https:\/\/www.millerthomson.com\/fr\/nouvelles\/miller-thomson-accueille-perry-kiefer-a-titre-dassocie-au-sein-du-groupe-fiscalite-des-entreprises\/#primaryimage\",\"url\":\"https:\/\/www.millerthomson.com\/wp-content\/uploads\/2026\/04\/news_featured_saskatoon.jpg\",\"contentUrl\":\"https:\/\/www.millerthomson.com\/wp-content\/uploads\/2026\/04\/news_featured_saskatoon.jpg\",\"width\":1920,\"height\":1098,\"caption\":\"View of Saskatoon from across the Saskatchewan River\"},{\"@type\":\"BreadcrumbList\",\"@id\":\"https:\/\/www.millerthomson.com\/fr\/nouvelles\/miller-thomson-accueille-perry-kiefer-a-titre-dassocie-au-sein-du-groupe-fiscalite-des-entreprises\/#breadcrumb\",\"itemListElement\":[{\"@type\":\"ListItem\",\"position\":1,\"name\":\"Accueil\",\"item\":\"https:\/\/www.millerthomson.com\/fr\/\"},{\"@type\":\"ListItem\",\"position\":2,\"name\":\"Nouvelles\",\"item\":\"https:\/\/www.millerthomson.com\/fr\/nouvelles\/\"},{\"@type\":\"ListItem\",\"position\":3,\"name\":\"Miller Thomson accueille Perry Kiefer \u00e0 titre d\u2019associ\u00e9 au sein du groupe Fiscalit\u00e9 des entreprises\u00a0\"}]},{\"@type\":\"WebSite\",\"@id\":\"https:\/\/www.millerthomson.com\/fr\/#website\",\"url\":\"https:\/\/www.millerthomson.com\/fr\/\",\"name\":\"Miller Thomson | Cabinet de droit des affaires pancanadien\",\"description\":\"National law firm providing business law expertise and litigation and disputes services for businesses across Canada since 1957.\",\"publisher\":{\"@id\":\"https:\/\/www.millerthomson.com\/fr\/#organization\"},\"potentialAction\":[{\"@type\":\"SearchAction\",\"target\":{\"@type\":\"EntryPoint\",\"urlTemplate\":\"https:\/\/www.millerthomson.com\/fr\/?s={search_term_string}\"},\"query-input\":{\"@type\":\"PropertyValueSpecification\",\"valueRequired\":true,\"valueName\":\"search_term_string\"}}],\"inLanguage\":\"fr-FR\"},{\"@type\":\"Organization\",\"@id\":\"https:\/\/www.millerthomson.com\/fr\/#organization\",\"name\":\"Miller Thomson | Cabinet de droit des affaires pancanadien\",\"url\":\"https:\/\/www.millerthomson.com\/fr\/\",\"logo\":{\"@type\":\"ImageObject\",\"inLanguage\":\"fr-FR\",\"@id\":\"https:\/\/www.millerthomson.com\/fr\/#\/schema\/logo\/image\/\",\"url\":\"https:\/\/www.millerthomson.com\/wp-content\/uploads\/2024\/10\/miller-thomson.svg\",\"contentUrl\":\"https:\/\/www.millerthomson.com\/wp-content\/uploads\/2024\/10\/miller-thomson.svg\",\"width\":380,\"height\":50,\"caption\":\"Miller Thomson | Cabinet de droit des affaires pancanadien\"},\"image\":{\"@id\":\"https:\/\/www.millerthomson.com\/fr\/#\/schema\/logo\/image\/\"},\"sameAs\":[\"https:\/\/www.facebook.com\/MillerThomsonLaw\/\",\"https:\/\/x.com\/millerthomson\",\"https:\/\/www.linkedin.com\/company\/miller-thomson-llp\/\",\"https:\/\/www.youtube.com\/@millerthomson\"]},{\"@type\":\"Person\",\"@id\":\"https:\/\/www.millerthomson.com\/fr\/#\/schema\/person\/5473b50a564d1e37f327fdd79cb348f6\",\"name\":\"Katherine Chan\",\"image\":{\"@type\":\"ImageObject\",\"inLanguage\":\"fr-FR\",\"@id\":\"https:\/\/www.millerthomson.com\/fr\/#\/schema\/person\/image\/\",\"url\":\"https:\/\/secure.gravatar.com\/avatar\/da8a18c240b27905220d948a87957ba19ab6de326b44a2ce3072235c121f996f?s=96&d=mm&r=g\",\"contentUrl\":\"https:\/\/secure.gravatar.com\/avatar\/da8a18c240b27905220d948a87957ba19ab6de326b44a2ce3072235c121f996f?s=96&d=mm&r=g\",\"caption\":\"Katherine Chan\"}}]}<\/script>\n<!-- \/ Yoast SEO plugin. -->","yoast_head_json":{"title":"Miller Thomson accueille Perry Kiefer \u00e0 titre d\u2019associ\u00e9 au sein du groupe Fiscalit\u00e9 des entreprises\u00a0 | Miller Thomson","robots":{"index":"index","follow":"follow","max-snippet":"max-snippet:-1","max-image-preview":"max-image-preview:large","max-video-preview":"max-video-preview:-1"},"canonical":"https:\/\/www.millerthomson.com\/fr\/nouvelles\/miller-thomson-accueille-perry-kiefer-a-titre-dassocie-au-sein-du-groupe-fiscalite-des-entreprises\/","og_locale":"fr_FR","og_type":"article","og_title":"Miller Thomson accueille Perry Kiefer \u00e0 titre d\u2019associ\u00e9 au sein du groupe Fiscalit\u00e9 des entreprises\u00a0 | Miller Thomson","og_description":"\u202fPerry Kiefer&nbsp;s\u2019est joint au bureau de Saskatoon de&nbsp;Miller Thomson&nbsp;\u00e0 titre d\u2019associ\u00e9 au sein du groupe&nbsp;Fiscalit\u00e9 des entreprises.\u202f&nbsp; Perry conseille ses clients dans un vaste \u00e9ventail de dossiers fiscaux et juridiques, notamment en mati\u00e8re de planification fiscale des entreprises, de r\u00e9organisations, de fusions et acquisitions&nbsp;et de planification successorale. Sa pratique est principalement ax\u00e9e sur les entreprises [&hellip;]","og_url":"https:\/\/www.millerthomson.com\/fr\/nouvelles\/miller-thomson-accueille-perry-kiefer-a-titre-dassocie-au-sein-du-groupe-fiscalite-des-entreprises\/","og_site_name":"Miller Thomson","article_publisher":"https:\/\/www.facebook.com\/MillerThomsonLaw\/","article_modified_time":"2026-04-27T18:15:19+00:00","og_image":[{"width":1920,"height":1098,"url":"https:\/\/www.millerthomson.com\/wp-content\/uploads\/2026\/04\/news_featured_saskatoon.jpg","type":"image\/jpeg"}],"twitter_card":"summary_large_image","twitter_site":"@millerthomson","twitter_misc":{"Est. reading time":"2 minutes"},"schema":{"@context":"https:\/\/schema.org","@graph":[{"@type":"NewsArticle","@id":"https:\/\/www.millerthomson.com\/fr\/nouvelles\/miller-thomson-accueille-perry-kiefer-a-titre-dassocie-au-sein-du-groupe-fiscalite-des-entreprises\/#article","isPartOf":{"@id":"https:\/\/www.millerthomson.com\/fr\/nouvelles\/miller-thomson-accueille-perry-kiefer-a-titre-dassocie-au-sein-du-groupe-fiscalite-des-entreprises\/"},"author":{"name":"Katherine Chan","@id":"https:\/\/www.millerthomson.com\/fr\/#\/schema\/person\/5473b50a564d1e37f327fdd79cb348f6"},"headline":"Miller Thomson accueille Perry Kiefer \u00e0 titre d\u2019associ\u00e9 au sein du groupe Fiscalit\u00e9 des entreprises\u00a0","datePublished":"2026-04-27T15:37:18+00:00","dateModified":"2026-04-27T18:15:19+00:00","mainEntityOfPage":{"@id":"https:\/\/www.millerthomson.com\/fr\/nouvelles\/miller-thomson-accueille-perry-kiefer-a-titre-dassocie-au-sein-du-groupe-fiscalite-des-entreprises\/"},"wordCount":337,"publisher":{"@id":"https:\/\/www.millerthomson.com\/fr\/#organization"},"image":{"@id":"https:\/\/www.millerthomson.com\/fr\/nouvelles\/miller-thomson-accueille-perry-kiefer-a-titre-dassocie-au-sein-du-groupe-fiscalite-des-entreprises\/#primaryimage"},"thumbnailUrl":"https:\/\/www.millerthomson.com\/wp-content\/uploads\/2026\/04\/news_featured_saskatoon.jpg","inLanguage":"fr-FR"},{"@type":"WebPage","@id":"https:\/\/www.millerthomson.com\/fr\/nouvelles\/miller-thomson-accueille-perry-kiefer-a-titre-dassocie-au-sein-du-groupe-fiscalite-des-entreprises\/","url":"https:\/\/www.millerthomson.com\/fr\/nouvelles\/miller-thomson-accueille-perry-kiefer-a-titre-dassocie-au-sein-du-groupe-fiscalite-des-entreprises\/","name":"Miller Thomson accueille Perry Kiefer \u00e0 titre d\u2019associ\u00e9 au sein du groupe Fiscalit\u00e9 des entreprises\u00a0 | Miller Thomson","isPartOf":{"@id":"https:\/\/www.millerthomson.com\/fr\/#website"},"primaryImageOfPage":{"@id":"https:\/\/www.millerthomson.com\/fr\/nouvelles\/miller-thomson-accueille-perry-kiefer-a-titre-dassocie-au-sein-du-groupe-fiscalite-des-entreprises\/#primaryimage"},"image":{"@id":"https:\/\/www.millerthomson.com\/fr\/nouvelles\/miller-thomson-accueille-perry-kiefer-a-titre-dassocie-au-sein-du-groupe-fiscalite-des-entreprises\/#primaryimage"},"thumbnailUrl":"https:\/\/www.millerthomson.com\/wp-content\/uploads\/2026\/04\/news_featured_saskatoon.jpg","datePublished":"2026-04-27T15:37:18+00:00","dateModified":"2026-04-27T18:15:19+00:00","breadcrumb":{"@id":"https:\/\/www.millerthomson.com\/fr\/nouvelles\/miller-thomson-accueille-perry-kiefer-a-titre-dassocie-au-sein-du-groupe-fiscalite-des-entreprises\/#breadcrumb"},"inLanguage":"fr-FR","potentialAction":[{"@type":"ReadAction","target":["https:\/\/www.millerthomson.com\/fr\/nouvelles\/miller-thomson-accueille-perry-kiefer-a-titre-dassocie-au-sein-du-groupe-fiscalite-des-entreprises\/"]}]},{"@type":"ImageObject","inLanguage":"fr-FR","@id":"https:\/\/www.millerthomson.com\/fr\/nouvelles\/miller-thomson-accueille-perry-kiefer-a-titre-dassocie-au-sein-du-groupe-fiscalite-des-entreprises\/#primaryimage","url":"https:\/\/www.millerthomson.com\/wp-content\/uploads\/2026\/04\/news_featured_saskatoon.jpg","contentUrl":"https:\/\/www.millerthomson.com\/wp-content\/uploads\/2026\/04\/news_featured_saskatoon.jpg","width":1920,"height":1098,"caption":"View of Saskatoon from across the Saskatchewan River"},{"@type":"BreadcrumbList","@id":"https:\/\/www.millerthomson.com\/fr\/nouvelles\/miller-thomson-accueille-perry-kiefer-a-titre-dassocie-au-sein-du-groupe-fiscalite-des-entreprises\/#breadcrumb","itemListElement":[{"@type":"ListItem","position":1,"name":"Accueil","item":"https:\/\/www.millerthomson.com\/fr\/"},{"@type":"ListItem","position":2,"name":"Nouvelles","item":"https:\/\/www.millerthomson.com\/fr\/nouvelles\/"},{"@type":"ListItem","position":3,"name":"Miller Thomson accueille Perry Kiefer \u00e0 titre d\u2019associ\u00e9 au sein du groupe Fiscalit\u00e9 des entreprises\u00a0"}]},{"@type":"WebSite","@id":"https:\/\/www.millerthomson.com\/fr\/#website","url":"https:\/\/www.millerthomson.com\/fr\/","name":"Miller Thomson | Cabinet de droit des affaires pancanadien","description":"National law firm providing business law expertise and litigation and disputes services for businesses across Canada since 1957.","publisher":{"@id":"https:\/\/www.millerthomson.com\/fr\/#organization"},"potentialAction":[{"@type":"SearchAction","target":{"@type":"EntryPoint","urlTemplate":"https:\/\/www.millerthomson.com\/fr\/?s={search_term_string}"},"query-input":{"@type":"PropertyValueSpecification","valueRequired":true,"valueName":"search_term_string"}}],"inLanguage":"fr-FR"},{"@type":"Organization","@id":"https:\/\/www.millerthomson.com\/fr\/#organization","name":"Miller Thomson | Cabinet de droit des affaires pancanadien","url":"https:\/\/www.millerthomson.com\/fr\/","logo":{"@type":"ImageObject","inLanguage":"fr-FR","@id":"https:\/\/www.millerthomson.com\/fr\/#\/schema\/logo\/image\/","url":"https:\/\/www.millerthomson.com\/wp-content\/uploads\/2024\/10\/miller-thomson.svg","contentUrl":"https:\/\/www.millerthomson.com\/wp-content\/uploads\/2024\/10\/miller-thomson.svg","width":380,"height":50,"caption":"Miller Thomson | Cabinet de droit des affaires pancanadien"},"image":{"@id":"https:\/\/www.millerthomson.com\/fr\/#\/schema\/logo\/image\/"},"sameAs":["https:\/\/www.facebook.com\/MillerThomsonLaw\/","https:\/\/x.com\/millerthomson","https:\/\/www.linkedin.com\/company\/miller-thomson-llp\/","https:\/\/www.youtube.com\/@millerthomson"]},{"@type":"Person","@id":"https:\/\/www.millerthomson.com\/fr\/#\/schema\/person\/5473b50a564d1e37f327fdd79cb348f6","name":"Katherine Chan","image":{"@type":"ImageObject","inLanguage":"fr-FR","@id":"https:\/\/www.millerthomson.com\/fr\/#\/schema\/person\/image\/","url":"https:\/\/secure.gravatar.com\/avatar\/da8a18c240b27905220d948a87957ba19ab6de326b44a2ce3072235c121f996f?s=96&d=mm&r=g","contentUrl":"https:\/\/secure.gravatar.com\/avatar\/da8a18c240b27905220d948a87957ba19ab6de326b44a2ce3072235c121f996f?s=96&d=mm&r=g","caption":"Katherine Chan"}}]}},"_links":{"self":[{"href":"https:\/\/www.millerthomson.com\/fr\/wp-json\/wp\/v2\/news\/49308","targetHints":{"allow":["GET"]}}],"collection":[{"href":"https:\/\/www.millerthomson.com\/fr\/wp-json\/wp\/v2\/news"}],"about":[{"href":"https:\/\/www.millerthomson.com\/fr\/wp-json\/wp\/v2\/types\/news"}],"author":[{"embeddable":true,"href":"https:\/\/www.millerthomson.com\/fr\/wp-json\/wp\/v2\/users\/5"}],"version-history":[{"count":4,"href":"https:\/\/www.millerthomson.com\/fr\/wp-json\/wp\/v2\/news\/49308\/revisions"}],"predecessor-version":[{"id":49630,"href":"https:\/\/www.millerthomson.com\/fr\/wp-json\/wp\/v2\/news\/49308\/revisions\/49630"}],"wp:featuredmedia":[{"embeddable":true,"href":"https:\/\/www.millerthomson.com\/fr\/wp-json\/wp\/v2\/media\/49290"}],"wp:attachment":[{"href":"https:\/\/www.millerthomson.com\/fr\/wp-json\/wp\/v2\/media?parent=49308"}],"wp:term":[{"taxonomy":"news-category","embeddable":true,"href":"https:\/\/www.millerthomson.com\/fr\/wp-json\/wp\/v2\/news-category?post=49308"}],"curies":[{"name":"wp","href":"https:\/\/api.w.org\/{rel}","templated":true}]}}