{"id":41976,"date":"2025-12-01T11:15:00","date_gmt":"2025-12-01T16:15:00","guid":{"rendered":"https:\/\/www.millerthomson.com\/?post_type=news&#038;p=41976"},"modified":"2025-11-27T14:01:07","modified_gmt":"2025-11-27T19:01:07","slug":"miller-thomson-accueille-gavin-a-millan-au-sein-du-groupe-droit-des-societes-fa-et-valeurs-mobilieres-a-titre-dassocie","status":"publish","type":"news","link":"https:\/\/www.millerthomson.com\/fr\/nouvelles\/miller-thomson-accueille-gavin-a-millan-au-sein-du-groupe-droit-des-societes-fa-et-valeurs-mobilieres-a-titre-dassocie\/","title":{"rendered":"Miller Thomson accueille Gavin A. Millan au sein du groupe Droit des soci\u00e9t\u00e9s, F&amp;A et valeurs mobili\u00e8res \u00e0 titre d\u2019associ\u00e9"},"content":{"rendered":"\n<p>Gavin A. Millan\u00a0s\u2019est joint au bureau d\u2019Edmonton de Miller Thomson \u00e0 titre d\u2019associ\u00e9 au sein du groupe <a href=\"https:\/\/www.millerthomson.com\/fr\/expertises\/droit-des-societes\/\">Droit des soci\u00e9t\u00e9s<\/a>, <a href=\"https:\/\/www.millerthomson.com\/fr\/expertises\/droit-des-societes\/fusions-et-acquisitions\/\">fusions et acquisitions<\/a>, et <a href=\"https:\/\/www.millerthomson.com\/fr\/expertises\/droit-des-societes\/marches-financiers-et-valeurs-mobilieres\/\">valeurs mobili\u00e8res<\/a>, le 1<sup>er<\/sup> d\u00e9cembre\u00a02025.<\/p>\n\n\n\n<p>Gavin a \u00e0 c\u0153ur de faire progresser les objectifs commerciaux de ses clients gr\u00e2ce \u00e0 une approche pratique des enjeux li\u00e9s au droit des soci\u00e9t\u00e9s et aux transactions. Il conseille des entreprises de toutes tailles, des petites entreprises familiales aux multinationales, dans le cadre d\u2019acquisitions, de cessions et de transactions de financement. S\u2019appuyant sur une vaste exp\u00e9rience en structuration et en n\u00e9gociation d\u2019accords, il aide ses clients \u00e0 g\u00e9rer les risques, \u00e0 r\u00e9partir les responsabilit\u00e9s et \u00e0 mener leurs transactions \u00e0 bien de mani\u00e8re efficace.<\/p>\n\n\n\n<p>La pratique de Gavin englobe plusieurs secteurs, avec un accent particulier sur l\u2019aviation et l\u2019immobilier commercial. Qu\u2019il s\u2019agisse de faciliter la transaction d\u2019avions ou d\u2019autres actifs, ou encore d\u2019orienter les acquisitions commerciales, il veille \u00e0 ce que chaque dossier soutienne les strat\u00e9giques d\u2019affaires et les objectifs op\u00e9rationnels de ses clients.<\/p>\n\n\n\n<p>\u00ab&nbsp;L\u2019arriv\u00e9e de Gavin au cabinet s\u2019inscrit pleinement dans la strat\u00e9gie de croissance de notre groupe de droit des affaires, l\u2019un des moteurs cl\u00e9s de notre d\u00e9veloppement \u00bb, indique <a href=\"https:\/\/www.millerthomson.com\/fr\/votre-equipe\/jay-m-hoffman\/\">Jay Hoffman<\/a>, pr\u00e9sident du groupe national de droit des affaires. Son expertise transactionnelle renforcera la profondeur de notre \u00e9quipe en Alberta et, plus largement, \u00e0 l\u2019\u00e9chelle du pays. \u00bb<\/p>\n","protected":false},"author":5,"featured_media":41323,"template":"","news-category":[654],"class_list":["post-41976","news","type-news","status-publish","has-post-thumbnail","hentry"],"acf":[],"yoast_head":"<!-- This site is optimized with the Yoast SEO plugin v26.1.1 - https:\/\/yoast.com\/wordpress\/plugins\/seo\/ -->\n<title>Miller Thomson accueille Gavin A. Millan au sein du groupe Droit des soci\u00e9t\u00e9s, F&amp;A et valeurs mobili\u00e8res \u00e0 titre d\u2019associ\u00e9 | Miller Thomson<\/title>\n<meta name=\"robots\" content=\"index, follow, max-snippet:-1, max-image-preview:large, max-video-preview:-1\" \/>\n<link rel=\"canonical\" href=\"https:\/\/www.millerthomson.com\/fr\/nouvelles\/miller-thomson-accueille-gavin-a-millan-au-sein-du-groupe-droit-des-societes-fa-et-valeurs-mobilieres-a-titre-dassocie\/\" \/>\n<meta property=\"og:locale\" content=\"fr_FR\" \/>\n<meta property=\"og:type\" content=\"article\" \/>\n<meta property=\"og:title\" content=\"Miller Thomson accueille Gavin A. Millan au sein du groupe Droit des soci\u00e9t\u00e9s, F&amp;A et valeurs mobili\u00e8res \u00e0 titre d\u2019associ\u00e9 | Miller Thomson\" \/>\n<meta property=\"og:description\" content=\"Gavin A. Millan\u00a0s\u2019est joint au bureau d\u2019Edmonton de Miller Thomson \u00e0 titre d\u2019associ\u00e9 au sein du groupe Droit des soci\u00e9t\u00e9s, fusions et acquisitions, et valeurs mobili\u00e8res, le 1er d\u00e9cembre\u00a02025. Gavin a \u00e0 c\u0153ur de faire progresser les objectifs commerciaux de ses clients gr\u00e2ce \u00e0 une approche pratique des enjeux li\u00e9s au droit des soci\u00e9t\u00e9s et [&hellip;]\" \/>\n<meta property=\"og:url\" content=\"https:\/\/www.millerthomson.com\/fr\/nouvelles\/miller-thomson-accueille-gavin-a-millan-au-sein-du-groupe-droit-des-societes-fa-et-valeurs-mobilieres-a-titre-dassocie\/\" \/>\n<meta property=\"og:site_name\" content=\"Miller Thomson\" \/>\n<meta property=\"article:publisher\" content=\"https:\/\/www.facebook.com\/MillerThomsonLaw\/\" \/>\n<meta property=\"og:image\" content=\"https:\/\/www.millerthomson.com\/wp-content\/uploads\/2025\/11\/featured_news_edmonton.jpg\" \/>\n\t<meta property=\"og:image:width\" content=\"1920\" \/>\n\t<meta property=\"og:image:height\" content=\"1098\" \/>\n\t<meta property=\"og:image:type\" content=\"image\/jpeg\" \/>\n<meta name=\"twitter:card\" content=\"summary_large_image\" \/>\n<meta name=\"twitter:site\" content=\"@millerthomson\" \/>\n<meta name=\"twitter:label1\" content=\"Est. reading time\" \/>\n\t<meta name=\"twitter:data1\" content=\"2 minutes\" \/>\n<script type=\"application\/ld+json\" class=\"yoast-schema-graph\">{\"@context\":\"https:\/\/schema.org\",\"@graph\":[{\"@type\":\"NewsArticle\",\"@id\":\"https:\/\/www.millerthomson.com\/fr\/nouvelles\/miller-thomson-accueille-gavin-a-millan-au-sein-du-groupe-droit-des-societes-fa-et-valeurs-mobilieres-a-titre-dassocie\/#article\",\"isPartOf\":{\"@id\":\"https:\/\/www.millerthomson.com\/fr\/nouvelles\/miller-thomson-accueille-gavin-a-millan-au-sein-du-groupe-droit-des-societes-fa-et-valeurs-mobilieres-a-titre-dassocie\/\"},\"author\":{\"name\":\"Katherine Chan\",\"@id\":\"https:\/\/www.millerthomson.com\/fr\/#\/schema\/person\/5473b50a564d1e37f327fdd79cb348f6\"},\"headline\":\"Miller Thomson accueille Gavin A. Millan au sein du groupe Droit des soci\u00e9t\u00e9s, F&amp;A et valeurs mobili\u00e8res \u00e0 titre d\u2019associ\u00e9\",\"datePublished\":\"2025-12-01T16:15:00+00:00\",\"mainEntityOfPage\":{\"@id\":\"https:\/\/www.millerthomson.com\/fr\/nouvelles\/miller-thomson-accueille-gavin-a-millan-au-sein-du-groupe-droit-des-societes-fa-et-valeurs-mobilieres-a-titre-dassocie\/\"},\"wordCount\":277,\"publisher\":{\"@id\":\"https:\/\/www.millerthomson.com\/fr\/#organization\"},\"image\":{\"@id\":\"https:\/\/www.millerthomson.com\/fr\/nouvelles\/miller-thomson-accueille-gavin-a-millan-au-sein-du-groupe-droit-des-societes-fa-et-valeurs-mobilieres-a-titre-dassocie\/#primaryimage\"},\"thumbnailUrl\":\"https:\/\/www.millerthomson.com\/wp-content\/uploads\/2025\/11\/featured_news_edmonton.jpg\",\"inLanguage\":\"fr-FR\"},{\"@type\":\"WebPage\",\"@id\":\"https:\/\/www.millerthomson.com\/fr\/nouvelles\/miller-thomson-accueille-gavin-a-millan-au-sein-du-groupe-droit-des-societes-fa-et-valeurs-mobilieres-a-titre-dassocie\/\",\"url\":\"https:\/\/www.millerthomson.com\/fr\/nouvelles\/miller-thomson-accueille-gavin-a-millan-au-sein-du-groupe-droit-des-societes-fa-et-valeurs-mobilieres-a-titre-dassocie\/\",\"name\":\"Miller Thomson accueille Gavin A. Millan au sein du groupe Droit des soci\u00e9t\u00e9s, F&amp;A et valeurs mobili\u00e8res \u00e0 titre d\u2019associ\u00e9 | Miller Thomson\",\"isPartOf\":{\"@id\":\"https:\/\/www.millerthomson.com\/fr\/#website\"},\"primaryImageOfPage\":{\"@id\":\"https:\/\/www.millerthomson.com\/fr\/nouvelles\/miller-thomson-accueille-gavin-a-millan-au-sein-du-groupe-droit-des-societes-fa-et-valeurs-mobilieres-a-titre-dassocie\/#primaryimage\"},\"image\":{\"@id\":\"https:\/\/www.millerthomson.com\/fr\/nouvelles\/miller-thomson-accueille-gavin-a-millan-au-sein-du-groupe-droit-des-societes-fa-et-valeurs-mobilieres-a-titre-dassocie\/#primaryimage\"},\"thumbnailUrl\":\"https:\/\/www.millerthomson.com\/wp-content\/uploads\/2025\/11\/featured_news_edmonton.jpg\",\"datePublished\":\"2025-12-01T16:15:00+00:00\",\"breadcrumb\":{\"@id\":\"https:\/\/www.millerthomson.com\/fr\/nouvelles\/miller-thomson-accueille-gavin-a-millan-au-sein-du-groupe-droit-des-societes-fa-et-valeurs-mobilieres-a-titre-dassocie\/#breadcrumb\"},\"inLanguage\":\"fr-FR\",\"potentialAction\":[{\"@type\":\"ReadAction\",\"target\":[\"https:\/\/www.millerthomson.com\/fr\/nouvelles\/miller-thomson-accueille-gavin-a-millan-au-sein-du-groupe-droit-des-societes-fa-et-valeurs-mobilieres-a-titre-dassocie\/\"]}]},{\"@type\":\"ImageObject\",\"inLanguage\":\"fr-FR\",\"@id\":\"https:\/\/www.millerthomson.com\/fr\/nouvelles\/miller-thomson-accueille-gavin-a-millan-au-sein-du-groupe-droit-des-societes-fa-et-valeurs-mobilieres-a-titre-dassocie\/#primaryimage\",\"url\":\"https:\/\/www.millerthomson.com\/wp-content\/uploads\/2025\/11\/featured_news_edmonton.jpg\",\"contentUrl\":\"https:\/\/www.millerthomson.com\/wp-content\/uploads\/2025\/11\/featured_news_edmonton.jpg\",\"width\":1920,\"height\":1098,\"caption\":\"Sunset above Edmonton downtown and the Saskatchewan River, Canada\"},{\"@type\":\"BreadcrumbList\",\"@id\":\"https:\/\/www.millerthomson.com\/fr\/nouvelles\/miller-thomson-accueille-gavin-a-millan-au-sein-du-groupe-droit-des-societes-fa-et-valeurs-mobilieres-a-titre-dassocie\/#breadcrumb\",\"itemListElement\":[{\"@type\":\"ListItem\",\"position\":1,\"name\":\"Accueil\",\"item\":\"https:\/\/www.millerthomson.com\/fr\/\"},{\"@type\":\"ListItem\",\"position\":2,\"name\":\"Nouvelles\",\"item\":\"https:\/\/www.millerthomson.com\/fr\/nouvelles\/\"},{\"@type\":\"ListItem\",\"position\":3,\"name\":\"Miller Thomson accueille Gavin A. Millan au sein du groupe Droit des soci\u00e9t\u00e9s, F&amp;A et valeurs mobili\u00e8res \u00e0 titre d\u2019associ\u00e9\"}]},{\"@type\":\"WebSite\",\"@id\":\"https:\/\/www.millerthomson.com\/fr\/#website\",\"url\":\"https:\/\/www.millerthomson.com\/fr\/\",\"name\":\"Miller Thomson | Cabinet de droit des affaires pancanadien\",\"description\":\"National law firm providing business law expertise and litigation and disputes services for businesses across Canada since 1957.\",\"publisher\":{\"@id\":\"https:\/\/www.millerthomson.com\/fr\/#organization\"},\"potentialAction\":[{\"@type\":\"SearchAction\",\"target\":{\"@type\":\"EntryPoint\",\"urlTemplate\":\"https:\/\/www.millerthomson.com\/fr\/?s={search_term_string}\"},\"query-input\":{\"@type\":\"PropertyValueSpecification\",\"valueRequired\":true,\"valueName\":\"search_term_string\"}}],\"inLanguage\":\"fr-FR\"},{\"@type\":\"Organization\",\"@id\":\"https:\/\/www.millerthomson.com\/fr\/#organization\",\"name\":\"Miller Thomson | Cabinet de droit des affaires pancanadien\",\"url\":\"https:\/\/www.millerthomson.com\/fr\/\",\"logo\":{\"@type\":\"ImageObject\",\"inLanguage\":\"fr-FR\",\"@id\":\"https:\/\/www.millerthomson.com\/fr\/#\/schema\/logo\/image\/\",\"url\":\"https:\/\/www.millerthomson.com\/wp-content\/uploads\/2024\/10\/miller-thomson.svg\",\"contentUrl\":\"https:\/\/www.millerthomson.com\/wp-content\/uploads\/2024\/10\/miller-thomson.svg\",\"width\":380,\"height\":50,\"caption\":\"Miller Thomson | Cabinet de droit des affaires pancanadien\"},\"image\":{\"@id\":\"https:\/\/www.millerthomson.com\/fr\/#\/schema\/logo\/image\/\"},\"sameAs\":[\"https:\/\/www.facebook.com\/MillerThomsonLaw\/\",\"https:\/\/x.com\/millerthomson\",\"https:\/\/www.linkedin.com\/company\/miller-thomson-llp\/\",\"https:\/\/www.youtube.com\/@millerthomson\"]},{\"@type\":\"Person\",\"@id\":\"https:\/\/www.millerthomson.com\/fr\/#\/schema\/person\/5473b50a564d1e37f327fdd79cb348f6\",\"name\":\"Katherine Chan\",\"image\":{\"@type\":\"ImageObject\",\"inLanguage\":\"fr-FR\",\"@id\":\"https:\/\/www.millerthomson.com\/fr\/#\/schema\/person\/image\/\",\"url\":\"https:\/\/secure.gravatar.com\/avatar\/da8a18c240b27905220d948a87957ba19ab6de326b44a2ce3072235c121f996f?s=96&d=mm&r=g\",\"contentUrl\":\"https:\/\/secure.gravatar.com\/avatar\/da8a18c240b27905220d948a87957ba19ab6de326b44a2ce3072235c121f996f?s=96&d=mm&r=g\",\"caption\":\"Katherine Chan\"}}]}<\/script>\n<!-- \/ Yoast SEO plugin. -->","yoast_head_json":{"title":"Miller Thomson accueille Gavin A. Millan au sein du groupe Droit des soci\u00e9t\u00e9s, F&amp;A et valeurs mobili\u00e8res \u00e0 titre d\u2019associ\u00e9 | Miller Thomson","robots":{"index":"index","follow":"follow","max-snippet":"max-snippet:-1","max-image-preview":"max-image-preview:large","max-video-preview":"max-video-preview:-1"},"canonical":"https:\/\/www.millerthomson.com\/fr\/nouvelles\/miller-thomson-accueille-gavin-a-millan-au-sein-du-groupe-droit-des-societes-fa-et-valeurs-mobilieres-a-titre-dassocie\/","og_locale":"fr_FR","og_type":"article","og_title":"Miller Thomson accueille Gavin A. Millan au sein du groupe Droit des soci\u00e9t\u00e9s, F&amp;A et valeurs mobili\u00e8res \u00e0 titre d\u2019associ\u00e9 | Miller Thomson","og_description":"Gavin A. Millan\u00a0s\u2019est joint au bureau d\u2019Edmonton de Miller Thomson \u00e0 titre d\u2019associ\u00e9 au sein du groupe Droit des soci\u00e9t\u00e9s, fusions et acquisitions, et valeurs mobili\u00e8res, le 1er d\u00e9cembre\u00a02025. Gavin a \u00e0 c\u0153ur de faire progresser les objectifs commerciaux de ses clients gr\u00e2ce \u00e0 une approche pratique des enjeux li\u00e9s au droit des soci\u00e9t\u00e9s et [&hellip;]","og_url":"https:\/\/www.millerthomson.com\/fr\/nouvelles\/miller-thomson-accueille-gavin-a-millan-au-sein-du-groupe-droit-des-societes-fa-et-valeurs-mobilieres-a-titre-dassocie\/","og_site_name":"Miller Thomson","article_publisher":"https:\/\/www.facebook.com\/MillerThomsonLaw\/","og_image":[{"width":1920,"height":1098,"url":"https:\/\/www.millerthomson.com\/wp-content\/uploads\/2025\/11\/featured_news_edmonton.jpg","type":"image\/jpeg"}],"twitter_card":"summary_large_image","twitter_site":"@millerthomson","twitter_misc":{"Est. reading time":"2 minutes"},"schema":{"@context":"https:\/\/schema.org","@graph":[{"@type":"NewsArticle","@id":"https:\/\/www.millerthomson.com\/fr\/nouvelles\/miller-thomson-accueille-gavin-a-millan-au-sein-du-groupe-droit-des-societes-fa-et-valeurs-mobilieres-a-titre-dassocie\/#article","isPartOf":{"@id":"https:\/\/www.millerthomson.com\/fr\/nouvelles\/miller-thomson-accueille-gavin-a-millan-au-sein-du-groupe-droit-des-societes-fa-et-valeurs-mobilieres-a-titre-dassocie\/"},"author":{"name":"Katherine Chan","@id":"https:\/\/www.millerthomson.com\/fr\/#\/schema\/person\/5473b50a564d1e37f327fdd79cb348f6"},"headline":"Miller Thomson accueille Gavin A. Millan au sein du groupe Droit des soci\u00e9t\u00e9s, F&amp;A et valeurs mobili\u00e8res \u00e0 titre d\u2019associ\u00e9","datePublished":"2025-12-01T16:15:00+00:00","mainEntityOfPage":{"@id":"https:\/\/www.millerthomson.com\/fr\/nouvelles\/miller-thomson-accueille-gavin-a-millan-au-sein-du-groupe-droit-des-societes-fa-et-valeurs-mobilieres-a-titre-dassocie\/"},"wordCount":277,"publisher":{"@id":"https:\/\/www.millerthomson.com\/fr\/#organization"},"image":{"@id":"https:\/\/www.millerthomson.com\/fr\/nouvelles\/miller-thomson-accueille-gavin-a-millan-au-sein-du-groupe-droit-des-societes-fa-et-valeurs-mobilieres-a-titre-dassocie\/#primaryimage"},"thumbnailUrl":"https:\/\/www.millerthomson.com\/wp-content\/uploads\/2025\/11\/featured_news_edmonton.jpg","inLanguage":"fr-FR"},{"@type":"WebPage","@id":"https:\/\/www.millerthomson.com\/fr\/nouvelles\/miller-thomson-accueille-gavin-a-millan-au-sein-du-groupe-droit-des-societes-fa-et-valeurs-mobilieres-a-titre-dassocie\/","url":"https:\/\/www.millerthomson.com\/fr\/nouvelles\/miller-thomson-accueille-gavin-a-millan-au-sein-du-groupe-droit-des-societes-fa-et-valeurs-mobilieres-a-titre-dassocie\/","name":"Miller Thomson accueille Gavin A. Millan au sein du groupe Droit des soci\u00e9t\u00e9s, F&amp;A et valeurs mobili\u00e8res \u00e0 titre d\u2019associ\u00e9 | Miller Thomson","isPartOf":{"@id":"https:\/\/www.millerthomson.com\/fr\/#website"},"primaryImageOfPage":{"@id":"https:\/\/www.millerthomson.com\/fr\/nouvelles\/miller-thomson-accueille-gavin-a-millan-au-sein-du-groupe-droit-des-societes-fa-et-valeurs-mobilieres-a-titre-dassocie\/#primaryimage"},"image":{"@id":"https:\/\/www.millerthomson.com\/fr\/nouvelles\/miller-thomson-accueille-gavin-a-millan-au-sein-du-groupe-droit-des-societes-fa-et-valeurs-mobilieres-a-titre-dassocie\/#primaryimage"},"thumbnailUrl":"https:\/\/www.millerthomson.com\/wp-content\/uploads\/2025\/11\/featured_news_edmonton.jpg","datePublished":"2025-12-01T16:15:00+00:00","breadcrumb":{"@id":"https:\/\/www.millerthomson.com\/fr\/nouvelles\/miller-thomson-accueille-gavin-a-millan-au-sein-du-groupe-droit-des-societes-fa-et-valeurs-mobilieres-a-titre-dassocie\/#breadcrumb"},"inLanguage":"fr-FR","potentialAction":[{"@type":"ReadAction","target":["https:\/\/www.millerthomson.com\/fr\/nouvelles\/miller-thomson-accueille-gavin-a-millan-au-sein-du-groupe-droit-des-societes-fa-et-valeurs-mobilieres-a-titre-dassocie\/"]}]},{"@type":"ImageObject","inLanguage":"fr-FR","@id":"https:\/\/www.millerthomson.com\/fr\/nouvelles\/miller-thomson-accueille-gavin-a-millan-au-sein-du-groupe-droit-des-societes-fa-et-valeurs-mobilieres-a-titre-dassocie\/#primaryimage","url":"https:\/\/www.millerthomson.com\/wp-content\/uploads\/2025\/11\/featured_news_edmonton.jpg","contentUrl":"https:\/\/www.millerthomson.com\/wp-content\/uploads\/2025\/11\/featured_news_edmonton.jpg","width":1920,"height":1098,"caption":"Sunset above Edmonton downtown and the Saskatchewan River, Canada"},{"@type":"BreadcrumbList","@id":"https:\/\/www.millerthomson.com\/fr\/nouvelles\/miller-thomson-accueille-gavin-a-millan-au-sein-du-groupe-droit-des-societes-fa-et-valeurs-mobilieres-a-titre-dassocie\/#breadcrumb","itemListElement":[{"@type":"ListItem","position":1,"name":"Accueil","item":"https:\/\/www.millerthomson.com\/fr\/"},{"@type":"ListItem","position":2,"name":"Nouvelles","item":"https:\/\/www.millerthomson.com\/fr\/nouvelles\/"},{"@type":"ListItem","position":3,"name":"Miller Thomson accueille Gavin A. Millan au sein du groupe Droit des soci\u00e9t\u00e9s, F&amp;A et valeurs mobili\u00e8res \u00e0 titre d\u2019associ\u00e9"}]},{"@type":"WebSite","@id":"https:\/\/www.millerthomson.com\/fr\/#website","url":"https:\/\/www.millerthomson.com\/fr\/","name":"Miller Thomson | Cabinet de droit des affaires pancanadien","description":"National law firm providing business law expertise and litigation and disputes services for businesses across Canada since 1957.","publisher":{"@id":"https:\/\/www.millerthomson.com\/fr\/#organization"},"potentialAction":[{"@type":"SearchAction","target":{"@type":"EntryPoint","urlTemplate":"https:\/\/www.millerthomson.com\/fr\/?s={search_term_string}"},"query-input":{"@type":"PropertyValueSpecification","valueRequired":true,"valueName":"search_term_string"}}],"inLanguage":"fr-FR"},{"@type":"Organization","@id":"https:\/\/www.millerthomson.com\/fr\/#organization","name":"Miller Thomson | Cabinet de droit des affaires pancanadien","url":"https:\/\/www.millerthomson.com\/fr\/","logo":{"@type":"ImageObject","inLanguage":"fr-FR","@id":"https:\/\/www.millerthomson.com\/fr\/#\/schema\/logo\/image\/","url":"https:\/\/www.millerthomson.com\/wp-content\/uploads\/2024\/10\/miller-thomson.svg","contentUrl":"https:\/\/www.millerthomson.com\/wp-content\/uploads\/2024\/10\/miller-thomson.svg","width":380,"height":50,"caption":"Miller Thomson | Cabinet de droit des affaires pancanadien"},"image":{"@id":"https:\/\/www.millerthomson.com\/fr\/#\/schema\/logo\/image\/"},"sameAs":["https:\/\/www.facebook.com\/MillerThomsonLaw\/","https:\/\/x.com\/millerthomson","https:\/\/www.linkedin.com\/company\/miller-thomson-llp\/","https:\/\/www.youtube.com\/@millerthomson"]},{"@type":"Person","@id":"https:\/\/www.millerthomson.com\/fr\/#\/schema\/person\/5473b50a564d1e37f327fdd79cb348f6","name":"Katherine Chan","image":{"@type":"ImageObject","inLanguage":"fr-FR","@id":"https:\/\/www.millerthomson.com\/fr\/#\/schema\/person\/image\/","url":"https:\/\/secure.gravatar.com\/avatar\/da8a18c240b27905220d948a87957ba19ab6de326b44a2ce3072235c121f996f?s=96&d=mm&r=g","contentUrl":"https:\/\/secure.gravatar.com\/avatar\/da8a18c240b27905220d948a87957ba19ab6de326b44a2ce3072235c121f996f?s=96&d=mm&r=g","caption":"Katherine Chan"}}]}},"_links":{"self":[{"href":"https:\/\/www.millerthomson.com\/fr\/wp-json\/wp\/v2\/news\/41976","targetHints":{"allow":["GET"]}}],"collection":[{"href":"https:\/\/www.millerthomson.com\/fr\/wp-json\/wp\/v2\/news"}],"about":[{"href":"https:\/\/www.millerthomson.com\/fr\/wp-json\/wp\/v2\/types\/news"}],"author":[{"embeddable":true,"href":"https:\/\/www.millerthomson.com\/fr\/wp-json\/wp\/v2\/users\/5"}],"version-history":[{"count":0,"href":"https:\/\/www.millerthomson.com\/fr\/wp-json\/wp\/v2\/news\/41976\/revisions"}],"wp:featuredmedia":[{"embeddable":true,"href":"https:\/\/www.millerthomson.com\/fr\/wp-json\/wp\/v2\/media\/41323"}],"wp:attachment":[{"href":"https:\/\/www.millerthomson.com\/fr\/wp-json\/wp\/v2\/media?parent=41976"}],"wp:term":[{"taxonomy":"news-category","embeddable":true,"href":"https:\/\/www.millerthomson.com\/fr\/wp-json\/wp\/v2\/news-category?post=41976"}],"curies":[{"name":"wp","href":"https:\/\/api.w.org\/{rel}","templated":true}]}}