{"id":41909,"date":"2025-11-26T11:10:26","date_gmt":"2025-11-26T16:10:26","guid":{"rendered":"https:\/\/www.millerthomson.com\/?post_type=news&#038;p=41909"},"modified":"2025-11-26T12:48:24","modified_gmt":"2025-11-26T17:48:24","slug":"jenna-zaleski-nommee-presidente-de-la-region-des-ameriques-du-groupe-droit-bancaire-et-financier-de-multilaw","status":"publish","type":"news","link":"https:\/\/www.millerthomson.com\/fr\/nouvelles\/jenna-zaleski-nommee-presidente-de-la-region-des-ameriques-du-groupe-droit-bancaire-et-financier-de-multilaw\/","title":{"rendered":"Jenna Zaleski nomm\u00e9e pr\u00e9sidente de la r\u00e9gion des Am\u00e9riques du groupe Droit bancaire et financier de Multilaw"},"content":{"rendered":"\n<p>Jenna Zaleski, associ\u00e9e du groupe national <a href=\"https:\/\/www.millerthomson.com\/fr\/expertises\/droit-des-societes\/services-financiers\/\">Services financiers<\/a> de Miller Thomson, a \u00e9t\u00e9 nomm\u00e9e pr\u00e9sidente de la r\u00e9gion des Am\u00e9riques du groupe <a href=\"https:\/\/www.multilaw.com\/Multilaw\/Multilaw\/Practice_Groups\/Banking.aspx?hkey=e3f5030a-27aa-4b1a-ab2b-807d56076328\">Droit bancaire et financier de Multilaw<\/a>.<\/p>\n\n\n\n<p>Jenna conseille des institutions financi\u00e8res, des pr\u00eateurs priv\u00e9s et des emprunteurs dans le cadre de transactions de pr\u00eat commerciales \u2013 bilat\u00e9rales, en club, syndiqu\u00e9es, multiterritoriales et transfrontali\u00e8res \u2013 notamment des pr\u00eats bas\u00e9s sur les flux de tr\u00e9sorerie et les actifs. Elle poss\u00e8de de l\u2019exp\u00e9rience dans de nombreux secteurs, dont les agroentreprises, les march\u00e9s autochtones, les t\u00e9l\u00e9communications, le commerce de d\u00e9tail, l\u2019automobile, les produits pharmaceutiques, l\u2019immobilier commercial, la technologie, le sport et le divertissement.<\/p>\n\n\n\n<p>Dans un contexte financier et bancaire mondial en perp\u00e9tuel changement, marqu\u00e9 par des transformations r\u00e9glementaires, \u00e9conomiques et politiques, la nomination de Jenna chez Multilaw renforcera la collaboration entre les diff\u00e9rents territoires. Ce r\u00f4le permettra d\u2019assurer que les clients re\u00e7oivent des conseils clairs et transparents sur des enjeux transfrontaliers de droit bancaire et financier, notamment en mati\u00e8re de structures de pr\u00eat, de conformit\u00e9 r\u00e9glementaire, de financement de projets et de restructuration.<\/p>\n\n\n\n<h2 class=\"wp-block-heading\">\u00c0 propos de Multilaw<\/h2>\n\n\n\n<p>Multilaw est un r\u00e9seau mondial regroupant plus de 90&nbsp;cabinets r\u00e9partis dans 100&nbsp;pays. Reposant sur la confiance et des relations de longue date, Multilaw aide les clients \u00e0 saisir des occasions internationales gr\u00e2ce \u00e0 des conseillers qui comprennent les complexit\u00e9s juridiques, culturelles et commerciales propres \u00e0 chaque march\u00e9.<\/p>\n","protected":false},"author":5,"featured_media":41632,"template":"","news-category":[654],"class_list":["post-41909","news","type-news","status-publish","has-post-thumbnail","hentry"],"acf":[],"yoast_head":"<!-- This site is optimized with the Yoast SEO plugin v26.1.1 - https:\/\/yoast.com\/wordpress\/plugins\/seo\/ -->\n<title>Jenna Zaleski nomm\u00e9e pr\u00e9sidente de la r\u00e9gion des Am\u00e9riques du groupe Droit bancaire et financier de Multilaw | Miller Thomson<\/title>\n<meta name=\"robots\" content=\"index, follow, max-snippet:-1, max-image-preview:large, max-video-preview:-1\" \/>\n<link rel=\"canonical\" href=\"https:\/\/www.millerthomson.com\/fr\/nouvelles\/jenna-zaleski-nommee-presidente-de-la-region-des-ameriques-du-groupe-droit-bancaire-et-financier-de-multilaw\/\" \/>\n<meta property=\"og:locale\" content=\"fr_FR\" \/>\n<meta property=\"og:type\" content=\"article\" \/>\n<meta property=\"og:title\" content=\"Jenna Zaleski nomm\u00e9e pr\u00e9sidente de la r\u00e9gion des Am\u00e9riques du groupe Droit bancaire et financier de Multilaw | Miller Thomson\" \/>\n<meta property=\"og:description\" content=\"Jenna Zaleski, associ\u00e9e du groupe national Services financiers de Miller Thomson, a \u00e9t\u00e9 nomm\u00e9e pr\u00e9sidente de la r\u00e9gion des Am\u00e9riques du groupe Droit bancaire et financier de Multilaw. Jenna conseille des institutions financi\u00e8res, des pr\u00eateurs priv\u00e9s et des emprunteurs dans le cadre de transactions de pr\u00eat commerciales \u2013 bilat\u00e9rales, en club, syndiqu\u00e9es, multiterritoriales et transfrontali\u00e8res [&hellip;]\" \/>\n<meta property=\"og:url\" content=\"https:\/\/www.millerthomson.com\/fr\/nouvelles\/jenna-zaleski-nommee-presidente-de-la-region-des-ameriques-du-groupe-droit-bancaire-et-financier-de-multilaw\/\" \/>\n<meta property=\"og:site_name\" content=\"Miller Thomson\" \/>\n<meta property=\"article:publisher\" content=\"https:\/\/www.facebook.com\/MillerThomsonLaw\/\" \/>\n<meta property=\"article:modified_time\" content=\"2025-11-26T17:48:24+00:00\" \/>\n<meta property=\"og:image\" content=\"https:\/\/www.millerthomson.com\/wp-content\/uploads\/2025\/11\/featured_office-towers.jpg\" \/>\n\t<meta property=\"og:image:width\" content=\"1920\" \/>\n\t<meta property=\"og:image:height\" content=\"1098\" \/>\n\t<meta property=\"og:image:type\" content=\"image\/jpeg\" \/>\n<meta name=\"twitter:card\" content=\"summary_large_image\" \/>\n<meta name=\"twitter:site\" content=\"@millerthomson\" \/>\n<meta name=\"twitter:label1\" content=\"Est. reading time\" \/>\n\t<meta name=\"twitter:data1\" content=\"2 minutes\" \/>\n<script type=\"application\/ld+json\" class=\"yoast-schema-graph\">{\"@context\":\"https:\/\/schema.org\",\"@graph\":[{\"@type\":\"NewsArticle\",\"@id\":\"https:\/\/www.millerthomson.com\/fr\/nouvelles\/jenna-zaleski-nommee-presidente-de-la-region-des-ameriques-du-groupe-droit-bancaire-et-financier-de-multilaw\/#article\",\"isPartOf\":{\"@id\":\"https:\/\/www.millerthomson.com\/fr\/nouvelles\/jenna-zaleski-nommee-presidente-de-la-region-des-ameriques-du-groupe-droit-bancaire-et-financier-de-multilaw\/\"},\"author\":{\"name\":\"Katherine Chan\",\"@id\":\"https:\/\/www.millerthomson.com\/fr\/#\/schema\/person\/5473b50a564d1e37f327fdd79cb348f6\"},\"headline\":\"Jenna Zaleski nomm\u00e9e pr\u00e9sidente de la r\u00e9gion des Am\u00e9riques du groupe Droit bancaire et financier de Multilaw\",\"datePublished\":\"2025-11-26T16:10:26+00:00\",\"dateModified\":\"2025-11-26T17:48:24+00:00\",\"mainEntityOfPage\":{\"@id\":\"https:\/\/www.millerthomson.com\/fr\/nouvelles\/jenna-zaleski-nommee-presidente-de-la-region-des-ameriques-du-groupe-droit-bancaire-et-financier-de-multilaw\/\"},\"wordCount\":276,\"publisher\":{\"@id\":\"https:\/\/www.millerthomson.com\/fr\/#organization\"},\"image\":{\"@id\":\"https:\/\/www.millerthomson.com\/fr\/nouvelles\/jenna-zaleski-nommee-presidente-de-la-region-des-ameriques-du-groupe-droit-bancaire-et-financier-de-multilaw\/#primaryimage\"},\"thumbnailUrl\":\"https:\/\/www.millerthomson.com\/wp-content\/uploads\/2025\/11\/featured_office-towers.jpg\",\"inLanguage\":\"fr-FR\"},{\"@type\":\"WebPage\",\"@id\":\"https:\/\/www.millerthomson.com\/fr\/nouvelles\/jenna-zaleski-nommee-presidente-de-la-region-des-ameriques-du-groupe-droit-bancaire-et-financier-de-multilaw\/\",\"url\":\"https:\/\/www.millerthomson.com\/fr\/nouvelles\/jenna-zaleski-nommee-presidente-de-la-region-des-ameriques-du-groupe-droit-bancaire-et-financier-de-multilaw\/\",\"name\":\"Jenna Zaleski nomm\u00e9e pr\u00e9sidente de la r\u00e9gion des Am\u00e9riques du groupe Droit bancaire et financier de Multilaw | Miller Thomson\",\"isPartOf\":{\"@id\":\"https:\/\/www.millerthomson.com\/fr\/#website\"},\"primaryImageOfPage\":{\"@id\":\"https:\/\/www.millerthomson.com\/fr\/nouvelles\/jenna-zaleski-nommee-presidente-de-la-region-des-ameriques-du-groupe-droit-bancaire-et-financier-de-multilaw\/#primaryimage\"},\"image\":{\"@id\":\"https:\/\/www.millerthomson.com\/fr\/nouvelles\/jenna-zaleski-nommee-presidente-de-la-region-des-ameriques-du-groupe-droit-bancaire-et-financier-de-multilaw\/#primaryimage\"},\"thumbnailUrl\":\"https:\/\/www.millerthomson.com\/wp-content\/uploads\/2025\/11\/featured_office-towers.jpg\",\"datePublished\":\"2025-11-26T16:10:26+00:00\",\"dateModified\":\"2025-11-26T17:48:24+00:00\",\"breadcrumb\":{\"@id\":\"https:\/\/www.millerthomson.com\/fr\/nouvelles\/jenna-zaleski-nommee-presidente-de-la-region-des-ameriques-du-groupe-droit-bancaire-et-financier-de-multilaw\/#breadcrumb\"},\"inLanguage\":\"fr-FR\",\"potentialAction\":[{\"@type\":\"ReadAction\",\"target\":[\"https:\/\/www.millerthomson.com\/fr\/nouvelles\/jenna-zaleski-nommee-presidente-de-la-region-des-ameriques-du-groupe-droit-bancaire-et-financier-de-multilaw\/\"]}]},{\"@type\":\"ImageObject\",\"inLanguage\":\"fr-FR\",\"@id\":\"https:\/\/www.millerthomson.com\/fr\/nouvelles\/jenna-zaleski-nommee-presidente-de-la-region-des-ameriques-du-groupe-droit-bancaire-et-financier-de-multilaw\/#primaryimage\",\"url\":\"https:\/\/www.millerthomson.com\/wp-content\/uploads\/2025\/11\/featured_office-towers.jpg\",\"contentUrl\":\"https:\/\/www.millerthomson.com\/wp-content\/uploads\/2025\/11\/featured_office-towers.jpg\",\"width\":1920,\"height\":1098,\"caption\":\"High rise office towers\"},{\"@type\":\"BreadcrumbList\",\"@id\":\"https:\/\/www.millerthomson.com\/fr\/nouvelles\/jenna-zaleski-nommee-presidente-de-la-region-des-ameriques-du-groupe-droit-bancaire-et-financier-de-multilaw\/#breadcrumb\",\"itemListElement\":[{\"@type\":\"ListItem\",\"position\":1,\"name\":\"Accueil\",\"item\":\"https:\/\/www.millerthomson.com\/fr\/\"},{\"@type\":\"ListItem\",\"position\":2,\"name\":\"Nouvelles\",\"item\":\"https:\/\/www.millerthomson.com\/fr\/nouvelles\/\"},{\"@type\":\"ListItem\",\"position\":3,\"name\":\"Jenna Zaleski nomm\u00e9e pr\u00e9sidente de la r\u00e9gion des Am\u00e9riques du groupe Droit bancaire et financier de Multilaw\"}]},{\"@type\":\"WebSite\",\"@id\":\"https:\/\/www.millerthomson.com\/fr\/#website\",\"url\":\"https:\/\/www.millerthomson.com\/fr\/\",\"name\":\"Miller Thomson | Cabinet de droit des affaires pancanadien\",\"description\":\"National law firm providing business law expertise and litigation and disputes services for businesses across Canada since 1957.\",\"publisher\":{\"@id\":\"https:\/\/www.millerthomson.com\/fr\/#organization\"},\"potentialAction\":[{\"@type\":\"SearchAction\",\"target\":{\"@type\":\"EntryPoint\",\"urlTemplate\":\"https:\/\/www.millerthomson.com\/fr\/?s={search_term_string}\"},\"query-input\":{\"@type\":\"PropertyValueSpecification\",\"valueRequired\":true,\"valueName\":\"search_term_string\"}}],\"inLanguage\":\"fr-FR\"},{\"@type\":\"Organization\",\"@id\":\"https:\/\/www.millerthomson.com\/fr\/#organization\",\"name\":\"Miller Thomson | Cabinet de droit des affaires pancanadien\",\"url\":\"https:\/\/www.millerthomson.com\/fr\/\",\"logo\":{\"@type\":\"ImageObject\",\"inLanguage\":\"fr-FR\",\"@id\":\"https:\/\/www.millerthomson.com\/fr\/#\/schema\/logo\/image\/\",\"url\":\"https:\/\/www.millerthomson.com\/wp-content\/uploads\/2024\/10\/miller-thomson.svg\",\"contentUrl\":\"https:\/\/www.millerthomson.com\/wp-content\/uploads\/2024\/10\/miller-thomson.svg\",\"width\":380,\"height\":50,\"caption\":\"Miller Thomson | Cabinet de droit des affaires pancanadien\"},\"image\":{\"@id\":\"https:\/\/www.millerthomson.com\/fr\/#\/schema\/logo\/image\/\"},\"sameAs\":[\"https:\/\/www.facebook.com\/MillerThomsonLaw\/\",\"https:\/\/x.com\/millerthomson\",\"https:\/\/www.linkedin.com\/company\/miller-thomson-llp\/\",\"https:\/\/www.youtube.com\/@millerthomson\"]},{\"@type\":\"Person\",\"@id\":\"https:\/\/www.millerthomson.com\/fr\/#\/schema\/person\/5473b50a564d1e37f327fdd79cb348f6\",\"name\":\"Katherine Chan\",\"image\":{\"@type\":\"ImageObject\",\"inLanguage\":\"fr-FR\",\"@id\":\"https:\/\/www.millerthomson.com\/fr\/#\/schema\/person\/image\/\",\"url\":\"https:\/\/secure.gravatar.com\/avatar\/da8a18c240b27905220d948a87957ba19ab6de326b44a2ce3072235c121f996f?s=96&d=mm&r=g\",\"contentUrl\":\"https:\/\/secure.gravatar.com\/avatar\/da8a18c240b27905220d948a87957ba19ab6de326b44a2ce3072235c121f996f?s=96&d=mm&r=g\",\"caption\":\"Katherine Chan\"}}]}<\/script>\n<!-- \/ Yoast SEO plugin. -->","yoast_head_json":{"title":"Jenna Zaleski nomm\u00e9e pr\u00e9sidente de la r\u00e9gion des Am\u00e9riques du groupe Droit bancaire et financier de Multilaw | Miller Thomson","robots":{"index":"index","follow":"follow","max-snippet":"max-snippet:-1","max-image-preview":"max-image-preview:large","max-video-preview":"max-video-preview:-1"},"canonical":"https:\/\/www.millerthomson.com\/fr\/nouvelles\/jenna-zaleski-nommee-presidente-de-la-region-des-ameriques-du-groupe-droit-bancaire-et-financier-de-multilaw\/","og_locale":"fr_FR","og_type":"article","og_title":"Jenna Zaleski nomm\u00e9e pr\u00e9sidente de la r\u00e9gion des Am\u00e9riques du groupe Droit bancaire et financier de Multilaw | Miller Thomson","og_description":"Jenna Zaleski, associ\u00e9e du groupe national Services financiers de Miller Thomson, a \u00e9t\u00e9 nomm\u00e9e pr\u00e9sidente de la r\u00e9gion des Am\u00e9riques du groupe Droit bancaire et financier de Multilaw. Jenna conseille des institutions financi\u00e8res, des pr\u00eateurs priv\u00e9s et des emprunteurs dans le cadre de transactions de pr\u00eat commerciales \u2013 bilat\u00e9rales, en club, syndiqu\u00e9es, multiterritoriales et transfrontali\u00e8res [&hellip;]","og_url":"https:\/\/www.millerthomson.com\/fr\/nouvelles\/jenna-zaleski-nommee-presidente-de-la-region-des-ameriques-du-groupe-droit-bancaire-et-financier-de-multilaw\/","og_site_name":"Miller Thomson","article_publisher":"https:\/\/www.facebook.com\/MillerThomsonLaw\/","article_modified_time":"2025-11-26T17:48:24+00:00","og_image":[{"width":1920,"height":1098,"url":"https:\/\/www.millerthomson.com\/wp-content\/uploads\/2025\/11\/featured_office-towers.jpg","type":"image\/jpeg"}],"twitter_card":"summary_large_image","twitter_site":"@millerthomson","twitter_misc":{"Est. reading time":"2 minutes"},"schema":{"@context":"https:\/\/schema.org","@graph":[{"@type":"NewsArticle","@id":"https:\/\/www.millerthomson.com\/fr\/nouvelles\/jenna-zaleski-nommee-presidente-de-la-region-des-ameriques-du-groupe-droit-bancaire-et-financier-de-multilaw\/#article","isPartOf":{"@id":"https:\/\/www.millerthomson.com\/fr\/nouvelles\/jenna-zaleski-nommee-presidente-de-la-region-des-ameriques-du-groupe-droit-bancaire-et-financier-de-multilaw\/"},"author":{"name":"Katherine Chan","@id":"https:\/\/www.millerthomson.com\/fr\/#\/schema\/person\/5473b50a564d1e37f327fdd79cb348f6"},"headline":"Jenna Zaleski nomm\u00e9e pr\u00e9sidente de la r\u00e9gion des Am\u00e9riques du groupe Droit bancaire et financier de Multilaw","datePublished":"2025-11-26T16:10:26+00:00","dateModified":"2025-11-26T17:48:24+00:00","mainEntityOfPage":{"@id":"https:\/\/www.millerthomson.com\/fr\/nouvelles\/jenna-zaleski-nommee-presidente-de-la-region-des-ameriques-du-groupe-droit-bancaire-et-financier-de-multilaw\/"},"wordCount":276,"publisher":{"@id":"https:\/\/www.millerthomson.com\/fr\/#organization"},"image":{"@id":"https:\/\/www.millerthomson.com\/fr\/nouvelles\/jenna-zaleski-nommee-presidente-de-la-region-des-ameriques-du-groupe-droit-bancaire-et-financier-de-multilaw\/#primaryimage"},"thumbnailUrl":"https:\/\/www.millerthomson.com\/wp-content\/uploads\/2025\/11\/featured_office-towers.jpg","inLanguage":"fr-FR"},{"@type":"WebPage","@id":"https:\/\/www.millerthomson.com\/fr\/nouvelles\/jenna-zaleski-nommee-presidente-de-la-region-des-ameriques-du-groupe-droit-bancaire-et-financier-de-multilaw\/","url":"https:\/\/www.millerthomson.com\/fr\/nouvelles\/jenna-zaleski-nommee-presidente-de-la-region-des-ameriques-du-groupe-droit-bancaire-et-financier-de-multilaw\/","name":"Jenna Zaleski nomm\u00e9e pr\u00e9sidente de la r\u00e9gion des Am\u00e9riques du groupe Droit bancaire et financier de Multilaw | Miller Thomson","isPartOf":{"@id":"https:\/\/www.millerthomson.com\/fr\/#website"},"primaryImageOfPage":{"@id":"https:\/\/www.millerthomson.com\/fr\/nouvelles\/jenna-zaleski-nommee-presidente-de-la-region-des-ameriques-du-groupe-droit-bancaire-et-financier-de-multilaw\/#primaryimage"},"image":{"@id":"https:\/\/www.millerthomson.com\/fr\/nouvelles\/jenna-zaleski-nommee-presidente-de-la-region-des-ameriques-du-groupe-droit-bancaire-et-financier-de-multilaw\/#primaryimage"},"thumbnailUrl":"https:\/\/www.millerthomson.com\/wp-content\/uploads\/2025\/11\/featured_office-towers.jpg","datePublished":"2025-11-26T16:10:26+00:00","dateModified":"2025-11-26T17:48:24+00:00","breadcrumb":{"@id":"https:\/\/www.millerthomson.com\/fr\/nouvelles\/jenna-zaleski-nommee-presidente-de-la-region-des-ameriques-du-groupe-droit-bancaire-et-financier-de-multilaw\/#breadcrumb"},"inLanguage":"fr-FR","potentialAction":[{"@type":"ReadAction","target":["https:\/\/www.millerthomson.com\/fr\/nouvelles\/jenna-zaleski-nommee-presidente-de-la-region-des-ameriques-du-groupe-droit-bancaire-et-financier-de-multilaw\/"]}]},{"@type":"ImageObject","inLanguage":"fr-FR","@id":"https:\/\/www.millerthomson.com\/fr\/nouvelles\/jenna-zaleski-nommee-presidente-de-la-region-des-ameriques-du-groupe-droit-bancaire-et-financier-de-multilaw\/#primaryimage","url":"https:\/\/www.millerthomson.com\/wp-content\/uploads\/2025\/11\/featured_office-towers.jpg","contentUrl":"https:\/\/www.millerthomson.com\/wp-content\/uploads\/2025\/11\/featured_office-towers.jpg","width":1920,"height":1098,"caption":"High rise office towers"},{"@type":"BreadcrumbList","@id":"https:\/\/www.millerthomson.com\/fr\/nouvelles\/jenna-zaleski-nommee-presidente-de-la-region-des-ameriques-du-groupe-droit-bancaire-et-financier-de-multilaw\/#breadcrumb","itemListElement":[{"@type":"ListItem","position":1,"name":"Accueil","item":"https:\/\/www.millerthomson.com\/fr\/"},{"@type":"ListItem","position":2,"name":"Nouvelles","item":"https:\/\/www.millerthomson.com\/fr\/nouvelles\/"},{"@type":"ListItem","position":3,"name":"Jenna Zaleski nomm\u00e9e pr\u00e9sidente de la r\u00e9gion des Am\u00e9riques du groupe Droit bancaire et financier de Multilaw"}]},{"@type":"WebSite","@id":"https:\/\/www.millerthomson.com\/fr\/#website","url":"https:\/\/www.millerthomson.com\/fr\/","name":"Miller Thomson | Cabinet de droit des affaires pancanadien","description":"National law firm providing business law expertise and litigation and disputes services for businesses across Canada since 1957.","publisher":{"@id":"https:\/\/www.millerthomson.com\/fr\/#organization"},"potentialAction":[{"@type":"SearchAction","target":{"@type":"EntryPoint","urlTemplate":"https:\/\/www.millerthomson.com\/fr\/?s={search_term_string}"},"query-input":{"@type":"PropertyValueSpecification","valueRequired":true,"valueName":"search_term_string"}}],"inLanguage":"fr-FR"},{"@type":"Organization","@id":"https:\/\/www.millerthomson.com\/fr\/#organization","name":"Miller Thomson | Cabinet de droit des affaires pancanadien","url":"https:\/\/www.millerthomson.com\/fr\/","logo":{"@type":"ImageObject","inLanguage":"fr-FR","@id":"https:\/\/www.millerthomson.com\/fr\/#\/schema\/logo\/image\/","url":"https:\/\/www.millerthomson.com\/wp-content\/uploads\/2024\/10\/miller-thomson.svg","contentUrl":"https:\/\/www.millerthomson.com\/wp-content\/uploads\/2024\/10\/miller-thomson.svg","width":380,"height":50,"caption":"Miller Thomson | Cabinet de droit des affaires pancanadien"},"image":{"@id":"https:\/\/www.millerthomson.com\/fr\/#\/schema\/logo\/image\/"},"sameAs":["https:\/\/www.facebook.com\/MillerThomsonLaw\/","https:\/\/x.com\/millerthomson","https:\/\/www.linkedin.com\/company\/miller-thomson-llp\/","https:\/\/www.youtube.com\/@millerthomson"]},{"@type":"Person","@id":"https:\/\/www.millerthomson.com\/fr\/#\/schema\/person\/5473b50a564d1e37f327fdd79cb348f6","name":"Katherine Chan","image":{"@type":"ImageObject","inLanguage":"fr-FR","@id":"https:\/\/www.millerthomson.com\/fr\/#\/schema\/person\/image\/","url":"https:\/\/secure.gravatar.com\/avatar\/da8a18c240b27905220d948a87957ba19ab6de326b44a2ce3072235c121f996f?s=96&d=mm&r=g","contentUrl":"https:\/\/secure.gravatar.com\/avatar\/da8a18c240b27905220d948a87957ba19ab6de326b44a2ce3072235c121f996f?s=96&d=mm&r=g","caption":"Katherine Chan"}}]}},"_links":{"self":[{"href":"https:\/\/www.millerthomson.com\/fr\/wp-json\/wp\/v2\/news\/41909","targetHints":{"allow":["GET"]}}],"collection":[{"href":"https:\/\/www.millerthomson.com\/fr\/wp-json\/wp\/v2\/news"}],"about":[{"href":"https:\/\/www.millerthomson.com\/fr\/wp-json\/wp\/v2\/types\/news"}],"author":[{"embeddable":true,"href":"https:\/\/www.millerthomson.com\/fr\/wp-json\/wp\/v2\/users\/5"}],"version-history":[{"count":0,"href":"https:\/\/www.millerthomson.com\/fr\/wp-json\/wp\/v2\/news\/41909\/revisions"}],"wp:featuredmedia":[{"embeddable":true,"href":"https:\/\/www.millerthomson.com\/fr\/wp-json\/wp\/v2\/media\/41632"}],"wp:attachment":[{"href":"https:\/\/www.millerthomson.com\/fr\/wp-json\/wp\/v2\/media?parent=41909"}],"wp:term":[{"taxonomy":"news-category","embeddable":true,"href":"https:\/\/www.millerthomson.com\/fr\/wp-json\/wp\/v2\/news-category?post=41909"}],"curies":[{"name":"wp","href":"https:\/\/api.w.org\/{rel}","templated":true}]}}