{"id":40241,"date":"2025-10-20T12:30:37","date_gmt":"2025-10-20T16:30:37","guid":{"rendered":"https:\/\/www.millerthomson.com\/?post_type=news&#038;p=40241"},"modified":"2025-10-20T12:30:37","modified_gmt":"2025-10-20T16:30:37","slug":"miller-thomson-accueille-de-nouveau-john-israel-galambos-au-poste-dassocie-dans-lequipe-des-services-aux-particuliers","status":"publish","type":"news","link":"https:\/\/www.millerthomson.com\/fr\/nouvelles\/miller-thomson-accueille-de-nouveau-john-israel-galambos-au-poste-dassocie-dans-lequipe-des-services-aux-particuliers\/","title":{"rendered":"Miller Thomson accueille de nouveau John Israel Galambos au poste d\u2019associ\u00e9 dans l\u2019\u00e9quipe des services aux particuliers"},"content":{"rendered":"\n<p>De retour au bureau de Montr\u00e9al de Miller Thomson, <a href=\"https:\/\/www.millerthomson.com\/fr\/votre-equipe\/john-israel-galambos-2\/\">John Israel Galambos<\/a> rejoint le groupe Fiscalit\u00e9 en tant qu\u2019associ\u00e9 \u00e0 compter d\u2019aujourd\u2019hui.<\/p>\n\n\n\n<p>Fort de plus de vingt ans d\u2019exp\u00e9rience, John axe sa pratique sur la fiscalit\u00e9 des entreprises et des particuliers, la planification fiscale et successorale, les testaments et les fiducies, les r\u00e9organisations d\u2019entreprises et la protection des actifs. Il conseille ses clients dans divers domaines fiscaux, notamment dans les op\u00e9rations visant des actifs et des actions, les conventions unanimes des actionnaires et les r\u00e9gimes d\u2019options d\u2019achat d\u2019actions \u00e0 l\u2019intention des employ\u00e9s.<\/p>\n\n\n\n<p>On fait souvent appel \u00e0 John et \u00e0 son esprit minutieux et pragmatique pour la r\u00e9solution de litiges successoraux et de diff\u00e9rends entre actionnaires complexes. Il repr\u00e9sente des particuliers \u00e0 hauts revenus, des soci\u00e9t\u00e9s ferm\u00e9es, des bureaux unifamiliaux et multifamiliaux, des institutions publiques, des fondations priv\u00e9es et des organismes de bienfaisance et \u00e0 but non lucratif. Avant de reprendre ses fonctions d\u2019associ\u00e9 de Miller Thomson, il \u00e9tait co-responsable de la branche qu\u00e9b\u00e9coise du Bureau de gestion familiale d\u2019un grand cabinet comptable au sein duquel il conseillait des particuliers fortun\u00e9s, des bureaux de gestion de patrimoine et des conseillers en gestion de patrimoine sur des questions pointues de planification fiscale et successorale. Il met aujourd\u2019hui son savoir-faire au service de l\u2019\u00e9quipe des services aux particuliers de Miller Thomson.<\/p>\n\n\n\n<p>\u00ab\u00a0John se distingue par ses vastes connaissances, ses conseils pointus et son leadership affirm\u00e9. Je suis ravie de l\u2019accueillir de nouveau dans l\u2019\u00e9quipe. Son exp\u00e9rience dans le traitement des dossiers fiscaux complexes est un v\u00e9ritable atout pour nos clients et nos coll\u00e8gues\u00a0\u00bb, affirme <a href=\"https:\/\/www.millerthomson.com\/fr\/votre-equipe\/claudia-desjardins-belisle\/\">Claudia Desjardins B\u00e9lisle<\/a>, associ\u00e9e directrice du bureau de Montr\u00e9al et responsable du groupe Travail et emploi.<\/p>\n\n\n\n<p>\u00ab\u00a0Voir l\u2019un de nos anciens coll\u00e8gues revenir au cabinet est toujours un grand plaisir. John conna\u00eet parfaitement nos clients et notre mani\u00e8re de travailler, et son retour t\u00e9moigne de la force de notre culture, qui valorise la collaboration et la continuit\u00e9\u00a0\u00bb, d\u00e9clare <a href=\"https:\/\/www.millerthomson.com\/fr\/votre-equipe\/jay-m-hoffman\/\">Jay Hoffman<\/a>, pr\u00e9sident du groupe national du droit des affaires.<\/p>\n\n\n\n<p>John est class\u00e9 parmi les plus \u00e9minents avocats dans son secteur de pratique, notamment dans le guide Canadian Legal Lexpert dans le domaine de la planification fiscale et successorale des particuliers, dans le r\u00e9pertoire Best Lawyers in Canada. De plus il a \u00e9t\u00e9 nomm\u00e9 avocat \u00e0 surveiller dans le r\u00e9pertoire des principaux avocats en droit des soci\u00e9t\u00e9s transfrontalier (\u00c9tats-Unis\/Canada) de Lexpert et s\u2019est vu d\u00e9cerner par Lexpert le prix Zenith pour la responsabilit\u00e9 sociale des entreprises et des cabinets d\u2019avocats.<\/p>\n\n\n\n<p>Au-del\u00e0 de son activit\u00e9 professionnelle, il partage son expertise en contribuant de fa\u00e7on significative aux conseils d\u2019administration de divers organismes communautaires et charitables tant \u00e0 l\u2019\u00e9chelle locale que nationale.<\/p>\n","protected":false},"author":5,"featured_media":29181,"template":"","news-category":[654],"class_list":["post-40241","news","type-news","status-publish","has-post-thumbnail","hentry"],"acf":[],"yoast_head":"<!-- This site is optimized with the Yoast SEO plugin v26.1.1 - https:\/\/yoast.com\/wordpress\/plugins\/seo\/ -->\n<title>Miller Thomson accueille de nouveau John Israel Galambos au poste d\u2019associ\u00e9 dans l\u2019\u00e9quipe des services aux particuliers | Miller Thomson<\/title>\n<meta name=\"robots\" content=\"index, follow, max-snippet:-1, max-image-preview:large, max-video-preview:-1\" \/>\n<link rel=\"canonical\" href=\"https:\/\/www.millerthomson.com\/fr\/nouvelles\/miller-thomson-accueille-de-nouveau-john-israel-galambos-au-poste-dassocie-dans-lequipe-des-services-aux-particuliers\/\" \/>\n<meta property=\"og:locale\" content=\"fr_FR\" \/>\n<meta property=\"og:type\" content=\"article\" \/>\n<meta property=\"og:title\" content=\"Miller Thomson accueille de nouveau John Israel Galambos au poste d\u2019associ\u00e9 dans l\u2019\u00e9quipe des services aux particuliers | Miller Thomson\" \/>\n<meta property=\"og:description\" content=\"De retour au bureau de Montr\u00e9al de Miller Thomson, John Israel Galambos rejoint le groupe Fiscalit\u00e9 en tant qu\u2019associ\u00e9 \u00e0 compter d\u2019aujourd\u2019hui. Fort de plus de vingt ans d\u2019exp\u00e9rience, John axe sa pratique sur la fiscalit\u00e9 des entreprises et des particuliers, la planification fiscale et successorale, les testaments et les fiducies, les r\u00e9organisations d\u2019entreprises et [&hellip;]\" \/>\n<meta property=\"og:url\" content=\"https:\/\/www.millerthomson.com\/fr\/nouvelles\/miller-thomson-accueille-de-nouveau-john-israel-galambos-au-poste-dassocie-dans-lequipe-des-services-aux-particuliers\/\" \/>\n<meta property=\"og:site_name\" content=\"Miller Thomson\" \/>\n<meta property=\"article:publisher\" content=\"https:\/\/www.facebook.com\/MillerThomsonLaw\/\" \/>\n<meta property=\"og:image\" content=\"https:\/\/www.millerthomson.com\/wp-content\/uploads\/2025\/03\/featured-news-montreal.jpg\" \/>\n\t<meta property=\"og:image:width\" content=\"1920\" \/>\n\t<meta property=\"og:image:height\" content=\"1098\" \/>\n\t<meta property=\"og:image:type\" content=\"image\/jpeg\" \/>\n<meta name=\"twitter:card\" content=\"summary_large_image\" \/>\n<meta name=\"twitter:site\" content=\"@millerthomson\" \/>\n<meta name=\"twitter:label1\" content=\"Est. reading time\" \/>\n\t<meta name=\"twitter:data1\" content=\"3 minutes\" \/>\n<script type=\"application\/ld+json\" class=\"yoast-schema-graph\">{\"@context\":\"https:\/\/schema.org\",\"@graph\":[{\"@type\":\"NewsArticle\",\"@id\":\"https:\/\/www.millerthomson.com\/fr\/nouvelles\/miller-thomson-accueille-de-nouveau-john-israel-galambos-au-poste-dassocie-dans-lequipe-des-services-aux-particuliers\/#article\",\"isPartOf\":{\"@id\":\"https:\/\/www.millerthomson.com\/fr\/nouvelles\/miller-thomson-accueille-de-nouveau-john-israel-galambos-au-poste-dassocie-dans-lequipe-des-services-aux-particuliers\/\"},\"author\":{\"name\":\"Katherine Chan\",\"@id\":\"https:\/\/www.millerthomson.com\/fr\/#\/schema\/person\/5473b50a564d1e37f327fdd79cb348f6\"},\"headline\":\"Miller Thomson accueille de nouveau John Israel Galambos au poste d\u2019associ\u00e9 dans l\u2019\u00e9quipe des services aux particuliers\",\"datePublished\":\"2025-10-20T16:30:37+00:00\",\"mainEntityOfPage\":{\"@id\":\"https:\/\/www.millerthomson.com\/fr\/nouvelles\/miller-thomson-accueille-de-nouveau-john-israel-galambos-au-poste-dassocie-dans-lequipe-des-services-aux-particuliers\/\"},\"wordCount\":505,\"publisher\":{\"@id\":\"https:\/\/www.millerthomson.com\/fr\/#organization\"},\"image\":{\"@id\":\"https:\/\/www.millerthomson.com\/fr\/nouvelles\/miller-thomson-accueille-de-nouveau-john-israel-galambos-au-poste-dassocie-dans-lequipe-des-services-aux-particuliers\/#primaryimage\"},\"thumbnailUrl\":\"https:\/\/www.millerthomson.com\/wp-content\/uploads\/2025\/03\/featured-news-montreal.jpg\",\"inLanguage\":\"fr-FR\"},{\"@type\":\"WebPage\",\"@id\":\"https:\/\/www.millerthomson.com\/fr\/nouvelles\/miller-thomson-accueille-de-nouveau-john-israel-galambos-au-poste-dassocie-dans-lequipe-des-services-aux-particuliers\/\",\"url\":\"https:\/\/www.millerthomson.com\/fr\/nouvelles\/miller-thomson-accueille-de-nouveau-john-israel-galambos-au-poste-dassocie-dans-lequipe-des-services-aux-particuliers\/\",\"name\":\"Miller Thomson accueille de nouveau John Israel Galambos au poste d\u2019associ\u00e9 dans l\u2019\u00e9quipe des services aux particuliers | Miller Thomson\",\"isPartOf\":{\"@id\":\"https:\/\/www.millerthomson.com\/fr\/#website\"},\"primaryImageOfPage\":{\"@id\":\"https:\/\/www.millerthomson.com\/fr\/nouvelles\/miller-thomson-accueille-de-nouveau-john-israel-galambos-au-poste-dassocie-dans-lequipe-des-services-aux-particuliers\/#primaryimage\"},\"image\":{\"@id\":\"https:\/\/www.millerthomson.com\/fr\/nouvelles\/miller-thomson-accueille-de-nouveau-john-israel-galambos-au-poste-dassocie-dans-lequipe-des-services-aux-particuliers\/#primaryimage\"},\"thumbnailUrl\":\"https:\/\/www.millerthomson.com\/wp-content\/uploads\/2025\/03\/featured-news-montreal.jpg\",\"datePublished\":\"2025-10-20T16:30:37+00:00\",\"breadcrumb\":{\"@id\":\"https:\/\/www.millerthomson.com\/fr\/nouvelles\/miller-thomson-accueille-de-nouveau-john-israel-galambos-au-poste-dassocie-dans-lequipe-des-services-aux-particuliers\/#breadcrumb\"},\"inLanguage\":\"fr-FR\",\"potentialAction\":[{\"@type\":\"ReadAction\",\"target\":[\"https:\/\/www.millerthomson.com\/fr\/nouvelles\/miller-thomson-accueille-de-nouveau-john-israel-galambos-au-poste-dassocie-dans-lequipe-des-services-aux-particuliers\/\"]}]},{\"@type\":\"ImageObject\",\"inLanguage\":\"fr-FR\",\"@id\":\"https:\/\/www.millerthomson.com\/fr\/nouvelles\/miller-thomson-accueille-de-nouveau-john-israel-galambos-au-poste-dassocie-dans-lequipe-des-services-aux-particuliers\/#primaryimage\",\"url\":\"https:\/\/www.millerthomson.com\/wp-content\/uploads\/2025\/03\/featured-news-montreal.jpg\",\"contentUrl\":\"https:\/\/www.millerthomson.com\/wp-content\/uploads\/2025\/03\/featured-news-montreal.jpg\",\"width\":1920,\"height\":1098,\"caption\":\"Montreal sunrise with colourful fall folliage\"},{\"@type\":\"BreadcrumbList\",\"@id\":\"https:\/\/www.millerthomson.com\/fr\/nouvelles\/miller-thomson-accueille-de-nouveau-john-israel-galambos-au-poste-dassocie-dans-lequipe-des-services-aux-particuliers\/#breadcrumb\",\"itemListElement\":[{\"@type\":\"ListItem\",\"position\":1,\"name\":\"Accueil\",\"item\":\"https:\/\/www.millerthomson.com\/fr\/\"},{\"@type\":\"ListItem\",\"position\":2,\"name\":\"Nouvelles\",\"item\":\"https:\/\/www.millerthomson.com\/fr\/nouvelles\/\"},{\"@type\":\"ListItem\",\"position\":3,\"name\":\"Miller Thomson accueille de nouveau John Israel Galambos au poste d\u2019associ\u00e9 dans l\u2019\u00e9quipe des services aux particuliers\"}]},{\"@type\":\"WebSite\",\"@id\":\"https:\/\/www.millerthomson.com\/fr\/#website\",\"url\":\"https:\/\/www.millerthomson.com\/fr\/\",\"name\":\"Miller Thomson | Cabinet de droit des affaires pancanadien\",\"description\":\"National law firm providing business law expertise and litigation and disputes services for businesses across Canada since 1957.\",\"publisher\":{\"@id\":\"https:\/\/www.millerthomson.com\/fr\/#organization\"},\"potentialAction\":[{\"@type\":\"SearchAction\",\"target\":{\"@type\":\"EntryPoint\",\"urlTemplate\":\"https:\/\/www.millerthomson.com\/fr\/?s={search_term_string}\"},\"query-input\":{\"@type\":\"PropertyValueSpecification\",\"valueRequired\":true,\"valueName\":\"search_term_string\"}}],\"inLanguage\":\"fr-FR\"},{\"@type\":\"Organization\",\"@id\":\"https:\/\/www.millerthomson.com\/fr\/#organization\",\"name\":\"Miller Thomson | Cabinet de droit des affaires pancanadien\",\"url\":\"https:\/\/www.millerthomson.com\/fr\/\",\"logo\":{\"@type\":\"ImageObject\",\"inLanguage\":\"fr-FR\",\"@id\":\"https:\/\/www.millerthomson.com\/fr\/#\/schema\/logo\/image\/\",\"url\":\"https:\/\/www.millerthomson.com\/wp-content\/uploads\/2024\/10\/miller-thomson.svg\",\"contentUrl\":\"https:\/\/www.millerthomson.com\/wp-content\/uploads\/2024\/10\/miller-thomson.svg\",\"width\":380,\"height\":50,\"caption\":\"Miller Thomson | Cabinet de droit des affaires pancanadien\"},\"image\":{\"@id\":\"https:\/\/www.millerthomson.com\/fr\/#\/schema\/logo\/image\/\"},\"sameAs\":[\"https:\/\/www.facebook.com\/MillerThomsonLaw\/\",\"https:\/\/x.com\/millerthomson\",\"https:\/\/www.linkedin.com\/company\/miller-thomson-llp\/\",\"https:\/\/www.youtube.com\/@millerthomson\"]},{\"@type\":\"Person\",\"@id\":\"https:\/\/www.millerthomson.com\/fr\/#\/schema\/person\/5473b50a564d1e37f327fdd79cb348f6\",\"name\":\"Katherine Chan\",\"image\":{\"@type\":\"ImageObject\",\"inLanguage\":\"fr-FR\",\"@id\":\"https:\/\/www.millerthomson.com\/fr\/#\/schema\/person\/image\/\",\"url\":\"https:\/\/secure.gravatar.com\/avatar\/da8a18c240b27905220d948a87957ba19ab6de326b44a2ce3072235c121f996f?s=96&d=mm&r=g\",\"contentUrl\":\"https:\/\/secure.gravatar.com\/avatar\/da8a18c240b27905220d948a87957ba19ab6de326b44a2ce3072235c121f996f?s=96&d=mm&r=g\",\"caption\":\"Katherine Chan\"}}]}<\/script>\n<!-- \/ Yoast SEO plugin. -->","yoast_head_json":{"title":"Miller Thomson accueille de nouveau John Israel Galambos au poste d\u2019associ\u00e9 dans l\u2019\u00e9quipe des services aux particuliers | Miller Thomson","robots":{"index":"index","follow":"follow","max-snippet":"max-snippet:-1","max-image-preview":"max-image-preview:large","max-video-preview":"max-video-preview:-1"},"canonical":"https:\/\/www.millerthomson.com\/fr\/nouvelles\/miller-thomson-accueille-de-nouveau-john-israel-galambos-au-poste-dassocie-dans-lequipe-des-services-aux-particuliers\/","og_locale":"fr_FR","og_type":"article","og_title":"Miller Thomson accueille de nouveau John Israel Galambos au poste d\u2019associ\u00e9 dans l\u2019\u00e9quipe des services aux particuliers | Miller Thomson","og_description":"De retour au bureau de Montr\u00e9al de Miller Thomson, John Israel Galambos rejoint le groupe Fiscalit\u00e9 en tant qu\u2019associ\u00e9 \u00e0 compter d\u2019aujourd\u2019hui. Fort de plus de vingt ans d\u2019exp\u00e9rience, John axe sa pratique sur la fiscalit\u00e9 des entreprises et des particuliers, la planification fiscale et successorale, les testaments et les fiducies, les r\u00e9organisations d\u2019entreprises et [&hellip;]","og_url":"https:\/\/www.millerthomson.com\/fr\/nouvelles\/miller-thomson-accueille-de-nouveau-john-israel-galambos-au-poste-dassocie-dans-lequipe-des-services-aux-particuliers\/","og_site_name":"Miller Thomson","article_publisher":"https:\/\/www.facebook.com\/MillerThomsonLaw\/","og_image":[{"width":1920,"height":1098,"url":"https:\/\/www.millerthomson.com\/wp-content\/uploads\/2025\/03\/featured-news-montreal.jpg","type":"image\/jpeg"}],"twitter_card":"summary_large_image","twitter_site":"@millerthomson","twitter_misc":{"Est. reading time":"3 minutes"},"schema":{"@context":"https:\/\/schema.org","@graph":[{"@type":"NewsArticle","@id":"https:\/\/www.millerthomson.com\/fr\/nouvelles\/miller-thomson-accueille-de-nouveau-john-israel-galambos-au-poste-dassocie-dans-lequipe-des-services-aux-particuliers\/#article","isPartOf":{"@id":"https:\/\/www.millerthomson.com\/fr\/nouvelles\/miller-thomson-accueille-de-nouveau-john-israel-galambos-au-poste-dassocie-dans-lequipe-des-services-aux-particuliers\/"},"author":{"name":"Katherine Chan","@id":"https:\/\/www.millerthomson.com\/fr\/#\/schema\/person\/5473b50a564d1e37f327fdd79cb348f6"},"headline":"Miller Thomson accueille de nouveau John Israel Galambos au poste d\u2019associ\u00e9 dans l\u2019\u00e9quipe des services aux particuliers","datePublished":"2025-10-20T16:30:37+00:00","mainEntityOfPage":{"@id":"https:\/\/www.millerthomson.com\/fr\/nouvelles\/miller-thomson-accueille-de-nouveau-john-israel-galambos-au-poste-dassocie-dans-lequipe-des-services-aux-particuliers\/"},"wordCount":505,"publisher":{"@id":"https:\/\/www.millerthomson.com\/fr\/#organization"},"image":{"@id":"https:\/\/www.millerthomson.com\/fr\/nouvelles\/miller-thomson-accueille-de-nouveau-john-israel-galambos-au-poste-dassocie-dans-lequipe-des-services-aux-particuliers\/#primaryimage"},"thumbnailUrl":"https:\/\/www.millerthomson.com\/wp-content\/uploads\/2025\/03\/featured-news-montreal.jpg","inLanguage":"fr-FR"},{"@type":"WebPage","@id":"https:\/\/www.millerthomson.com\/fr\/nouvelles\/miller-thomson-accueille-de-nouveau-john-israel-galambos-au-poste-dassocie-dans-lequipe-des-services-aux-particuliers\/","url":"https:\/\/www.millerthomson.com\/fr\/nouvelles\/miller-thomson-accueille-de-nouveau-john-israel-galambos-au-poste-dassocie-dans-lequipe-des-services-aux-particuliers\/","name":"Miller Thomson accueille de nouveau John Israel Galambos au poste d\u2019associ\u00e9 dans l\u2019\u00e9quipe des services aux particuliers | Miller Thomson","isPartOf":{"@id":"https:\/\/www.millerthomson.com\/fr\/#website"},"primaryImageOfPage":{"@id":"https:\/\/www.millerthomson.com\/fr\/nouvelles\/miller-thomson-accueille-de-nouveau-john-israel-galambos-au-poste-dassocie-dans-lequipe-des-services-aux-particuliers\/#primaryimage"},"image":{"@id":"https:\/\/www.millerthomson.com\/fr\/nouvelles\/miller-thomson-accueille-de-nouveau-john-israel-galambos-au-poste-dassocie-dans-lequipe-des-services-aux-particuliers\/#primaryimage"},"thumbnailUrl":"https:\/\/www.millerthomson.com\/wp-content\/uploads\/2025\/03\/featured-news-montreal.jpg","datePublished":"2025-10-20T16:30:37+00:00","breadcrumb":{"@id":"https:\/\/www.millerthomson.com\/fr\/nouvelles\/miller-thomson-accueille-de-nouveau-john-israel-galambos-au-poste-dassocie-dans-lequipe-des-services-aux-particuliers\/#breadcrumb"},"inLanguage":"fr-FR","potentialAction":[{"@type":"ReadAction","target":["https:\/\/www.millerthomson.com\/fr\/nouvelles\/miller-thomson-accueille-de-nouveau-john-israel-galambos-au-poste-dassocie-dans-lequipe-des-services-aux-particuliers\/"]}]},{"@type":"ImageObject","inLanguage":"fr-FR","@id":"https:\/\/www.millerthomson.com\/fr\/nouvelles\/miller-thomson-accueille-de-nouveau-john-israel-galambos-au-poste-dassocie-dans-lequipe-des-services-aux-particuliers\/#primaryimage","url":"https:\/\/www.millerthomson.com\/wp-content\/uploads\/2025\/03\/featured-news-montreal.jpg","contentUrl":"https:\/\/www.millerthomson.com\/wp-content\/uploads\/2025\/03\/featured-news-montreal.jpg","width":1920,"height":1098,"caption":"Montreal sunrise with colourful fall folliage"},{"@type":"BreadcrumbList","@id":"https:\/\/www.millerthomson.com\/fr\/nouvelles\/miller-thomson-accueille-de-nouveau-john-israel-galambos-au-poste-dassocie-dans-lequipe-des-services-aux-particuliers\/#breadcrumb","itemListElement":[{"@type":"ListItem","position":1,"name":"Accueil","item":"https:\/\/www.millerthomson.com\/fr\/"},{"@type":"ListItem","position":2,"name":"Nouvelles","item":"https:\/\/www.millerthomson.com\/fr\/nouvelles\/"},{"@type":"ListItem","position":3,"name":"Miller Thomson accueille de nouveau John Israel Galambos au poste d\u2019associ\u00e9 dans l\u2019\u00e9quipe des services aux particuliers"}]},{"@type":"WebSite","@id":"https:\/\/www.millerthomson.com\/fr\/#website","url":"https:\/\/www.millerthomson.com\/fr\/","name":"Miller Thomson | Cabinet de droit des affaires pancanadien","description":"National law firm providing business law expertise and litigation and disputes services for businesses across Canada since 1957.","publisher":{"@id":"https:\/\/www.millerthomson.com\/fr\/#organization"},"potentialAction":[{"@type":"SearchAction","target":{"@type":"EntryPoint","urlTemplate":"https:\/\/www.millerthomson.com\/fr\/?s={search_term_string}"},"query-input":{"@type":"PropertyValueSpecification","valueRequired":true,"valueName":"search_term_string"}}],"inLanguage":"fr-FR"},{"@type":"Organization","@id":"https:\/\/www.millerthomson.com\/fr\/#organization","name":"Miller Thomson | Cabinet de droit des affaires pancanadien","url":"https:\/\/www.millerthomson.com\/fr\/","logo":{"@type":"ImageObject","inLanguage":"fr-FR","@id":"https:\/\/www.millerthomson.com\/fr\/#\/schema\/logo\/image\/","url":"https:\/\/www.millerthomson.com\/wp-content\/uploads\/2024\/10\/miller-thomson.svg","contentUrl":"https:\/\/www.millerthomson.com\/wp-content\/uploads\/2024\/10\/miller-thomson.svg","width":380,"height":50,"caption":"Miller Thomson | Cabinet de droit des affaires pancanadien"},"image":{"@id":"https:\/\/www.millerthomson.com\/fr\/#\/schema\/logo\/image\/"},"sameAs":["https:\/\/www.facebook.com\/MillerThomsonLaw\/","https:\/\/x.com\/millerthomson","https:\/\/www.linkedin.com\/company\/miller-thomson-llp\/","https:\/\/www.youtube.com\/@millerthomson"]},{"@type":"Person","@id":"https:\/\/www.millerthomson.com\/fr\/#\/schema\/person\/5473b50a564d1e37f327fdd79cb348f6","name":"Katherine Chan","image":{"@type":"ImageObject","inLanguage":"fr-FR","@id":"https:\/\/www.millerthomson.com\/fr\/#\/schema\/person\/image\/","url":"https:\/\/secure.gravatar.com\/avatar\/da8a18c240b27905220d948a87957ba19ab6de326b44a2ce3072235c121f996f?s=96&d=mm&r=g","contentUrl":"https:\/\/secure.gravatar.com\/avatar\/da8a18c240b27905220d948a87957ba19ab6de326b44a2ce3072235c121f996f?s=96&d=mm&r=g","caption":"Katherine Chan"}}]}},"_links":{"self":[{"href":"https:\/\/www.millerthomson.com\/fr\/wp-json\/wp\/v2\/news\/40241","targetHints":{"allow":["GET"]}}],"collection":[{"href":"https:\/\/www.millerthomson.com\/fr\/wp-json\/wp\/v2\/news"}],"about":[{"href":"https:\/\/www.millerthomson.com\/fr\/wp-json\/wp\/v2\/types\/news"}],"author":[{"embeddable":true,"href":"https:\/\/www.millerthomson.com\/fr\/wp-json\/wp\/v2\/users\/5"}],"version-history":[{"count":0,"href":"https:\/\/www.millerthomson.com\/fr\/wp-json\/wp\/v2\/news\/40241\/revisions"}],"wp:featuredmedia":[{"embeddable":true,"href":"https:\/\/www.millerthomson.com\/fr\/wp-json\/wp\/v2\/media\/29181"}],"wp:attachment":[{"href":"https:\/\/www.millerthomson.com\/fr\/wp-json\/wp\/v2\/media?parent=40241"}],"wp:term":[{"taxonomy":"news-category","embeddable":true,"href":"https:\/\/www.millerthomson.com\/fr\/wp-json\/wp\/v2\/news-category?post=40241"}],"curies":[{"name":"wp","href":"https:\/\/api.w.org\/{rel}","templated":true}]}}