{"id":39235,"date":"2025-10-01T08:50:00","date_gmt":"2025-10-01T12:50:00","guid":{"rendered":"https:\/\/www.millerthomson.com\/?post_type=news&#038;p=39235"},"modified":"2025-10-01T09:14:53","modified_gmt":"2025-10-01T13:14:53","slug":"faruk-gafic-rejoint-le-groupe-transactions-immobilieres-et-baux-du-bureau-de-toronto-de-miller-thomson","status":"publish","type":"news","link":"https:\/\/www.millerthomson.com\/fr\/nouvelles\/faruk-gafic-rejoint-le-groupe-transactions-immobilieres-et-baux-du-bureau-de-toronto-de-miller-thomson\/","title":{"rendered":"Faruk Gafic rejoint le groupe Transactions immobili\u00e8res et baux du bureau de Toronto de Miller Thomson"},"content":{"rendered":"\n<p>Toronto (Ontario), le 1<sup>er\u00a0<\/sup>octobre\u00a02025 \u2013 Miller Thomson a le plaisir d\u2019annoncer que <a href=\"https:\/\/www.millerthomson.com\/fr\/votre-equipe\/faruk-gafic\/\">Faruk Gafic<\/a><a href=\"https:\/\/www.millerthomson.com\/fr\/votre-equipe\/faruk-gafic\/\"> <\/a> \u2019est joint au groupe <a href=\"https:\/\/www.millerthomson.com\/fr\/secteurs\/immobilier\/transactions-immobilieres-et-baux\/\">Transactions immobili\u00e8res et baux<\/a> de Toronto.<\/p>\n\n\n\n<p>Fort de pr\u00e8s de vingt ans d\u2019exp\u00e9rience aupr\u00e8s de propri\u00e9taires et de locataires de bureaux, d\u2019installations industrielles et de commerces de d\u00e9tail, Faruk est reconnu pour sa r\u00e9activit\u00e9, son pragmatisme et sa fiabilit\u00e9 sous pression, ainsi que pour son solide bilan en mati\u00e8re de respect d\u2019\u00e9ch\u00e9anciers serr\u00e9s.<\/p>\n\n\n\n<p>Sa pratique est centr\u00e9e sur les baux commerciaux et englobe la r\u00e9daction et la n\u00e9gociation de baux, les offres de location en plus des conventions de modifications comprenant des expansions, des d\u00e9localisations, des r\u00e9trocessions partielles, des r\u00e9siliations ainsi que des permis d\u2019occupation. Faruk a contribu\u00e9 \u00e0 la r\u00e9ussite d\u2019op\u00e9rations de location impliquant des accords complexes et des portefeuilles \u00e0 fort volume. Sa client\u00e8le appr\u00e9cie ses conseils clairs et bien fond\u00e9s, ainsi que sa capacit\u00e9 \u00e0 cerner et \u00e0 r\u00e9soudre des enjeux avant m\u00eame qu\u2019ils ne surviennent.<\/p>\n\n\n\n<p>\u00ab&nbsp;C\u2019est un plaisir d\u2019accueillir Faruk au sein du cabinet, d\u00e9clare <a href=\"https:\/\/www.millerthomson.com\/fr\/votre-equipe\/jay-m-hoffman\/\">Jay Hoffman<\/a>, pr\u00e9sident du groupe national du droit des affaires. Son expertise en mati\u00e8re de baux commerciaux compl\u00e9mente parfaitement notre groupe Immobilier, alors que nous continuons d\u2019accompagner notre client\u00e8le dans des march\u00e9s immobiliers complexes et changeants.&nbsp;\u00bb<\/p>\n\n\n\n<p>Faruk rejoint l\u2019\u00e9quipe nationale d\u2019avocates et d\u2019avocats sp\u00e9cialis\u00e9s en immobilier de Miller Thomson, renfor\u00e7ant ainsi la capacit\u00e9 du cabinet \u00e0 servir ses clients en Ontario et dans l\u2019ensemble du Canada. Son arriv\u00e9e, aux c\u00f4t\u00e9s de <a href=\"https:\/\/www.millerthomson.com\/fr\/votre-equipe\/daniel-mahler\/\">Daniel Malher<\/a>, <a href=\"https:\/\/www.millerthomson.com\/fr\/votre-equipe\/ciaron-czajkowski\/\">Ciaron Czajkowski<\/a> et <a href=\"https:\/\/www.millerthomson.com\/fr\/votre-equipe\/gordon-van-vliet\/\">Gordon Van Vliet<\/a>, qui ont rejoint le cabinet plus t\u00f4t cette ann\u00e9e, vient consolider notre autorit\u00e9 en droit immobilier.<a id=\"_msocom_1\"><\/a><\/p>\n","protected":false},"author":122,"featured_media":35050,"template":"","news-category":[654],"class_list":["post-39235","news","type-news","status-publish","has-post-thumbnail","hentry"],"acf":[],"yoast_head":"<!-- This site is optimized with the Yoast SEO plugin v26.1.1 - https:\/\/yoast.com\/wordpress\/plugins\/seo\/ -->\n<title>Faruk Gafic rejoint le groupe Transactions immobili\u00e8res et baux du bureau de Toronto de Miller Thomson | Miller Thomson<\/title>\n<meta name=\"robots\" content=\"index, follow, max-snippet:-1, max-image-preview:large, max-video-preview:-1\" \/>\n<link rel=\"canonical\" href=\"https:\/\/www.millerthomson.com\/fr\/nouvelles\/faruk-gafic-rejoint-le-groupe-transactions-immobilieres-et-baux-du-bureau-de-toronto-de-miller-thomson\/\" \/>\n<meta property=\"og:locale\" content=\"fr_FR\" \/>\n<meta property=\"og:type\" content=\"article\" \/>\n<meta property=\"og:title\" content=\"Faruk Gafic rejoint le groupe Transactions immobili\u00e8res et baux du bureau de Toronto de Miller Thomson | Miller Thomson\" \/>\n<meta property=\"og:description\" content=\"Toronto (Ontario), le 1er\u00a0octobre\u00a02025 \u2013 Miller Thomson a le plaisir d\u2019annoncer que Faruk Gafic \u2019est joint au groupe Transactions immobili\u00e8res et baux de Toronto. Fort de pr\u00e8s de vingt ans d\u2019exp\u00e9rience aupr\u00e8s de propri\u00e9taires et de locataires de bureaux, d\u2019installations industrielles et de commerces de d\u00e9tail, Faruk est reconnu pour sa r\u00e9activit\u00e9, son pragmatisme et [&hellip;]\" \/>\n<meta property=\"og:url\" content=\"https:\/\/www.millerthomson.com\/fr\/nouvelles\/faruk-gafic-rejoint-le-groupe-transactions-immobilieres-et-baux-du-bureau-de-toronto-de-miller-thomson\/\" \/>\n<meta property=\"og:site_name\" content=\"Miller Thomson\" \/>\n<meta property=\"article:publisher\" content=\"https:\/\/www.facebook.com\/MillerThomsonLaw\/\" \/>\n<meta property=\"article:modified_time\" content=\"2025-10-01T13:14:53+00:00\" \/>\n<meta property=\"og:image\" content=\"https:\/\/www.millerthomson.com\/wp-content\/uploads\/2025\/07\/featured_news_skyscraper.jpg\" \/>\n\t<meta property=\"og:image:width\" content=\"1920\" \/>\n\t<meta property=\"og:image:height\" content=\"1098\" \/>\n\t<meta property=\"og:image:type\" content=\"image\/jpeg\" \/>\n<meta name=\"twitter:card\" content=\"summary_large_image\" \/>\n<meta name=\"twitter:site\" content=\"@millerthomson\" \/>\n<meta name=\"twitter:label1\" content=\"Est. reading time\" \/>\n\t<meta name=\"twitter:data1\" content=\"2 minutes\" \/>\n<script type=\"application\/ld+json\" class=\"yoast-schema-graph\">{\"@context\":\"https:\/\/schema.org\",\"@graph\":[{\"@type\":\"NewsArticle\",\"@id\":\"https:\/\/www.millerthomson.com\/fr\/nouvelles\/faruk-gafic-rejoint-le-groupe-transactions-immobilieres-et-baux-du-bureau-de-toronto-de-miller-thomson\/#article\",\"isPartOf\":{\"@id\":\"https:\/\/www.millerthomson.com\/fr\/nouvelles\/faruk-gafic-rejoint-le-groupe-transactions-immobilieres-et-baux-du-bureau-de-toronto-de-miller-thomson\/\"},\"author\":{\"name\":\"Sebastian Vives\",\"@id\":\"https:\/\/www.millerthomson.com\/fr\/#\/schema\/person\/be05481ca4ee617c24b33993ade4c881\"},\"headline\":\"Faruk Gafic rejoint le groupe Transactions immobili\u00e8res et baux du bureau de Toronto de Miller Thomson\",\"datePublished\":\"2025-10-01T12:50:00+00:00\",\"dateModified\":\"2025-10-01T13:14:53+00:00\",\"mainEntityOfPage\":{\"@id\":\"https:\/\/www.millerthomson.com\/fr\/nouvelles\/faruk-gafic-rejoint-le-groupe-transactions-immobilieres-et-baux-du-bureau-de-toronto-de-miller-thomson\/\"},\"wordCount\":327,\"publisher\":{\"@id\":\"https:\/\/www.millerthomson.com\/fr\/#organization\"},\"image\":{\"@id\":\"https:\/\/www.millerthomson.com\/fr\/nouvelles\/faruk-gafic-rejoint-le-groupe-transactions-immobilieres-et-baux-du-bureau-de-toronto-de-miller-thomson\/#primaryimage\"},\"thumbnailUrl\":\"https:\/\/www.millerthomson.com\/wp-content\/uploads\/2025\/07\/featured_news_skyscraper.jpg\",\"inLanguage\":\"fr-FR\"},{\"@type\":\"WebPage\",\"@id\":\"https:\/\/www.millerthomson.com\/fr\/nouvelles\/faruk-gafic-rejoint-le-groupe-transactions-immobilieres-et-baux-du-bureau-de-toronto-de-miller-thomson\/\",\"url\":\"https:\/\/www.millerthomson.com\/fr\/nouvelles\/faruk-gafic-rejoint-le-groupe-transactions-immobilieres-et-baux-du-bureau-de-toronto-de-miller-thomson\/\",\"name\":\"Faruk Gafic rejoint le groupe Transactions immobili\u00e8res et baux du bureau de Toronto de Miller Thomson | Miller Thomson\",\"isPartOf\":{\"@id\":\"https:\/\/www.millerthomson.com\/fr\/#website\"},\"primaryImageOfPage\":{\"@id\":\"https:\/\/www.millerthomson.com\/fr\/nouvelles\/faruk-gafic-rejoint-le-groupe-transactions-immobilieres-et-baux-du-bureau-de-toronto-de-miller-thomson\/#primaryimage\"},\"image\":{\"@id\":\"https:\/\/www.millerthomson.com\/fr\/nouvelles\/faruk-gafic-rejoint-le-groupe-transactions-immobilieres-et-baux-du-bureau-de-toronto-de-miller-thomson\/#primaryimage\"},\"thumbnailUrl\":\"https:\/\/www.millerthomson.com\/wp-content\/uploads\/2025\/07\/featured_news_skyscraper.jpg\",\"datePublished\":\"2025-10-01T12:50:00+00:00\",\"dateModified\":\"2025-10-01T13:14:53+00:00\",\"breadcrumb\":{\"@id\":\"https:\/\/www.millerthomson.com\/fr\/nouvelles\/faruk-gafic-rejoint-le-groupe-transactions-immobilieres-et-baux-du-bureau-de-toronto-de-miller-thomson\/#breadcrumb\"},\"inLanguage\":\"fr-FR\",\"potentialAction\":[{\"@type\":\"ReadAction\",\"target\":[\"https:\/\/www.millerthomson.com\/fr\/nouvelles\/faruk-gafic-rejoint-le-groupe-transactions-immobilieres-et-baux-du-bureau-de-toronto-de-miller-thomson\/\"]}]},{\"@type\":\"ImageObject\",\"inLanguage\":\"fr-FR\",\"@id\":\"https:\/\/www.millerthomson.com\/fr\/nouvelles\/faruk-gafic-rejoint-le-groupe-transactions-immobilieres-et-baux-du-bureau-de-toronto-de-miller-thomson\/#primaryimage\",\"url\":\"https:\/\/www.millerthomson.com\/wp-content\/uploads\/2025\/07\/featured_news_skyscraper.jpg\",\"contentUrl\":\"https:\/\/www.millerthomson.com\/wp-content\/uploads\/2025\/07\/featured_news_skyscraper.jpg\",\"width\":1920,\"height\":1098,\"caption\":\"view looking up at a commercial office building\"},{\"@type\":\"BreadcrumbList\",\"@id\":\"https:\/\/www.millerthomson.com\/fr\/nouvelles\/faruk-gafic-rejoint-le-groupe-transactions-immobilieres-et-baux-du-bureau-de-toronto-de-miller-thomson\/#breadcrumb\",\"itemListElement\":[{\"@type\":\"ListItem\",\"position\":1,\"name\":\"Accueil\",\"item\":\"https:\/\/www.millerthomson.com\/fr\/\"},{\"@type\":\"ListItem\",\"position\":2,\"name\":\"Nouvelles\",\"item\":\"https:\/\/www.millerthomson.com\/fr\/nouvelles\/\"},{\"@type\":\"ListItem\",\"position\":3,\"name\":\"Faruk Gafic rejoint le groupe Transactions immobili\u00e8res et baux du bureau de Toronto de Miller Thomson\"}]},{\"@type\":\"WebSite\",\"@id\":\"https:\/\/www.millerthomson.com\/fr\/#website\",\"url\":\"https:\/\/www.millerthomson.com\/fr\/\",\"name\":\"Miller Thomson | Cabinet de droit des affaires pancanadien\",\"description\":\"National law firm providing business law expertise and litigation and disputes services for businesses across Canada since 1957.\",\"publisher\":{\"@id\":\"https:\/\/www.millerthomson.com\/fr\/#organization\"},\"potentialAction\":[{\"@type\":\"SearchAction\",\"target\":{\"@type\":\"EntryPoint\",\"urlTemplate\":\"https:\/\/www.millerthomson.com\/fr\/?s={search_term_string}\"},\"query-input\":{\"@type\":\"PropertyValueSpecification\",\"valueRequired\":true,\"valueName\":\"search_term_string\"}}],\"inLanguage\":\"fr-FR\"},{\"@type\":\"Organization\",\"@id\":\"https:\/\/www.millerthomson.com\/fr\/#organization\",\"name\":\"Miller Thomson | Cabinet de droit des affaires pancanadien\",\"url\":\"https:\/\/www.millerthomson.com\/fr\/\",\"logo\":{\"@type\":\"ImageObject\",\"inLanguage\":\"fr-FR\",\"@id\":\"https:\/\/www.millerthomson.com\/fr\/#\/schema\/logo\/image\/\",\"url\":\"https:\/\/www.millerthomson.com\/wp-content\/uploads\/2024\/10\/miller-thomson.svg\",\"contentUrl\":\"https:\/\/www.millerthomson.com\/wp-content\/uploads\/2024\/10\/miller-thomson.svg\",\"width\":380,\"height\":50,\"caption\":\"Miller Thomson | Cabinet de droit des affaires pancanadien\"},\"image\":{\"@id\":\"https:\/\/www.millerthomson.com\/fr\/#\/schema\/logo\/image\/\"},\"sameAs\":[\"https:\/\/www.facebook.com\/MillerThomsonLaw\/\",\"https:\/\/x.com\/millerthomson\",\"https:\/\/www.linkedin.com\/company\/miller-thomson-llp\/\",\"https:\/\/www.youtube.com\/@millerthomson\"]},{\"@type\":\"Person\",\"@id\":\"https:\/\/www.millerthomson.com\/fr\/#\/schema\/person\/be05481ca4ee617c24b33993ade4c881\",\"name\":\"Sebastian Vives\",\"image\":{\"@type\":\"ImageObject\",\"inLanguage\":\"fr-FR\",\"@id\":\"https:\/\/www.millerthomson.com\/fr\/#\/schema\/person\/image\/\",\"url\":\"https:\/\/secure.gravatar.com\/avatar\/9c50194d3d05da0f277cc6ce0c163d04a4150aed35e0d008c0cba4866c37cc31?s=96&d=mm&r=g\",\"contentUrl\":\"https:\/\/secure.gravatar.com\/avatar\/9c50194d3d05da0f277cc6ce0c163d04a4150aed35e0d008c0cba4866c37cc31?s=96&d=mm&r=g\",\"caption\":\"Sebastian Vives\"}}]}<\/script>\n<!-- \/ Yoast SEO plugin. -->","yoast_head_json":{"title":"Faruk Gafic rejoint le groupe Transactions immobili\u00e8res et baux du bureau de Toronto de Miller Thomson | Miller Thomson","robots":{"index":"index","follow":"follow","max-snippet":"max-snippet:-1","max-image-preview":"max-image-preview:large","max-video-preview":"max-video-preview:-1"},"canonical":"https:\/\/www.millerthomson.com\/fr\/nouvelles\/faruk-gafic-rejoint-le-groupe-transactions-immobilieres-et-baux-du-bureau-de-toronto-de-miller-thomson\/","og_locale":"fr_FR","og_type":"article","og_title":"Faruk Gafic rejoint le groupe Transactions immobili\u00e8res et baux du bureau de Toronto de Miller Thomson | Miller Thomson","og_description":"Toronto (Ontario), le 1er\u00a0octobre\u00a02025 \u2013 Miller Thomson a le plaisir d\u2019annoncer que Faruk Gafic \u2019est joint au groupe Transactions immobili\u00e8res et baux de Toronto. Fort de pr\u00e8s de vingt ans d\u2019exp\u00e9rience aupr\u00e8s de propri\u00e9taires et de locataires de bureaux, d\u2019installations industrielles et de commerces de d\u00e9tail, Faruk est reconnu pour sa r\u00e9activit\u00e9, son pragmatisme et [&hellip;]","og_url":"https:\/\/www.millerthomson.com\/fr\/nouvelles\/faruk-gafic-rejoint-le-groupe-transactions-immobilieres-et-baux-du-bureau-de-toronto-de-miller-thomson\/","og_site_name":"Miller Thomson","article_publisher":"https:\/\/www.facebook.com\/MillerThomsonLaw\/","article_modified_time":"2025-10-01T13:14:53+00:00","og_image":[{"width":1920,"height":1098,"url":"https:\/\/www.millerthomson.com\/wp-content\/uploads\/2025\/07\/featured_news_skyscraper.jpg","type":"image\/jpeg"}],"twitter_card":"summary_large_image","twitter_site":"@millerthomson","twitter_misc":{"Est. reading time":"2 minutes"},"schema":{"@context":"https:\/\/schema.org","@graph":[{"@type":"NewsArticle","@id":"https:\/\/www.millerthomson.com\/fr\/nouvelles\/faruk-gafic-rejoint-le-groupe-transactions-immobilieres-et-baux-du-bureau-de-toronto-de-miller-thomson\/#article","isPartOf":{"@id":"https:\/\/www.millerthomson.com\/fr\/nouvelles\/faruk-gafic-rejoint-le-groupe-transactions-immobilieres-et-baux-du-bureau-de-toronto-de-miller-thomson\/"},"author":{"name":"Sebastian Vives","@id":"https:\/\/www.millerthomson.com\/fr\/#\/schema\/person\/be05481ca4ee617c24b33993ade4c881"},"headline":"Faruk Gafic rejoint le groupe Transactions immobili\u00e8res et baux du bureau de Toronto de Miller Thomson","datePublished":"2025-10-01T12:50:00+00:00","dateModified":"2025-10-01T13:14:53+00:00","mainEntityOfPage":{"@id":"https:\/\/www.millerthomson.com\/fr\/nouvelles\/faruk-gafic-rejoint-le-groupe-transactions-immobilieres-et-baux-du-bureau-de-toronto-de-miller-thomson\/"},"wordCount":327,"publisher":{"@id":"https:\/\/www.millerthomson.com\/fr\/#organization"},"image":{"@id":"https:\/\/www.millerthomson.com\/fr\/nouvelles\/faruk-gafic-rejoint-le-groupe-transactions-immobilieres-et-baux-du-bureau-de-toronto-de-miller-thomson\/#primaryimage"},"thumbnailUrl":"https:\/\/www.millerthomson.com\/wp-content\/uploads\/2025\/07\/featured_news_skyscraper.jpg","inLanguage":"fr-FR"},{"@type":"WebPage","@id":"https:\/\/www.millerthomson.com\/fr\/nouvelles\/faruk-gafic-rejoint-le-groupe-transactions-immobilieres-et-baux-du-bureau-de-toronto-de-miller-thomson\/","url":"https:\/\/www.millerthomson.com\/fr\/nouvelles\/faruk-gafic-rejoint-le-groupe-transactions-immobilieres-et-baux-du-bureau-de-toronto-de-miller-thomson\/","name":"Faruk Gafic rejoint le groupe Transactions immobili\u00e8res et baux du bureau de Toronto de Miller Thomson | Miller Thomson","isPartOf":{"@id":"https:\/\/www.millerthomson.com\/fr\/#website"},"primaryImageOfPage":{"@id":"https:\/\/www.millerthomson.com\/fr\/nouvelles\/faruk-gafic-rejoint-le-groupe-transactions-immobilieres-et-baux-du-bureau-de-toronto-de-miller-thomson\/#primaryimage"},"image":{"@id":"https:\/\/www.millerthomson.com\/fr\/nouvelles\/faruk-gafic-rejoint-le-groupe-transactions-immobilieres-et-baux-du-bureau-de-toronto-de-miller-thomson\/#primaryimage"},"thumbnailUrl":"https:\/\/www.millerthomson.com\/wp-content\/uploads\/2025\/07\/featured_news_skyscraper.jpg","datePublished":"2025-10-01T12:50:00+00:00","dateModified":"2025-10-01T13:14:53+00:00","breadcrumb":{"@id":"https:\/\/www.millerthomson.com\/fr\/nouvelles\/faruk-gafic-rejoint-le-groupe-transactions-immobilieres-et-baux-du-bureau-de-toronto-de-miller-thomson\/#breadcrumb"},"inLanguage":"fr-FR","potentialAction":[{"@type":"ReadAction","target":["https:\/\/www.millerthomson.com\/fr\/nouvelles\/faruk-gafic-rejoint-le-groupe-transactions-immobilieres-et-baux-du-bureau-de-toronto-de-miller-thomson\/"]}]},{"@type":"ImageObject","inLanguage":"fr-FR","@id":"https:\/\/www.millerthomson.com\/fr\/nouvelles\/faruk-gafic-rejoint-le-groupe-transactions-immobilieres-et-baux-du-bureau-de-toronto-de-miller-thomson\/#primaryimage","url":"https:\/\/www.millerthomson.com\/wp-content\/uploads\/2025\/07\/featured_news_skyscraper.jpg","contentUrl":"https:\/\/www.millerthomson.com\/wp-content\/uploads\/2025\/07\/featured_news_skyscraper.jpg","width":1920,"height":1098,"caption":"view looking up at a commercial office building"},{"@type":"BreadcrumbList","@id":"https:\/\/www.millerthomson.com\/fr\/nouvelles\/faruk-gafic-rejoint-le-groupe-transactions-immobilieres-et-baux-du-bureau-de-toronto-de-miller-thomson\/#breadcrumb","itemListElement":[{"@type":"ListItem","position":1,"name":"Accueil","item":"https:\/\/www.millerthomson.com\/fr\/"},{"@type":"ListItem","position":2,"name":"Nouvelles","item":"https:\/\/www.millerthomson.com\/fr\/nouvelles\/"},{"@type":"ListItem","position":3,"name":"Faruk Gafic rejoint le groupe Transactions immobili\u00e8res et baux du bureau de Toronto de Miller Thomson"}]},{"@type":"WebSite","@id":"https:\/\/www.millerthomson.com\/fr\/#website","url":"https:\/\/www.millerthomson.com\/fr\/","name":"Miller Thomson | Cabinet de droit des affaires pancanadien","description":"National law firm providing business law expertise and litigation and disputes services for businesses across Canada since 1957.","publisher":{"@id":"https:\/\/www.millerthomson.com\/fr\/#organization"},"potentialAction":[{"@type":"SearchAction","target":{"@type":"EntryPoint","urlTemplate":"https:\/\/www.millerthomson.com\/fr\/?s={search_term_string}"},"query-input":{"@type":"PropertyValueSpecification","valueRequired":true,"valueName":"search_term_string"}}],"inLanguage":"fr-FR"},{"@type":"Organization","@id":"https:\/\/www.millerthomson.com\/fr\/#organization","name":"Miller Thomson | Cabinet de droit des affaires pancanadien","url":"https:\/\/www.millerthomson.com\/fr\/","logo":{"@type":"ImageObject","inLanguage":"fr-FR","@id":"https:\/\/www.millerthomson.com\/fr\/#\/schema\/logo\/image\/","url":"https:\/\/www.millerthomson.com\/wp-content\/uploads\/2024\/10\/miller-thomson.svg","contentUrl":"https:\/\/www.millerthomson.com\/wp-content\/uploads\/2024\/10\/miller-thomson.svg","width":380,"height":50,"caption":"Miller Thomson | Cabinet de droit des affaires pancanadien"},"image":{"@id":"https:\/\/www.millerthomson.com\/fr\/#\/schema\/logo\/image\/"},"sameAs":["https:\/\/www.facebook.com\/MillerThomsonLaw\/","https:\/\/x.com\/millerthomson","https:\/\/www.linkedin.com\/company\/miller-thomson-llp\/","https:\/\/www.youtube.com\/@millerthomson"]},{"@type":"Person","@id":"https:\/\/www.millerthomson.com\/fr\/#\/schema\/person\/be05481ca4ee617c24b33993ade4c881","name":"Sebastian Vives","image":{"@type":"ImageObject","inLanguage":"fr-FR","@id":"https:\/\/www.millerthomson.com\/fr\/#\/schema\/person\/image\/","url":"https:\/\/secure.gravatar.com\/avatar\/9c50194d3d05da0f277cc6ce0c163d04a4150aed35e0d008c0cba4866c37cc31?s=96&d=mm&r=g","contentUrl":"https:\/\/secure.gravatar.com\/avatar\/9c50194d3d05da0f277cc6ce0c163d04a4150aed35e0d008c0cba4866c37cc31?s=96&d=mm&r=g","caption":"Sebastian Vives"}}]}},"_links":{"self":[{"href":"https:\/\/www.millerthomson.com\/fr\/wp-json\/wp\/v2\/news\/39235","targetHints":{"allow":["GET"]}}],"collection":[{"href":"https:\/\/www.millerthomson.com\/fr\/wp-json\/wp\/v2\/news"}],"about":[{"href":"https:\/\/www.millerthomson.com\/fr\/wp-json\/wp\/v2\/types\/news"}],"author":[{"embeddable":true,"href":"https:\/\/www.millerthomson.com\/fr\/wp-json\/wp\/v2\/users\/122"}],"version-history":[{"count":0,"href":"https:\/\/www.millerthomson.com\/fr\/wp-json\/wp\/v2\/news\/39235\/revisions"}],"wp:featuredmedia":[{"embeddable":true,"href":"https:\/\/www.millerthomson.com\/fr\/wp-json\/wp\/v2\/media\/35050"}],"wp:attachment":[{"href":"https:\/\/www.millerthomson.com\/fr\/wp-json\/wp\/v2\/media?parent=39235"}],"wp:term":[{"taxonomy":"news-category","embeddable":true,"href":"https:\/\/www.millerthomson.com\/fr\/wp-json\/wp\/v2\/news-category?post=39235"}],"curies":[{"name":"wp","href":"https:\/\/api.w.org\/{rel}","templated":true}]}}