{"id":37912,"date":"2025-09-08T08:55:00","date_gmt":"2025-09-08T12:55:00","guid":{"rendered":"https:\/\/www.millerthomson.com\/?post_type=news&#038;p=37912"},"modified":"2025-09-08T12:18:56","modified_gmt":"2025-09-08T16:18:56","slug":"miller-thomson-accueille-de-nouveau-abid-ahmed-au-sein-du-groupe-droit-des-societes-fusions-et-acquisitions-et-valeurs-mobilieres-a-titre-dassocie","status":"publish","type":"news","link":"https:\/\/www.millerthomson.com\/fr\/nouvelles\/miller-thomson-accueille-de-nouveau-abid-ahmed-au-sein-du-groupe-droit-des-societes-fusions-et-acquisitions-et-valeurs-mobilieres-a-titre-dassocie\/","title":{"rendered":"Miller Thomson accueille de nouveau Abid Ahmed au sein du groupe Droit des soci\u00e9t\u00e9s, fusions et acquisitions, et valeurs mobili\u00e8res \u00e0 titre d\u2019associ\u00e9"},"content":{"rendered":"\n<p><a href=\"https:\/\/www.millerthomson.com\/fr\/votre-equipe\/abid-ahmed\/\">Abid Ahmed<\/a>\u00a0est de retour au bureau de Toronto de\u00a0<strong>Miller\u00a0Thomson<\/strong>, cette fois \u00e0 titre d\u2019associ\u00e9 au sein du groupe Droit des soci\u00e9t\u00e9s, fusions et acquisitions, et valeurs mobili\u00e8res. Abid a effectu\u00e9 ses stages chez Miller Thomson de 2016 \u00e0 2018, puis y a exerc\u00e9 comme soci\u00e9taire de 2018 \u00e0 2021.<\/p>\n\n\n\n<p>Depuis, Abid a exerc\u00e9 au sein d\u2019un grand cabinet am\u00e9ricain d\u2019envergure mondiale. Il y a acquis une solide exp\u00e9rience en fusions et acquisitions priv\u00e9es et publiques complexes dans un contexte multijuridictionnel, en appels publics \u00e0 l\u2019\u00e9pargne, en placements priv\u00e9s, ainsi qu\u2019en mandats de conseil strat\u00e9gique dans divers secteurs, notamment la technologie, les produits de consommation, l\u2019\u00e9nergie, la technologie financi\u00e8re et les services financiers. Il est reconnu pour ses conseils pratiques, ax\u00e9s sur les affaires et \u00e9clair\u00e9s par sa vaste exp\u00e9rience en mati\u00e8re de transactions des deux c\u00f4t\u00e9s de la fronti\u00e8re.<\/p>\n\n\n\n<p>\u00ab&nbsp;Le vaste r\u00e9seau am\u00e9ricain et international d\u2019Abid constitue une pr\u00e9cieuse ressource pour nos clients et notre \u00e9quipe,&nbsp;\u00bb explique&nbsp;<a href=\"https:\/\/www.millerthomson.com\/fr\/votre-equipe\/jay-m-hoffman\/\" target=\"_blank\" rel=\"noreferrer noopener\">Jay Hoffman<\/a>, pr\u00e9sident du groupe national Droit des affaires.<\/p>\n\n\n\n<p>\u00ab&nbsp;Notre groupe demeure focalis\u00e9 sur le d\u00e9veloppement de notre pratique transfrontali\u00e8re. Le retour d\u2019Abid vient renforcer nos effectifs et nous nous en r\u00e9jouissons&nbsp;\u00bb, d\u00e9clare&nbsp;<a href=\"https:\/\/www.millerthomson.com\/fr\/votre-equipe\/max-spearn\/\" target=\"_blank\" rel=\"noreferrer noopener\">Max Spearn<\/a>,<\/p>\n\n\n\n<p>En plus de sa pratique, Abid agit comme mentor et promoteur aupr\u00e8s des professionnels de premi\u00e8re g\u00e9n\u00e9ration et maintient une pratique pro bono active en appui aux entrepreneurs d\u00e9favoris\u00e9s. Il est membre des barreaux de l\u2019Ontario et de l\u2019\u00c9tat de New York.<\/p>\n","protected":false},"author":5,"featured_media":35052,"template":"","news-category":[654],"class_list":["post-37912","news","type-news","status-publish","has-post-thumbnail","hentry"],"acf":[],"yoast_head":"<!-- This site is optimized with the Yoast SEO plugin v26.1.1 - https:\/\/yoast.com\/wordpress\/plugins\/seo\/ -->\n<title>Miller Thomson accueille de nouveau Abid Ahmed au sein du groupe Droit des soci\u00e9t\u00e9s, fusions et acquisitions, et valeurs mobili\u00e8res \u00e0 titre d\u2019associ\u00e9 | Miller Thomson<\/title>\n<meta name=\"robots\" content=\"index, follow, max-snippet:-1, max-image-preview:large, max-video-preview:-1\" \/>\n<link rel=\"canonical\" href=\"https:\/\/www.millerthomson.com\/fr\/nouvelles\/miller-thomson-accueille-de-nouveau-abid-ahmed-au-sein-du-groupe-droit-des-societes-fusions-et-acquisitions-et-valeurs-mobilieres-a-titre-dassocie\/\" \/>\n<meta property=\"og:locale\" content=\"fr_FR\" \/>\n<meta property=\"og:type\" content=\"article\" \/>\n<meta property=\"og:title\" content=\"Miller Thomson accueille de nouveau Abid Ahmed au sein du groupe Droit des soci\u00e9t\u00e9s, fusions et acquisitions, et valeurs mobili\u00e8res \u00e0 titre d\u2019associ\u00e9 | Miller Thomson\" \/>\n<meta property=\"og:description\" content=\"Abid Ahmed\u00a0est de retour au bureau de Toronto de\u00a0Miller\u00a0Thomson, cette fois \u00e0 titre d\u2019associ\u00e9 au sein du groupe Droit des soci\u00e9t\u00e9s, fusions et acquisitions, et valeurs mobili\u00e8res. Abid a effectu\u00e9 ses stages chez Miller Thomson de 2016 \u00e0 2018, puis y a exerc\u00e9 comme soci\u00e9taire de 2018 \u00e0 2021. Depuis, Abid a exerc\u00e9 au sein [&hellip;]\" \/>\n<meta property=\"og:url\" content=\"https:\/\/www.millerthomson.com\/fr\/nouvelles\/miller-thomson-accueille-de-nouveau-abid-ahmed-au-sein-du-groupe-droit-des-societes-fusions-et-acquisitions-et-valeurs-mobilieres-a-titre-dassocie\/\" \/>\n<meta property=\"og:site_name\" content=\"Miller Thomson\" \/>\n<meta property=\"article:publisher\" content=\"https:\/\/www.facebook.com\/MillerThomsonLaw\/\" \/>\n<meta property=\"article:modified_time\" content=\"2025-09-08T16:18:56+00:00\" \/>\n<meta property=\"og:image\" content=\"https:\/\/www.millerthomson.com\/wp-content\/uploads\/2025\/07\/featured_news_toronto.jpg\" \/>\n\t<meta property=\"og:image:width\" content=\"1920\" \/>\n\t<meta property=\"og:image:height\" content=\"1098\" \/>\n\t<meta property=\"og:image:type\" content=\"image\/jpeg\" \/>\n<meta name=\"twitter:card\" content=\"summary_large_image\" \/>\n<meta name=\"twitter:site\" content=\"@millerthomson\" \/>\n<meta name=\"twitter:label1\" content=\"Est. reading time\" \/>\n\t<meta name=\"twitter:data1\" content=\"2 minutes\" \/>\n<script type=\"application\/ld+json\" class=\"yoast-schema-graph\">{\"@context\":\"https:\/\/schema.org\",\"@graph\":[{\"@type\":\"NewsArticle\",\"@id\":\"https:\/\/www.millerthomson.com\/fr\/nouvelles\/miller-thomson-accueille-de-nouveau-abid-ahmed-au-sein-du-groupe-droit-des-societes-fusions-et-acquisitions-et-valeurs-mobilieres-a-titre-dassocie\/#article\",\"isPartOf\":{\"@id\":\"https:\/\/www.millerthomson.com\/fr\/nouvelles\/miller-thomson-accueille-de-nouveau-abid-ahmed-au-sein-du-groupe-droit-des-societes-fusions-et-acquisitions-et-valeurs-mobilieres-a-titre-dassocie\/\"},\"author\":{\"name\":\"Katherine Chan\",\"@id\":\"https:\/\/www.millerthomson.com\/fr\/#\/schema\/person\/5473b50a564d1e37f327fdd79cb348f6\"},\"headline\":\"Miller Thomson accueille de nouveau Abid Ahmed au sein du groupe Droit des soci\u00e9t\u00e9s, fusions et acquisitions, et valeurs mobili\u00e8res \u00e0 titre d\u2019associ\u00e9\",\"datePublished\":\"2025-09-08T12:55:00+00:00\",\"dateModified\":\"2025-09-08T16:18:56+00:00\",\"mainEntityOfPage\":{\"@id\":\"https:\/\/www.millerthomson.com\/fr\/nouvelles\/miller-thomson-accueille-de-nouveau-abid-ahmed-au-sein-du-groupe-droit-des-societes-fusions-et-acquisitions-et-valeurs-mobilieres-a-titre-dassocie\/\"},\"wordCount\":302,\"publisher\":{\"@id\":\"https:\/\/www.millerthomson.com\/fr\/#organization\"},\"image\":{\"@id\":\"https:\/\/www.millerthomson.com\/fr\/nouvelles\/miller-thomson-accueille-de-nouveau-abid-ahmed-au-sein-du-groupe-droit-des-societes-fusions-et-acquisitions-et-valeurs-mobilieres-a-titre-dassocie\/#primaryimage\"},\"thumbnailUrl\":\"https:\/\/www.millerthomson.com\/wp-content\/uploads\/2025\/07\/featured_news_toronto.jpg\",\"inLanguage\":\"fr-FR\"},{\"@type\":\"WebPage\",\"@id\":\"https:\/\/www.millerthomson.com\/fr\/nouvelles\/miller-thomson-accueille-de-nouveau-abid-ahmed-au-sein-du-groupe-droit-des-societes-fusions-et-acquisitions-et-valeurs-mobilieres-a-titre-dassocie\/\",\"url\":\"https:\/\/www.millerthomson.com\/fr\/nouvelles\/miller-thomson-accueille-de-nouveau-abid-ahmed-au-sein-du-groupe-droit-des-societes-fusions-et-acquisitions-et-valeurs-mobilieres-a-titre-dassocie\/\",\"name\":\"Miller Thomson accueille de nouveau Abid Ahmed au sein du groupe Droit des soci\u00e9t\u00e9s, fusions et acquisitions, et valeurs mobili\u00e8res \u00e0 titre d\u2019associ\u00e9 | Miller Thomson\",\"isPartOf\":{\"@id\":\"https:\/\/www.millerthomson.com\/fr\/#website\"},\"primaryImageOfPage\":{\"@id\":\"https:\/\/www.millerthomson.com\/fr\/nouvelles\/miller-thomson-accueille-de-nouveau-abid-ahmed-au-sein-du-groupe-droit-des-societes-fusions-et-acquisitions-et-valeurs-mobilieres-a-titre-dassocie\/#primaryimage\"},\"image\":{\"@id\":\"https:\/\/www.millerthomson.com\/fr\/nouvelles\/miller-thomson-accueille-de-nouveau-abid-ahmed-au-sein-du-groupe-droit-des-societes-fusions-et-acquisitions-et-valeurs-mobilieres-a-titre-dassocie\/#primaryimage\"},\"thumbnailUrl\":\"https:\/\/www.millerthomson.com\/wp-content\/uploads\/2025\/07\/featured_news_toronto.jpg\",\"datePublished\":\"2025-09-08T12:55:00+00:00\",\"dateModified\":\"2025-09-08T16:18:56+00:00\",\"breadcrumb\":{\"@id\":\"https:\/\/www.millerthomson.com\/fr\/nouvelles\/miller-thomson-accueille-de-nouveau-abid-ahmed-au-sein-du-groupe-droit-des-societes-fusions-et-acquisitions-et-valeurs-mobilieres-a-titre-dassocie\/#breadcrumb\"},\"inLanguage\":\"fr-FR\",\"potentialAction\":[{\"@type\":\"ReadAction\",\"target\":[\"https:\/\/www.millerthomson.com\/fr\/nouvelles\/miller-thomson-accueille-de-nouveau-abid-ahmed-au-sein-du-groupe-droit-des-societes-fusions-et-acquisitions-et-valeurs-mobilieres-a-titre-dassocie\/\"]}]},{\"@type\":\"ImageObject\",\"inLanguage\":\"fr-FR\",\"@id\":\"https:\/\/www.millerthomson.com\/fr\/nouvelles\/miller-thomson-accueille-de-nouveau-abid-ahmed-au-sein-du-groupe-droit-des-societes-fusions-et-acquisitions-et-valeurs-mobilieres-a-titre-dassocie\/#primaryimage\",\"url\":\"https:\/\/www.millerthomson.com\/wp-content\/uploads\/2025\/07\/featured_news_toronto.jpg\",\"contentUrl\":\"https:\/\/www.millerthomson.com\/wp-content\/uploads\/2025\/07\/featured_news_toronto.jpg\",\"width\":1920,\"height\":1098,\"caption\":\"view of downtown Toronto skyline and CN Tower\"},{\"@type\":\"BreadcrumbList\",\"@id\":\"https:\/\/www.millerthomson.com\/fr\/nouvelles\/miller-thomson-accueille-de-nouveau-abid-ahmed-au-sein-du-groupe-droit-des-societes-fusions-et-acquisitions-et-valeurs-mobilieres-a-titre-dassocie\/#breadcrumb\",\"itemListElement\":[{\"@type\":\"ListItem\",\"position\":1,\"name\":\"Accueil\",\"item\":\"https:\/\/www.millerthomson.com\/fr\/\"},{\"@type\":\"ListItem\",\"position\":2,\"name\":\"Nouvelles\",\"item\":\"https:\/\/www.millerthomson.com\/fr\/nouvelles\/\"},{\"@type\":\"ListItem\",\"position\":3,\"name\":\"Miller Thomson accueille de nouveau Abid Ahmed au sein du groupe Droit des soci\u00e9t\u00e9s, fusions et acquisitions, et valeurs mobili\u00e8res \u00e0 titre d\u2019associ\u00e9\"}]},{\"@type\":\"WebSite\",\"@id\":\"https:\/\/www.millerthomson.com\/fr\/#website\",\"url\":\"https:\/\/www.millerthomson.com\/fr\/\",\"name\":\"Miller Thomson | Cabinet de droit des affaires pancanadien\",\"description\":\"National law firm providing business law expertise and litigation and disputes services for businesses across Canada since 1957.\",\"publisher\":{\"@id\":\"https:\/\/www.millerthomson.com\/fr\/#organization\"},\"potentialAction\":[{\"@type\":\"SearchAction\",\"target\":{\"@type\":\"EntryPoint\",\"urlTemplate\":\"https:\/\/www.millerthomson.com\/fr\/?s={search_term_string}\"},\"query-input\":{\"@type\":\"PropertyValueSpecification\",\"valueRequired\":true,\"valueName\":\"search_term_string\"}}],\"inLanguage\":\"fr-FR\"},{\"@type\":\"Organization\",\"@id\":\"https:\/\/www.millerthomson.com\/fr\/#organization\",\"name\":\"Miller Thomson | Cabinet de droit des affaires pancanadien\",\"url\":\"https:\/\/www.millerthomson.com\/fr\/\",\"logo\":{\"@type\":\"ImageObject\",\"inLanguage\":\"fr-FR\",\"@id\":\"https:\/\/www.millerthomson.com\/fr\/#\/schema\/logo\/image\/\",\"url\":\"https:\/\/www.millerthomson.com\/wp-content\/uploads\/2024\/10\/miller-thomson.svg\",\"contentUrl\":\"https:\/\/www.millerthomson.com\/wp-content\/uploads\/2024\/10\/miller-thomson.svg\",\"width\":380,\"height\":50,\"caption\":\"Miller Thomson | Cabinet de droit des affaires pancanadien\"},\"image\":{\"@id\":\"https:\/\/www.millerthomson.com\/fr\/#\/schema\/logo\/image\/\"},\"sameAs\":[\"https:\/\/www.facebook.com\/MillerThomsonLaw\/\",\"https:\/\/x.com\/millerthomson\",\"https:\/\/www.linkedin.com\/company\/miller-thomson-llp\/\",\"https:\/\/www.youtube.com\/@millerthomson\"]},{\"@type\":\"Person\",\"@id\":\"https:\/\/www.millerthomson.com\/fr\/#\/schema\/person\/5473b50a564d1e37f327fdd79cb348f6\",\"name\":\"Katherine Chan\",\"image\":{\"@type\":\"ImageObject\",\"inLanguage\":\"fr-FR\",\"@id\":\"https:\/\/www.millerthomson.com\/fr\/#\/schema\/person\/image\/\",\"url\":\"https:\/\/secure.gravatar.com\/avatar\/da8a18c240b27905220d948a87957ba19ab6de326b44a2ce3072235c121f996f?s=96&d=mm&r=g\",\"contentUrl\":\"https:\/\/secure.gravatar.com\/avatar\/da8a18c240b27905220d948a87957ba19ab6de326b44a2ce3072235c121f996f?s=96&d=mm&r=g\",\"caption\":\"Katherine Chan\"}}]}<\/script>\n<!-- \/ Yoast SEO plugin. -->","yoast_head_json":{"title":"Miller Thomson accueille de nouveau Abid Ahmed au sein du groupe Droit des soci\u00e9t\u00e9s, fusions et acquisitions, et valeurs mobili\u00e8res \u00e0 titre d\u2019associ\u00e9 | Miller Thomson","robots":{"index":"index","follow":"follow","max-snippet":"max-snippet:-1","max-image-preview":"max-image-preview:large","max-video-preview":"max-video-preview:-1"},"canonical":"https:\/\/www.millerthomson.com\/fr\/nouvelles\/miller-thomson-accueille-de-nouveau-abid-ahmed-au-sein-du-groupe-droit-des-societes-fusions-et-acquisitions-et-valeurs-mobilieres-a-titre-dassocie\/","og_locale":"fr_FR","og_type":"article","og_title":"Miller Thomson accueille de nouveau Abid Ahmed au sein du groupe Droit des soci\u00e9t\u00e9s, fusions et acquisitions, et valeurs mobili\u00e8res \u00e0 titre d\u2019associ\u00e9 | Miller Thomson","og_description":"Abid Ahmed\u00a0est de retour au bureau de Toronto de\u00a0Miller\u00a0Thomson, cette fois \u00e0 titre d\u2019associ\u00e9 au sein du groupe Droit des soci\u00e9t\u00e9s, fusions et acquisitions, et valeurs mobili\u00e8res. Abid a effectu\u00e9 ses stages chez Miller Thomson de 2016 \u00e0 2018, puis y a exerc\u00e9 comme soci\u00e9taire de 2018 \u00e0 2021. Depuis, Abid a exerc\u00e9 au sein [&hellip;]","og_url":"https:\/\/www.millerthomson.com\/fr\/nouvelles\/miller-thomson-accueille-de-nouveau-abid-ahmed-au-sein-du-groupe-droit-des-societes-fusions-et-acquisitions-et-valeurs-mobilieres-a-titre-dassocie\/","og_site_name":"Miller Thomson","article_publisher":"https:\/\/www.facebook.com\/MillerThomsonLaw\/","article_modified_time":"2025-09-08T16:18:56+00:00","og_image":[{"width":1920,"height":1098,"url":"https:\/\/www.millerthomson.com\/wp-content\/uploads\/2025\/07\/featured_news_toronto.jpg","type":"image\/jpeg"}],"twitter_card":"summary_large_image","twitter_site":"@millerthomson","twitter_misc":{"Est. reading time":"2 minutes"},"schema":{"@context":"https:\/\/schema.org","@graph":[{"@type":"NewsArticle","@id":"https:\/\/www.millerthomson.com\/fr\/nouvelles\/miller-thomson-accueille-de-nouveau-abid-ahmed-au-sein-du-groupe-droit-des-societes-fusions-et-acquisitions-et-valeurs-mobilieres-a-titre-dassocie\/#article","isPartOf":{"@id":"https:\/\/www.millerthomson.com\/fr\/nouvelles\/miller-thomson-accueille-de-nouveau-abid-ahmed-au-sein-du-groupe-droit-des-societes-fusions-et-acquisitions-et-valeurs-mobilieres-a-titre-dassocie\/"},"author":{"name":"Katherine Chan","@id":"https:\/\/www.millerthomson.com\/fr\/#\/schema\/person\/5473b50a564d1e37f327fdd79cb348f6"},"headline":"Miller Thomson accueille de nouveau Abid Ahmed au sein du groupe Droit des soci\u00e9t\u00e9s, fusions et acquisitions, et valeurs mobili\u00e8res \u00e0 titre d\u2019associ\u00e9","datePublished":"2025-09-08T12:55:00+00:00","dateModified":"2025-09-08T16:18:56+00:00","mainEntityOfPage":{"@id":"https:\/\/www.millerthomson.com\/fr\/nouvelles\/miller-thomson-accueille-de-nouveau-abid-ahmed-au-sein-du-groupe-droit-des-societes-fusions-et-acquisitions-et-valeurs-mobilieres-a-titre-dassocie\/"},"wordCount":302,"publisher":{"@id":"https:\/\/www.millerthomson.com\/fr\/#organization"},"image":{"@id":"https:\/\/www.millerthomson.com\/fr\/nouvelles\/miller-thomson-accueille-de-nouveau-abid-ahmed-au-sein-du-groupe-droit-des-societes-fusions-et-acquisitions-et-valeurs-mobilieres-a-titre-dassocie\/#primaryimage"},"thumbnailUrl":"https:\/\/www.millerthomson.com\/wp-content\/uploads\/2025\/07\/featured_news_toronto.jpg","inLanguage":"fr-FR"},{"@type":"WebPage","@id":"https:\/\/www.millerthomson.com\/fr\/nouvelles\/miller-thomson-accueille-de-nouveau-abid-ahmed-au-sein-du-groupe-droit-des-societes-fusions-et-acquisitions-et-valeurs-mobilieres-a-titre-dassocie\/","url":"https:\/\/www.millerthomson.com\/fr\/nouvelles\/miller-thomson-accueille-de-nouveau-abid-ahmed-au-sein-du-groupe-droit-des-societes-fusions-et-acquisitions-et-valeurs-mobilieres-a-titre-dassocie\/","name":"Miller Thomson accueille de nouveau Abid Ahmed au sein du groupe Droit des soci\u00e9t\u00e9s, fusions et acquisitions, et valeurs mobili\u00e8res \u00e0 titre d\u2019associ\u00e9 | Miller Thomson","isPartOf":{"@id":"https:\/\/www.millerthomson.com\/fr\/#website"},"primaryImageOfPage":{"@id":"https:\/\/www.millerthomson.com\/fr\/nouvelles\/miller-thomson-accueille-de-nouveau-abid-ahmed-au-sein-du-groupe-droit-des-societes-fusions-et-acquisitions-et-valeurs-mobilieres-a-titre-dassocie\/#primaryimage"},"image":{"@id":"https:\/\/www.millerthomson.com\/fr\/nouvelles\/miller-thomson-accueille-de-nouveau-abid-ahmed-au-sein-du-groupe-droit-des-societes-fusions-et-acquisitions-et-valeurs-mobilieres-a-titre-dassocie\/#primaryimage"},"thumbnailUrl":"https:\/\/www.millerthomson.com\/wp-content\/uploads\/2025\/07\/featured_news_toronto.jpg","datePublished":"2025-09-08T12:55:00+00:00","dateModified":"2025-09-08T16:18:56+00:00","breadcrumb":{"@id":"https:\/\/www.millerthomson.com\/fr\/nouvelles\/miller-thomson-accueille-de-nouveau-abid-ahmed-au-sein-du-groupe-droit-des-societes-fusions-et-acquisitions-et-valeurs-mobilieres-a-titre-dassocie\/#breadcrumb"},"inLanguage":"fr-FR","potentialAction":[{"@type":"ReadAction","target":["https:\/\/www.millerthomson.com\/fr\/nouvelles\/miller-thomson-accueille-de-nouveau-abid-ahmed-au-sein-du-groupe-droit-des-societes-fusions-et-acquisitions-et-valeurs-mobilieres-a-titre-dassocie\/"]}]},{"@type":"ImageObject","inLanguage":"fr-FR","@id":"https:\/\/www.millerthomson.com\/fr\/nouvelles\/miller-thomson-accueille-de-nouveau-abid-ahmed-au-sein-du-groupe-droit-des-societes-fusions-et-acquisitions-et-valeurs-mobilieres-a-titre-dassocie\/#primaryimage","url":"https:\/\/www.millerthomson.com\/wp-content\/uploads\/2025\/07\/featured_news_toronto.jpg","contentUrl":"https:\/\/www.millerthomson.com\/wp-content\/uploads\/2025\/07\/featured_news_toronto.jpg","width":1920,"height":1098,"caption":"view of downtown Toronto skyline and CN Tower"},{"@type":"BreadcrumbList","@id":"https:\/\/www.millerthomson.com\/fr\/nouvelles\/miller-thomson-accueille-de-nouveau-abid-ahmed-au-sein-du-groupe-droit-des-societes-fusions-et-acquisitions-et-valeurs-mobilieres-a-titre-dassocie\/#breadcrumb","itemListElement":[{"@type":"ListItem","position":1,"name":"Accueil","item":"https:\/\/www.millerthomson.com\/fr\/"},{"@type":"ListItem","position":2,"name":"Nouvelles","item":"https:\/\/www.millerthomson.com\/fr\/nouvelles\/"},{"@type":"ListItem","position":3,"name":"Miller Thomson accueille de nouveau Abid Ahmed au sein du groupe Droit des soci\u00e9t\u00e9s, fusions et acquisitions, et valeurs mobili\u00e8res \u00e0 titre d\u2019associ\u00e9"}]},{"@type":"WebSite","@id":"https:\/\/www.millerthomson.com\/fr\/#website","url":"https:\/\/www.millerthomson.com\/fr\/","name":"Miller Thomson | Cabinet de droit des affaires pancanadien","description":"National law firm providing business law expertise and litigation and disputes services for businesses across Canada since 1957.","publisher":{"@id":"https:\/\/www.millerthomson.com\/fr\/#organization"},"potentialAction":[{"@type":"SearchAction","target":{"@type":"EntryPoint","urlTemplate":"https:\/\/www.millerthomson.com\/fr\/?s={search_term_string}"},"query-input":{"@type":"PropertyValueSpecification","valueRequired":true,"valueName":"search_term_string"}}],"inLanguage":"fr-FR"},{"@type":"Organization","@id":"https:\/\/www.millerthomson.com\/fr\/#organization","name":"Miller Thomson | Cabinet de droit des affaires pancanadien","url":"https:\/\/www.millerthomson.com\/fr\/","logo":{"@type":"ImageObject","inLanguage":"fr-FR","@id":"https:\/\/www.millerthomson.com\/fr\/#\/schema\/logo\/image\/","url":"https:\/\/www.millerthomson.com\/wp-content\/uploads\/2024\/10\/miller-thomson.svg","contentUrl":"https:\/\/www.millerthomson.com\/wp-content\/uploads\/2024\/10\/miller-thomson.svg","width":380,"height":50,"caption":"Miller Thomson | Cabinet de droit des affaires pancanadien"},"image":{"@id":"https:\/\/www.millerthomson.com\/fr\/#\/schema\/logo\/image\/"},"sameAs":["https:\/\/www.facebook.com\/MillerThomsonLaw\/","https:\/\/x.com\/millerthomson","https:\/\/www.linkedin.com\/company\/miller-thomson-llp\/","https:\/\/www.youtube.com\/@millerthomson"]},{"@type":"Person","@id":"https:\/\/www.millerthomson.com\/fr\/#\/schema\/person\/5473b50a564d1e37f327fdd79cb348f6","name":"Katherine Chan","image":{"@type":"ImageObject","inLanguage":"fr-FR","@id":"https:\/\/www.millerthomson.com\/fr\/#\/schema\/person\/image\/","url":"https:\/\/secure.gravatar.com\/avatar\/da8a18c240b27905220d948a87957ba19ab6de326b44a2ce3072235c121f996f?s=96&d=mm&r=g","contentUrl":"https:\/\/secure.gravatar.com\/avatar\/da8a18c240b27905220d948a87957ba19ab6de326b44a2ce3072235c121f996f?s=96&d=mm&r=g","caption":"Katherine Chan"}}]}},"_links":{"self":[{"href":"https:\/\/www.millerthomson.com\/fr\/wp-json\/wp\/v2\/news\/37912","targetHints":{"allow":["GET"]}}],"collection":[{"href":"https:\/\/www.millerthomson.com\/fr\/wp-json\/wp\/v2\/news"}],"about":[{"href":"https:\/\/www.millerthomson.com\/fr\/wp-json\/wp\/v2\/types\/news"}],"author":[{"embeddable":true,"href":"https:\/\/www.millerthomson.com\/fr\/wp-json\/wp\/v2\/users\/5"}],"version-history":[{"count":0,"href":"https:\/\/www.millerthomson.com\/fr\/wp-json\/wp\/v2\/news\/37912\/revisions"}],"wp:featuredmedia":[{"embeddable":true,"href":"https:\/\/www.millerthomson.com\/fr\/wp-json\/wp\/v2\/media\/35052"}],"wp:attachment":[{"href":"https:\/\/www.millerthomson.com\/fr\/wp-json\/wp\/v2\/media?parent=37912"}],"wp:term":[{"taxonomy":"news-category","embeddable":true,"href":"https:\/\/www.millerthomson.com\/fr\/wp-json\/wp\/v2\/news-category?post=37912"}],"curies":[{"name":"wp","href":"https:\/\/api.w.org\/{rel}","templated":true}]}}