{"id":35696,"date":"2025-07-14T08:09:00","date_gmt":"2025-07-14T12:09:00","guid":{"rendered":"https:\/\/www.millerthomson.com\/?post_type=news&#038;p=35696"},"modified":"2025-07-14T12:02:46","modified_gmt":"2025-07-14T16:02:46","slug":"gordon-van-vliet-se-joint-a-lequipe-de-droit-immobilier-de-miller-thomson","status":"publish","type":"news","link":"https:\/\/www.millerthomson.com\/fr\/nouvelles\/gordon-van-vliet-se-joint-a-lequipe-de-droit-immobilier-de-miller-thomson\/","title":{"rendered":"Gordon Van Vliet se joint \u00e0 l\u2019\u00e9quipe de droit immobilier de Miller Thomson"},"content":{"rendered":"\n<p>Miller Thomson a le plaisir d\u2019accueillir <a href=\"https:\/\/www.millerthomson.com\/fr\/votre-equipe\/gordon-van-vliet\/\">Gordon Van Vliet<\/a>, qui s\u2019est joint \u00e0 son groupe <a href=\"https:\/\/www.millerthomson.com\/fr\/secteurs\/immobilier\/transactions-immobilieres-et-baux\/\">Transactions immobili\u00e8res et baux<\/a> le 7 juillet en tant qu\u2019associ\u00e9. \u00c9tabli \u00e0 Calgary, Gord compte 25 ans d\u2019exp\u00e9rience dans la gestion de dossiers complexes d\u2019immobilier commercial aupr\u00e8s de promoteurs priv\u00e9s et publics de l\u2019Alberta et de la Colombie-Britannique.<\/p>\n\n\n\n<p>Gord intervient notamment dans les domaines de l\u2019am\u00e9nagement du territoire, des acquisitions et des ventes, des baux, des structures de copropri\u00e9t\u00e9, des pr\u00eats garantis, de la construction ainsi que de la planification municipale. Son arriv\u00e9e vient renforcer la capacit\u00e9 du cabinet \u00e0 soutenir ses clients dans la r\u00e9alisation de projets immobiliers dans l\u2019Ouest canadien.<\/p>\n\n\n\n<p>Gord est reconnu pour son expertise des projets complexes de copropri\u00e9t\u00e9s \u00e0 usage mixte, qui exigent une coordination \u00e9troite entre les volets r\u00e9sidentiels et commerciaux. Il conseille \u00e9galement des entreprises sur des questions juridiques et commerciales plus g\u00e9n\u00e9rales, telles que la structuration d\u2019entit\u00e9s, la gestion des risques, la r\u00e9solution de diff\u00e9rends et la planification fiscale.<\/p>\n\n\n\n<p>\u00ab Gord se joint \u00e0 notre \u00e9quipe \u00e0 un moment critique, alors que nous poursuivons activement notre croissance pour r\u00e9pondre \u00e0 la demande du march\u00e9 en mati\u00e8re de conseils avis\u00e9s et proactifs \u00bb, affirme <a href=\"https:\/\/www.millerthomson.com\/fr\/votre-equipe\/jay-m-hoffman\/\">Jay Hoffman<\/a>, pr\u00e9sident du groupe national de droit des affaires de Miller Thomson. \u00ab Le secteur de l\u2019immobilier a connu de profondes transformations ces derni\u00e8res ann\u00e9es. Nous traversons une p\u00e9riode de changement marqu\u00e9e par de nouvelles possibilit\u00e9s, mais qui demande \u00e9galement un accompagnement juridique strat\u00e9gique et exp\u00e9riment\u00e9. \u00bb<\/p>\n\n\n\n<p>Miller Thomson a \u00e9galement accueilli <a href=\"https:\/\/www.millerthomson.com\/fr\/votre-equipe\/ciaron-czajkowski\/\">Ciaron Czajkowski<\/a> au sein de son \u00e9quipe Transactions immobili\u00e8res et baux.<\/p>\n\n\n\n<p><\/p>\n","protected":false},"author":5,"featured_media":35060,"template":"","news-category":[654],"class_list":["post-35696","news","type-news","status-publish","has-post-thumbnail","hentry"],"acf":[],"yoast_head":"<!-- This site is optimized with the Yoast SEO plugin v26.1.1 - https:\/\/yoast.com\/wordpress\/plugins\/seo\/ -->\n<title>Gordon Van Vliet se joint \u00e0 l\u2019\u00e9quipe de droit immobilier de Miller Thomson | Miller Thomson<\/title>\n<meta name=\"robots\" content=\"index, follow, max-snippet:-1, max-image-preview:large, max-video-preview:-1\" \/>\n<link rel=\"canonical\" href=\"https:\/\/www.millerthomson.com\/fr\/nouvelles\/gordon-van-vliet-se-joint-a-lequipe-de-droit-immobilier-de-miller-thomson\/\" \/>\n<meta property=\"og:locale\" content=\"fr_FR\" \/>\n<meta property=\"og:type\" content=\"article\" \/>\n<meta property=\"og:title\" content=\"Gordon Van Vliet se joint \u00e0 l\u2019\u00e9quipe de droit immobilier de Miller Thomson | Miller Thomson\" \/>\n<meta property=\"og:description\" content=\"Miller Thomson a le plaisir d\u2019accueillir Gordon Van Vliet, qui s\u2019est joint \u00e0 son groupe Transactions immobili\u00e8res et baux le 7 juillet en tant qu\u2019associ\u00e9. \u00c9tabli \u00e0 Calgary, Gord compte 25 ans d\u2019exp\u00e9rience dans la gestion de dossiers complexes d\u2019immobilier commercial aupr\u00e8s de promoteurs priv\u00e9s et publics de l\u2019Alberta et de la Colombie-Britannique. Gord intervient [&hellip;]\" \/>\n<meta property=\"og:url\" content=\"https:\/\/www.millerthomson.com\/fr\/nouvelles\/gordon-van-vliet-se-joint-a-lequipe-de-droit-immobilier-de-miller-thomson\/\" \/>\n<meta property=\"og:site_name\" content=\"Miller Thomson\" \/>\n<meta property=\"article:publisher\" content=\"https:\/\/www.facebook.com\/MillerThomsonLaw\/\" \/>\n<meta property=\"article:modified_time\" content=\"2025-07-14T16:02:46+00:00\" \/>\n<meta property=\"og:image\" content=\"https:\/\/www.millerthomson.com\/wp-content\/uploads\/2025\/07\/featured_news_calgary.jpg\" \/>\n\t<meta property=\"og:image:width\" content=\"1920\" \/>\n\t<meta property=\"og:image:height\" content=\"1098\" \/>\n\t<meta property=\"og:image:type\" content=\"image\/jpeg\" \/>\n<meta name=\"twitter:card\" content=\"summary_large_image\" \/>\n<meta name=\"twitter:site\" content=\"@millerthomson\" \/>\n<meta name=\"twitter:label1\" content=\"Est. reading time\" \/>\n\t<meta name=\"twitter:data1\" content=\"2 minutes\" \/>\n<script type=\"application\/ld+json\" class=\"yoast-schema-graph\">{\"@context\":\"https:\/\/schema.org\",\"@graph\":[{\"@type\":\"NewsArticle\",\"@id\":\"https:\/\/www.millerthomson.com\/fr\/nouvelles\/gordon-van-vliet-se-joint-a-lequipe-de-droit-immobilier-de-miller-thomson\/#article\",\"isPartOf\":{\"@id\":\"https:\/\/www.millerthomson.com\/fr\/nouvelles\/gordon-van-vliet-se-joint-a-lequipe-de-droit-immobilier-de-miller-thomson\/\"},\"author\":{\"name\":\"Katherine Chan\",\"@id\":\"https:\/\/www.millerthomson.com\/fr\/#\/schema\/person\/5473b50a564d1e37f327fdd79cb348f6\"},\"headline\":\"Gordon Van Vliet se joint \u00e0 l\u2019\u00e9quipe de droit immobilier de Miller Thomson\",\"datePublished\":\"2025-07-14T12:09:00+00:00\",\"dateModified\":\"2025-07-14T16:02:46+00:00\",\"mainEntityOfPage\":{\"@id\":\"https:\/\/www.millerthomson.com\/fr\/nouvelles\/gordon-van-vliet-se-joint-a-lequipe-de-droit-immobilier-de-miller-thomson\/\"},\"wordCount\":299,\"publisher\":{\"@id\":\"https:\/\/www.millerthomson.com\/fr\/#organization\"},\"image\":{\"@id\":\"https:\/\/www.millerthomson.com\/fr\/nouvelles\/gordon-van-vliet-se-joint-a-lequipe-de-droit-immobilier-de-miller-thomson\/#primaryimage\"},\"thumbnailUrl\":\"https:\/\/www.millerthomson.com\/wp-content\/uploads\/2025\/07\/featured_news_calgary.jpg\",\"inLanguage\":\"fr-FR\"},{\"@type\":\"WebPage\",\"@id\":\"https:\/\/www.millerthomson.com\/fr\/nouvelles\/gordon-van-vliet-se-joint-a-lequipe-de-droit-immobilier-de-miller-thomson\/\",\"url\":\"https:\/\/www.millerthomson.com\/fr\/nouvelles\/gordon-van-vliet-se-joint-a-lequipe-de-droit-immobilier-de-miller-thomson\/\",\"name\":\"Gordon Van Vliet se joint \u00e0 l\u2019\u00e9quipe de droit immobilier de Miller Thomson | Miller Thomson\",\"isPartOf\":{\"@id\":\"https:\/\/www.millerthomson.com\/fr\/#website\"},\"primaryImageOfPage\":{\"@id\":\"https:\/\/www.millerthomson.com\/fr\/nouvelles\/gordon-van-vliet-se-joint-a-lequipe-de-droit-immobilier-de-miller-thomson\/#primaryimage\"},\"image\":{\"@id\":\"https:\/\/www.millerthomson.com\/fr\/nouvelles\/gordon-van-vliet-se-joint-a-lequipe-de-droit-immobilier-de-miller-thomson\/#primaryimage\"},\"thumbnailUrl\":\"https:\/\/www.millerthomson.com\/wp-content\/uploads\/2025\/07\/featured_news_calgary.jpg\",\"datePublished\":\"2025-07-14T12:09:00+00:00\",\"dateModified\":\"2025-07-14T16:02:46+00:00\",\"breadcrumb\":{\"@id\":\"https:\/\/www.millerthomson.com\/fr\/nouvelles\/gordon-van-vliet-se-joint-a-lequipe-de-droit-immobilier-de-miller-thomson\/#breadcrumb\"},\"inLanguage\":\"fr-FR\",\"potentialAction\":[{\"@type\":\"ReadAction\",\"target\":[\"https:\/\/www.millerthomson.com\/fr\/nouvelles\/gordon-van-vliet-se-joint-a-lequipe-de-droit-immobilier-de-miller-thomson\/\"]}]},{\"@type\":\"ImageObject\",\"inLanguage\":\"fr-FR\",\"@id\":\"https:\/\/www.millerthomson.com\/fr\/nouvelles\/gordon-van-vliet-se-joint-a-lequipe-de-droit-immobilier-de-miller-thomson\/#primaryimage\",\"url\":\"https:\/\/www.millerthomson.com\/wp-content\/uploads\/2025\/07\/featured_news_calgary.jpg\",\"contentUrl\":\"https:\/\/www.millerthomson.com\/wp-content\/uploads\/2025\/07\/featured_news_calgary.jpg\",\"width\":1920,\"height\":1098},{\"@type\":\"BreadcrumbList\",\"@id\":\"https:\/\/www.millerthomson.com\/fr\/nouvelles\/gordon-van-vliet-se-joint-a-lequipe-de-droit-immobilier-de-miller-thomson\/#breadcrumb\",\"itemListElement\":[{\"@type\":\"ListItem\",\"position\":1,\"name\":\"Accueil\",\"item\":\"https:\/\/www.millerthomson.com\/fr\/\"},{\"@type\":\"ListItem\",\"position\":2,\"name\":\"Nouvelles\",\"item\":\"https:\/\/www.millerthomson.com\/fr\/nouvelles\/\"},{\"@type\":\"ListItem\",\"position\":3,\"name\":\"Gordon Van Vliet se joint \u00e0 l\u2019\u00e9quipe de droit immobilier de Miller Thomson\"}]},{\"@type\":\"WebSite\",\"@id\":\"https:\/\/www.millerthomson.com\/fr\/#website\",\"url\":\"https:\/\/www.millerthomson.com\/fr\/\",\"name\":\"Miller Thomson | Cabinet de droit des affaires pancanadien\",\"description\":\"National law firm providing business law expertise and litigation and disputes services for businesses across Canada since 1957.\",\"publisher\":{\"@id\":\"https:\/\/www.millerthomson.com\/fr\/#organization\"},\"potentialAction\":[{\"@type\":\"SearchAction\",\"target\":{\"@type\":\"EntryPoint\",\"urlTemplate\":\"https:\/\/www.millerthomson.com\/fr\/?s={search_term_string}\"},\"query-input\":{\"@type\":\"PropertyValueSpecification\",\"valueRequired\":true,\"valueName\":\"search_term_string\"}}],\"inLanguage\":\"fr-FR\"},{\"@type\":\"Organization\",\"@id\":\"https:\/\/www.millerthomson.com\/fr\/#organization\",\"name\":\"Miller Thomson | Cabinet de droit des affaires pancanadien\",\"url\":\"https:\/\/www.millerthomson.com\/fr\/\",\"logo\":{\"@type\":\"ImageObject\",\"inLanguage\":\"fr-FR\",\"@id\":\"https:\/\/www.millerthomson.com\/fr\/#\/schema\/logo\/image\/\",\"url\":\"https:\/\/www.millerthomson.com\/wp-content\/uploads\/2024\/10\/miller-thomson.svg\",\"contentUrl\":\"https:\/\/www.millerthomson.com\/wp-content\/uploads\/2024\/10\/miller-thomson.svg\",\"width\":380,\"height\":50,\"caption\":\"Miller Thomson | Cabinet de droit des affaires pancanadien\"},\"image\":{\"@id\":\"https:\/\/www.millerthomson.com\/fr\/#\/schema\/logo\/image\/\"},\"sameAs\":[\"https:\/\/www.facebook.com\/MillerThomsonLaw\/\",\"https:\/\/x.com\/millerthomson\",\"https:\/\/www.linkedin.com\/company\/miller-thomson-llp\/\",\"https:\/\/www.youtube.com\/@millerthomson\"]},{\"@type\":\"Person\",\"@id\":\"https:\/\/www.millerthomson.com\/fr\/#\/schema\/person\/5473b50a564d1e37f327fdd79cb348f6\",\"name\":\"Katherine Chan\",\"image\":{\"@type\":\"ImageObject\",\"inLanguage\":\"fr-FR\",\"@id\":\"https:\/\/www.millerthomson.com\/fr\/#\/schema\/person\/image\/\",\"url\":\"https:\/\/secure.gravatar.com\/avatar\/da8a18c240b27905220d948a87957ba19ab6de326b44a2ce3072235c121f996f?s=96&d=mm&r=g\",\"contentUrl\":\"https:\/\/secure.gravatar.com\/avatar\/da8a18c240b27905220d948a87957ba19ab6de326b44a2ce3072235c121f996f?s=96&d=mm&r=g\",\"caption\":\"Katherine Chan\"}}]}<\/script>\n<!-- \/ Yoast SEO plugin. -->","yoast_head_json":{"title":"Gordon Van Vliet se joint \u00e0 l\u2019\u00e9quipe de droit immobilier de Miller Thomson | Miller Thomson","robots":{"index":"index","follow":"follow","max-snippet":"max-snippet:-1","max-image-preview":"max-image-preview:large","max-video-preview":"max-video-preview:-1"},"canonical":"https:\/\/www.millerthomson.com\/fr\/nouvelles\/gordon-van-vliet-se-joint-a-lequipe-de-droit-immobilier-de-miller-thomson\/","og_locale":"fr_FR","og_type":"article","og_title":"Gordon Van Vliet se joint \u00e0 l\u2019\u00e9quipe de droit immobilier de Miller Thomson | Miller Thomson","og_description":"Miller Thomson a le plaisir d\u2019accueillir Gordon Van Vliet, qui s\u2019est joint \u00e0 son groupe Transactions immobili\u00e8res et baux le 7 juillet en tant qu\u2019associ\u00e9. \u00c9tabli \u00e0 Calgary, Gord compte 25 ans d\u2019exp\u00e9rience dans la gestion de dossiers complexes d\u2019immobilier commercial aupr\u00e8s de promoteurs priv\u00e9s et publics de l\u2019Alberta et de la Colombie-Britannique. Gord intervient [&hellip;]","og_url":"https:\/\/www.millerthomson.com\/fr\/nouvelles\/gordon-van-vliet-se-joint-a-lequipe-de-droit-immobilier-de-miller-thomson\/","og_site_name":"Miller Thomson","article_publisher":"https:\/\/www.facebook.com\/MillerThomsonLaw\/","article_modified_time":"2025-07-14T16:02:46+00:00","og_image":[{"width":1920,"height":1098,"url":"https:\/\/www.millerthomson.com\/wp-content\/uploads\/2025\/07\/featured_news_calgary.jpg","type":"image\/jpeg"}],"twitter_card":"summary_large_image","twitter_site":"@millerthomson","twitter_misc":{"Est. reading time":"2 minutes"},"schema":{"@context":"https:\/\/schema.org","@graph":[{"@type":"NewsArticle","@id":"https:\/\/www.millerthomson.com\/fr\/nouvelles\/gordon-van-vliet-se-joint-a-lequipe-de-droit-immobilier-de-miller-thomson\/#article","isPartOf":{"@id":"https:\/\/www.millerthomson.com\/fr\/nouvelles\/gordon-van-vliet-se-joint-a-lequipe-de-droit-immobilier-de-miller-thomson\/"},"author":{"name":"Katherine Chan","@id":"https:\/\/www.millerthomson.com\/fr\/#\/schema\/person\/5473b50a564d1e37f327fdd79cb348f6"},"headline":"Gordon Van Vliet se joint \u00e0 l\u2019\u00e9quipe de droit immobilier de Miller Thomson","datePublished":"2025-07-14T12:09:00+00:00","dateModified":"2025-07-14T16:02:46+00:00","mainEntityOfPage":{"@id":"https:\/\/www.millerthomson.com\/fr\/nouvelles\/gordon-van-vliet-se-joint-a-lequipe-de-droit-immobilier-de-miller-thomson\/"},"wordCount":299,"publisher":{"@id":"https:\/\/www.millerthomson.com\/fr\/#organization"},"image":{"@id":"https:\/\/www.millerthomson.com\/fr\/nouvelles\/gordon-van-vliet-se-joint-a-lequipe-de-droit-immobilier-de-miller-thomson\/#primaryimage"},"thumbnailUrl":"https:\/\/www.millerthomson.com\/wp-content\/uploads\/2025\/07\/featured_news_calgary.jpg","inLanguage":"fr-FR"},{"@type":"WebPage","@id":"https:\/\/www.millerthomson.com\/fr\/nouvelles\/gordon-van-vliet-se-joint-a-lequipe-de-droit-immobilier-de-miller-thomson\/","url":"https:\/\/www.millerthomson.com\/fr\/nouvelles\/gordon-van-vliet-se-joint-a-lequipe-de-droit-immobilier-de-miller-thomson\/","name":"Gordon Van Vliet se joint \u00e0 l\u2019\u00e9quipe de droit immobilier de Miller Thomson | Miller Thomson","isPartOf":{"@id":"https:\/\/www.millerthomson.com\/fr\/#website"},"primaryImageOfPage":{"@id":"https:\/\/www.millerthomson.com\/fr\/nouvelles\/gordon-van-vliet-se-joint-a-lequipe-de-droit-immobilier-de-miller-thomson\/#primaryimage"},"image":{"@id":"https:\/\/www.millerthomson.com\/fr\/nouvelles\/gordon-van-vliet-se-joint-a-lequipe-de-droit-immobilier-de-miller-thomson\/#primaryimage"},"thumbnailUrl":"https:\/\/www.millerthomson.com\/wp-content\/uploads\/2025\/07\/featured_news_calgary.jpg","datePublished":"2025-07-14T12:09:00+00:00","dateModified":"2025-07-14T16:02:46+00:00","breadcrumb":{"@id":"https:\/\/www.millerthomson.com\/fr\/nouvelles\/gordon-van-vliet-se-joint-a-lequipe-de-droit-immobilier-de-miller-thomson\/#breadcrumb"},"inLanguage":"fr-FR","potentialAction":[{"@type":"ReadAction","target":["https:\/\/www.millerthomson.com\/fr\/nouvelles\/gordon-van-vliet-se-joint-a-lequipe-de-droit-immobilier-de-miller-thomson\/"]}]},{"@type":"ImageObject","inLanguage":"fr-FR","@id":"https:\/\/www.millerthomson.com\/fr\/nouvelles\/gordon-van-vliet-se-joint-a-lequipe-de-droit-immobilier-de-miller-thomson\/#primaryimage","url":"https:\/\/www.millerthomson.com\/wp-content\/uploads\/2025\/07\/featured_news_calgary.jpg","contentUrl":"https:\/\/www.millerthomson.com\/wp-content\/uploads\/2025\/07\/featured_news_calgary.jpg","width":1920,"height":1098},{"@type":"BreadcrumbList","@id":"https:\/\/www.millerthomson.com\/fr\/nouvelles\/gordon-van-vliet-se-joint-a-lequipe-de-droit-immobilier-de-miller-thomson\/#breadcrumb","itemListElement":[{"@type":"ListItem","position":1,"name":"Accueil","item":"https:\/\/www.millerthomson.com\/fr\/"},{"@type":"ListItem","position":2,"name":"Nouvelles","item":"https:\/\/www.millerthomson.com\/fr\/nouvelles\/"},{"@type":"ListItem","position":3,"name":"Gordon Van Vliet se joint \u00e0 l\u2019\u00e9quipe de droit immobilier de Miller Thomson"}]},{"@type":"WebSite","@id":"https:\/\/www.millerthomson.com\/fr\/#website","url":"https:\/\/www.millerthomson.com\/fr\/","name":"Miller Thomson | Cabinet de droit des affaires pancanadien","description":"National law firm providing business law expertise and litigation and disputes services for businesses across Canada since 1957.","publisher":{"@id":"https:\/\/www.millerthomson.com\/fr\/#organization"},"potentialAction":[{"@type":"SearchAction","target":{"@type":"EntryPoint","urlTemplate":"https:\/\/www.millerthomson.com\/fr\/?s={search_term_string}"},"query-input":{"@type":"PropertyValueSpecification","valueRequired":true,"valueName":"search_term_string"}}],"inLanguage":"fr-FR"},{"@type":"Organization","@id":"https:\/\/www.millerthomson.com\/fr\/#organization","name":"Miller Thomson | Cabinet de droit des affaires pancanadien","url":"https:\/\/www.millerthomson.com\/fr\/","logo":{"@type":"ImageObject","inLanguage":"fr-FR","@id":"https:\/\/www.millerthomson.com\/fr\/#\/schema\/logo\/image\/","url":"https:\/\/www.millerthomson.com\/wp-content\/uploads\/2024\/10\/miller-thomson.svg","contentUrl":"https:\/\/www.millerthomson.com\/wp-content\/uploads\/2024\/10\/miller-thomson.svg","width":380,"height":50,"caption":"Miller Thomson | Cabinet de droit des affaires pancanadien"},"image":{"@id":"https:\/\/www.millerthomson.com\/fr\/#\/schema\/logo\/image\/"},"sameAs":["https:\/\/www.facebook.com\/MillerThomsonLaw\/","https:\/\/x.com\/millerthomson","https:\/\/www.linkedin.com\/company\/miller-thomson-llp\/","https:\/\/www.youtube.com\/@millerthomson"]},{"@type":"Person","@id":"https:\/\/www.millerthomson.com\/fr\/#\/schema\/person\/5473b50a564d1e37f327fdd79cb348f6","name":"Katherine Chan","image":{"@type":"ImageObject","inLanguage":"fr-FR","@id":"https:\/\/www.millerthomson.com\/fr\/#\/schema\/person\/image\/","url":"https:\/\/secure.gravatar.com\/avatar\/da8a18c240b27905220d948a87957ba19ab6de326b44a2ce3072235c121f996f?s=96&d=mm&r=g","contentUrl":"https:\/\/secure.gravatar.com\/avatar\/da8a18c240b27905220d948a87957ba19ab6de326b44a2ce3072235c121f996f?s=96&d=mm&r=g","caption":"Katherine Chan"}}]}},"_links":{"self":[{"href":"https:\/\/www.millerthomson.com\/fr\/wp-json\/wp\/v2\/news\/35696","targetHints":{"allow":["GET"]}}],"collection":[{"href":"https:\/\/www.millerthomson.com\/fr\/wp-json\/wp\/v2\/news"}],"about":[{"href":"https:\/\/www.millerthomson.com\/fr\/wp-json\/wp\/v2\/types\/news"}],"author":[{"embeddable":true,"href":"https:\/\/www.millerthomson.com\/fr\/wp-json\/wp\/v2\/users\/5"}],"version-history":[{"count":0,"href":"https:\/\/www.millerthomson.com\/fr\/wp-json\/wp\/v2\/news\/35696\/revisions"}],"wp:featuredmedia":[{"embeddable":true,"href":"https:\/\/www.millerthomson.com\/fr\/wp-json\/wp\/v2\/media\/35060"}],"wp:attachment":[{"href":"https:\/\/www.millerthomson.com\/fr\/wp-json\/wp\/v2\/media?parent=35696"}],"wp:term":[{"taxonomy":"news-category","embeddable":true,"href":"https:\/\/www.millerthomson.com\/fr\/wp-json\/wp\/v2\/news-category?post=35696"}],"curies":[{"name":"wp","href":"https:\/\/api.w.org\/{rel}","templated":true}]}}