{"id":35041,"date":"2025-07-02T08:25:00","date_gmt":"2025-07-02T12:25:00","guid":{"rendered":"https:\/\/www.millerthomson.com\/?post_type=news&#038;p=35041"},"modified":"2025-06-30T11:57:32","modified_gmt":"2025-06-30T15:57:32","slug":"miller-thomson-annonce-une-mise-a-jour-au-niveau-de-son-leadership","status":"publish","type":"news","link":"https:\/\/www.millerthomson.com\/fr\/nouvelles\/miller-thomson-annonce-une-mise-a-jour-au-niveau-de-son-leadership\/","title":{"rendered":"Miller Thomson annonce une mise \u00e0 jour au niveau de son leadership"},"content":{"rendered":"\n<p>Miller Thomson est fier de pr\u00e9senter les nouveaux membres du son comit\u00e9 de direction :<\/p>\n\n\n\n<ul class=\"wp-block-list\">\n<li><a href=\"https:\/\/www.millerthomson.com\/fr\/votre-equipe\/michael-j-morcom\/\">Michael Morcom<\/a> \u2013 Associ\u00e9 directeur de la r\u00e9gion de l\u2019Ouest du Canada<\/li>\n\n\n\n<li><a href=\"https:\/\/www.millerthomson.com\/fr\/votre-equipe\/kenneth-r-rosenstein\/\">Kenneth Rosenstein<\/a> \u2013 Associ\u00e9 directeur de la r\u00e9gion de l\u2019Ontario<\/li>\n<\/ul>\n\n\n\n<p><a href=\"https:\/\/www.millerthomson.com\/fr\/votre-equipe\/kelly-a-charlebois\/\">Kelly Charlebois<\/a> (Toronto), <a href=\"https:\/\/www.millerthomson.com\/fr\/votre-equipe\/riccardo-rick-del-vecchio\/\">Riccardo Del Vecchio<\/a> (Vaughan), <a href=\"https:\/\/www.millerthomson.com\/fr\/votre-equipe\/nicole-t-taylor-smith-1\/\">Nicole Taylor-Smith<\/a> (Calgary) et <a href=\"https:\/\/www.millerthomson.com\/fr\/votre-equipe\/claudia-desjardins-belisle\/\">Claudia Desjardins B\u00e9lisle<\/a> (Montr\u00e9al) occupent le r\u00f4le d\u2019associ\u00e9 directeur de leur bureau respectif.<\/p>\n\n\n\n<p>Nous remercions chaleureusement <a href=\"https:\/\/www.millerthomson.com\/fr\/votre-equipe\/e-peter-auvinen\/\">Peter Auvinen<\/a>, <a href=\"https:\/\/www.millerthomson.com\/fr\/votre-equipe\/sandra-l-hawes\/\">Sandra L. Hawes, c.r.<\/a>, et <a href=\"https:\/\/www.millerthomson.com\/fr\/votre-equipe\/nora-f-osbaldeston\/\">Nora Osbaldeston<\/a>, qui terminent leur mandat au sein du comit\u00e9 de direction. Leur leadership et leur engagement au fil des ans ont contribu\u00e9 \u00e0 b\u00e2tir le cabinet tel que nous le connaissons aujourd\u2019hui.<\/p>\n\n\n\n<p>Tourn\u00e9s vers l\u2019avenir, nous restons unis par une vision nationale et par notre engagement \u00e0 offrir une valeur exceptionnelle \u00e0 nos clients, partout au Canada.<\/p>\n\n\n\n<figure class=\"wp-block-embed is-type-video is-provider-youtube wp-block-embed-youtube wp-embed-aspect-16-9 wp-has-aspect-ratio\"><div class=\"wp-block-embed__wrapper\">\n<iframe loading=\"lazy\" title=\"Nominations au sein du leadership\" width=\"500\" height=\"281\" src=\"https:\/\/www.youtube.com\/embed\/TGEp_5EkCe4?feature=oembed\" frameborder=\"0\" allow=\"accelerometer; autoplay; clipboard-write; encrypted-media; gyroscope; picture-in-picture; web-share\" referrerpolicy=\"strict-origin-when-cross-origin\" allowfullscreen><\/iframe>\n<\/div><\/figure>\n\n\n\n<p><\/p>\n","protected":false},"author":5,"featured_media":40428,"template":"","news-category":[654],"class_list":["post-35041","news","type-news","status-publish","has-post-thumbnail","hentry"],"acf":[],"yoast_head":"<!-- This site is optimized with the Yoast SEO plugin v26.1.1 - https:\/\/yoast.com\/wordpress\/plugins\/seo\/ -->\n<title>Miller Thomson annonce une mise \u00e0 jour au niveau de son leadership | Miller Thomson<\/title>\n<meta name=\"robots\" content=\"index, follow, max-snippet:-1, max-image-preview:large, max-video-preview:-1\" \/>\n<link rel=\"canonical\" href=\"https:\/\/www.millerthomson.com\/fr\/nouvelles\/miller-thomson-annonce-une-mise-a-jour-au-niveau-de-son-leadership\/\" \/>\n<meta property=\"og:locale\" content=\"fr_FR\" \/>\n<meta property=\"og:type\" content=\"article\" \/>\n<meta property=\"og:title\" content=\"Miller Thomson annonce une mise \u00e0 jour au niveau de son leadership | Miller Thomson\" \/>\n<meta property=\"og:description\" content=\"Miller Thomson est fier de pr\u00e9senter les nouveaux membres du son comit\u00e9 de direction : Kelly Charlebois (Toronto), Riccardo Del Vecchio (Vaughan), Nicole Taylor-Smith (Calgary) et Claudia Desjardins B\u00e9lisle (Montr\u00e9al) occupent le r\u00f4le d\u2019associ\u00e9 directeur de leur bureau respectif. Nous remercions chaleureusement Peter Auvinen, Sandra L. Hawes, c.r., et Nora Osbaldeston, qui terminent leur mandat [&hellip;]\" \/>\n<meta property=\"og:url\" content=\"https:\/\/www.millerthomson.com\/fr\/nouvelles\/miller-thomson-annonce-une-mise-a-jour-au-niveau-de-son-leadership\/\" \/>\n<meta property=\"og:site_name\" content=\"Miller Thomson\" \/>\n<meta property=\"article:publisher\" content=\"https:\/\/www.facebook.com\/MillerThomsonLaw\/\" \/>\n<meta property=\"og:image\" content=\"https:\/\/www.millerthomson.com\/wp-content\/uploads\/2025\/07\/featured_news_skyscraper-600x343.jpg\" \/>\n<meta name=\"twitter:card\" content=\"summary_large_image\" \/>\n<meta name=\"twitter:site\" content=\"@millerthomson\" \/>\n<meta name=\"twitter:label1\" content=\"Est. reading time\" \/>\n\t<meta name=\"twitter:data1\" content=\"1 minute\" \/>\n<script type=\"application\/ld+json\" class=\"yoast-schema-graph\">{\"@context\":\"https:\/\/schema.org\",\"@graph\":[{\"@type\":\"NewsArticle\",\"@id\":\"https:\/\/www.millerthomson.com\/fr\/nouvelles\/miller-thomson-annonce-une-mise-a-jour-au-niveau-de-son-leadership\/#article\",\"isPartOf\":{\"@id\":\"https:\/\/www.millerthomson.com\/fr\/nouvelles\/miller-thomson-annonce-une-mise-a-jour-au-niveau-de-son-leadership\/\"},\"author\":{\"name\":\"Katherine Chan\",\"@id\":\"https:\/\/www.millerthomson.com\/fr\/#\/schema\/person\/5473b50a564d1e37f327fdd79cb348f6\"},\"headline\":\"Miller Thomson annonce une mise \u00e0 jour au niveau de son leadership\",\"datePublished\":\"2025-07-02T12:25:00+00:00\",\"mainEntityOfPage\":{\"@id\":\"https:\/\/www.millerthomson.com\/fr\/nouvelles\/miller-thomson-annonce-une-mise-a-jour-au-niveau-de-son-leadership\/\"},\"wordCount\":153,\"publisher\":{\"@id\":\"https:\/\/www.millerthomson.com\/fr\/#organization\"},\"image\":{\"@id\":\"https:\/\/www.millerthomson.com\/fr\/nouvelles\/miller-thomson-annonce-une-mise-a-jour-au-niveau-de-son-leadership\/#primaryimage\"},\"thumbnailUrl\":\"https:\/\/www.millerthomson.com\/wp-content\/uploads\/2025\/10\/featured_news_people_lobby.jpg\",\"inLanguage\":\"fr-FR\"},{\"@type\":\"WebPage\",\"@id\":\"https:\/\/www.millerthomson.com\/fr\/nouvelles\/miller-thomson-annonce-une-mise-a-jour-au-niveau-de-son-leadership\/\",\"url\":\"https:\/\/www.millerthomson.com\/fr\/nouvelles\/miller-thomson-annonce-une-mise-a-jour-au-niveau-de-son-leadership\/\",\"name\":\"Miller Thomson annonce une mise \u00e0 jour au niveau de son leadership | Miller Thomson\",\"isPartOf\":{\"@id\":\"https:\/\/www.millerthomson.com\/fr\/#website\"},\"primaryImageOfPage\":{\"@id\":\"https:\/\/www.millerthomson.com\/fr\/nouvelles\/miller-thomson-annonce-une-mise-a-jour-au-niveau-de-son-leadership\/#primaryimage\"},\"image\":{\"@id\":\"https:\/\/www.millerthomson.com\/fr\/nouvelles\/miller-thomson-annonce-une-mise-a-jour-au-niveau-de-son-leadership\/#primaryimage\"},\"thumbnailUrl\":\"https:\/\/www.millerthomson.com\/wp-content\/uploads\/2025\/10\/featured_news_people_lobby.jpg\",\"datePublished\":\"2025-07-02T12:25:00+00:00\",\"breadcrumb\":{\"@id\":\"https:\/\/www.millerthomson.com\/fr\/nouvelles\/miller-thomson-annonce-une-mise-a-jour-au-niveau-de-son-leadership\/#breadcrumb\"},\"inLanguage\":\"fr-FR\",\"potentialAction\":[{\"@type\":\"ReadAction\",\"target\":[\"https:\/\/www.millerthomson.com\/fr\/nouvelles\/miller-thomson-annonce-une-mise-a-jour-au-niveau-de-son-leadership\/\"]}]},{\"@type\":\"ImageObject\",\"inLanguage\":\"fr-FR\",\"@id\":\"https:\/\/www.millerthomson.com\/fr\/nouvelles\/miller-thomson-annonce-une-mise-a-jour-au-niveau-de-son-leadership\/#primaryimage\",\"url\":\"https:\/\/www.millerthomson.com\/wp-content\/uploads\/2025\/10\/featured_news_people_lobby.jpg\",\"contentUrl\":\"https:\/\/www.millerthomson.com\/wp-content\/uploads\/2025\/10\/featured_news_people_lobby.jpg\",\"width\":1920,\"height\":1098,\"caption\":\"people walking in an office lobby viewed from above\"},{\"@type\":\"BreadcrumbList\",\"@id\":\"https:\/\/www.millerthomson.com\/fr\/nouvelles\/miller-thomson-annonce-une-mise-a-jour-au-niveau-de-son-leadership\/#breadcrumb\",\"itemListElement\":[{\"@type\":\"ListItem\",\"position\":1,\"name\":\"Accueil\",\"item\":\"https:\/\/www.millerthomson.com\/fr\/\"},{\"@type\":\"ListItem\",\"position\":2,\"name\":\"Nouvelles\",\"item\":\"https:\/\/www.millerthomson.com\/fr\/nouvelles\/\"},{\"@type\":\"ListItem\",\"position\":3,\"name\":\"Miller Thomson annonce une mise \u00e0 jour au niveau de son leadership\"}]},{\"@type\":\"WebSite\",\"@id\":\"https:\/\/www.millerthomson.com\/fr\/#website\",\"url\":\"https:\/\/www.millerthomson.com\/fr\/\",\"name\":\"Miller Thomson | Cabinet de droit des affaires pancanadien\",\"description\":\"National law firm providing business law expertise and litigation and disputes services for businesses across Canada since 1957.\",\"publisher\":{\"@id\":\"https:\/\/www.millerthomson.com\/fr\/#organization\"},\"potentialAction\":[{\"@type\":\"SearchAction\",\"target\":{\"@type\":\"EntryPoint\",\"urlTemplate\":\"https:\/\/www.millerthomson.com\/fr\/?s={search_term_string}\"},\"query-input\":{\"@type\":\"PropertyValueSpecification\",\"valueRequired\":true,\"valueName\":\"search_term_string\"}}],\"inLanguage\":\"fr-FR\"},{\"@type\":\"Organization\",\"@id\":\"https:\/\/www.millerthomson.com\/fr\/#organization\",\"name\":\"Miller Thomson | Cabinet de droit des affaires pancanadien\",\"url\":\"https:\/\/www.millerthomson.com\/fr\/\",\"logo\":{\"@type\":\"ImageObject\",\"inLanguage\":\"fr-FR\",\"@id\":\"https:\/\/www.millerthomson.com\/fr\/#\/schema\/logo\/image\/\",\"url\":\"https:\/\/www.millerthomson.com\/wp-content\/uploads\/2024\/10\/miller-thomson.svg\",\"contentUrl\":\"https:\/\/www.millerthomson.com\/wp-content\/uploads\/2024\/10\/miller-thomson.svg\",\"width\":380,\"height\":50,\"caption\":\"Miller Thomson | Cabinet de droit des affaires pancanadien\"},\"image\":{\"@id\":\"https:\/\/www.millerthomson.com\/fr\/#\/schema\/logo\/image\/\"},\"sameAs\":[\"https:\/\/www.facebook.com\/MillerThomsonLaw\/\",\"https:\/\/x.com\/millerthomson\",\"https:\/\/www.linkedin.com\/company\/miller-thomson-llp\/\",\"https:\/\/www.youtube.com\/@millerthomson\"]},{\"@type\":\"Person\",\"@id\":\"https:\/\/www.millerthomson.com\/fr\/#\/schema\/person\/5473b50a564d1e37f327fdd79cb348f6\",\"name\":\"Katherine Chan\",\"image\":{\"@type\":\"ImageObject\",\"inLanguage\":\"fr-FR\",\"@id\":\"https:\/\/www.millerthomson.com\/fr\/#\/schema\/person\/image\/\",\"url\":\"https:\/\/secure.gravatar.com\/avatar\/da8a18c240b27905220d948a87957ba19ab6de326b44a2ce3072235c121f996f?s=96&d=mm&r=g\",\"contentUrl\":\"https:\/\/secure.gravatar.com\/avatar\/da8a18c240b27905220d948a87957ba19ab6de326b44a2ce3072235c121f996f?s=96&d=mm&r=g\",\"caption\":\"Katherine Chan\"}}]}<\/script>\n<!-- \/ Yoast SEO plugin. -->","yoast_head_json":{"title":"Miller Thomson annonce une mise \u00e0 jour au niveau de son leadership | Miller Thomson","robots":{"index":"index","follow":"follow","max-snippet":"max-snippet:-1","max-image-preview":"max-image-preview:large","max-video-preview":"max-video-preview:-1"},"canonical":"https:\/\/www.millerthomson.com\/fr\/nouvelles\/miller-thomson-annonce-une-mise-a-jour-au-niveau-de-son-leadership\/","og_locale":"fr_FR","og_type":"article","og_title":"Miller Thomson annonce une mise \u00e0 jour au niveau de son leadership | Miller Thomson","og_description":"Miller Thomson est fier de pr\u00e9senter les nouveaux membres du son comit\u00e9 de direction : Kelly Charlebois (Toronto), Riccardo Del Vecchio (Vaughan), Nicole Taylor-Smith (Calgary) et Claudia Desjardins B\u00e9lisle (Montr\u00e9al) occupent le r\u00f4le d\u2019associ\u00e9 directeur de leur bureau respectif. Nous remercions chaleureusement Peter Auvinen, Sandra L. Hawes, c.r., et Nora Osbaldeston, qui terminent leur mandat [&hellip;]","og_url":"https:\/\/www.millerthomson.com\/fr\/nouvelles\/miller-thomson-annonce-une-mise-a-jour-au-niveau-de-son-leadership\/","og_site_name":"Miller Thomson","article_publisher":"https:\/\/www.facebook.com\/MillerThomsonLaw\/","og_image":[{"url":"https:\/\/www.millerthomson.com\/wp-content\/uploads\/2025\/07\/featured_news_skyscraper-600x343.jpg","type":"","width":"","height":""}],"twitter_card":"summary_large_image","twitter_site":"@millerthomson","twitter_misc":{"Est. reading time":"1 minute"},"schema":{"@context":"https:\/\/schema.org","@graph":[{"@type":"NewsArticle","@id":"https:\/\/www.millerthomson.com\/fr\/nouvelles\/miller-thomson-annonce-une-mise-a-jour-au-niveau-de-son-leadership\/#article","isPartOf":{"@id":"https:\/\/www.millerthomson.com\/fr\/nouvelles\/miller-thomson-annonce-une-mise-a-jour-au-niveau-de-son-leadership\/"},"author":{"name":"Katherine Chan","@id":"https:\/\/www.millerthomson.com\/fr\/#\/schema\/person\/5473b50a564d1e37f327fdd79cb348f6"},"headline":"Miller Thomson annonce une mise \u00e0 jour au niveau de son leadership","datePublished":"2025-07-02T12:25:00+00:00","mainEntityOfPage":{"@id":"https:\/\/www.millerthomson.com\/fr\/nouvelles\/miller-thomson-annonce-une-mise-a-jour-au-niveau-de-son-leadership\/"},"wordCount":153,"publisher":{"@id":"https:\/\/www.millerthomson.com\/fr\/#organization"},"image":{"@id":"https:\/\/www.millerthomson.com\/fr\/nouvelles\/miller-thomson-annonce-une-mise-a-jour-au-niveau-de-son-leadership\/#primaryimage"},"thumbnailUrl":"https:\/\/www.millerthomson.com\/wp-content\/uploads\/2025\/10\/featured_news_people_lobby.jpg","inLanguage":"fr-FR"},{"@type":"WebPage","@id":"https:\/\/www.millerthomson.com\/fr\/nouvelles\/miller-thomson-annonce-une-mise-a-jour-au-niveau-de-son-leadership\/","url":"https:\/\/www.millerthomson.com\/fr\/nouvelles\/miller-thomson-annonce-une-mise-a-jour-au-niveau-de-son-leadership\/","name":"Miller Thomson annonce une mise \u00e0 jour au niveau de son leadership | Miller Thomson","isPartOf":{"@id":"https:\/\/www.millerthomson.com\/fr\/#website"},"primaryImageOfPage":{"@id":"https:\/\/www.millerthomson.com\/fr\/nouvelles\/miller-thomson-annonce-une-mise-a-jour-au-niveau-de-son-leadership\/#primaryimage"},"image":{"@id":"https:\/\/www.millerthomson.com\/fr\/nouvelles\/miller-thomson-annonce-une-mise-a-jour-au-niveau-de-son-leadership\/#primaryimage"},"thumbnailUrl":"https:\/\/www.millerthomson.com\/wp-content\/uploads\/2025\/10\/featured_news_people_lobby.jpg","datePublished":"2025-07-02T12:25:00+00:00","breadcrumb":{"@id":"https:\/\/www.millerthomson.com\/fr\/nouvelles\/miller-thomson-annonce-une-mise-a-jour-au-niveau-de-son-leadership\/#breadcrumb"},"inLanguage":"fr-FR","potentialAction":[{"@type":"ReadAction","target":["https:\/\/www.millerthomson.com\/fr\/nouvelles\/miller-thomson-annonce-une-mise-a-jour-au-niveau-de-son-leadership\/"]}]},{"@type":"ImageObject","inLanguage":"fr-FR","@id":"https:\/\/www.millerthomson.com\/fr\/nouvelles\/miller-thomson-annonce-une-mise-a-jour-au-niveau-de-son-leadership\/#primaryimage","url":"https:\/\/www.millerthomson.com\/wp-content\/uploads\/2025\/10\/featured_news_people_lobby.jpg","contentUrl":"https:\/\/www.millerthomson.com\/wp-content\/uploads\/2025\/10\/featured_news_people_lobby.jpg","width":1920,"height":1098,"caption":"people walking in an office lobby viewed from above"},{"@type":"BreadcrumbList","@id":"https:\/\/www.millerthomson.com\/fr\/nouvelles\/miller-thomson-annonce-une-mise-a-jour-au-niveau-de-son-leadership\/#breadcrumb","itemListElement":[{"@type":"ListItem","position":1,"name":"Accueil","item":"https:\/\/www.millerthomson.com\/fr\/"},{"@type":"ListItem","position":2,"name":"Nouvelles","item":"https:\/\/www.millerthomson.com\/fr\/nouvelles\/"},{"@type":"ListItem","position":3,"name":"Miller Thomson annonce une mise \u00e0 jour au niveau de son leadership"}]},{"@type":"WebSite","@id":"https:\/\/www.millerthomson.com\/fr\/#website","url":"https:\/\/www.millerthomson.com\/fr\/","name":"Miller Thomson | Cabinet de droit des affaires pancanadien","description":"National law firm providing business law expertise and litigation and disputes services for businesses across Canada since 1957.","publisher":{"@id":"https:\/\/www.millerthomson.com\/fr\/#organization"},"potentialAction":[{"@type":"SearchAction","target":{"@type":"EntryPoint","urlTemplate":"https:\/\/www.millerthomson.com\/fr\/?s={search_term_string}"},"query-input":{"@type":"PropertyValueSpecification","valueRequired":true,"valueName":"search_term_string"}}],"inLanguage":"fr-FR"},{"@type":"Organization","@id":"https:\/\/www.millerthomson.com\/fr\/#organization","name":"Miller Thomson | Cabinet de droit des affaires pancanadien","url":"https:\/\/www.millerthomson.com\/fr\/","logo":{"@type":"ImageObject","inLanguage":"fr-FR","@id":"https:\/\/www.millerthomson.com\/fr\/#\/schema\/logo\/image\/","url":"https:\/\/www.millerthomson.com\/wp-content\/uploads\/2024\/10\/miller-thomson.svg","contentUrl":"https:\/\/www.millerthomson.com\/wp-content\/uploads\/2024\/10\/miller-thomson.svg","width":380,"height":50,"caption":"Miller Thomson | Cabinet de droit des affaires pancanadien"},"image":{"@id":"https:\/\/www.millerthomson.com\/fr\/#\/schema\/logo\/image\/"},"sameAs":["https:\/\/www.facebook.com\/MillerThomsonLaw\/","https:\/\/x.com\/millerthomson","https:\/\/www.linkedin.com\/company\/miller-thomson-llp\/","https:\/\/www.youtube.com\/@millerthomson"]},{"@type":"Person","@id":"https:\/\/www.millerthomson.com\/fr\/#\/schema\/person\/5473b50a564d1e37f327fdd79cb348f6","name":"Katherine Chan","image":{"@type":"ImageObject","inLanguage":"fr-FR","@id":"https:\/\/www.millerthomson.com\/fr\/#\/schema\/person\/image\/","url":"https:\/\/secure.gravatar.com\/avatar\/da8a18c240b27905220d948a87957ba19ab6de326b44a2ce3072235c121f996f?s=96&d=mm&r=g","contentUrl":"https:\/\/secure.gravatar.com\/avatar\/da8a18c240b27905220d948a87957ba19ab6de326b44a2ce3072235c121f996f?s=96&d=mm&r=g","caption":"Katherine Chan"}}]}},"_links":{"self":[{"href":"https:\/\/www.millerthomson.com\/fr\/wp-json\/wp\/v2\/news\/35041","targetHints":{"allow":["GET"]}}],"collection":[{"href":"https:\/\/www.millerthomson.com\/fr\/wp-json\/wp\/v2\/news"}],"about":[{"href":"https:\/\/www.millerthomson.com\/fr\/wp-json\/wp\/v2\/types\/news"}],"author":[{"embeddable":true,"href":"https:\/\/www.millerthomson.com\/fr\/wp-json\/wp\/v2\/users\/5"}],"version-history":[{"count":0,"href":"https:\/\/www.millerthomson.com\/fr\/wp-json\/wp\/v2\/news\/35041\/revisions"}],"wp:featuredmedia":[{"embeddable":true,"href":"https:\/\/www.millerthomson.com\/fr\/wp-json\/wp\/v2\/media\/40428"}],"wp:attachment":[{"href":"https:\/\/www.millerthomson.com\/fr\/wp-json\/wp\/v2\/media?parent=35041"}],"wp:term":[{"taxonomy":"news-category","embeddable":true,"href":"https:\/\/www.millerthomson.com\/fr\/wp-json\/wp\/v2\/news-category?post=35041"}],"curies":[{"name":"wp","href":"https:\/\/api.w.org\/{rel}","templated":true}]}}