{"id":33182,"date":"2025-05-13T19:31:50","date_gmt":"2025-05-13T23:31:50","guid":{"rendered":"https:\/\/www.millerthomson.com\/?post_type=news&#038;p=33182"},"modified":"2025-06-16T12:50:59","modified_gmt":"2025-06-16T16:50:59","slug":"nora-osbaldeston-et-ken-rosenstein-reviennent-sur-le-demenagement-du-bureau-de-toronto-et-partagent-leur-vision-pour-lavenir","status":"publish","type":"news","link":"https:\/\/www.millerthomson.com\/fr\/nouvelles\/nora-osbaldeston-et-ken-rosenstein-reviennent-sur-le-demenagement-du-bureau-de-toronto-et-partagent-leur-vision-pour-lavenir\/","title":{"rendered":"Nora Osbaldeston et Ken Rosenstein reviennent sur le d\u00e9m\u00e9nagement du bureau de Toronto et partagent leur vision pour l\u2019avenir"},"content":{"rendered":"\n<p>Dans une entrevue accord\u00e9e \u00e0 la revue <em>Canadian Lawyer<\/em>, Nora Osbaldeston, associ\u00e9e directrice de la r\u00e9gion de l\u2019Ontario, et Ken Rosenstein, associ\u00e9 directeur du bureau de Toronto, reviennent sur la d\u00e9cision strat\u00e9gique de relocaliser les bureaux torontois du cabinet aux derniers \u00e9tages de la Scotia Plaza. Ce d\u00e9m\u00e9nagement s\u2019inscrit dans la volont\u00e9 du cabinet de consolider sa position de chef de file, tout en mettant \u00e9galement en valeur sa culture inclusive ax\u00e9e sur la collaboration, ainsi que son engagement envers ses membres et son avenir.<\/p>\n\n\n\n<blockquote class=\"wp-block-quote is-layout-flow wp-block-quote-is-layout-flow\">\n<p>\u00ab&nbsp;Nous ne voulions pas nous installer dans des locaux qui deviendraient trop \u00e9troits dans quelques ann\u00e9es seulement. Nous avons donc choisi un espace con\u00e7u pour accueillir quarante&nbsp;avocats additionnels d\u2019ici 2040&nbsp;\u00bb, explique M<sup>e<\/sup> Osbaldeston.<\/p>\n\n\n\n<p>[\u2026]<\/p>\n\n\n\n<p>\u00ab&nbsp;Nous cherchions \u00e0 rehausser notre image de marque et \u00e0 affirmer notre pr\u00e9sence sur le march\u00e9\u2026 Nous restons convaincus que notre emplacement, \u00e0 l\u2019intersection des rues King et Bay, au c\u0153ur du quartier des affaires, constitue en soi une d\u00e9claration forte&nbsp;\u00bb, ajoute M<sup>e<\/sup>&nbsp;Rosenstein.<\/p>\n<\/blockquote>\n\n\n\n<p>Lisez l\u2019article complet (en anglais)\u00a0: <a href=\"https:\/\/www.canadianlawyermag.com\/news\/features\/inside-miller-thomsons-new-scotia-plaza-offices-designed-for-growth\/392429\" target=\"_blank\" rel=\"noreferrer noopener\">Inside Miller Thomson\u2019s new Scotia Plaza offices designed for growth<\/a><\/p>\n","protected":false},"author":5,"featured_media":33156,"template":"","news-category":[656],"class_list":["post-33182","news","type-news","status-publish","has-post-thumbnail","hentry"],"acf":[],"yoast_head":"<!-- This site is optimized with the Yoast SEO plugin v26.1.1 - https:\/\/yoast.com\/wordpress\/plugins\/seo\/ -->\n<title>Nora Osbaldeston et Ken Rosenstein reviennent sur le d\u00e9m\u00e9nagement du bureau de Toronto et partagent leur vision pour l\u2019avenir | Miller Thomson<\/title>\n<meta name=\"robots\" content=\"index, follow, max-snippet:-1, max-image-preview:large, max-video-preview:-1\" \/>\n<link rel=\"canonical\" href=\"https:\/\/www.millerthomson.com\/fr\/nouvelles\/nora-osbaldeston-et-ken-rosenstein-reviennent-sur-le-demenagement-du-bureau-de-toronto-et-partagent-leur-vision-pour-lavenir\/\" \/>\n<meta property=\"og:locale\" content=\"fr_FR\" \/>\n<meta property=\"og:type\" content=\"article\" \/>\n<meta property=\"og:title\" content=\"Nora Osbaldeston et Ken Rosenstein reviennent sur le d\u00e9m\u00e9nagement du bureau de Toronto et partagent leur vision pour l\u2019avenir | Miller Thomson\" \/>\n<meta property=\"og:description\" content=\"Dans une entrevue accord\u00e9e \u00e0 la revue Canadian Lawyer, Nora Osbaldeston, associ\u00e9e directrice de la r\u00e9gion de l\u2019Ontario, et Ken Rosenstein, associ\u00e9 directeur du bureau de Toronto, reviennent sur la d\u00e9cision strat\u00e9gique de relocaliser les bureaux torontois du cabinet aux derniers \u00e9tages de la Scotia Plaza. Ce d\u00e9m\u00e9nagement s\u2019inscrit dans la volont\u00e9 du cabinet de [&hellip;]\" \/>\n<meta property=\"og:url\" content=\"https:\/\/www.millerthomson.com\/fr\/nouvelles\/nora-osbaldeston-et-ken-rosenstein-reviennent-sur-le-demenagement-du-bureau-de-toronto-et-partagent-leur-vision-pour-lavenir\/\" \/>\n<meta property=\"og:site_name\" content=\"Miller Thomson\" \/>\n<meta property=\"article:publisher\" content=\"https:\/\/www.facebook.com\/MillerThomsonLaw\/\" \/>\n<meta property=\"article:modified_time\" content=\"2025-06-16T16:50:59+00:00\" \/>\n<meta property=\"og:image\" content=\"https:\/\/www.millerthomson.com\/wp-content\/uploads\/2025\/05\/news_toronto-office.jpg\" \/>\n\t<meta property=\"og:image:width\" content=\"1920\" \/>\n\t<meta property=\"og:image:height\" content=\"1098\" \/>\n\t<meta property=\"og:image:type\" content=\"image\/jpeg\" \/>\n<meta name=\"twitter:card\" content=\"summary_large_image\" \/>\n<meta name=\"twitter:site\" content=\"@millerthomson\" \/>\n<meta name=\"twitter:label1\" content=\"Est. reading time\" \/>\n\t<meta name=\"twitter:data1\" content=\"1 minute\" \/>\n<script type=\"application\/ld+json\" class=\"yoast-schema-graph\">{\"@context\":\"https:\/\/schema.org\",\"@graph\":[{\"@type\":\"NewsArticle\",\"@id\":\"https:\/\/www.millerthomson.com\/fr\/nouvelles\/nora-osbaldeston-et-ken-rosenstein-reviennent-sur-le-demenagement-du-bureau-de-toronto-et-partagent-leur-vision-pour-lavenir\/#article\",\"isPartOf\":{\"@id\":\"https:\/\/www.millerthomson.com\/fr\/nouvelles\/nora-osbaldeston-et-ken-rosenstein-reviennent-sur-le-demenagement-du-bureau-de-toronto-et-partagent-leur-vision-pour-lavenir\/\"},\"author\":{\"name\":\"Katherine Chan\",\"@id\":\"https:\/\/www.millerthomson.com\/fr\/#\/schema\/person\/5473b50a564d1e37f327fdd79cb348f6\"},\"headline\":\"Nora Osbaldeston et Ken Rosenstein reviennent sur le d\u00e9m\u00e9nagement du bureau de Toronto et partagent leur vision pour l\u2019avenir\",\"datePublished\":\"2025-05-13T23:31:50+00:00\",\"dateModified\":\"2025-06-16T16:50:59+00:00\",\"mainEntityOfPage\":{\"@id\":\"https:\/\/www.millerthomson.com\/fr\/nouvelles\/nora-osbaldeston-et-ken-rosenstein-reviennent-sur-le-demenagement-du-bureau-de-toronto-et-partagent-leur-vision-pour-lavenir\/\"},\"wordCount\":220,\"publisher\":{\"@id\":\"https:\/\/www.millerthomson.com\/fr\/#organization\"},\"image\":{\"@id\":\"https:\/\/www.millerthomson.com\/fr\/nouvelles\/nora-osbaldeston-et-ken-rosenstein-reviennent-sur-le-demenagement-du-bureau-de-toronto-et-partagent-leur-vision-pour-lavenir\/#primaryimage\"},\"thumbnailUrl\":\"https:\/\/www.millerthomson.com\/wp-content\/uploads\/2025\/05\/news_toronto-office.jpg\",\"inLanguage\":\"fr-FR\"},{\"@type\":\"WebPage\",\"@id\":\"https:\/\/www.millerthomson.com\/fr\/nouvelles\/nora-osbaldeston-et-ken-rosenstein-reviennent-sur-le-demenagement-du-bureau-de-toronto-et-partagent-leur-vision-pour-lavenir\/\",\"url\":\"https:\/\/www.millerthomson.com\/fr\/nouvelles\/nora-osbaldeston-et-ken-rosenstein-reviennent-sur-le-demenagement-du-bureau-de-toronto-et-partagent-leur-vision-pour-lavenir\/\",\"name\":\"Nora Osbaldeston et Ken Rosenstein reviennent sur le d\u00e9m\u00e9nagement du bureau de Toronto et partagent leur vision pour l\u2019avenir | Miller Thomson\",\"isPartOf\":{\"@id\":\"https:\/\/www.millerthomson.com\/fr\/#website\"},\"primaryImageOfPage\":{\"@id\":\"https:\/\/www.millerthomson.com\/fr\/nouvelles\/nora-osbaldeston-et-ken-rosenstein-reviennent-sur-le-demenagement-du-bureau-de-toronto-et-partagent-leur-vision-pour-lavenir\/#primaryimage\"},\"image\":{\"@id\":\"https:\/\/www.millerthomson.com\/fr\/nouvelles\/nora-osbaldeston-et-ken-rosenstein-reviennent-sur-le-demenagement-du-bureau-de-toronto-et-partagent-leur-vision-pour-lavenir\/#primaryimage\"},\"thumbnailUrl\":\"https:\/\/www.millerthomson.com\/wp-content\/uploads\/2025\/05\/news_toronto-office.jpg\",\"datePublished\":\"2025-05-13T23:31:50+00:00\",\"dateModified\":\"2025-06-16T16:50:59+00:00\",\"breadcrumb\":{\"@id\":\"https:\/\/www.millerthomson.com\/fr\/nouvelles\/nora-osbaldeston-et-ken-rosenstein-reviennent-sur-le-demenagement-du-bureau-de-toronto-et-partagent-leur-vision-pour-lavenir\/#breadcrumb\"},\"inLanguage\":\"fr-FR\",\"potentialAction\":[{\"@type\":\"ReadAction\",\"target\":[\"https:\/\/www.millerthomson.com\/fr\/nouvelles\/nora-osbaldeston-et-ken-rosenstein-reviennent-sur-le-demenagement-du-bureau-de-toronto-et-partagent-leur-vision-pour-lavenir\/\"]}]},{\"@type\":\"ImageObject\",\"inLanguage\":\"fr-FR\",\"@id\":\"https:\/\/www.millerthomson.com\/fr\/nouvelles\/nora-osbaldeston-et-ken-rosenstein-reviennent-sur-le-demenagement-du-bureau-de-toronto-et-partagent-leur-vision-pour-lavenir\/#primaryimage\",\"url\":\"https:\/\/www.millerthomson.com\/wp-content\/uploads\/2025\/05\/news_toronto-office.jpg\",\"contentUrl\":\"https:\/\/www.millerthomson.com\/wp-content\/uploads\/2025\/05\/news_toronto-office.jpg\",\"width\":1920,\"height\":1098},{\"@type\":\"BreadcrumbList\",\"@id\":\"https:\/\/www.millerthomson.com\/fr\/nouvelles\/nora-osbaldeston-et-ken-rosenstein-reviennent-sur-le-demenagement-du-bureau-de-toronto-et-partagent-leur-vision-pour-lavenir\/#breadcrumb\",\"itemListElement\":[{\"@type\":\"ListItem\",\"position\":1,\"name\":\"Accueil\",\"item\":\"https:\/\/www.millerthomson.com\/fr\/\"},{\"@type\":\"ListItem\",\"position\":2,\"name\":\"Nouvelles\",\"item\":\"https:\/\/www.millerthomson.com\/fr\/nouvelles\/\"},{\"@type\":\"ListItem\",\"position\":3,\"name\":\"Nora Osbaldeston et Ken Rosenstein reviennent sur le d\u00e9m\u00e9nagement du bureau de Toronto et partagent leur vision pour l\u2019avenir\"}]},{\"@type\":\"WebSite\",\"@id\":\"https:\/\/www.millerthomson.com\/fr\/#website\",\"url\":\"https:\/\/www.millerthomson.com\/fr\/\",\"name\":\"Miller Thomson | Cabinet de droit des affaires pancanadien\",\"description\":\"National law firm providing business law expertise and litigation and disputes services for businesses across Canada since 1957.\",\"publisher\":{\"@id\":\"https:\/\/www.millerthomson.com\/fr\/#organization\"},\"potentialAction\":[{\"@type\":\"SearchAction\",\"target\":{\"@type\":\"EntryPoint\",\"urlTemplate\":\"https:\/\/www.millerthomson.com\/fr\/?s={search_term_string}\"},\"query-input\":{\"@type\":\"PropertyValueSpecification\",\"valueRequired\":true,\"valueName\":\"search_term_string\"}}],\"inLanguage\":\"fr-FR\"},{\"@type\":\"Organization\",\"@id\":\"https:\/\/www.millerthomson.com\/fr\/#organization\",\"name\":\"Miller Thomson | Cabinet de droit des affaires pancanadien\",\"url\":\"https:\/\/www.millerthomson.com\/fr\/\",\"logo\":{\"@type\":\"ImageObject\",\"inLanguage\":\"fr-FR\",\"@id\":\"https:\/\/www.millerthomson.com\/fr\/#\/schema\/logo\/image\/\",\"url\":\"https:\/\/www.millerthomson.com\/wp-content\/uploads\/2024\/10\/miller-thomson.svg\",\"contentUrl\":\"https:\/\/www.millerthomson.com\/wp-content\/uploads\/2024\/10\/miller-thomson.svg\",\"width\":380,\"height\":50,\"caption\":\"Miller Thomson | Cabinet de droit des affaires pancanadien\"},\"image\":{\"@id\":\"https:\/\/www.millerthomson.com\/fr\/#\/schema\/logo\/image\/\"},\"sameAs\":[\"https:\/\/www.facebook.com\/MillerThomsonLaw\/\",\"https:\/\/x.com\/millerthomson\",\"https:\/\/www.linkedin.com\/company\/miller-thomson-llp\/\",\"https:\/\/www.youtube.com\/@millerthomson\"]},{\"@type\":\"Person\",\"@id\":\"https:\/\/www.millerthomson.com\/fr\/#\/schema\/person\/5473b50a564d1e37f327fdd79cb348f6\",\"name\":\"Katherine Chan\",\"image\":{\"@type\":\"ImageObject\",\"inLanguage\":\"fr-FR\",\"@id\":\"https:\/\/www.millerthomson.com\/fr\/#\/schema\/person\/image\/\",\"url\":\"https:\/\/secure.gravatar.com\/avatar\/da8a18c240b27905220d948a87957ba19ab6de326b44a2ce3072235c121f996f?s=96&d=mm&r=g\",\"contentUrl\":\"https:\/\/secure.gravatar.com\/avatar\/da8a18c240b27905220d948a87957ba19ab6de326b44a2ce3072235c121f996f?s=96&d=mm&r=g\",\"caption\":\"Katherine Chan\"}}]}<\/script>\n<!-- \/ Yoast SEO plugin. -->","yoast_head_json":{"title":"Nora Osbaldeston et Ken Rosenstein reviennent sur le d\u00e9m\u00e9nagement du bureau de Toronto et partagent leur vision pour l\u2019avenir | Miller Thomson","robots":{"index":"index","follow":"follow","max-snippet":"max-snippet:-1","max-image-preview":"max-image-preview:large","max-video-preview":"max-video-preview:-1"},"canonical":"https:\/\/www.millerthomson.com\/fr\/nouvelles\/nora-osbaldeston-et-ken-rosenstein-reviennent-sur-le-demenagement-du-bureau-de-toronto-et-partagent-leur-vision-pour-lavenir\/","og_locale":"fr_FR","og_type":"article","og_title":"Nora Osbaldeston et Ken Rosenstein reviennent sur le d\u00e9m\u00e9nagement du bureau de Toronto et partagent leur vision pour l\u2019avenir | Miller Thomson","og_description":"Dans une entrevue accord\u00e9e \u00e0 la revue Canadian Lawyer, Nora Osbaldeston, associ\u00e9e directrice de la r\u00e9gion de l\u2019Ontario, et Ken Rosenstein, associ\u00e9 directeur du bureau de Toronto, reviennent sur la d\u00e9cision strat\u00e9gique de relocaliser les bureaux torontois du cabinet aux derniers \u00e9tages de la Scotia Plaza. Ce d\u00e9m\u00e9nagement s\u2019inscrit dans la volont\u00e9 du cabinet de [&hellip;]","og_url":"https:\/\/www.millerthomson.com\/fr\/nouvelles\/nora-osbaldeston-et-ken-rosenstein-reviennent-sur-le-demenagement-du-bureau-de-toronto-et-partagent-leur-vision-pour-lavenir\/","og_site_name":"Miller Thomson","article_publisher":"https:\/\/www.facebook.com\/MillerThomsonLaw\/","article_modified_time":"2025-06-16T16:50:59+00:00","og_image":[{"width":1920,"height":1098,"url":"https:\/\/www.millerthomson.com\/wp-content\/uploads\/2025\/05\/news_toronto-office.jpg","type":"image\/jpeg"}],"twitter_card":"summary_large_image","twitter_site":"@millerthomson","twitter_misc":{"Est. reading time":"1 minute"},"schema":{"@context":"https:\/\/schema.org","@graph":[{"@type":"NewsArticle","@id":"https:\/\/www.millerthomson.com\/fr\/nouvelles\/nora-osbaldeston-et-ken-rosenstein-reviennent-sur-le-demenagement-du-bureau-de-toronto-et-partagent-leur-vision-pour-lavenir\/#article","isPartOf":{"@id":"https:\/\/www.millerthomson.com\/fr\/nouvelles\/nora-osbaldeston-et-ken-rosenstein-reviennent-sur-le-demenagement-du-bureau-de-toronto-et-partagent-leur-vision-pour-lavenir\/"},"author":{"name":"Katherine Chan","@id":"https:\/\/www.millerthomson.com\/fr\/#\/schema\/person\/5473b50a564d1e37f327fdd79cb348f6"},"headline":"Nora Osbaldeston et Ken Rosenstein reviennent sur le d\u00e9m\u00e9nagement du bureau de Toronto et partagent leur vision pour l\u2019avenir","datePublished":"2025-05-13T23:31:50+00:00","dateModified":"2025-06-16T16:50:59+00:00","mainEntityOfPage":{"@id":"https:\/\/www.millerthomson.com\/fr\/nouvelles\/nora-osbaldeston-et-ken-rosenstein-reviennent-sur-le-demenagement-du-bureau-de-toronto-et-partagent-leur-vision-pour-lavenir\/"},"wordCount":220,"publisher":{"@id":"https:\/\/www.millerthomson.com\/fr\/#organization"},"image":{"@id":"https:\/\/www.millerthomson.com\/fr\/nouvelles\/nora-osbaldeston-et-ken-rosenstein-reviennent-sur-le-demenagement-du-bureau-de-toronto-et-partagent-leur-vision-pour-lavenir\/#primaryimage"},"thumbnailUrl":"https:\/\/www.millerthomson.com\/wp-content\/uploads\/2025\/05\/news_toronto-office.jpg","inLanguage":"fr-FR"},{"@type":"WebPage","@id":"https:\/\/www.millerthomson.com\/fr\/nouvelles\/nora-osbaldeston-et-ken-rosenstein-reviennent-sur-le-demenagement-du-bureau-de-toronto-et-partagent-leur-vision-pour-lavenir\/","url":"https:\/\/www.millerthomson.com\/fr\/nouvelles\/nora-osbaldeston-et-ken-rosenstein-reviennent-sur-le-demenagement-du-bureau-de-toronto-et-partagent-leur-vision-pour-lavenir\/","name":"Nora Osbaldeston et Ken Rosenstein reviennent sur le d\u00e9m\u00e9nagement du bureau de Toronto et partagent leur vision pour l\u2019avenir | Miller Thomson","isPartOf":{"@id":"https:\/\/www.millerthomson.com\/fr\/#website"},"primaryImageOfPage":{"@id":"https:\/\/www.millerthomson.com\/fr\/nouvelles\/nora-osbaldeston-et-ken-rosenstein-reviennent-sur-le-demenagement-du-bureau-de-toronto-et-partagent-leur-vision-pour-lavenir\/#primaryimage"},"image":{"@id":"https:\/\/www.millerthomson.com\/fr\/nouvelles\/nora-osbaldeston-et-ken-rosenstein-reviennent-sur-le-demenagement-du-bureau-de-toronto-et-partagent-leur-vision-pour-lavenir\/#primaryimage"},"thumbnailUrl":"https:\/\/www.millerthomson.com\/wp-content\/uploads\/2025\/05\/news_toronto-office.jpg","datePublished":"2025-05-13T23:31:50+00:00","dateModified":"2025-06-16T16:50:59+00:00","breadcrumb":{"@id":"https:\/\/www.millerthomson.com\/fr\/nouvelles\/nora-osbaldeston-et-ken-rosenstein-reviennent-sur-le-demenagement-du-bureau-de-toronto-et-partagent-leur-vision-pour-lavenir\/#breadcrumb"},"inLanguage":"fr-FR","potentialAction":[{"@type":"ReadAction","target":["https:\/\/www.millerthomson.com\/fr\/nouvelles\/nora-osbaldeston-et-ken-rosenstein-reviennent-sur-le-demenagement-du-bureau-de-toronto-et-partagent-leur-vision-pour-lavenir\/"]}]},{"@type":"ImageObject","inLanguage":"fr-FR","@id":"https:\/\/www.millerthomson.com\/fr\/nouvelles\/nora-osbaldeston-et-ken-rosenstein-reviennent-sur-le-demenagement-du-bureau-de-toronto-et-partagent-leur-vision-pour-lavenir\/#primaryimage","url":"https:\/\/www.millerthomson.com\/wp-content\/uploads\/2025\/05\/news_toronto-office.jpg","contentUrl":"https:\/\/www.millerthomson.com\/wp-content\/uploads\/2025\/05\/news_toronto-office.jpg","width":1920,"height":1098},{"@type":"BreadcrumbList","@id":"https:\/\/www.millerthomson.com\/fr\/nouvelles\/nora-osbaldeston-et-ken-rosenstein-reviennent-sur-le-demenagement-du-bureau-de-toronto-et-partagent-leur-vision-pour-lavenir\/#breadcrumb","itemListElement":[{"@type":"ListItem","position":1,"name":"Accueil","item":"https:\/\/www.millerthomson.com\/fr\/"},{"@type":"ListItem","position":2,"name":"Nouvelles","item":"https:\/\/www.millerthomson.com\/fr\/nouvelles\/"},{"@type":"ListItem","position":3,"name":"Nora Osbaldeston et Ken Rosenstein reviennent sur le d\u00e9m\u00e9nagement du bureau de Toronto et partagent leur vision pour l\u2019avenir"}]},{"@type":"WebSite","@id":"https:\/\/www.millerthomson.com\/fr\/#website","url":"https:\/\/www.millerthomson.com\/fr\/","name":"Miller Thomson | Cabinet de droit des affaires pancanadien","description":"National law firm providing business law expertise and litigation and disputes services for businesses across Canada since 1957.","publisher":{"@id":"https:\/\/www.millerthomson.com\/fr\/#organization"},"potentialAction":[{"@type":"SearchAction","target":{"@type":"EntryPoint","urlTemplate":"https:\/\/www.millerthomson.com\/fr\/?s={search_term_string}"},"query-input":{"@type":"PropertyValueSpecification","valueRequired":true,"valueName":"search_term_string"}}],"inLanguage":"fr-FR"},{"@type":"Organization","@id":"https:\/\/www.millerthomson.com\/fr\/#organization","name":"Miller Thomson | Cabinet de droit des affaires pancanadien","url":"https:\/\/www.millerthomson.com\/fr\/","logo":{"@type":"ImageObject","inLanguage":"fr-FR","@id":"https:\/\/www.millerthomson.com\/fr\/#\/schema\/logo\/image\/","url":"https:\/\/www.millerthomson.com\/wp-content\/uploads\/2024\/10\/miller-thomson.svg","contentUrl":"https:\/\/www.millerthomson.com\/wp-content\/uploads\/2024\/10\/miller-thomson.svg","width":380,"height":50,"caption":"Miller Thomson | Cabinet de droit des affaires pancanadien"},"image":{"@id":"https:\/\/www.millerthomson.com\/fr\/#\/schema\/logo\/image\/"},"sameAs":["https:\/\/www.facebook.com\/MillerThomsonLaw\/","https:\/\/x.com\/millerthomson","https:\/\/www.linkedin.com\/company\/miller-thomson-llp\/","https:\/\/www.youtube.com\/@millerthomson"]},{"@type":"Person","@id":"https:\/\/www.millerthomson.com\/fr\/#\/schema\/person\/5473b50a564d1e37f327fdd79cb348f6","name":"Katherine Chan","image":{"@type":"ImageObject","inLanguage":"fr-FR","@id":"https:\/\/www.millerthomson.com\/fr\/#\/schema\/person\/image\/","url":"https:\/\/secure.gravatar.com\/avatar\/da8a18c240b27905220d948a87957ba19ab6de326b44a2ce3072235c121f996f?s=96&d=mm&r=g","contentUrl":"https:\/\/secure.gravatar.com\/avatar\/da8a18c240b27905220d948a87957ba19ab6de326b44a2ce3072235c121f996f?s=96&d=mm&r=g","caption":"Katherine Chan"}}]}},"_links":{"self":[{"href":"https:\/\/www.millerthomson.com\/fr\/wp-json\/wp\/v2\/news\/33182","targetHints":{"allow":["GET"]}}],"collection":[{"href":"https:\/\/www.millerthomson.com\/fr\/wp-json\/wp\/v2\/news"}],"about":[{"href":"https:\/\/www.millerthomson.com\/fr\/wp-json\/wp\/v2\/types\/news"}],"author":[{"embeddable":true,"href":"https:\/\/www.millerthomson.com\/fr\/wp-json\/wp\/v2\/users\/5"}],"version-history":[{"count":0,"href":"https:\/\/www.millerthomson.com\/fr\/wp-json\/wp\/v2\/news\/33182\/revisions"}],"wp:featuredmedia":[{"embeddable":true,"href":"https:\/\/www.millerthomson.com\/fr\/wp-json\/wp\/v2\/media\/33156"}],"wp:attachment":[{"href":"https:\/\/www.millerthomson.com\/fr\/wp-json\/wp\/v2\/media?parent=33182"}],"wp:term":[{"taxonomy":"news-category","embeddable":true,"href":"https:\/\/www.millerthomson.com\/fr\/wp-json\/wp\/v2\/news-category?post=33182"}],"curies":[{"name":"wp","href":"https:\/\/api.w.org\/{rel}","templated":true}]}}