{"id":32663,"date":"2025-05-05T09:10:00","date_gmt":"2025-05-05T13:10:00","guid":{"rendered":"https:\/\/www.millerthomson.com\/?post_type=news&#038;p=32663"},"modified":"2025-05-02T16:42:29","modified_gmt":"2025-05-02T20:42:29","slug":"paul-neville-associe-se-joint-au-groupe-droit-des-societes-et-fusions-et-acquisitions-du-bureau-de-toronto-de-miller-thomson","status":"publish","type":"news","link":"https:\/\/www.millerthomson.com\/fr\/nouvelles\/paul-neville-associe-se-joint-au-groupe-droit-des-societes-et-fusions-et-acquisitions-du-bureau-de-toronto-de-miller-thomson\/","title":{"rendered":"Paul Neville, associ\u00e9, se joint au groupe Droit des soci\u00e9t\u00e9s et fusions et acquisitions du bureau de Toronto de Miller\u00a0Thomson"},"content":{"rendered":"\n<p><a href=\"https:\/\/www.millerthomson.com\/fr\/votre-equipe\/paul-neville\/\">Paul Neville<\/a>\u00a0se joint au bureau torontois de <strong>Miller\u00a0Thomson <\/strong>en tant qu\u2019associ\u00e9 au sein du groupe Droit des soci\u00e9t\u00e9s et fusions et acquisitions.<\/p>\n\n\n\n<p>Sa pratique s\u2019articulera principalement autour des domaines du droit des soci\u00e9t\u00e9s, du droit commercial et des transactions, avec un accent particulier sur les fusions et acquisitions.<\/p>\n\n\n\n<p>\u00ab\u00a0Notre \u00e9quipe multidisciplinaire b\u00e9n\u00e9ficiera grandement de la cr\u00e9ativit\u00e9 de Paul, ainsi que de son exp\u00e9rience et de son int\u00e9r\u00eat marqu\u00e9 pour les secteurs du cin\u00e9ma et de la t\u00e9l\u00e9vision\u00a0\u00bb, d\u00e9clare <a href=\"https:\/\/www.millerthomson.com\/fr\/votre-equipe\/max-spearn\/\">Max Spearn<\/a> associ\u00e9 et responsable national du groupe Droit des soci\u00e9t\u00e9s, fusions et acquisitions et valeurs mobili\u00e8res.<\/p>\n\n\n\n<p>\u00a0\u00ab\u00a0Paul apporte une valeur ajout\u00e9e claire, parfaitement align\u00e9e aux priorit\u00e9s en constante \u00e9volution de nos clients, qu\u2019il s\u2019agisse de multinationales, d\u2019entrepreneurs, d\u2019institutions financi\u00e8res ou de soci\u00e9t\u00e9s de capital-investissement. Son exp\u00e9rience, son jugement et sa connaissance du secteur sont des atouts majeurs pour notre \u00e9quipe. Nous sommes heureux de l\u2019accueillir parmi nous\u00a0\u00bb, ajoute <a href=\"https:\/\/www.millerthomson.com\/fr\/votre-equipe\/jay-m-hoffman\/\">Jay Hoffman<\/a>, pr\u00e9sident du groupe national Droit des affaires.<\/p>\n\n\n\n<p>Parall\u00e8lement \u00e0 sa pratique, Paul a \u00e9t\u00e9 charg\u00e9 de cours \u00e0 la facult\u00e9 de droit Schulich de l\u2019Universit\u00e9 Dalhousie. Engag\u00e9 dans le milieu artistique depuis des ann\u00e9es, il soutient activement divers projets cr\u00e9atifs et des productions ind\u00e9pendantes.<\/p>\n\n\n\n<p>Paul est titulaire d\u2019un Juris Doctor de l\u2019Universit\u00e9 Dalhousie, d\u2019une ma\u00eetrise ainsi que d\u2019un baccalaur\u00e9at \u00e8s arts de l\u2019Universit\u00e9 de Toronto.<\/p>\n","protected":false},"author":5,"featured_media":35052,"template":"","news-category":[654],"class_list":["post-32663","news","type-news","status-publish","has-post-thumbnail","hentry"],"acf":[],"yoast_head":"<!-- This site is optimized with the Yoast SEO plugin v26.1.1 - https:\/\/yoast.com\/wordpress\/plugins\/seo\/ -->\n<title>Paul Neville, associ\u00e9, se joint au groupe Droit des soci\u00e9t\u00e9s et fusions et acquisitions du bureau de Toronto de Miller\u00a0Thomson | Miller Thomson<\/title>\n<meta name=\"robots\" content=\"index, follow, max-snippet:-1, max-image-preview:large, max-video-preview:-1\" \/>\n<link rel=\"canonical\" href=\"https:\/\/www.millerthomson.com\/fr\/nouvelles\/paul-neville-associe-se-joint-au-groupe-droit-des-societes-et-fusions-et-acquisitions-du-bureau-de-toronto-de-miller-thomson\/\" \/>\n<meta property=\"og:locale\" content=\"fr_FR\" \/>\n<meta property=\"og:type\" content=\"article\" \/>\n<meta property=\"og:title\" content=\"Paul Neville, associ\u00e9, se joint au groupe Droit des soci\u00e9t\u00e9s et fusions et acquisitions du bureau de Toronto de Miller\u00a0Thomson | Miller Thomson\" \/>\n<meta property=\"og:description\" content=\"Paul Neville\u00a0se joint au bureau torontois de Miller\u00a0Thomson en tant qu\u2019associ\u00e9 au sein du groupe Droit des soci\u00e9t\u00e9s et fusions et acquisitions. Sa pratique s\u2019articulera principalement autour des domaines du droit des soci\u00e9t\u00e9s, du droit commercial et des transactions, avec un accent particulier sur les fusions et acquisitions. \u00ab\u00a0Notre \u00e9quipe multidisciplinaire b\u00e9n\u00e9ficiera grandement de la [&hellip;]\" \/>\n<meta property=\"og:url\" content=\"https:\/\/www.millerthomson.com\/fr\/nouvelles\/paul-neville-associe-se-joint-au-groupe-droit-des-societes-et-fusions-et-acquisitions-du-bureau-de-toronto-de-miller-thomson\/\" \/>\n<meta property=\"og:site_name\" content=\"Miller Thomson\" \/>\n<meta property=\"article:publisher\" content=\"https:\/\/www.facebook.com\/MillerThomsonLaw\/\" \/>\n<meta property=\"og:image\" content=\"https:\/\/www.millerthomson.com\/wp-content\/uploads\/2025\/07\/featured_news_toronto.jpg\" \/>\n\t<meta property=\"og:image:width\" content=\"1920\" \/>\n\t<meta property=\"og:image:height\" content=\"1098\" \/>\n\t<meta property=\"og:image:type\" content=\"image\/jpeg\" \/>\n<meta name=\"twitter:card\" content=\"summary_large_image\" \/>\n<meta name=\"twitter:site\" content=\"@millerthomson\" \/>\n<meta name=\"twitter:label1\" content=\"Est. reading time\" \/>\n\t<meta name=\"twitter:data1\" content=\"2 minutes\" \/>\n<script type=\"application\/ld+json\" class=\"yoast-schema-graph\">{\"@context\":\"https:\/\/schema.org\",\"@graph\":[{\"@type\":\"NewsArticle\",\"@id\":\"https:\/\/www.millerthomson.com\/fr\/nouvelles\/paul-neville-associe-se-joint-au-groupe-droit-des-societes-et-fusions-et-acquisitions-du-bureau-de-toronto-de-miller-thomson\/#article\",\"isPartOf\":{\"@id\":\"https:\/\/www.millerthomson.com\/fr\/nouvelles\/paul-neville-associe-se-joint-au-groupe-droit-des-societes-et-fusions-et-acquisitions-du-bureau-de-toronto-de-miller-thomson\/\"},\"author\":{\"name\":\"Katherine Chan\",\"@id\":\"https:\/\/www.millerthomson.com\/fr\/#\/schema\/person\/5473b50a564d1e37f327fdd79cb348f6\"},\"headline\":\"Paul Neville, associ\u00e9, se joint au groupe Droit des soci\u00e9t\u00e9s et fusions et acquisitions du bureau de Toronto de Miller\u00a0Thomson\",\"datePublished\":\"2025-05-05T13:10:00+00:00\",\"mainEntityOfPage\":{\"@id\":\"https:\/\/www.millerthomson.com\/fr\/nouvelles\/paul-neville-associe-se-joint-au-groupe-droit-des-societes-et-fusions-et-acquisitions-du-bureau-de-toronto-de-miller-thomson\/\"},\"wordCount\":281,\"publisher\":{\"@id\":\"https:\/\/www.millerthomson.com\/fr\/#organization\"},\"image\":{\"@id\":\"https:\/\/www.millerthomson.com\/fr\/nouvelles\/paul-neville-associe-se-joint-au-groupe-droit-des-societes-et-fusions-et-acquisitions-du-bureau-de-toronto-de-miller-thomson\/#primaryimage\"},\"thumbnailUrl\":\"https:\/\/www.millerthomson.com\/wp-content\/uploads\/2025\/07\/featured_news_toronto.jpg\",\"inLanguage\":\"fr-FR\"},{\"@type\":\"WebPage\",\"@id\":\"https:\/\/www.millerthomson.com\/fr\/nouvelles\/paul-neville-associe-se-joint-au-groupe-droit-des-societes-et-fusions-et-acquisitions-du-bureau-de-toronto-de-miller-thomson\/\",\"url\":\"https:\/\/www.millerthomson.com\/fr\/nouvelles\/paul-neville-associe-se-joint-au-groupe-droit-des-societes-et-fusions-et-acquisitions-du-bureau-de-toronto-de-miller-thomson\/\",\"name\":\"Paul Neville, associ\u00e9, se joint au groupe Droit des soci\u00e9t\u00e9s et fusions et acquisitions du bureau de Toronto de Miller\u00a0Thomson | Miller Thomson\",\"isPartOf\":{\"@id\":\"https:\/\/www.millerthomson.com\/fr\/#website\"},\"primaryImageOfPage\":{\"@id\":\"https:\/\/www.millerthomson.com\/fr\/nouvelles\/paul-neville-associe-se-joint-au-groupe-droit-des-societes-et-fusions-et-acquisitions-du-bureau-de-toronto-de-miller-thomson\/#primaryimage\"},\"image\":{\"@id\":\"https:\/\/www.millerthomson.com\/fr\/nouvelles\/paul-neville-associe-se-joint-au-groupe-droit-des-societes-et-fusions-et-acquisitions-du-bureau-de-toronto-de-miller-thomson\/#primaryimage\"},\"thumbnailUrl\":\"https:\/\/www.millerthomson.com\/wp-content\/uploads\/2025\/07\/featured_news_toronto.jpg\",\"datePublished\":\"2025-05-05T13:10:00+00:00\",\"breadcrumb\":{\"@id\":\"https:\/\/www.millerthomson.com\/fr\/nouvelles\/paul-neville-associe-se-joint-au-groupe-droit-des-societes-et-fusions-et-acquisitions-du-bureau-de-toronto-de-miller-thomson\/#breadcrumb\"},\"inLanguage\":\"fr-FR\",\"potentialAction\":[{\"@type\":\"ReadAction\",\"target\":[\"https:\/\/www.millerthomson.com\/fr\/nouvelles\/paul-neville-associe-se-joint-au-groupe-droit-des-societes-et-fusions-et-acquisitions-du-bureau-de-toronto-de-miller-thomson\/\"]}]},{\"@type\":\"ImageObject\",\"inLanguage\":\"fr-FR\",\"@id\":\"https:\/\/www.millerthomson.com\/fr\/nouvelles\/paul-neville-associe-se-joint-au-groupe-droit-des-societes-et-fusions-et-acquisitions-du-bureau-de-toronto-de-miller-thomson\/#primaryimage\",\"url\":\"https:\/\/www.millerthomson.com\/wp-content\/uploads\/2025\/07\/featured_news_toronto.jpg\",\"contentUrl\":\"https:\/\/www.millerthomson.com\/wp-content\/uploads\/2025\/07\/featured_news_toronto.jpg\",\"width\":1920,\"height\":1098,\"caption\":\"view of downtown Toronto skyline and CN Tower\"},{\"@type\":\"BreadcrumbList\",\"@id\":\"https:\/\/www.millerthomson.com\/fr\/nouvelles\/paul-neville-associe-se-joint-au-groupe-droit-des-societes-et-fusions-et-acquisitions-du-bureau-de-toronto-de-miller-thomson\/#breadcrumb\",\"itemListElement\":[{\"@type\":\"ListItem\",\"position\":1,\"name\":\"Accueil\",\"item\":\"https:\/\/www.millerthomson.com\/fr\/\"},{\"@type\":\"ListItem\",\"position\":2,\"name\":\"Nouvelles\",\"item\":\"https:\/\/www.millerthomson.com\/fr\/nouvelles\/\"},{\"@type\":\"ListItem\",\"position\":3,\"name\":\"Paul Neville, associ\u00e9, se joint au groupe Droit des soci\u00e9t\u00e9s et fusions et acquisitions du bureau de Toronto de Miller\u00a0Thomson\"}]},{\"@type\":\"WebSite\",\"@id\":\"https:\/\/www.millerthomson.com\/fr\/#website\",\"url\":\"https:\/\/www.millerthomson.com\/fr\/\",\"name\":\"Miller Thomson | Cabinet de droit des affaires pancanadien\",\"description\":\"National law firm providing business law expertise and litigation and disputes services for businesses across Canada since 1957.\",\"publisher\":{\"@id\":\"https:\/\/www.millerthomson.com\/fr\/#organization\"},\"potentialAction\":[{\"@type\":\"SearchAction\",\"target\":{\"@type\":\"EntryPoint\",\"urlTemplate\":\"https:\/\/www.millerthomson.com\/fr\/?s={search_term_string}\"},\"query-input\":{\"@type\":\"PropertyValueSpecification\",\"valueRequired\":true,\"valueName\":\"search_term_string\"}}],\"inLanguage\":\"fr-FR\"},{\"@type\":\"Organization\",\"@id\":\"https:\/\/www.millerthomson.com\/fr\/#organization\",\"name\":\"Miller Thomson | Cabinet de droit des affaires pancanadien\",\"url\":\"https:\/\/www.millerthomson.com\/fr\/\",\"logo\":{\"@type\":\"ImageObject\",\"inLanguage\":\"fr-FR\",\"@id\":\"https:\/\/www.millerthomson.com\/fr\/#\/schema\/logo\/image\/\",\"url\":\"https:\/\/www.millerthomson.com\/wp-content\/uploads\/2024\/10\/miller-thomson.svg\",\"contentUrl\":\"https:\/\/www.millerthomson.com\/wp-content\/uploads\/2024\/10\/miller-thomson.svg\",\"width\":380,\"height\":50,\"caption\":\"Miller Thomson | Cabinet de droit des affaires pancanadien\"},\"image\":{\"@id\":\"https:\/\/www.millerthomson.com\/fr\/#\/schema\/logo\/image\/\"},\"sameAs\":[\"https:\/\/www.facebook.com\/MillerThomsonLaw\/\",\"https:\/\/x.com\/millerthomson\",\"https:\/\/www.linkedin.com\/company\/miller-thomson-llp\/\",\"https:\/\/www.youtube.com\/@millerthomson\"]},{\"@type\":\"Person\",\"@id\":\"https:\/\/www.millerthomson.com\/fr\/#\/schema\/person\/5473b50a564d1e37f327fdd79cb348f6\",\"name\":\"Katherine Chan\",\"image\":{\"@type\":\"ImageObject\",\"inLanguage\":\"fr-FR\",\"@id\":\"https:\/\/www.millerthomson.com\/fr\/#\/schema\/person\/image\/\",\"url\":\"https:\/\/secure.gravatar.com\/avatar\/da8a18c240b27905220d948a87957ba19ab6de326b44a2ce3072235c121f996f?s=96&d=mm&r=g\",\"contentUrl\":\"https:\/\/secure.gravatar.com\/avatar\/da8a18c240b27905220d948a87957ba19ab6de326b44a2ce3072235c121f996f?s=96&d=mm&r=g\",\"caption\":\"Katherine Chan\"}}]}<\/script>\n<!-- \/ Yoast SEO plugin. -->","yoast_head_json":{"title":"Paul Neville, associ\u00e9, se joint au groupe Droit des soci\u00e9t\u00e9s et fusions et acquisitions du bureau de Toronto de Miller\u00a0Thomson | Miller Thomson","robots":{"index":"index","follow":"follow","max-snippet":"max-snippet:-1","max-image-preview":"max-image-preview:large","max-video-preview":"max-video-preview:-1"},"canonical":"https:\/\/www.millerthomson.com\/fr\/nouvelles\/paul-neville-associe-se-joint-au-groupe-droit-des-societes-et-fusions-et-acquisitions-du-bureau-de-toronto-de-miller-thomson\/","og_locale":"fr_FR","og_type":"article","og_title":"Paul Neville, associ\u00e9, se joint au groupe Droit des soci\u00e9t\u00e9s et fusions et acquisitions du bureau de Toronto de Miller\u00a0Thomson | Miller Thomson","og_description":"Paul Neville\u00a0se joint au bureau torontois de Miller\u00a0Thomson en tant qu\u2019associ\u00e9 au sein du groupe Droit des soci\u00e9t\u00e9s et fusions et acquisitions. Sa pratique s\u2019articulera principalement autour des domaines du droit des soci\u00e9t\u00e9s, du droit commercial et des transactions, avec un accent particulier sur les fusions et acquisitions. \u00ab\u00a0Notre \u00e9quipe multidisciplinaire b\u00e9n\u00e9ficiera grandement de la [&hellip;]","og_url":"https:\/\/www.millerthomson.com\/fr\/nouvelles\/paul-neville-associe-se-joint-au-groupe-droit-des-societes-et-fusions-et-acquisitions-du-bureau-de-toronto-de-miller-thomson\/","og_site_name":"Miller Thomson","article_publisher":"https:\/\/www.facebook.com\/MillerThomsonLaw\/","og_image":[{"width":1920,"height":1098,"url":"https:\/\/www.millerthomson.com\/wp-content\/uploads\/2025\/07\/featured_news_toronto.jpg","type":"image\/jpeg"}],"twitter_card":"summary_large_image","twitter_site":"@millerthomson","twitter_misc":{"Est. reading time":"2 minutes"},"schema":{"@context":"https:\/\/schema.org","@graph":[{"@type":"NewsArticle","@id":"https:\/\/www.millerthomson.com\/fr\/nouvelles\/paul-neville-associe-se-joint-au-groupe-droit-des-societes-et-fusions-et-acquisitions-du-bureau-de-toronto-de-miller-thomson\/#article","isPartOf":{"@id":"https:\/\/www.millerthomson.com\/fr\/nouvelles\/paul-neville-associe-se-joint-au-groupe-droit-des-societes-et-fusions-et-acquisitions-du-bureau-de-toronto-de-miller-thomson\/"},"author":{"name":"Katherine Chan","@id":"https:\/\/www.millerthomson.com\/fr\/#\/schema\/person\/5473b50a564d1e37f327fdd79cb348f6"},"headline":"Paul Neville, associ\u00e9, se joint au groupe Droit des soci\u00e9t\u00e9s et fusions et acquisitions du bureau de Toronto de Miller\u00a0Thomson","datePublished":"2025-05-05T13:10:00+00:00","mainEntityOfPage":{"@id":"https:\/\/www.millerthomson.com\/fr\/nouvelles\/paul-neville-associe-se-joint-au-groupe-droit-des-societes-et-fusions-et-acquisitions-du-bureau-de-toronto-de-miller-thomson\/"},"wordCount":281,"publisher":{"@id":"https:\/\/www.millerthomson.com\/fr\/#organization"},"image":{"@id":"https:\/\/www.millerthomson.com\/fr\/nouvelles\/paul-neville-associe-se-joint-au-groupe-droit-des-societes-et-fusions-et-acquisitions-du-bureau-de-toronto-de-miller-thomson\/#primaryimage"},"thumbnailUrl":"https:\/\/www.millerthomson.com\/wp-content\/uploads\/2025\/07\/featured_news_toronto.jpg","inLanguage":"fr-FR"},{"@type":"WebPage","@id":"https:\/\/www.millerthomson.com\/fr\/nouvelles\/paul-neville-associe-se-joint-au-groupe-droit-des-societes-et-fusions-et-acquisitions-du-bureau-de-toronto-de-miller-thomson\/","url":"https:\/\/www.millerthomson.com\/fr\/nouvelles\/paul-neville-associe-se-joint-au-groupe-droit-des-societes-et-fusions-et-acquisitions-du-bureau-de-toronto-de-miller-thomson\/","name":"Paul Neville, associ\u00e9, se joint au groupe Droit des soci\u00e9t\u00e9s et fusions et acquisitions du bureau de Toronto de Miller\u00a0Thomson | Miller Thomson","isPartOf":{"@id":"https:\/\/www.millerthomson.com\/fr\/#website"},"primaryImageOfPage":{"@id":"https:\/\/www.millerthomson.com\/fr\/nouvelles\/paul-neville-associe-se-joint-au-groupe-droit-des-societes-et-fusions-et-acquisitions-du-bureau-de-toronto-de-miller-thomson\/#primaryimage"},"image":{"@id":"https:\/\/www.millerthomson.com\/fr\/nouvelles\/paul-neville-associe-se-joint-au-groupe-droit-des-societes-et-fusions-et-acquisitions-du-bureau-de-toronto-de-miller-thomson\/#primaryimage"},"thumbnailUrl":"https:\/\/www.millerthomson.com\/wp-content\/uploads\/2025\/07\/featured_news_toronto.jpg","datePublished":"2025-05-05T13:10:00+00:00","breadcrumb":{"@id":"https:\/\/www.millerthomson.com\/fr\/nouvelles\/paul-neville-associe-se-joint-au-groupe-droit-des-societes-et-fusions-et-acquisitions-du-bureau-de-toronto-de-miller-thomson\/#breadcrumb"},"inLanguage":"fr-FR","potentialAction":[{"@type":"ReadAction","target":["https:\/\/www.millerthomson.com\/fr\/nouvelles\/paul-neville-associe-se-joint-au-groupe-droit-des-societes-et-fusions-et-acquisitions-du-bureau-de-toronto-de-miller-thomson\/"]}]},{"@type":"ImageObject","inLanguage":"fr-FR","@id":"https:\/\/www.millerthomson.com\/fr\/nouvelles\/paul-neville-associe-se-joint-au-groupe-droit-des-societes-et-fusions-et-acquisitions-du-bureau-de-toronto-de-miller-thomson\/#primaryimage","url":"https:\/\/www.millerthomson.com\/wp-content\/uploads\/2025\/07\/featured_news_toronto.jpg","contentUrl":"https:\/\/www.millerthomson.com\/wp-content\/uploads\/2025\/07\/featured_news_toronto.jpg","width":1920,"height":1098,"caption":"view of downtown Toronto skyline and CN Tower"},{"@type":"BreadcrumbList","@id":"https:\/\/www.millerthomson.com\/fr\/nouvelles\/paul-neville-associe-se-joint-au-groupe-droit-des-societes-et-fusions-et-acquisitions-du-bureau-de-toronto-de-miller-thomson\/#breadcrumb","itemListElement":[{"@type":"ListItem","position":1,"name":"Accueil","item":"https:\/\/www.millerthomson.com\/fr\/"},{"@type":"ListItem","position":2,"name":"Nouvelles","item":"https:\/\/www.millerthomson.com\/fr\/nouvelles\/"},{"@type":"ListItem","position":3,"name":"Paul Neville, associ\u00e9, se joint au groupe Droit des soci\u00e9t\u00e9s et fusions et acquisitions du bureau de Toronto de Miller\u00a0Thomson"}]},{"@type":"WebSite","@id":"https:\/\/www.millerthomson.com\/fr\/#website","url":"https:\/\/www.millerthomson.com\/fr\/","name":"Miller Thomson | Cabinet de droit des affaires pancanadien","description":"National law firm providing business law expertise and litigation and disputes services for businesses across Canada since 1957.","publisher":{"@id":"https:\/\/www.millerthomson.com\/fr\/#organization"},"potentialAction":[{"@type":"SearchAction","target":{"@type":"EntryPoint","urlTemplate":"https:\/\/www.millerthomson.com\/fr\/?s={search_term_string}"},"query-input":{"@type":"PropertyValueSpecification","valueRequired":true,"valueName":"search_term_string"}}],"inLanguage":"fr-FR"},{"@type":"Organization","@id":"https:\/\/www.millerthomson.com\/fr\/#organization","name":"Miller Thomson | Cabinet de droit des affaires pancanadien","url":"https:\/\/www.millerthomson.com\/fr\/","logo":{"@type":"ImageObject","inLanguage":"fr-FR","@id":"https:\/\/www.millerthomson.com\/fr\/#\/schema\/logo\/image\/","url":"https:\/\/www.millerthomson.com\/wp-content\/uploads\/2024\/10\/miller-thomson.svg","contentUrl":"https:\/\/www.millerthomson.com\/wp-content\/uploads\/2024\/10\/miller-thomson.svg","width":380,"height":50,"caption":"Miller Thomson | Cabinet de droit des affaires pancanadien"},"image":{"@id":"https:\/\/www.millerthomson.com\/fr\/#\/schema\/logo\/image\/"},"sameAs":["https:\/\/www.facebook.com\/MillerThomsonLaw\/","https:\/\/x.com\/millerthomson","https:\/\/www.linkedin.com\/company\/miller-thomson-llp\/","https:\/\/www.youtube.com\/@millerthomson"]},{"@type":"Person","@id":"https:\/\/www.millerthomson.com\/fr\/#\/schema\/person\/5473b50a564d1e37f327fdd79cb348f6","name":"Katherine Chan","image":{"@type":"ImageObject","inLanguage":"fr-FR","@id":"https:\/\/www.millerthomson.com\/fr\/#\/schema\/person\/image\/","url":"https:\/\/secure.gravatar.com\/avatar\/da8a18c240b27905220d948a87957ba19ab6de326b44a2ce3072235c121f996f?s=96&d=mm&r=g","contentUrl":"https:\/\/secure.gravatar.com\/avatar\/da8a18c240b27905220d948a87957ba19ab6de326b44a2ce3072235c121f996f?s=96&d=mm&r=g","caption":"Katherine Chan"}}]}},"_links":{"self":[{"href":"https:\/\/www.millerthomson.com\/fr\/wp-json\/wp\/v2\/news\/32663","targetHints":{"allow":["GET"]}}],"collection":[{"href":"https:\/\/www.millerthomson.com\/fr\/wp-json\/wp\/v2\/news"}],"about":[{"href":"https:\/\/www.millerthomson.com\/fr\/wp-json\/wp\/v2\/types\/news"}],"author":[{"embeddable":true,"href":"https:\/\/www.millerthomson.com\/fr\/wp-json\/wp\/v2\/users\/5"}],"version-history":[{"count":0,"href":"https:\/\/www.millerthomson.com\/fr\/wp-json\/wp\/v2\/news\/32663\/revisions"}],"wp:featuredmedia":[{"embeddable":true,"href":"https:\/\/www.millerthomson.com\/fr\/wp-json\/wp\/v2\/media\/35052"}],"wp:attachment":[{"href":"https:\/\/www.millerthomson.com\/fr\/wp-json\/wp\/v2\/media?parent=32663"}],"wp:term":[{"taxonomy":"news-category","embeddable":true,"href":"https:\/\/www.millerthomson.com\/fr\/wp-json\/wp\/v2\/news-category?post=32663"}],"curies":[{"name":"wp","href":"https:\/\/api.w.org\/{rel}","templated":true}]}}