{"id":32266,"date":"2025-04-23T12:09:49","date_gmt":"2025-04-23T16:09:49","guid":{"rendered":"https:\/\/www.millerthomson.com\/?post_type=news&#038;p=32266"},"modified":"2025-04-23T12:11:43","modified_gmt":"2025-04-23T16:11:43","slug":"miller-thomson-accueille-un-nouvel-associe-tim-pritchard-au-sein-de-son-groupe-litige-commercial","status":"publish","type":"news","link":"https:\/\/www.millerthomson.com\/fr\/nouvelles\/miller-thomson-accueille-un-nouvel-associe-tim-pritchard-au-sein-de-son-groupe-litige-commercial\/","title":{"rendered":"Miller\u00a0Thomson accueille un nouvel associ\u00e9, Tim Pritchard, au sein de son groupe Litige commercial"},"content":{"rendered":"\n<p>Miller\u00a0Thomson est heureux d\u2019accueillir <a href=\"https:\/\/www.millerthomson.com\/fr\/votre-equipe\/tim-pritchard\/\">Tim Pritchard<\/a> en tant qu\u2019associ\u00e9 au sein de son groupe Litige commercial du bureau de Vancouver.<\/p>\n\n\n\n<p>Fort d\u2019une grande exp\u00e9rience en mati\u00e8re de litiges autochtones, environnementaux et commerciaux, Tim a plaid\u00e9 dans le cadre de dossiers complexes, notamment une importante affaire de violation de trait\u00e9 li\u00e9e \u00e0 des effets cumulatifs sur l\u2019environnement, ainsi qu\u2019un proc\u00e8s en diffamation qui a abouti \u00e0 une victoire. Il plaide \u00e9galement devant les instances r\u00e9glementaires et conseille ses clients sur les \u00e9valuations environnementales.<\/p>\n\n\n\n<p>\u00ab\u00a0L\u2019expertise de Tim en droit autochtone et en droit r\u00e9glementaire alli\u00e9e \u00e0 son exp\u00e9rience en mati\u00e8re de proc\u00e8s marquants fait de lui un atout majeur pour notre \u00e9quipe. Ses connaissances seront pr\u00e9cieuses pour les clients qui sont confront\u00e9s \u00e0 des enjeux juridiques et r\u00e9glementaires complexes\u00a0\u00bb, d\u00e9clare <a href=\"https:\/\/www.millerthomson.com\/fr\/votre-equipe\/sarah-d-hansen\/\">Sarah Hansen<\/a>, responsable du groupe d\u2019expertise Litige de Vancouver.<\/p>\n\n\n\n<p>Membre du Barreau de la Colombie-Britannique, Tim saura mettre \u00e0 profit son expertise vaste et pratique au service de Miller&nbsp;Thomson et de sa client\u00e8le.<\/p>\n","protected":false},"author":5,"featured_media":35056,"template":"","news-category":[654],"class_list":["post-32266","news","type-news","status-publish","has-post-thumbnail","hentry"],"acf":[],"yoast_head":"<!-- This site is optimized with the Yoast SEO plugin v26.1.1 - https:\/\/yoast.com\/wordpress\/plugins\/seo\/ -->\n<title>Miller\u00a0Thomson accueille un nouvel associ\u00e9, Tim Pritchard, au sein de son groupe Litige commercial | Miller Thomson<\/title>\n<meta name=\"robots\" content=\"index, follow, max-snippet:-1, max-image-preview:large, max-video-preview:-1\" \/>\n<link rel=\"canonical\" href=\"https:\/\/www.millerthomson.com\/fr\/nouvelles\/miller-thomson-accueille-un-nouvel-associe-tim-pritchard-au-sein-de-son-groupe-litige-commercial\/\" \/>\n<meta property=\"og:locale\" content=\"fr_FR\" \/>\n<meta property=\"og:type\" content=\"article\" \/>\n<meta property=\"og:title\" content=\"Miller\u00a0Thomson accueille un nouvel associ\u00e9, Tim Pritchard, au sein de son groupe Litige commercial | Miller Thomson\" \/>\n<meta property=\"og:description\" content=\"Miller\u00a0Thomson est heureux d\u2019accueillir Tim Pritchard en tant qu\u2019associ\u00e9 au sein de son groupe Litige commercial du bureau de Vancouver. Fort d\u2019une grande exp\u00e9rience en mati\u00e8re de litiges autochtones, environnementaux et commerciaux, Tim a plaid\u00e9 dans le cadre de dossiers complexes, notamment une importante affaire de violation de trait\u00e9 li\u00e9e \u00e0 des effets cumulatifs sur [&hellip;]\" \/>\n<meta property=\"og:url\" content=\"https:\/\/www.millerthomson.com\/fr\/nouvelles\/miller-thomson-accueille-un-nouvel-associe-tim-pritchard-au-sein-de-son-groupe-litige-commercial\/\" \/>\n<meta property=\"og:site_name\" content=\"Miller Thomson\" \/>\n<meta property=\"article:publisher\" content=\"https:\/\/www.facebook.com\/MillerThomsonLaw\/\" \/>\n<meta property=\"article:modified_time\" content=\"2025-04-23T16:11:43+00:00\" \/>\n<meta property=\"og:image\" content=\"https:\/\/www.millerthomson.com\/wp-content\/uploads\/2025\/07\/featured_news_vancouver.jpg\" \/>\n\t<meta property=\"og:image:width\" content=\"1200\" \/>\n\t<meta property=\"og:image:height\" content=\"800\" \/>\n\t<meta property=\"og:image:type\" content=\"image\/jpeg\" \/>\n<meta name=\"twitter:card\" content=\"summary_large_image\" \/>\n<meta name=\"twitter:site\" content=\"@millerthomson\" \/>\n<meta name=\"twitter:label1\" content=\"Est. reading time\" \/>\n\t<meta name=\"twitter:data1\" content=\"1 minute\" \/>\n<script type=\"application\/ld+json\" class=\"yoast-schema-graph\">{\"@context\":\"https:\/\/schema.org\",\"@graph\":[{\"@type\":\"NewsArticle\",\"@id\":\"https:\/\/www.millerthomson.com\/fr\/nouvelles\/miller-thomson-accueille-un-nouvel-associe-tim-pritchard-au-sein-de-son-groupe-litige-commercial\/#article\",\"isPartOf\":{\"@id\":\"https:\/\/www.millerthomson.com\/fr\/nouvelles\/miller-thomson-accueille-un-nouvel-associe-tim-pritchard-au-sein-de-son-groupe-litige-commercial\/\"},\"author\":{\"name\":\"Katherine Chan\",\"@id\":\"https:\/\/www.millerthomson.com\/fr\/#\/schema\/person\/5473b50a564d1e37f327fdd79cb348f6\"},\"headline\":\"Miller\u00a0Thomson accueille un nouvel associ\u00e9, Tim Pritchard, au sein de son groupe Litige commercial\",\"datePublished\":\"2025-04-23T16:09:49+00:00\",\"dateModified\":\"2025-04-23T16:11:43+00:00\",\"mainEntityOfPage\":{\"@id\":\"https:\/\/www.millerthomson.com\/fr\/nouvelles\/miller-thomson-accueille-un-nouvel-associe-tim-pritchard-au-sein-de-son-groupe-litige-commercial\/\"},\"wordCount\":196,\"publisher\":{\"@id\":\"https:\/\/www.millerthomson.com\/fr\/#organization\"},\"image\":{\"@id\":\"https:\/\/www.millerthomson.com\/fr\/nouvelles\/miller-thomson-accueille-un-nouvel-associe-tim-pritchard-au-sein-de-son-groupe-litige-commercial\/#primaryimage\"},\"thumbnailUrl\":\"https:\/\/www.millerthomson.com\/wp-content\/uploads\/2025\/07\/featured_news_vancouver.jpg\",\"inLanguage\":\"fr-FR\"},{\"@type\":\"WebPage\",\"@id\":\"https:\/\/www.millerthomson.com\/fr\/nouvelles\/miller-thomson-accueille-un-nouvel-associe-tim-pritchard-au-sein-de-son-groupe-litige-commercial\/\",\"url\":\"https:\/\/www.millerthomson.com\/fr\/nouvelles\/miller-thomson-accueille-un-nouvel-associe-tim-pritchard-au-sein-de-son-groupe-litige-commercial\/\",\"name\":\"Miller\u00a0Thomson accueille un nouvel associ\u00e9, Tim Pritchard, au sein de son groupe Litige commercial | Miller Thomson\",\"isPartOf\":{\"@id\":\"https:\/\/www.millerthomson.com\/fr\/#website\"},\"primaryImageOfPage\":{\"@id\":\"https:\/\/www.millerthomson.com\/fr\/nouvelles\/miller-thomson-accueille-un-nouvel-associe-tim-pritchard-au-sein-de-son-groupe-litige-commercial\/#primaryimage\"},\"image\":{\"@id\":\"https:\/\/www.millerthomson.com\/fr\/nouvelles\/miller-thomson-accueille-un-nouvel-associe-tim-pritchard-au-sein-de-son-groupe-litige-commercial\/#primaryimage\"},\"thumbnailUrl\":\"https:\/\/www.millerthomson.com\/wp-content\/uploads\/2025\/07\/featured_news_vancouver.jpg\",\"datePublished\":\"2025-04-23T16:09:49+00:00\",\"dateModified\":\"2025-04-23T16:11:43+00:00\",\"breadcrumb\":{\"@id\":\"https:\/\/www.millerthomson.com\/fr\/nouvelles\/miller-thomson-accueille-un-nouvel-associe-tim-pritchard-au-sein-de-son-groupe-litige-commercial\/#breadcrumb\"},\"inLanguage\":\"fr-FR\",\"potentialAction\":[{\"@type\":\"ReadAction\",\"target\":[\"https:\/\/www.millerthomson.com\/fr\/nouvelles\/miller-thomson-accueille-un-nouvel-associe-tim-pritchard-au-sein-de-son-groupe-litige-commercial\/\"]}]},{\"@type\":\"ImageObject\",\"inLanguage\":\"fr-FR\",\"@id\":\"https:\/\/www.millerthomson.com\/fr\/nouvelles\/miller-thomson-accueille-un-nouvel-associe-tim-pritchard-au-sein-de-son-groupe-litige-commercial\/#primaryimage\",\"url\":\"https:\/\/www.millerthomson.com\/wp-content\/uploads\/2025\/07\/featured_news_vancouver.jpg\",\"contentUrl\":\"https:\/\/www.millerthomson.com\/wp-content\/uploads\/2025\/07\/featured_news_vancouver.jpg\",\"width\":12288,\"height\":8196,\"caption\":\"View of Canada Place and downtown Vancouver from Burrard inlet\"},{\"@type\":\"BreadcrumbList\",\"@id\":\"https:\/\/www.millerthomson.com\/fr\/nouvelles\/miller-thomson-accueille-un-nouvel-associe-tim-pritchard-au-sein-de-son-groupe-litige-commercial\/#breadcrumb\",\"itemListElement\":[{\"@type\":\"ListItem\",\"position\":1,\"name\":\"Accueil\",\"item\":\"https:\/\/www.millerthomson.com\/fr\/\"},{\"@type\":\"ListItem\",\"position\":2,\"name\":\"Nouvelles\",\"item\":\"https:\/\/www.millerthomson.com\/fr\/nouvelles\/\"},{\"@type\":\"ListItem\",\"position\":3,\"name\":\"Miller\u00a0Thomson accueille un nouvel associ\u00e9, Tim Pritchard, au sein de son groupe Litige commercial\"}]},{\"@type\":\"WebSite\",\"@id\":\"https:\/\/www.millerthomson.com\/fr\/#website\",\"url\":\"https:\/\/www.millerthomson.com\/fr\/\",\"name\":\"Miller Thomson | Cabinet de droit des affaires pancanadien\",\"description\":\"National law firm providing business law expertise and litigation and disputes services for businesses across Canada since 1957.\",\"publisher\":{\"@id\":\"https:\/\/www.millerthomson.com\/fr\/#organization\"},\"potentialAction\":[{\"@type\":\"SearchAction\",\"target\":{\"@type\":\"EntryPoint\",\"urlTemplate\":\"https:\/\/www.millerthomson.com\/fr\/?s={search_term_string}\"},\"query-input\":{\"@type\":\"PropertyValueSpecification\",\"valueRequired\":true,\"valueName\":\"search_term_string\"}}],\"inLanguage\":\"fr-FR\"},{\"@type\":\"Organization\",\"@id\":\"https:\/\/www.millerthomson.com\/fr\/#organization\",\"name\":\"Miller Thomson | Cabinet de droit des affaires pancanadien\",\"url\":\"https:\/\/www.millerthomson.com\/fr\/\",\"logo\":{\"@type\":\"ImageObject\",\"inLanguage\":\"fr-FR\",\"@id\":\"https:\/\/www.millerthomson.com\/fr\/#\/schema\/logo\/image\/\",\"url\":\"https:\/\/www.millerthomson.com\/wp-content\/uploads\/2024\/10\/miller-thomson.svg\",\"contentUrl\":\"https:\/\/www.millerthomson.com\/wp-content\/uploads\/2024\/10\/miller-thomson.svg\",\"width\":380,\"height\":50,\"caption\":\"Miller Thomson | Cabinet de droit des affaires pancanadien\"},\"image\":{\"@id\":\"https:\/\/www.millerthomson.com\/fr\/#\/schema\/logo\/image\/\"},\"sameAs\":[\"https:\/\/www.facebook.com\/MillerThomsonLaw\/\",\"https:\/\/x.com\/millerthomson\",\"https:\/\/www.linkedin.com\/company\/miller-thomson-llp\/\",\"https:\/\/www.youtube.com\/@millerthomson\"]},{\"@type\":\"Person\",\"@id\":\"https:\/\/www.millerthomson.com\/fr\/#\/schema\/person\/5473b50a564d1e37f327fdd79cb348f6\",\"name\":\"Katherine Chan\",\"image\":{\"@type\":\"ImageObject\",\"inLanguage\":\"fr-FR\",\"@id\":\"https:\/\/www.millerthomson.com\/fr\/#\/schema\/person\/image\/\",\"url\":\"https:\/\/secure.gravatar.com\/avatar\/da8a18c240b27905220d948a87957ba19ab6de326b44a2ce3072235c121f996f?s=96&d=mm&r=g\",\"contentUrl\":\"https:\/\/secure.gravatar.com\/avatar\/da8a18c240b27905220d948a87957ba19ab6de326b44a2ce3072235c121f996f?s=96&d=mm&r=g\",\"caption\":\"Katherine Chan\"}}]}<\/script>\n<!-- \/ Yoast SEO plugin. -->","yoast_head_json":{"title":"Miller\u00a0Thomson accueille un nouvel associ\u00e9, Tim Pritchard, au sein de son groupe Litige commercial | Miller Thomson","robots":{"index":"index","follow":"follow","max-snippet":"max-snippet:-1","max-image-preview":"max-image-preview:large","max-video-preview":"max-video-preview:-1"},"canonical":"https:\/\/www.millerthomson.com\/fr\/nouvelles\/miller-thomson-accueille-un-nouvel-associe-tim-pritchard-au-sein-de-son-groupe-litige-commercial\/","og_locale":"fr_FR","og_type":"article","og_title":"Miller\u00a0Thomson accueille un nouvel associ\u00e9, Tim Pritchard, au sein de son groupe Litige commercial | Miller Thomson","og_description":"Miller\u00a0Thomson est heureux d\u2019accueillir Tim Pritchard en tant qu\u2019associ\u00e9 au sein de son groupe Litige commercial du bureau de Vancouver. Fort d\u2019une grande exp\u00e9rience en mati\u00e8re de litiges autochtones, environnementaux et commerciaux, Tim a plaid\u00e9 dans le cadre de dossiers complexes, notamment une importante affaire de violation de trait\u00e9 li\u00e9e \u00e0 des effets cumulatifs sur [&hellip;]","og_url":"https:\/\/www.millerthomson.com\/fr\/nouvelles\/miller-thomson-accueille-un-nouvel-associe-tim-pritchard-au-sein-de-son-groupe-litige-commercial\/","og_site_name":"Miller Thomson","article_publisher":"https:\/\/www.facebook.com\/MillerThomsonLaw\/","article_modified_time":"2025-04-23T16:11:43+00:00","og_image":[{"url":"https:\/\/www.millerthomson.com\/wp-content\/uploads\/2025\/07\/featured_news_vancouver.jpg","width":1200,"height":800,"type":"image\/jpeg"}],"twitter_card":"summary_large_image","twitter_site":"@millerthomson","twitter_misc":{"Est. reading time":"1 minute"},"schema":{"@context":"https:\/\/schema.org","@graph":[{"@type":"NewsArticle","@id":"https:\/\/www.millerthomson.com\/fr\/nouvelles\/miller-thomson-accueille-un-nouvel-associe-tim-pritchard-au-sein-de-son-groupe-litige-commercial\/#article","isPartOf":{"@id":"https:\/\/www.millerthomson.com\/fr\/nouvelles\/miller-thomson-accueille-un-nouvel-associe-tim-pritchard-au-sein-de-son-groupe-litige-commercial\/"},"author":{"name":"Katherine Chan","@id":"https:\/\/www.millerthomson.com\/fr\/#\/schema\/person\/5473b50a564d1e37f327fdd79cb348f6"},"headline":"Miller\u00a0Thomson accueille un nouvel associ\u00e9, Tim Pritchard, au sein de son groupe Litige commercial","datePublished":"2025-04-23T16:09:49+00:00","dateModified":"2025-04-23T16:11:43+00:00","mainEntityOfPage":{"@id":"https:\/\/www.millerthomson.com\/fr\/nouvelles\/miller-thomson-accueille-un-nouvel-associe-tim-pritchard-au-sein-de-son-groupe-litige-commercial\/"},"wordCount":196,"publisher":{"@id":"https:\/\/www.millerthomson.com\/fr\/#organization"},"image":{"@id":"https:\/\/www.millerthomson.com\/fr\/nouvelles\/miller-thomson-accueille-un-nouvel-associe-tim-pritchard-au-sein-de-son-groupe-litige-commercial\/#primaryimage"},"thumbnailUrl":"https:\/\/www.millerthomson.com\/wp-content\/uploads\/2025\/07\/featured_news_vancouver.jpg","inLanguage":"fr-FR"},{"@type":"WebPage","@id":"https:\/\/www.millerthomson.com\/fr\/nouvelles\/miller-thomson-accueille-un-nouvel-associe-tim-pritchard-au-sein-de-son-groupe-litige-commercial\/","url":"https:\/\/www.millerthomson.com\/fr\/nouvelles\/miller-thomson-accueille-un-nouvel-associe-tim-pritchard-au-sein-de-son-groupe-litige-commercial\/","name":"Miller\u00a0Thomson accueille un nouvel associ\u00e9, Tim Pritchard, au sein de son groupe Litige commercial | Miller Thomson","isPartOf":{"@id":"https:\/\/www.millerthomson.com\/fr\/#website"},"primaryImageOfPage":{"@id":"https:\/\/www.millerthomson.com\/fr\/nouvelles\/miller-thomson-accueille-un-nouvel-associe-tim-pritchard-au-sein-de-son-groupe-litige-commercial\/#primaryimage"},"image":{"@id":"https:\/\/www.millerthomson.com\/fr\/nouvelles\/miller-thomson-accueille-un-nouvel-associe-tim-pritchard-au-sein-de-son-groupe-litige-commercial\/#primaryimage"},"thumbnailUrl":"https:\/\/www.millerthomson.com\/wp-content\/uploads\/2025\/07\/featured_news_vancouver.jpg","datePublished":"2025-04-23T16:09:49+00:00","dateModified":"2025-04-23T16:11:43+00:00","breadcrumb":{"@id":"https:\/\/www.millerthomson.com\/fr\/nouvelles\/miller-thomson-accueille-un-nouvel-associe-tim-pritchard-au-sein-de-son-groupe-litige-commercial\/#breadcrumb"},"inLanguage":"fr-FR","potentialAction":[{"@type":"ReadAction","target":["https:\/\/www.millerthomson.com\/fr\/nouvelles\/miller-thomson-accueille-un-nouvel-associe-tim-pritchard-au-sein-de-son-groupe-litige-commercial\/"]}]},{"@type":"ImageObject","inLanguage":"fr-FR","@id":"https:\/\/www.millerthomson.com\/fr\/nouvelles\/miller-thomson-accueille-un-nouvel-associe-tim-pritchard-au-sein-de-son-groupe-litige-commercial\/#primaryimage","url":"https:\/\/www.millerthomson.com\/wp-content\/uploads\/2025\/07\/featured_news_vancouver.jpg","contentUrl":"https:\/\/www.millerthomson.com\/wp-content\/uploads\/2025\/07\/featured_news_vancouver.jpg","width":12288,"height":8196,"caption":"View of Canada Place and downtown Vancouver from Burrard inlet"},{"@type":"BreadcrumbList","@id":"https:\/\/www.millerthomson.com\/fr\/nouvelles\/miller-thomson-accueille-un-nouvel-associe-tim-pritchard-au-sein-de-son-groupe-litige-commercial\/#breadcrumb","itemListElement":[{"@type":"ListItem","position":1,"name":"Accueil","item":"https:\/\/www.millerthomson.com\/fr\/"},{"@type":"ListItem","position":2,"name":"Nouvelles","item":"https:\/\/www.millerthomson.com\/fr\/nouvelles\/"},{"@type":"ListItem","position":3,"name":"Miller\u00a0Thomson accueille un nouvel associ\u00e9, Tim Pritchard, au sein de son groupe Litige commercial"}]},{"@type":"WebSite","@id":"https:\/\/www.millerthomson.com\/fr\/#website","url":"https:\/\/www.millerthomson.com\/fr\/","name":"Miller Thomson | Cabinet de droit des affaires pancanadien","description":"National law firm providing business law expertise and litigation and disputes services for businesses across Canada since 1957.","publisher":{"@id":"https:\/\/www.millerthomson.com\/fr\/#organization"},"potentialAction":[{"@type":"SearchAction","target":{"@type":"EntryPoint","urlTemplate":"https:\/\/www.millerthomson.com\/fr\/?s={search_term_string}"},"query-input":{"@type":"PropertyValueSpecification","valueRequired":true,"valueName":"search_term_string"}}],"inLanguage":"fr-FR"},{"@type":"Organization","@id":"https:\/\/www.millerthomson.com\/fr\/#organization","name":"Miller Thomson | Cabinet de droit des affaires pancanadien","url":"https:\/\/www.millerthomson.com\/fr\/","logo":{"@type":"ImageObject","inLanguage":"fr-FR","@id":"https:\/\/www.millerthomson.com\/fr\/#\/schema\/logo\/image\/","url":"https:\/\/www.millerthomson.com\/wp-content\/uploads\/2024\/10\/miller-thomson.svg","contentUrl":"https:\/\/www.millerthomson.com\/wp-content\/uploads\/2024\/10\/miller-thomson.svg","width":380,"height":50,"caption":"Miller Thomson | Cabinet de droit des affaires pancanadien"},"image":{"@id":"https:\/\/www.millerthomson.com\/fr\/#\/schema\/logo\/image\/"},"sameAs":["https:\/\/www.facebook.com\/MillerThomsonLaw\/","https:\/\/x.com\/millerthomson","https:\/\/www.linkedin.com\/company\/miller-thomson-llp\/","https:\/\/www.youtube.com\/@millerthomson"]},{"@type":"Person","@id":"https:\/\/www.millerthomson.com\/fr\/#\/schema\/person\/5473b50a564d1e37f327fdd79cb348f6","name":"Katherine Chan","image":{"@type":"ImageObject","inLanguage":"fr-FR","@id":"https:\/\/www.millerthomson.com\/fr\/#\/schema\/person\/image\/","url":"https:\/\/secure.gravatar.com\/avatar\/da8a18c240b27905220d948a87957ba19ab6de326b44a2ce3072235c121f996f?s=96&d=mm&r=g","contentUrl":"https:\/\/secure.gravatar.com\/avatar\/da8a18c240b27905220d948a87957ba19ab6de326b44a2ce3072235c121f996f?s=96&d=mm&r=g","caption":"Katherine Chan"}}]}},"_links":{"self":[{"href":"https:\/\/www.millerthomson.com\/fr\/wp-json\/wp\/v2\/news\/32266","targetHints":{"allow":["GET"]}}],"collection":[{"href":"https:\/\/www.millerthomson.com\/fr\/wp-json\/wp\/v2\/news"}],"about":[{"href":"https:\/\/www.millerthomson.com\/fr\/wp-json\/wp\/v2\/types\/news"}],"author":[{"embeddable":true,"href":"https:\/\/www.millerthomson.com\/fr\/wp-json\/wp\/v2\/users\/5"}],"version-history":[{"count":0,"href":"https:\/\/www.millerthomson.com\/fr\/wp-json\/wp\/v2\/news\/32266\/revisions"}],"wp:featuredmedia":[{"embeddable":true,"href":"https:\/\/www.millerthomson.com\/fr\/wp-json\/wp\/v2\/media\/35056"}],"wp:attachment":[{"href":"https:\/\/www.millerthomson.com\/fr\/wp-json\/wp\/v2\/media?parent=32266"}],"wp:term":[{"taxonomy":"news-category","embeddable":true,"href":"https:\/\/www.millerthomson.com\/fr\/wp-json\/wp\/v2\/news-category?post=32266"}],"curies":[{"name":"wp","href":"https:\/\/api.w.org\/{rel}","templated":true}]}}