{"id":30677,"date":"2025-11-20T09:00:00","date_gmt":"2025-11-20T14:00:00","guid":{"rendered":"https:\/\/www.millerthomson.com\/?post_type=news&#038;p=30677"},"modified":"2025-11-20T09:57:03","modified_gmt":"2025-11-20T14:57:03","slug":"des-avocates-et-avocats-de-miller-thomson-a-lhonneur-dans-ledition-speciale-2025-de-lexpert","status":"publish","type":"news","link":"https:\/\/www.millerthomson.com\/fr\/nouvelles\/des-avocates-et-avocats-de-miller-thomson-a-lhonneur-dans-ledition-speciale-2025-de-lexpert\/","title":{"rendered":"Des avocates et avocats de Miller\u00a0Thomson \u00e0 l\u2019honneur dans l\u2019\u00e9dition sp\u00e9ciale\u00a02025 de Lexpert"},"content":{"rendered":"\n<p>Nos avocats s\u2019engagent \u00e0 offrir \u00e0 leurs clients des solutions juridiques strat\u00e9giques, adapt\u00e9es \u00e0 leurs besoins d\u2019affaires. Nous sommes fiers d\u2019annoncer que notre expertise a, une fois de plus, \u00e9t\u00e9 reconnue dans <strong>les \u00e9ditions sp\u00e9ciales&nbsp;2025 de <em>Lexpert<\/em>. <\/strong>Cette publication met en lumi\u00e8re des avocats d\u2019exception, s\u00e9lectionn\u00e9s au&nbsp; terme d\u2019un rigoureux processus d\u2019\u00e9valuation par les pairs.<\/p>\n\n\n\n<p>Cette reconnaissance vient confirmer notre engagement constant &nbsp;\u00e0 accompagner nos clients dans la gestion de leurs affaires les plus complexes, avec rigueur et confiance.<\/p>\n\n\n\n<h2 class=\"wp-block-heading\">L\u2019\u00e9dition sp\u00e9ciale de lexpert 2025 consacr\u00e9e aux litiges<\/h2>\n\n\n\n<ul class=\"wp-block-list\">\n<li>Adam Stephens<\/li>\n\n\n\n<li>Brian Whitwham<\/li>\n\n\n\n<li>Chris T.J. Blom<\/li>\n\n\n\n<li>Rohit Kumar<\/li>\n\n\n\n<li>Scott J. Hammel<\/li>\n<\/ul>\n\n\n\n<h2 class=\"wp-block-heading\">L\u2019\u00e9dition sp\u00e9ciale de lexpert 2025 consacr\u00e9e \u00e0 la restructuration et insolvabilit\u00e9<\/h2>\n\n\n\n<ul class=\"wp-block-list\">\n<li>Anthony G.J. Van Klink<\/li>\n\n\n\n<li>Bertrand Giroux<\/li>\n\n\n\n<li>Bobby H. Sachdeva<\/li>\n\n\n\n<li>Gregory R. Azeff<\/li>\n\n\n\n<li>James W. Reid<\/li>\n\n\n\n<li>Kyla Mahar<\/li>\n\n\n\n<li>Larry Ellis<\/li>\n<\/ul>\n\n\n\n<h2 class=\"wp-block-heading\">L\u2019\u00e9dition sp\u00e9ciale de Lexpert 2025 consacr\u00e9e au domaine de l\u2019\u00e9nergie<\/h2>\n\n\n\n<ul class=\"wp-block-list\">\n<li>Aaron E. Atcheson<\/li>\n\n\n\n<li>Bryan J. Buttigieg<\/li>\n\n\n\n<li>Bruno Caron<\/li>\n\n\n\n<li>Sarah D. Hansen<\/li>\n\n\n\n<li>Tamara Farber<\/li>\n<\/ul>\n\n\n\n<h2 class=\"wp-block-heading\">L\u2019\u00e9dition sp\u00e9ciale de Lexpert 2025 consacr\u00e9e aux sciences de la sant\u00e9<\/h2>\n\n\n\n<ul class=\"wp-block-list\">\n<li>Kathryn M. Frelick<\/li>\n<\/ul>\n\n\n\n<h2 class=\"wp-block-heading\">L\u2019\u00e9dition sp\u00e9ciale de Lexpert 2025 consacr\u00e9e aux techologies<\/h2>\n\n\n\n<ul class=\"wp-block-list\">\n<li>David Krebs<\/li>\n\n\n\n<li>Philipp Park<\/li>\n<\/ul>\n\n\n\n<h2 class=\"wp-block-heading\">L\u2019\u00e9dition sp\u00e9ciale de Lexpert 2025 consacr\u00e9e aux infrastructures<\/h2>\n\n\n\n<ul class=\"wp-block-list\">\n<li>Mark E. Alexander<\/li>\n\n\n\n<li>Louis A. Amato-Gauci<\/li>\n\n\n\n<li>Gerry Argento<\/li>\n\n\n\n<li>Aaron E. Atcheson<\/li>\n\n\n\n<li>Dra\u017een F. Bulat<\/li>\n\n\n\n<li>Yannick Forget<\/li>\n\n\n\n<li>Guy Gilain<\/li>\n\n\n\n<li>Lori Goldberg<\/li>\n\n\n\n<li>Paul Guaragna<\/li>\n\n\n\n<li>Scott J. Hammel<\/li>\n\n\n\n<li>Darin J. Hannaford<\/li>\n\n\n\n<li>Emma L. Johnston<\/li>\n\n\n\n<li>Jasmin Lefebvre<\/li>\n\n\n\n<li>Jaclyne Reive<\/li>\n<\/ul>\n\n\n\n<h2 class=\"wp-block-heading\">L\u2019\u00e9dition sp\u00e9ciale&nbsp;2025 de Lexpert consacr\u00e9e au financement<\/h2>\n\n\n\n<ul class=\"wp-block-list\">\n<li>Andrew Bateman<\/li>\n\n\n\n<li>William J. Fowlis<\/li>\n\n\n\n<li>Adam J. Kline<\/li>\n\n\n\n<li>Michael J. Morcom<\/li>\n\n\n\n<li>Kenneth R. Rosenstein<\/li>\n\n\n\n<li>Lawrence D. Wilder<\/li>\n<\/ul>\n\n\n\n<h2 class=\"wp-block-heading\">L\u2019\u00e9dition sp\u00e9ciale&nbsp;2025 de Lexpert consacr\u00e9e aux fusions et acquisitions<\/h2>\n\n\n\n<ul class=\"wp-block-list\">\n<li>Louis A. Amato-Gauci<\/li>\n\n\n\n<li>Michael P. Caruso<\/li>\n\n\n\n<li>Andrew M. Cohen<\/li>\n\n\n\n<li>Ryan Done<\/li>\n\n\n\n<li>Jay M. Hoffman<\/li>\n\n\n\n<li>Mack Hosseinian<\/li>\n\n\n\n<li>Adam J. Kline<\/li>\n\n\n\n<li>Philipp Park<\/li>\n\n\n\n<li>Kristina M. Shaw<\/li>\n\n\n\n<li>Max Spearn<\/li>\n\n\n\n<li>Jonathan Tong<\/li>\n\n\n\n<li>Lawrence D. Wilder<\/li>\n<\/ul>\n\n\n\n<p><\/p>\n","protected":false},"author":5,"featured_media":25473,"template":"","news-category":[655],"class_list":["post-30677","news","type-news","status-publish","has-post-thumbnail","hentry"],"acf":[],"yoast_head":"<!-- This site is optimized with the Yoast SEO plugin v26.1.1 - https:\/\/yoast.com\/wordpress\/plugins\/seo\/ -->\n<title>Des avocates et avocats de Miller\u00a0Thomson \u00e0 l\u2019honneur dans l\u2019\u00e9dition sp\u00e9ciale\u00a02025 de Lexpert | Miller Thomson<\/title>\n<meta name=\"robots\" content=\"index, follow, max-snippet:-1, max-image-preview:large, max-video-preview:-1\" \/>\n<link rel=\"canonical\" href=\"https:\/\/www.millerthomson.com\/fr\/nouvelles\/des-avocates-et-avocats-de-miller-thomson-a-lhonneur-dans-ledition-speciale-2025-de-lexpert\/\" \/>\n<meta property=\"og:locale\" content=\"fr_FR\" \/>\n<meta property=\"og:type\" content=\"article\" \/>\n<meta property=\"og:title\" content=\"Des avocates et avocats de Miller\u00a0Thomson \u00e0 l\u2019honneur dans l\u2019\u00e9dition sp\u00e9ciale\u00a02025 de Lexpert | Miller Thomson\" \/>\n<meta property=\"og:description\" content=\"Nos avocats s\u2019engagent \u00e0 offrir \u00e0 leurs clients des solutions juridiques strat\u00e9giques, adapt\u00e9es \u00e0 leurs besoins d\u2019affaires. Nous sommes fiers d\u2019annoncer que notre expertise a, une fois de plus, \u00e9t\u00e9 reconnue dans les \u00e9ditions sp\u00e9ciales&nbsp;2025 de Lexpert. Cette publication met en lumi\u00e8re des avocats d\u2019exception, s\u00e9lectionn\u00e9s au&nbsp; terme d\u2019un rigoureux processus d\u2019\u00e9valuation par les pairs. [&hellip;]\" \/>\n<meta property=\"og:url\" content=\"https:\/\/www.millerthomson.com\/fr\/nouvelles\/des-avocates-et-avocats-de-miller-thomson-a-lhonneur-dans-ledition-speciale-2025-de-lexpert\/\" \/>\n<meta property=\"og:site_name\" content=\"Miller Thomson\" \/>\n<meta property=\"article:publisher\" content=\"https:\/\/www.facebook.com\/MillerThomsonLaw\/\" \/>\n<meta property=\"article:modified_time\" content=\"2025-11-20T14:57:03+00:00\" \/>\n<meta property=\"og:image\" content=\"https:\/\/www.millerthomson.com\/wp-content\/uploads\/2025\/01\/featured_news_stars.jpg\" \/>\n\t<meta property=\"og:image:width\" content=\"1920\" \/>\n\t<meta property=\"og:image:height\" content=\"1098\" \/>\n\t<meta property=\"og:image:type\" content=\"image\/jpeg\" \/>\n<meta name=\"twitter:card\" content=\"summary_large_image\" \/>\n<meta name=\"twitter:site\" content=\"@millerthomson\" \/>\n<meta name=\"twitter:label1\" content=\"Est. reading time\" \/>\n\t<meta name=\"twitter:data1\" content=\"2 minutes\" \/>\n<script type=\"application\/ld+json\" class=\"yoast-schema-graph\">{\"@context\":\"https:\/\/schema.org\",\"@graph\":[{\"@type\":\"NewsArticle\",\"@id\":\"https:\/\/www.millerthomson.com\/fr\/nouvelles\/des-avocates-et-avocats-de-miller-thomson-a-lhonneur-dans-ledition-speciale-2025-de-lexpert\/#article\",\"isPartOf\":{\"@id\":\"https:\/\/www.millerthomson.com\/fr\/nouvelles\/des-avocates-et-avocats-de-miller-thomson-a-lhonneur-dans-ledition-speciale-2025-de-lexpert\/\"},\"author\":{\"name\":\"Katherine Chan\",\"@id\":\"https:\/\/www.millerthomson.com\/fr\/#\/schema\/person\/5473b50a564d1e37f327fdd79cb348f6\"},\"headline\":\"Des avocates et avocats de Miller\u00a0Thomson \u00e0 l\u2019honneur dans l\u2019\u00e9dition sp\u00e9ciale\u00a02025 de Lexpert\",\"datePublished\":\"2025-11-20T14:00:00+00:00\",\"dateModified\":\"2025-11-20T14:57:03+00:00\",\"mainEntityOfPage\":{\"@id\":\"https:\/\/www.millerthomson.com\/fr\/nouvelles\/des-avocates-et-avocats-de-miller-thomson-a-lhonneur-dans-ledition-speciale-2025-de-lexpert\/\"},\"wordCount\":335,\"publisher\":{\"@id\":\"https:\/\/www.millerthomson.com\/fr\/#organization\"},\"image\":{\"@id\":\"https:\/\/www.millerthomson.com\/fr\/nouvelles\/des-avocates-et-avocats-de-miller-thomson-a-lhonneur-dans-ledition-speciale-2025-de-lexpert\/#primaryimage\"},\"thumbnailUrl\":\"https:\/\/www.millerthomson.com\/wp-content\/uploads\/2025\/01\/featured_news_stars.jpg\",\"inLanguage\":\"fr-FR\"},{\"@type\":\"WebPage\",\"@id\":\"https:\/\/www.millerthomson.com\/fr\/nouvelles\/des-avocates-et-avocats-de-miller-thomson-a-lhonneur-dans-ledition-speciale-2025-de-lexpert\/\",\"url\":\"https:\/\/www.millerthomson.com\/fr\/nouvelles\/des-avocates-et-avocats-de-miller-thomson-a-lhonneur-dans-ledition-speciale-2025-de-lexpert\/\",\"name\":\"Des avocates et avocats de Miller\u00a0Thomson \u00e0 l\u2019honneur dans l\u2019\u00e9dition sp\u00e9ciale\u00a02025 de Lexpert | Miller Thomson\",\"isPartOf\":{\"@id\":\"https:\/\/www.millerthomson.com\/fr\/#website\"},\"primaryImageOfPage\":{\"@id\":\"https:\/\/www.millerthomson.com\/fr\/nouvelles\/des-avocates-et-avocats-de-miller-thomson-a-lhonneur-dans-ledition-speciale-2025-de-lexpert\/#primaryimage\"},\"image\":{\"@id\":\"https:\/\/www.millerthomson.com\/fr\/nouvelles\/des-avocates-et-avocats-de-miller-thomson-a-lhonneur-dans-ledition-speciale-2025-de-lexpert\/#primaryimage\"},\"thumbnailUrl\":\"https:\/\/www.millerthomson.com\/wp-content\/uploads\/2025\/01\/featured_news_stars.jpg\",\"datePublished\":\"2025-11-20T14:00:00+00:00\",\"dateModified\":\"2025-11-20T14:57:03+00:00\",\"breadcrumb\":{\"@id\":\"https:\/\/www.millerthomson.com\/fr\/nouvelles\/des-avocates-et-avocats-de-miller-thomson-a-lhonneur-dans-ledition-speciale-2025-de-lexpert\/#breadcrumb\"},\"inLanguage\":\"fr-FR\",\"potentialAction\":[{\"@type\":\"ReadAction\",\"target\":[\"https:\/\/www.millerthomson.com\/fr\/nouvelles\/des-avocates-et-avocats-de-miller-thomson-a-lhonneur-dans-ledition-speciale-2025-de-lexpert\/\"]}]},{\"@type\":\"ImageObject\",\"inLanguage\":\"fr-FR\",\"@id\":\"https:\/\/www.millerthomson.com\/fr\/nouvelles\/des-avocates-et-avocats-de-miller-thomson-a-lhonneur-dans-ledition-speciale-2025-de-lexpert\/#primaryimage\",\"url\":\"https:\/\/www.millerthomson.com\/wp-content\/uploads\/2025\/01\/featured_news_stars.jpg\",\"contentUrl\":\"https:\/\/www.millerthomson.com\/wp-content\/uploads\/2025\/01\/featured_news_stars.jpg\",\"width\":1920,\"height\":1098,\"caption\":\"five stars on a table\"},{\"@type\":\"BreadcrumbList\",\"@id\":\"https:\/\/www.millerthomson.com\/fr\/nouvelles\/des-avocates-et-avocats-de-miller-thomson-a-lhonneur-dans-ledition-speciale-2025-de-lexpert\/#breadcrumb\",\"itemListElement\":[{\"@type\":\"ListItem\",\"position\":1,\"name\":\"Accueil\",\"item\":\"https:\/\/www.millerthomson.com\/fr\/\"},{\"@type\":\"ListItem\",\"position\":2,\"name\":\"Nouvelles\",\"item\":\"https:\/\/www.millerthomson.com\/fr\/nouvelles\/\"},{\"@type\":\"ListItem\",\"position\":3,\"name\":\"Des avocates et avocats de Miller\u00a0Thomson \u00e0 l\u2019honneur dans l\u2019\u00e9dition sp\u00e9ciale\u00a02025 de Lexpert\"}]},{\"@type\":\"WebSite\",\"@id\":\"https:\/\/www.millerthomson.com\/fr\/#website\",\"url\":\"https:\/\/www.millerthomson.com\/fr\/\",\"name\":\"Miller Thomson | Cabinet de droit des affaires pancanadien\",\"description\":\"National law firm providing business law expertise and litigation and disputes services for businesses across Canada since 1957.\",\"publisher\":{\"@id\":\"https:\/\/www.millerthomson.com\/fr\/#organization\"},\"potentialAction\":[{\"@type\":\"SearchAction\",\"target\":{\"@type\":\"EntryPoint\",\"urlTemplate\":\"https:\/\/www.millerthomson.com\/fr\/?s={search_term_string}\"},\"query-input\":{\"@type\":\"PropertyValueSpecification\",\"valueRequired\":true,\"valueName\":\"search_term_string\"}}],\"inLanguage\":\"fr-FR\"},{\"@type\":\"Organization\",\"@id\":\"https:\/\/www.millerthomson.com\/fr\/#organization\",\"name\":\"Miller Thomson | Cabinet de droit des affaires pancanadien\",\"url\":\"https:\/\/www.millerthomson.com\/fr\/\",\"logo\":{\"@type\":\"ImageObject\",\"inLanguage\":\"fr-FR\",\"@id\":\"https:\/\/www.millerthomson.com\/fr\/#\/schema\/logo\/image\/\",\"url\":\"https:\/\/www.millerthomson.com\/wp-content\/uploads\/2024\/10\/miller-thomson.svg\",\"contentUrl\":\"https:\/\/www.millerthomson.com\/wp-content\/uploads\/2024\/10\/miller-thomson.svg\",\"width\":380,\"height\":50,\"caption\":\"Miller Thomson | Cabinet de droit des affaires pancanadien\"},\"image\":{\"@id\":\"https:\/\/www.millerthomson.com\/fr\/#\/schema\/logo\/image\/\"},\"sameAs\":[\"https:\/\/www.facebook.com\/MillerThomsonLaw\/\",\"https:\/\/x.com\/millerthomson\",\"https:\/\/www.linkedin.com\/company\/miller-thomson-llp\/\",\"https:\/\/www.youtube.com\/@millerthomson\"]},{\"@type\":\"Person\",\"@id\":\"https:\/\/www.millerthomson.com\/fr\/#\/schema\/person\/5473b50a564d1e37f327fdd79cb348f6\",\"name\":\"Katherine Chan\",\"image\":{\"@type\":\"ImageObject\",\"inLanguage\":\"fr-FR\",\"@id\":\"https:\/\/www.millerthomson.com\/fr\/#\/schema\/person\/image\/\",\"url\":\"https:\/\/secure.gravatar.com\/avatar\/da8a18c240b27905220d948a87957ba19ab6de326b44a2ce3072235c121f996f?s=96&d=mm&r=g\",\"contentUrl\":\"https:\/\/secure.gravatar.com\/avatar\/da8a18c240b27905220d948a87957ba19ab6de326b44a2ce3072235c121f996f?s=96&d=mm&r=g\",\"caption\":\"Katherine Chan\"}}]}<\/script>\n<!-- \/ Yoast SEO plugin. -->","yoast_head_json":{"title":"Des avocates et avocats de Miller\u00a0Thomson \u00e0 l\u2019honneur dans l\u2019\u00e9dition sp\u00e9ciale\u00a02025 de Lexpert | Miller Thomson","robots":{"index":"index","follow":"follow","max-snippet":"max-snippet:-1","max-image-preview":"max-image-preview:large","max-video-preview":"max-video-preview:-1"},"canonical":"https:\/\/www.millerthomson.com\/fr\/nouvelles\/des-avocates-et-avocats-de-miller-thomson-a-lhonneur-dans-ledition-speciale-2025-de-lexpert\/","og_locale":"fr_FR","og_type":"article","og_title":"Des avocates et avocats de Miller\u00a0Thomson \u00e0 l\u2019honneur dans l\u2019\u00e9dition sp\u00e9ciale\u00a02025 de Lexpert | Miller Thomson","og_description":"Nos avocats s\u2019engagent \u00e0 offrir \u00e0 leurs clients des solutions juridiques strat\u00e9giques, adapt\u00e9es \u00e0 leurs besoins d\u2019affaires. Nous sommes fiers d\u2019annoncer que notre expertise a, une fois de plus, \u00e9t\u00e9 reconnue dans les \u00e9ditions sp\u00e9ciales&nbsp;2025 de Lexpert. Cette publication met en lumi\u00e8re des avocats d\u2019exception, s\u00e9lectionn\u00e9s au&nbsp; terme d\u2019un rigoureux processus d\u2019\u00e9valuation par les pairs. [&hellip;]","og_url":"https:\/\/www.millerthomson.com\/fr\/nouvelles\/des-avocates-et-avocats-de-miller-thomson-a-lhonneur-dans-ledition-speciale-2025-de-lexpert\/","og_site_name":"Miller Thomson","article_publisher":"https:\/\/www.facebook.com\/MillerThomsonLaw\/","article_modified_time":"2025-11-20T14:57:03+00:00","og_image":[{"width":1920,"height":1098,"url":"https:\/\/www.millerthomson.com\/wp-content\/uploads\/2025\/01\/featured_news_stars.jpg","type":"image\/jpeg"}],"twitter_card":"summary_large_image","twitter_site":"@millerthomson","twitter_misc":{"Est. reading time":"2 minutes"},"schema":{"@context":"https:\/\/schema.org","@graph":[{"@type":"NewsArticle","@id":"https:\/\/www.millerthomson.com\/fr\/nouvelles\/des-avocates-et-avocats-de-miller-thomson-a-lhonneur-dans-ledition-speciale-2025-de-lexpert\/#article","isPartOf":{"@id":"https:\/\/www.millerthomson.com\/fr\/nouvelles\/des-avocates-et-avocats-de-miller-thomson-a-lhonneur-dans-ledition-speciale-2025-de-lexpert\/"},"author":{"name":"Katherine Chan","@id":"https:\/\/www.millerthomson.com\/fr\/#\/schema\/person\/5473b50a564d1e37f327fdd79cb348f6"},"headline":"Des avocates et avocats de Miller\u00a0Thomson \u00e0 l\u2019honneur dans l\u2019\u00e9dition sp\u00e9ciale\u00a02025 de Lexpert","datePublished":"2025-11-20T14:00:00+00:00","dateModified":"2025-11-20T14:57:03+00:00","mainEntityOfPage":{"@id":"https:\/\/www.millerthomson.com\/fr\/nouvelles\/des-avocates-et-avocats-de-miller-thomson-a-lhonneur-dans-ledition-speciale-2025-de-lexpert\/"},"wordCount":335,"publisher":{"@id":"https:\/\/www.millerthomson.com\/fr\/#organization"},"image":{"@id":"https:\/\/www.millerthomson.com\/fr\/nouvelles\/des-avocates-et-avocats-de-miller-thomson-a-lhonneur-dans-ledition-speciale-2025-de-lexpert\/#primaryimage"},"thumbnailUrl":"https:\/\/www.millerthomson.com\/wp-content\/uploads\/2025\/01\/featured_news_stars.jpg","inLanguage":"fr-FR"},{"@type":"WebPage","@id":"https:\/\/www.millerthomson.com\/fr\/nouvelles\/des-avocates-et-avocats-de-miller-thomson-a-lhonneur-dans-ledition-speciale-2025-de-lexpert\/","url":"https:\/\/www.millerthomson.com\/fr\/nouvelles\/des-avocates-et-avocats-de-miller-thomson-a-lhonneur-dans-ledition-speciale-2025-de-lexpert\/","name":"Des avocates et avocats de Miller\u00a0Thomson \u00e0 l\u2019honneur dans l\u2019\u00e9dition sp\u00e9ciale\u00a02025 de Lexpert | Miller Thomson","isPartOf":{"@id":"https:\/\/www.millerthomson.com\/fr\/#website"},"primaryImageOfPage":{"@id":"https:\/\/www.millerthomson.com\/fr\/nouvelles\/des-avocates-et-avocats-de-miller-thomson-a-lhonneur-dans-ledition-speciale-2025-de-lexpert\/#primaryimage"},"image":{"@id":"https:\/\/www.millerthomson.com\/fr\/nouvelles\/des-avocates-et-avocats-de-miller-thomson-a-lhonneur-dans-ledition-speciale-2025-de-lexpert\/#primaryimage"},"thumbnailUrl":"https:\/\/www.millerthomson.com\/wp-content\/uploads\/2025\/01\/featured_news_stars.jpg","datePublished":"2025-11-20T14:00:00+00:00","dateModified":"2025-11-20T14:57:03+00:00","breadcrumb":{"@id":"https:\/\/www.millerthomson.com\/fr\/nouvelles\/des-avocates-et-avocats-de-miller-thomson-a-lhonneur-dans-ledition-speciale-2025-de-lexpert\/#breadcrumb"},"inLanguage":"fr-FR","potentialAction":[{"@type":"ReadAction","target":["https:\/\/www.millerthomson.com\/fr\/nouvelles\/des-avocates-et-avocats-de-miller-thomson-a-lhonneur-dans-ledition-speciale-2025-de-lexpert\/"]}]},{"@type":"ImageObject","inLanguage":"fr-FR","@id":"https:\/\/www.millerthomson.com\/fr\/nouvelles\/des-avocates-et-avocats-de-miller-thomson-a-lhonneur-dans-ledition-speciale-2025-de-lexpert\/#primaryimage","url":"https:\/\/www.millerthomson.com\/wp-content\/uploads\/2025\/01\/featured_news_stars.jpg","contentUrl":"https:\/\/www.millerthomson.com\/wp-content\/uploads\/2025\/01\/featured_news_stars.jpg","width":1920,"height":1098,"caption":"five stars on a table"},{"@type":"BreadcrumbList","@id":"https:\/\/www.millerthomson.com\/fr\/nouvelles\/des-avocates-et-avocats-de-miller-thomson-a-lhonneur-dans-ledition-speciale-2025-de-lexpert\/#breadcrumb","itemListElement":[{"@type":"ListItem","position":1,"name":"Accueil","item":"https:\/\/www.millerthomson.com\/fr\/"},{"@type":"ListItem","position":2,"name":"Nouvelles","item":"https:\/\/www.millerthomson.com\/fr\/nouvelles\/"},{"@type":"ListItem","position":3,"name":"Des avocates et avocats de Miller\u00a0Thomson \u00e0 l\u2019honneur dans l\u2019\u00e9dition sp\u00e9ciale\u00a02025 de Lexpert"}]},{"@type":"WebSite","@id":"https:\/\/www.millerthomson.com\/fr\/#website","url":"https:\/\/www.millerthomson.com\/fr\/","name":"Miller Thomson | Cabinet de droit des affaires pancanadien","description":"National law firm providing business law expertise and litigation and disputes services for businesses across Canada since 1957.","publisher":{"@id":"https:\/\/www.millerthomson.com\/fr\/#organization"},"potentialAction":[{"@type":"SearchAction","target":{"@type":"EntryPoint","urlTemplate":"https:\/\/www.millerthomson.com\/fr\/?s={search_term_string}"},"query-input":{"@type":"PropertyValueSpecification","valueRequired":true,"valueName":"search_term_string"}}],"inLanguage":"fr-FR"},{"@type":"Organization","@id":"https:\/\/www.millerthomson.com\/fr\/#organization","name":"Miller Thomson | Cabinet de droit des affaires pancanadien","url":"https:\/\/www.millerthomson.com\/fr\/","logo":{"@type":"ImageObject","inLanguage":"fr-FR","@id":"https:\/\/www.millerthomson.com\/fr\/#\/schema\/logo\/image\/","url":"https:\/\/www.millerthomson.com\/wp-content\/uploads\/2024\/10\/miller-thomson.svg","contentUrl":"https:\/\/www.millerthomson.com\/wp-content\/uploads\/2024\/10\/miller-thomson.svg","width":380,"height":50,"caption":"Miller Thomson | Cabinet de droit des affaires pancanadien"},"image":{"@id":"https:\/\/www.millerthomson.com\/fr\/#\/schema\/logo\/image\/"},"sameAs":["https:\/\/www.facebook.com\/MillerThomsonLaw\/","https:\/\/x.com\/millerthomson","https:\/\/www.linkedin.com\/company\/miller-thomson-llp\/","https:\/\/www.youtube.com\/@millerthomson"]},{"@type":"Person","@id":"https:\/\/www.millerthomson.com\/fr\/#\/schema\/person\/5473b50a564d1e37f327fdd79cb348f6","name":"Katherine Chan","image":{"@type":"ImageObject","inLanguage":"fr-FR","@id":"https:\/\/www.millerthomson.com\/fr\/#\/schema\/person\/image\/","url":"https:\/\/secure.gravatar.com\/avatar\/da8a18c240b27905220d948a87957ba19ab6de326b44a2ce3072235c121f996f?s=96&d=mm&r=g","contentUrl":"https:\/\/secure.gravatar.com\/avatar\/da8a18c240b27905220d948a87957ba19ab6de326b44a2ce3072235c121f996f?s=96&d=mm&r=g","caption":"Katherine Chan"}}]}},"_links":{"self":[{"href":"https:\/\/www.millerthomson.com\/fr\/wp-json\/wp\/v2\/news\/30677","targetHints":{"allow":["GET"]}}],"collection":[{"href":"https:\/\/www.millerthomson.com\/fr\/wp-json\/wp\/v2\/news"}],"about":[{"href":"https:\/\/www.millerthomson.com\/fr\/wp-json\/wp\/v2\/types\/news"}],"author":[{"embeddable":true,"href":"https:\/\/www.millerthomson.com\/fr\/wp-json\/wp\/v2\/users\/5"}],"version-history":[{"count":0,"href":"https:\/\/www.millerthomson.com\/fr\/wp-json\/wp\/v2\/news\/30677\/revisions"}],"wp:featuredmedia":[{"embeddable":true,"href":"https:\/\/www.millerthomson.com\/fr\/wp-json\/wp\/v2\/media\/25473"}],"wp:attachment":[{"href":"https:\/\/www.millerthomson.com\/fr\/wp-json\/wp\/v2\/media?parent=30677"}],"wp:term":[{"taxonomy":"news-category","embeddable":true,"href":"https:\/\/www.millerthomson.com\/fr\/wp-json\/wp\/v2\/news-category?post=30677"}],"curies":[{"name":"wp","href":"https:\/\/api.w.org\/{rel}","templated":true}]}}