{"id":29407,"date":"2025-03-11T10:57:20","date_gmt":"2025-03-11T14:57:20","guid":{"rendered":"https:\/\/www.millerthomson.com\/?post_type=news&#038;p=29407"},"modified":"2026-02-20T19:01:59","modified_gmt":"2026-02-21T00:01:59","slug":"des-avocates-et-des-avocats-de-miller-thomson-honores-dans-ledition-2025-du-repertoire-lexpert-des-meilleurs-talents-juridiques-au-canada","status":"publish","type":"news","link":"https:\/\/www.millerthomson.com\/fr\/nouvelles\/des-avocates-et-des-avocats-de-miller-thomson-honores-dans-ledition-2025-du-repertoire-lexpert-des-meilleurs-talents-juridiques-au-canada\/","title":{"rendered":"Des avocates et des avocats de Miller\u00a0Thomson honor\u00e9s dans l\u2019\u00e9dition\u00a02025 du r\u00e9pertoire Lexpert des meilleurs talents juridiques au Canada"},"content":{"rendered":"\n<p>Lexpert a reconnu 112&nbsp;avocates et avocats de Miller&nbsp;Thomson, pour un total de 164&nbsp;mentions individuelles dans l\u2019\u00e9dition&nbsp;2025 de son r\u00e9pertoire des professionnels juridiques de premier ordre au Canada. Le <a href=\"https:\/\/www.lexpert.ca\/law-firms\/miller-thomson-llp-115\" target=\"_blank\" rel=\"noreferrer noopener\"><em>Canadian Legal Lexpert Directory<\/em><\/a>, \u00e9tabli \u00e0 la suite d\u2019un rigoureux processus de recherche et d\u2019\u00e9valuation par les pairs, constitue un incontournable pour quiconque cherche \u00e0 d\u00e9couvrir les meilleurs talents juridiques au pays.<\/p>\n\n\n\n<p>Cette distinction refl\u00e8te l\u2019\u00e9tendue de notre exp\u00e9rience et de notre engagement \u00e0 offrir des conseils juridiques de premier ordre dans toute une gamme de domaines de pratique. Nous nous engageons \u00e0 vous proposer des solutions strat\u00e9giques parfaitement adapt\u00e9es \u00e0 vos objectifs d\u2019affaires.<\/p>\n\n\n\n<p>Le cabinet a \u00e9t\u00e9 class\u00e9 dans les domaines du droit suivants&nbsp;:<\/p>\n\n\n\n<div class=\"wp-block-columns is-layout-flex wp-container-core-columns-is-layout-28f84493 wp-block-columns-is-layout-flex\">\n<div class=\"wp-block-column is-layout-flow wp-block-column-is-layout-flow\">\n<ul class=\"wp-block-list\">\n<li>Am\u00e9nagement immobilier<\/li>\n\n\n\n<li>Droit bancaire et institutions financi\u00e8res<\/li>\n\n\n\n<li>Droit de l\u2019environnement<\/li>\n\n\n\n<li>Droit de la construction<\/li>\n\n\n\n<li>Droit des soci\u00e9t\u00e9s et droit commercial<\/li>\n\n\n\n<li>Droit du divertissement<\/li>\n\n\n\n<li>Droit du franchisage<\/li>\n\n\n\n<li>Droit minier<\/li>\n\n\n\n<li>\u00c9nergie (industrie p\u00e9troli\u00e8re et gazi\u00e8re)<\/li>\n\n\n\n<li>Enjeux environnementaux, sociaux et de gouvernance<\/li>\n\n\n\n<li>Financement et location d\u2019\u00e9quipement<\/li>\n<\/ul>\n<\/div>\n\n\n\n<div class=\"wp-block-column is-layout-flow wp-block-column-is-layout-flow\">\n<ul class=\"wp-block-list\">\n<li>Fiscalit\u00e9 des entreprises<\/li>\n\n\n\n<li>Fusions et acquisitions<\/li>\n\n\n\n<li>Insolvabilit\u00e9 et r\u00e9organisation d\u2019entreprise<\/li>\n\n\n\n<li>Litiges en mati\u00e8re de droit des soci\u00e9t\u00e9s et de droit commercial<\/li>\n\n\n\n<li>Litiges relatifs aux assurances commerciales<\/li>\n\n\n\n<li>Location immobili\u00e8re<\/li>\n\n\n\n<li>N\u00e9gligence m\u00e9dicale<\/li>\n\n\n\n<li>Relations de travail<\/li>\n\n\n\n<li>Responsabilit\u00e9 professionnelle<\/li>\n\n\n\n<li>Transport (routes et rails) <\/li>\n\n\n\n<li>Valeurs mobili\u00e8res et financement d\u2019entreprise<\/li>\n<\/ul>\n<\/div>\n<\/div>\n\n\n\n<h2 class=\"wp-block-heading\">Classements individuels<\/h2>\n\n\n\n<p>Les avocates et avocats suivants ont \u00e9galement re\u00e7u des distinctions individuelles et ont \u00e9t\u00e9 reconnus par leurs pairs comme \u00e9tant des chefs de file dans leurs domaines respectifs.<\/p>\n\n\n\n<div class=\"wp-block-columns is-layout-flex wp-container-core-columns-is-layout-28f84493 wp-block-columns-is-layout-flex\">\n<div class=\"wp-block-column is-layout-flow wp-block-column-is-layout-flow\">\n<h3 class=\"wp-block-heading\">Am\u00e9nagement immobilier<\/h3>\n\n\n\n<ul class=\"wp-block-list\">\n<li>Tara Piurko<\/li>\n\n\n\n<li>Joshua I.&nbsp;Selby<\/li>\n<\/ul>\n\n\n\n<h3 class=\"wp-block-heading\">Capitaux priv\u00e9s<\/h3>\n\n\n\n<ul class=\"wp-block-list\">\n<li>Lawrence D.&nbsp;Wilder<\/li>\n<\/ul>\n\n\n\n<h3 class=\"wp-block-heading\">Dommages corporels (repr\u00e9sentation des d\u00e9fendeurs)<\/h3>\n\n\n\n<ul class=\"wp-block-list\">\n<li>Chris T.J.&nbsp;Blom<\/li>\n\n\n\n<li>Michael J.&nbsp;Pucylo<\/li>\n<\/ul>\n\n\n\n<h3 class=\"wp-block-heading\">Dommages corporels (repr\u00e9sentation des demandeurs)<\/h3>\n\n\n\n<ul class=\"wp-block-list\">\n<li>Michael J.&nbsp;Pucylo<\/li>\n<\/ul>\n\n\n\n<h3 class=\"wp-block-heading\">Droit autochtone<\/h3>\n\n\n\n<ul class=\"wp-block-list\">\n<li>John A.&nbsp;Doolan<\/li>\n<\/ul>\n\n\n\n<h3 class=\"wp-block-heading\">Droit bancaire et institutions financi\u00e8res<\/h3>\n\n\n\n<ul class=\"wp-block-list\">\n<li>Jonathan F.&nbsp;Dyck<\/li>\n\n\n\n<li>Michael J.&nbsp;Morcom<\/li>\n\n\n\n<li>Boris M.&nbsp;Muchalov<\/li>\n\n\n\n<li>Nora F.&nbsp;Osbaldeston<\/li>\n\n\n\n<li>Amanda Plastina<\/li>\n\n\n\n<li>David Reynolds<\/li>\n\n\n\n<li>Kenneth R.&nbsp;Rosenstein<\/li>\n\n\n\n<li>Kristina M.&nbsp;Shaw<\/li>\n<\/ul>\n\n\n\n<h3 class=\"wp-block-heading\">Droit de l\u2019emploi (employ\u00e9)<\/h3>\n\n\n\n<ul class=\"wp-block-list\">\n<li>Lisa S.&nbsp;Goodfellow<\/li>\n<\/ul>\n\n\n\n<h3 class=\"wp-block-heading\">Droit de l\u2019emploi (employeur)<\/h3>\n\n\n\n<ul class=\"wp-block-list\">\n<li>Nafisah Chowdhury<\/li>\n\n\n\n<li>Thomas V.&nbsp;Duke<\/li>\n\n\n\n<li>Lisa S.&nbsp;Goodfellow<\/li>\n\n\n\n<li>Inna Koldorf<\/li>\n\n\n\n<li>Gary S.&nbsp;Rosen<\/li>\n\n\n\n<li>Jill W.&nbsp;Wilkie<\/li>\n\n\n\n<li>Lawrence Witt<\/li>\n<\/ul>\n\n\n\n<h3 class=\"wp-block-heading\">Droit de l\u2019environnement<\/h3>\n\n\n\n<ul class=\"wp-block-list\">\n<li>Aaron E.&nbsp;Atcheson<\/li>\n\n\n\n<li>Bryan J.&nbsp;Buttigieg<\/li>\n\n\n\n<li>Tamara Farber<\/li>\n\n\n\n<li>Sarah D.&nbsp;Hansen<\/li>\n<\/ul>\n\n\n\n<h3 class=\"wp-block-heading\">Droit de l\u2019infrastructure<\/h3>\n\n\n\n<ul class=\"wp-block-list\">\n<li>Scott J.&nbsp;Hammel<\/li>\n<\/ul>\n\n\n\n<h3 class=\"wp-block-heading\">Droit de la concurrence<\/h3>\n\n\n\n<ul class=\"wp-block-list\">\n<li>Eric J.&nbsp;Dufour<\/li>\n<\/ul>\n\n\n\n<h3 class=\"wp-block-heading\">Droit de la construction<\/h3>\n\n\n\n<ul class=\"wp-block-list\">\n<li>Mark E.&nbsp;Alexander<\/li>\n\n\n\n<li>Gerry Argento<\/li>\n\n\n\n<li>Dra\u017een F.&nbsp;Bulat<\/li>\n\n\n\n<li>Yannick Forget<\/li>\n\n\n\n<li>Guy Gilain<\/li>\n\n\n\n<li>Lori Goldberg<\/li>\n\n\n\n<li>Paul Guaragna<\/li>\n\n\n\n<li>Scott J.&nbsp;Hammel<\/li>\n\n\n\n<li>Emma L.&nbsp;Johnston<\/li>\n\n\n\n<li>Jasmin Lefebvre<\/li>\n<\/ul>\n\n\n\n<h3 class=\"wp-block-heading\">Droit de la famille<\/h3>\n\n\n\n<ul class=\"wp-block-list\">\n<li>Rebecca Grosz<\/li>\n<\/ul>\n\n\n\n<h3 class=\"wp-block-heading\">Droit des soci\u00e9t\u00e9s (march\u00e9 interm\u00e9diaire)<\/h3>\n\n\n\n<ul class=\"wp-block-list\">\n<li>Bernard Blouin<\/li>\n\n\n\n<li>Andrew M.&nbsp;Cohen<\/li>\n\n\n\n<li>Philipp Park<\/li>\n\n\n\n<li>Yves Rocheleau<\/li>\n\n\n\n<li>Lawrence D.&nbsp;Wilder<\/li>\n<\/ul>\n\n\n\n<h3 class=\"wp-block-heading\">Droit des soci\u00e9t\u00e9s et droit commercial<\/h3>\n\n\n\n<ul class=\"wp-block-list\">\n<li>Louis A.&nbsp;Amato-Gauci<\/li>\n\n\n\n<li>Michael P.&nbsp;Caruso<\/li>\n\n\n\n<li>Andy C.Y.&nbsp;Chan<\/li>\n\n\n\n<li>Ryan Done<\/li>\n\n\n\n<li>Mack Hossinian<\/li>\n\n\n\n<li>Eric F.W.&nbsp;Johnson<\/li>\n\n\n\n<li>Adam J.&nbsp;Kline<\/li>\n\n\n\n<li>Glen S.&nbsp;Lekach<\/li>\n\n\n\n<li>Philipp Park<\/li>\n\n\n\n<li>Kristina M.&nbsp;Shaw<\/li>\n\n\n\n<li>Max Spearn<\/li>\n\n\n\n<li>Joseph W.&nbsp;Yurkovich<\/li>\n<\/ul>\n\n\n\n<h3 class=\"wp-block-heading\">Droit du divertissement<\/h3>\n\n\n\n<ul class=\"wp-block-list\">\n<li>Dean Chenoy<\/li>\n\n\n\n<li>Jonathan F.&nbsp;Dyck<\/li>\n\n\n\n<li>Philippe St-Louis<\/li>\n<\/ul>\n\n\n\n<h3 class=\"wp-block-heading\">Droit du franchisage (franchis\u00e9)<\/h3>\n\n\n\n<ul class=\"wp-block-list\">\n<li>Richard D.&nbsp;Leblanc<\/li>\n<\/ul>\n\n\n\n<h3 class=\"wp-block-heading\">Droit du franchisage (franchiseur)<\/h3>\n\n\n\n<ul class=\"wp-block-list\">\n<li>Richard D.&nbsp;Leblanc<\/li>\n<\/ul>\n\n\n\n<h3 class=\"wp-block-heading\">Enjeux environnementaux, sociaux et de gouvernance (ESG)<\/h3>\n\n\n\n<ul class=\"wp-block-list\">\n<li>Aaron E.&nbsp;Atcheson<\/li>\n\n\n\n<li>Bryan J.&nbsp;Buttigieg<\/li>\n\n\n\n<li>Bruno Caron<\/li>\n\n\n\n<li>Tamara Farber<\/li>\n<\/ul>\n\n\n\n<h3 class=\"wp-block-heading\">Financement et location d\u2019\u00e9quipement<\/h3>\n\n\n\n<ul class=\"wp-block-list\">\n<li>Kenneth R.&nbsp;Rosenstein<\/li>\n<\/ul>\n\n\n\n<h3 class=\"wp-block-heading\">Fiscalit\u00e9 des entreprises<\/h3>\n\n\n\n<ul class=\"wp-block-list\">\n<li>Andrew Bateman<\/li>\n\n\n\n<li>Wendi P.&nbsp;Crowe<\/li>\n\n\n\n<li>William J.&nbsp;Fowlis<\/li>\n\n\n\n<li>Bryant D.&nbsp;Frydberg<\/li>\n\n\n\n<li>Joan E.&nbsp;Jung<\/li>\n\n\n\n<li>Daniel L.&nbsp;Kiselbach<\/li>\n\n\n\n<li>Colleen Ma<\/li>\n\n\n\n<li>Regan A.&nbsp;O\u2019Neil<\/li>\n\n\n\n<li>Joseph W.&nbsp;Yurkovich<\/li>\n<\/ul>\n\n\n\n<h3 class=\"wp-block-heading\">Fusions et acquisitions<\/h3>\n\n\n\n<ul class=\"wp-block-list\">\n<li>Geoff Clarke<\/li>\n\n\n\n<li>Ryan Done<\/li>\n\n\n\n<li>Kirk Emery<\/li>\n\n\n\n<li>Jay M. Hoffman<\/li>\n\n\n\n<li>Mack Hosseinian<\/li>\n\n\n\n<li>Adam J. Kline<\/li>\n\n\n\n<li>Philipp Park<\/li>\n\n\n\n<li>Max Spearn<\/li>\n\n\n\n<li>Jonathan Tong<\/li>\n\n\n\n<li>Lawrence D. Wilder<\/li>\n<\/ul>\n<\/div>\n\n\n\n<div class=\"wp-block-column is-layout-flow wp-block-column-is-layout-flow\">\n<h3 class=\"wp-block-heading\">Immigration<\/h3>\n\n\n\n<ul class=\"wp-block-list\">\n<li>Veronica Choy<\/li>\n<\/ul>\n\n\n\n<h3 class=\"wp-block-heading\">Insolvabilit\u00e9 et r\u00e9organisation d\u2019entreprise (litige en mati\u00e8re d\u2019insolvabilit\u00e9)<\/h3>\n\n\n\n<ul class=\"wp-block-list\">\n<li>Larry Ellis<\/li>\n\n\n\n<li>Bertrand Giroux<\/li>\n\n\n\n<li>Bobby H.&nbsp;Sachdeva<\/li>\n<\/ul>\n\n\n\n<h3 class=\"wp-block-heading\">Insolvabilit\u00e9 et r\u00e9organisation d\u2019entreprise (r\u00e9organisation d\u2019entreprise)<\/h3>\n\n\n\n<ul class=\"wp-block-list\">\n<li>Gregory R.&nbsp;Azeff<\/li>\n\n\n\n<li>Larry Ellis<\/li>\n\n\n\n<li>Kyla Mahar<\/li>\n\n\n\n<li>James W.&nbsp;Reid<\/li>\n\n\n\n<li>Anthony G.J.&nbsp;Van Klink<\/li>\n<\/ul>\n\n\n\n<h3 class=\"wp-block-heading\">Litige en mati\u00e8re de droit des soci\u00e9t\u00e9s et de droit commercial<\/h3>\n\n\n\n<ul class=\"wp-block-list\">\n<li>Mark E.&nbsp;Alexander<\/li>\n\n\n\n<li>John K.&nbsp;Downing<\/li>\n\n\n\n<li>Scott J.&nbsp;Hammel<\/li>\n\n\n\n<li>Darin J.&nbsp;Hannaford<\/li>\n\n\n\n<li>Rohit&nbsp;Kumar<\/li>\n\n\n\n<li>Bobby H.&nbsp;Sachdeva<\/li>\n\n\n\n<li>Adam Stephens<\/li>\n\n\n\n<li>Brian Whitwham<\/li>\n\n\n\n<li>P.&nbsp;James Zibarras<\/li>\n<\/ul>\n\n\n\n<h3 class=\"wp-block-heading\">Litige en mati\u00e8re de fiscalit\u00e9 des entreprises<\/h3>\n\n\n\n<ul class=\"wp-block-list\">\n<li>David W.&nbsp;Chodikoff<\/li>\n<\/ul>\n\n\n\n<h3 class=\"wp-block-heading\">Litige en mati\u00e8re de valeurs mobili\u00e8res<\/h3>\n\n\n\n<ul class=\"wp-block-list\">\n<li>Rohit&nbsp;Kumar<\/li>\n<\/ul>\n\n\n\n<h3 class=\"wp-block-heading\">Litige relatif aux assurances commerciales<\/h3>\n\n\n\n<ul class=\"wp-block-list\">\n<li>Chris T.J.&nbsp;Blom<\/li>\n\n\n\n<li>Mark R.&nbsp;Frederick<\/li>\n\n\n\n<li>Karen L.&nbsp;Weslowski<\/li>\n<\/ul>\n\n\n\n<h3 class=\"wp-block-heading\">Location immobili\u00e8re<\/h3>\n\n\n\n<ul class=\"wp-block-list\">\n<li>Aaron E.&nbsp;Atcheson<\/li>\n\n\n\n<li>Steven L.&nbsp;Chaimberg<\/li>\n\n\n\n<li>Stuart Chaimberg<\/li>\n\n\n\n<li>John A.&nbsp;Cross<\/li>\n\n\n\n<li>John A.&nbsp;Doolan<\/li>\n\n\n\n<li>Perry Katz<\/li>\n\n\n\n<li>Jean Leonard<\/li>\n\n\n\n<li>Jessica Penley<\/li>\n\n\n\n<li>Joshua I.&nbsp;Selby<\/li>\n<\/ul>\n\n\n\n<h3 class=\"wp-block-heading\">Organismes de bienfaisance et \u00e0 but non lucratif<\/h3>\n\n\n\n<ul class=\"wp-block-list\">\n<li>Michael P.&nbsp;Blatchford<\/li>\n\n\n\n<li>Sarah Fitzpatrick<\/li>\n\n\n\n<li>M.&nbsp;Elena Hoffstein<\/li>\n\n\n\n<li>Susan M.&nbsp;Manwaring<\/li>\n\n\n\n<li>Bryan Millman<\/li>\n\n\n\n<li>Kristina M.&nbsp;Shaw<\/li>\n\n\n\n<li>Amanda Stacey<\/li>\n\n\n\n<li>Andrew Valentine<\/li>\n<\/ul>\n\n\n\n<h3 class=\"wp-block-heading\">Pensions et avantages sociaux (employeur)<\/h3>\n\n\n\n<ul class=\"wp-block-list\">\n<li>Hugh Wright<\/li>\n<\/ul>\n\n\n\n<h3 class=\"wp-block-heading\">Planification successorale et fiscale des particuliers (litige successoral)<\/h3>\n\n\n\n<ul class=\"wp-block-list\">\n<li>Andrew Bateman<\/li>\n\n\n\n<li>Howard S.&nbsp;Black<\/li>\n\n\n\n<li>Kelly A.&nbsp;Charlebois<\/li>\n\n\n\n<li>Jacklynn L.&nbsp;Pivovar<\/li>\n<\/ul>\n\n\n\n<h3 class=\"wp-block-heading\">Planification successorale et fiscale des particuliers (planification successorale et fiscale)<\/h3>\n\n\n\n<ul class=\"wp-block-list\">\n<li>Gail Black<\/li>\n\n\n\n<li>Wendi P.&nbsp;Crowe<\/li>\n\n\n\n<li>Dwight D.&nbsp;Dee<\/li>\n\n\n\n<li>William J.&nbsp;Fowlis<\/li>\n\n\n\n<li>M.&nbsp;Elena Hoffstein<\/li>\n\n\n\n<li>Joan E.&nbsp;Jung<\/li>\n\n\n\n<li>Nathalie Marchand<\/li>\n\n\n\n<li>Jacklynn L.&nbsp;Pivovar<\/li>\n\n\n\n<li>Nicole Woodward<\/li>\n<\/ul>\n\n\n\n<h3 class=\"wp-block-heading\">Pr\u00eats garantis par des actifs<\/h3>\n\n\n\n<ul class=\"wp-block-list\">\n<li>Ethan Campbell<\/li>\n\n\n\n<li>Nora F.&nbsp;Osbaldeston<\/li>\n\n\n\n<li>Amanda Plastina<\/li>\n\n\n\n<li>David Reynolds<\/li>\n\n\n\n<li>Kenneth R.&nbsp;Rosenstein<\/li>\n<\/ul>\n\n\n\n<h3 class=\"wp-block-heading\">Protection des donn\u00e9es et de la vie priv\u00e9e<\/h3>\n\n\n\n<ul class=\"wp-block-list\">\n<li>David Krebs<\/li>\n<\/ul>\n\n\n\n<h3 class=\"wp-block-heading\">Publicit\u00e9 et marketing<\/h3>\n\n\n\n<ul class=\"wp-block-list\">\n<li>Eric J.&nbsp;Dufour<\/li>\n<\/ul>\n\n\n\n<h3 class=\"wp-block-heading\">Relations de travail (gestion)<\/h3>\n\n\n\n<ul class=\"wp-block-list\">\n<li>Inna Koldorf<\/li>\n<\/ul>\n\n\n\n<h3 class=\"wp-block-heading\">Sciences de la vie et sant\u00e9<\/h3>\n\n\n\n<ul class=\"wp-block-list\">\n<li>Kathryn M.&nbsp;Frelick<\/li>\n<\/ul>\n\n\n\n<h3 class=\"wp-block-heading\">Taxe de consommation et douanes<\/h3>\n\n\n\n<ul class=\"wp-block-list\">\n<li>Daniel L.&nbsp;Kiselbach<\/li>\n<\/ul>\n\n\n\n<h3 class=\"wp-block-heading\">Transport (routes et rails)<\/h3>\n\n\n\n<ul class=\"wp-block-list\">\n<li>Louis A.&nbsp;Amato-Gauci<\/li>\n\n\n\n<li>Darin J.&nbsp;Hannaford<\/li>\n\n\n\n<li>Jaclyne Reive<\/li>\n<\/ul>\n\n\n\n<h3 class=\"wp-block-heading\">Valeurs mobili\u00e8res et financement d\u2019entreprise<\/h3>\n\n\n\n<ul class=\"wp-block-list\">\n<li>Dwight D.&nbsp;Dee<\/li>\n\n\n\n<li>Mack Hossinian<\/li>\n\n\n\n<li>Adam J.&nbsp;Kline<\/li>\n\n\n\n<li>Glen S.&nbsp;Lekach<\/li>\n\n\n\n<li>Lawrence D.&nbsp;Wilder<\/li>\n<\/ul>\n<\/div>\n<\/div>\n\n\n\n<p><\/p>\n","protected":false},"author":5,"featured_media":25456,"template":"","news-category":[655],"class_list":["post-29407","news","type-news","status-publish","has-post-thumbnail","hentry"],"acf":[],"yoast_head":"<!-- This site is optimized with the Yoast SEO plugin v26.1.1 - https:\/\/yoast.com\/wordpress\/plugins\/seo\/ -->\n<title>Des avocates et des avocats de Miller\u00a0Thomson honor\u00e9s dans l\u2019\u00e9dition\u00a02025 du r\u00e9pertoire Lexpert des meilleurs talents juridiques au Canada | Miller Thomson<\/title>\n<meta name=\"robots\" content=\"index, follow, max-snippet:-1, max-image-preview:large, max-video-preview:-1\" \/>\n<link rel=\"canonical\" href=\"https:\/\/www.millerthomson.com\/fr\/nouvelles\/des-avocates-et-des-avocats-de-miller-thomson-honores-dans-ledition-2025-du-repertoire-lexpert-des-meilleurs-talents-juridiques-au-canada\/\" \/>\n<meta property=\"og:locale\" content=\"fr_FR\" \/>\n<meta property=\"og:type\" content=\"article\" \/>\n<meta property=\"og:title\" content=\"Des avocates et des avocats de Miller\u00a0Thomson honor\u00e9s dans l\u2019\u00e9dition\u00a02025 du r\u00e9pertoire Lexpert des meilleurs talents juridiques au Canada | Miller Thomson\" \/>\n<meta property=\"og:description\" content=\"Lexpert a reconnu 112&nbsp;avocates et avocats de Miller&nbsp;Thomson, pour un total de 164&nbsp;mentions individuelles dans l\u2019\u00e9dition&nbsp;2025 de son r\u00e9pertoire des professionnels juridiques de premier ordre au Canada. Le Canadian Legal Lexpert Directory, \u00e9tabli \u00e0 la suite d\u2019un rigoureux processus de recherche et d\u2019\u00e9valuation par les pairs, constitue un incontournable pour quiconque cherche \u00e0 d\u00e9couvrir les [&hellip;]\" \/>\n<meta property=\"og:url\" content=\"https:\/\/www.millerthomson.com\/fr\/nouvelles\/des-avocates-et-des-avocats-de-miller-thomson-honores-dans-ledition-2025-du-repertoire-lexpert-des-meilleurs-talents-juridiques-au-canada\/\" \/>\n<meta property=\"og:site_name\" content=\"Miller Thomson\" \/>\n<meta property=\"article:publisher\" content=\"https:\/\/www.facebook.com\/MillerThomsonLaw\/\" \/>\n<meta property=\"article:modified_time\" content=\"2026-02-21T00:01:59+00:00\" \/>\n<meta property=\"og:image\" content=\"https:\/\/www.millerthomson.com\/wp-content\/uploads\/2025\/01\/featured_news_staircase.jpg\" \/>\n\t<meta property=\"og:image:width\" content=\"1920\" \/>\n\t<meta property=\"og:image:height\" content=\"1098\" \/>\n\t<meta property=\"og:image:type\" content=\"image\/jpeg\" \/>\n<meta name=\"twitter:card\" content=\"summary_large_image\" \/>\n<meta name=\"twitter:site\" content=\"@millerthomson\" \/>\n<meta name=\"twitter:label1\" content=\"Est. reading time\" \/>\n\t<meta name=\"twitter:data1\" content=\"4 minutes\" \/>\n<script type=\"application\/ld+json\" class=\"yoast-schema-graph\">{\"@context\":\"https:\/\/schema.org\",\"@graph\":[{\"@type\":\"NewsArticle\",\"@id\":\"https:\/\/www.millerthomson.com\/fr\/nouvelles\/des-avocates-et-des-avocats-de-miller-thomson-honores-dans-ledition-2025-du-repertoire-lexpert-des-meilleurs-talents-juridiques-au-canada\/#article\",\"isPartOf\":{\"@id\":\"https:\/\/www.millerthomson.com\/fr\/nouvelles\/des-avocates-et-des-avocats-de-miller-thomson-honores-dans-ledition-2025-du-repertoire-lexpert-des-meilleurs-talents-juridiques-au-canada\/\"},\"author\":{\"name\":\"Katherine Chan\",\"@id\":\"https:\/\/www.millerthomson.com\/fr\/#\/schema\/person\/5473b50a564d1e37f327fdd79cb348f6\"},\"headline\":\"Des avocates et des avocats de Miller\u00a0Thomson honor\u00e9s dans l\u2019\u00e9dition\u00a02025 du r\u00e9pertoire Lexpert des meilleurs talents juridiques au Canada\",\"datePublished\":\"2025-03-11T14:57:20+00:00\",\"dateModified\":\"2026-02-21T00:01:59+00:00\",\"mainEntityOfPage\":{\"@id\":\"https:\/\/www.millerthomson.com\/fr\/nouvelles\/des-avocates-et-des-avocats-de-miller-thomson-honores-dans-ledition-2025-du-repertoire-lexpert-des-meilleurs-talents-juridiques-au-canada\/\"},\"wordCount\":1036,\"publisher\":{\"@id\":\"https:\/\/www.millerthomson.com\/fr\/#organization\"},\"image\":{\"@id\":\"https:\/\/www.millerthomson.com\/fr\/nouvelles\/des-avocates-et-des-avocats-de-miller-thomson-honores-dans-ledition-2025-du-repertoire-lexpert-des-meilleurs-talents-juridiques-au-canada\/#primaryimage\"},\"thumbnailUrl\":\"https:\/\/www.millerthomson.com\/wp-content\/uploads\/2025\/01\/featured_news_staircase.jpg\",\"inLanguage\":\"fr-FR\"},{\"@type\":\"WebPage\",\"@id\":\"https:\/\/www.millerthomson.com\/fr\/nouvelles\/des-avocates-et-des-avocats-de-miller-thomson-honores-dans-ledition-2025-du-repertoire-lexpert-des-meilleurs-talents-juridiques-au-canada\/\",\"url\":\"https:\/\/www.millerthomson.com\/fr\/nouvelles\/des-avocates-et-des-avocats-de-miller-thomson-honores-dans-ledition-2025-du-repertoire-lexpert-des-meilleurs-talents-juridiques-au-canada\/\",\"name\":\"Des avocates et des avocats de Miller\u00a0Thomson honor\u00e9s dans l\u2019\u00e9dition\u00a02025 du r\u00e9pertoire Lexpert des meilleurs talents juridiques au Canada | Miller Thomson\",\"isPartOf\":{\"@id\":\"https:\/\/www.millerthomson.com\/fr\/#website\"},\"primaryImageOfPage\":{\"@id\":\"https:\/\/www.millerthomson.com\/fr\/nouvelles\/des-avocates-et-des-avocats-de-miller-thomson-honores-dans-ledition-2025-du-repertoire-lexpert-des-meilleurs-talents-juridiques-au-canada\/#primaryimage\"},\"image\":{\"@id\":\"https:\/\/www.millerthomson.com\/fr\/nouvelles\/des-avocates-et-des-avocats-de-miller-thomson-honores-dans-ledition-2025-du-repertoire-lexpert-des-meilleurs-talents-juridiques-au-canada\/#primaryimage\"},\"thumbnailUrl\":\"https:\/\/www.millerthomson.com\/wp-content\/uploads\/2025\/01\/featured_news_staircase.jpg\",\"datePublished\":\"2025-03-11T14:57:20+00:00\",\"dateModified\":\"2026-02-21T00:01:59+00:00\",\"breadcrumb\":{\"@id\":\"https:\/\/www.millerthomson.com\/fr\/nouvelles\/des-avocates-et-des-avocats-de-miller-thomson-honores-dans-ledition-2025-du-repertoire-lexpert-des-meilleurs-talents-juridiques-au-canada\/#breadcrumb\"},\"inLanguage\":\"fr-FR\",\"potentialAction\":[{\"@type\":\"ReadAction\",\"target\":[\"https:\/\/www.millerthomson.com\/fr\/nouvelles\/des-avocates-et-des-avocats-de-miller-thomson-honores-dans-ledition-2025-du-repertoire-lexpert-des-meilleurs-talents-juridiques-au-canada\/\"]}]},{\"@type\":\"ImageObject\",\"inLanguage\":\"fr-FR\",\"@id\":\"https:\/\/www.millerthomson.com\/fr\/nouvelles\/des-avocates-et-des-avocats-de-miller-thomson-honores-dans-ledition-2025-du-repertoire-lexpert-des-meilleurs-talents-juridiques-au-canada\/#primaryimage\",\"url\":\"https:\/\/www.millerthomson.com\/wp-content\/uploads\/2025\/01\/featured_news_staircase.jpg\",\"contentUrl\":\"https:\/\/www.millerthomson.com\/wp-content\/uploads\/2025\/01\/featured_news_staircase.jpg\",\"width\":1920,\"height\":1098},{\"@type\":\"BreadcrumbList\",\"@id\":\"https:\/\/www.millerthomson.com\/fr\/nouvelles\/des-avocates-et-des-avocats-de-miller-thomson-honores-dans-ledition-2025-du-repertoire-lexpert-des-meilleurs-talents-juridiques-au-canada\/#breadcrumb\",\"itemListElement\":[{\"@type\":\"ListItem\",\"position\":1,\"name\":\"Accueil\",\"item\":\"https:\/\/www.millerthomson.com\/fr\/\"},{\"@type\":\"ListItem\",\"position\":2,\"name\":\"Nouvelles\",\"item\":\"https:\/\/www.millerthomson.com\/fr\/nouvelles\/\"},{\"@type\":\"ListItem\",\"position\":3,\"name\":\"Des avocates et des avocats de Miller\u00a0Thomson honor\u00e9s dans l\u2019\u00e9dition\u00a02025 du r\u00e9pertoire Lexpert des meilleurs talents juridiques au Canada\"}]},{\"@type\":\"WebSite\",\"@id\":\"https:\/\/www.millerthomson.com\/fr\/#website\",\"url\":\"https:\/\/www.millerthomson.com\/fr\/\",\"name\":\"Miller Thomson | Cabinet de droit des affaires pancanadien\",\"description\":\"National law firm providing business law expertise and litigation and disputes services for businesses across Canada since 1957.\",\"publisher\":{\"@id\":\"https:\/\/www.millerthomson.com\/fr\/#organization\"},\"potentialAction\":[{\"@type\":\"SearchAction\",\"target\":{\"@type\":\"EntryPoint\",\"urlTemplate\":\"https:\/\/www.millerthomson.com\/fr\/?s={search_term_string}\"},\"query-input\":{\"@type\":\"PropertyValueSpecification\",\"valueRequired\":true,\"valueName\":\"search_term_string\"}}],\"inLanguage\":\"fr-FR\"},{\"@type\":\"Organization\",\"@id\":\"https:\/\/www.millerthomson.com\/fr\/#organization\",\"name\":\"Miller Thomson | Cabinet de droit des affaires pancanadien\",\"url\":\"https:\/\/www.millerthomson.com\/fr\/\",\"logo\":{\"@type\":\"ImageObject\",\"inLanguage\":\"fr-FR\",\"@id\":\"https:\/\/www.millerthomson.com\/fr\/#\/schema\/logo\/image\/\",\"url\":\"https:\/\/www.millerthomson.com\/wp-content\/uploads\/2024\/10\/miller-thomson.svg\",\"contentUrl\":\"https:\/\/www.millerthomson.com\/wp-content\/uploads\/2024\/10\/miller-thomson.svg\",\"width\":380,\"height\":50,\"caption\":\"Miller Thomson | Cabinet de droit des affaires pancanadien\"},\"image\":{\"@id\":\"https:\/\/www.millerthomson.com\/fr\/#\/schema\/logo\/image\/\"},\"sameAs\":[\"https:\/\/www.facebook.com\/MillerThomsonLaw\/\",\"https:\/\/x.com\/millerthomson\",\"https:\/\/www.linkedin.com\/company\/miller-thomson-llp\/\",\"https:\/\/www.youtube.com\/@millerthomson\"]},{\"@type\":\"Person\",\"@id\":\"https:\/\/www.millerthomson.com\/fr\/#\/schema\/person\/5473b50a564d1e37f327fdd79cb348f6\",\"name\":\"Katherine Chan\",\"image\":{\"@type\":\"ImageObject\",\"inLanguage\":\"fr-FR\",\"@id\":\"https:\/\/www.millerthomson.com\/fr\/#\/schema\/person\/image\/\",\"url\":\"https:\/\/secure.gravatar.com\/avatar\/da8a18c240b27905220d948a87957ba19ab6de326b44a2ce3072235c121f996f?s=96&d=mm&r=g\",\"contentUrl\":\"https:\/\/secure.gravatar.com\/avatar\/da8a18c240b27905220d948a87957ba19ab6de326b44a2ce3072235c121f996f?s=96&d=mm&r=g\",\"caption\":\"Katherine Chan\"}}]}<\/script>\n<!-- \/ Yoast SEO plugin. -->","yoast_head_json":{"title":"Des avocates et des avocats de Miller\u00a0Thomson honor\u00e9s dans l\u2019\u00e9dition\u00a02025 du r\u00e9pertoire Lexpert des meilleurs talents juridiques au Canada | Miller Thomson","robots":{"index":"index","follow":"follow","max-snippet":"max-snippet:-1","max-image-preview":"max-image-preview:large","max-video-preview":"max-video-preview:-1"},"canonical":"https:\/\/www.millerthomson.com\/fr\/nouvelles\/des-avocates-et-des-avocats-de-miller-thomson-honores-dans-ledition-2025-du-repertoire-lexpert-des-meilleurs-talents-juridiques-au-canada\/","og_locale":"fr_FR","og_type":"article","og_title":"Des avocates et des avocats de Miller\u00a0Thomson honor\u00e9s dans l\u2019\u00e9dition\u00a02025 du r\u00e9pertoire Lexpert des meilleurs talents juridiques au Canada | Miller Thomson","og_description":"Lexpert a reconnu 112&nbsp;avocates et avocats de Miller&nbsp;Thomson, pour un total de 164&nbsp;mentions individuelles dans l\u2019\u00e9dition&nbsp;2025 de son r\u00e9pertoire des professionnels juridiques de premier ordre au Canada. Le Canadian Legal Lexpert Directory, \u00e9tabli \u00e0 la suite d\u2019un rigoureux processus de recherche et d\u2019\u00e9valuation par les pairs, constitue un incontournable pour quiconque cherche \u00e0 d\u00e9couvrir les [&hellip;]","og_url":"https:\/\/www.millerthomson.com\/fr\/nouvelles\/des-avocates-et-des-avocats-de-miller-thomson-honores-dans-ledition-2025-du-repertoire-lexpert-des-meilleurs-talents-juridiques-au-canada\/","og_site_name":"Miller Thomson","article_publisher":"https:\/\/www.facebook.com\/MillerThomsonLaw\/","article_modified_time":"2026-02-21T00:01:59+00:00","og_image":[{"width":1920,"height":1098,"url":"https:\/\/www.millerthomson.com\/wp-content\/uploads\/2025\/01\/featured_news_staircase.jpg","type":"image\/jpeg"}],"twitter_card":"summary_large_image","twitter_site":"@millerthomson","twitter_misc":{"Est. reading time":"4 minutes"},"schema":{"@context":"https:\/\/schema.org","@graph":[{"@type":"NewsArticle","@id":"https:\/\/www.millerthomson.com\/fr\/nouvelles\/des-avocates-et-des-avocats-de-miller-thomson-honores-dans-ledition-2025-du-repertoire-lexpert-des-meilleurs-talents-juridiques-au-canada\/#article","isPartOf":{"@id":"https:\/\/www.millerthomson.com\/fr\/nouvelles\/des-avocates-et-des-avocats-de-miller-thomson-honores-dans-ledition-2025-du-repertoire-lexpert-des-meilleurs-talents-juridiques-au-canada\/"},"author":{"name":"Katherine Chan","@id":"https:\/\/www.millerthomson.com\/fr\/#\/schema\/person\/5473b50a564d1e37f327fdd79cb348f6"},"headline":"Des avocates et des avocats de Miller\u00a0Thomson honor\u00e9s dans l\u2019\u00e9dition\u00a02025 du r\u00e9pertoire Lexpert des meilleurs talents juridiques au Canada","datePublished":"2025-03-11T14:57:20+00:00","dateModified":"2026-02-21T00:01:59+00:00","mainEntityOfPage":{"@id":"https:\/\/www.millerthomson.com\/fr\/nouvelles\/des-avocates-et-des-avocats-de-miller-thomson-honores-dans-ledition-2025-du-repertoire-lexpert-des-meilleurs-talents-juridiques-au-canada\/"},"wordCount":1036,"publisher":{"@id":"https:\/\/www.millerthomson.com\/fr\/#organization"},"image":{"@id":"https:\/\/www.millerthomson.com\/fr\/nouvelles\/des-avocates-et-des-avocats-de-miller-thomson-honores-dans-ledition-2025-du-repertoire-lexpert-des-meilleurs-talents-juridiques-au-canada\/#primaryimage"},"thumbnailUrl":"https:\/\/www.millerthomson.com\/wp-content\/uploads\/2025\/01\/featured_news_staircase.jpg","inLanguage":"fr-FR"},{"@type":"WebPage","@id":"https:\/\/www.millerthomson.com\/fr\/nouvelles\/des-avocates-et-des-avocats-de-miller-thomson-honores-dans-ledition-2025-du-repertoire-lexpert-des-meilleurs-talents-juridiques-au-canada\/","url":"https:\/\/www.millerthomson.com\/fr\/nouvelles\/des-avocates-et-des-avocats-de-miller-thomson-honores-dans-ledition-2025-du-repertoire-lexpert-des-meilleurs-talents-juridiques-au-canada\/","name":"Des avocates et des avocats de Miller\u00a0Thomson honor\u00e9s dans l\u2019\u00e9dition\u00a02025 du r\u00e9pertoire Lexpert des meilleurs talents juridiques au Canada | Miller Thomson","isPartOf":{"@id":"https:\/\/www.millerthomson.com\/fr\/#website"},"primaryImageOfPage":{"@id":"https:\/\/www.millerthomson.com\/fr\/nouvelles\/des-avocates-et-des-avocats-de-miller-thomson-honores-dans-ledition-2025-du-repertoire-lexpert-des-meilleurs-talents-juridiques-au-canada\/#primaryimage"},"image":{"@id":"https:\/\/www.millerthomson.com\/fr\/nouvelles\/des-avocates-et-des-avocats-de-miller-thomson-honores-dans-ledition-2025-du-repertoire-lexpert-des-meilleurs-talents-juridiques-au-canada\/#primaryimage"},"thumbnailUrl":"https:\/\/www.millerthomson.com\/wp-content\/uploads\/2025\/01\/featured_news_staircase.jpg","datePublished":"2025-03-11T14:57:20+00:00","dateModified":"2026-02-21T00:01:59+00:00","breadcrumb":{"@id":"https:\/\/www.millerthomson.com\/fr\/nouvelles\/des-avocates-et-des-avocats-de-miller-thomson-honores-dans-ledition-2025-du-repertoire-lexpert-des-meilleurs-talents-juridiques-au-canada\/#breadcrumb"},"inLanguage":"fr-FR","potentialAction":[{"@type":"ReadAction","target":["https:\/\/www.millerthomson.com\/fr\/nouvelles\/des-avocates-et-des-avocats-de-miller-thomson-honores-dans-ledition-2025-du-repertoire-lexpert-des-meilleurs-talents-juridiques-au-canada\/"]}]},{"@type":"ImageObject","inLanguage":"fr-FR","@id":"https:\/\/www.millerthomson.com\/fr\/nouvelles\/des-avocates-et-des-avocats-de-miller-thomson-honores-dans-ledition-2025-du-repertoire-lexpert-des-meilleurs-talents-juridiques-au-canada\/#primaryimage","url":"https:\/\/www.millerthomson.com\/wp-content\/uploads\/2025\/01\/featured_news_staircase.jpg","contentUrl":"https:\/\/www.millerthomson.com\/wp-content\/uploads\/2025\/01\/featured_news_staircase.jpg","width":1920,"height":1098},{"@type":"BreadcrumbList","@id":"https:\/\/www.millerthomson.com\/fr\/nouvelles\/des-avocates-et-des-avocats-de-miller-thomson-honores-dans-ledition-2025-du-repertoire-lexpert-des-meilleurs-talents-juridiques-au-canada\/#breadcrumb","itemListElement":[{"@type":"ListItem","position":1,"name":"Accueil","item":"https:\/\/www.millerthomson.com\/fr\/"},{"@type":"ListItem","position":2,"name":"Nouvelles","item":"https:\/\/www.millerthomson.com\/fr\/nouvelles\/"},{"@type":"ListItem","position":3,"name":"Des avocates et des avocats de Miller\u00a0Thomson honor\u00e9s dans l\u2019\u00e9dition\u00a02025 du r\u00e9pertoire Lexpert des meilleurs talents juridiques au Canada"}]},{"@type":"WebSite","@id":"https:\/\/www.millerthomson.com\/fr\/#website","url":"https:\/\/www.millerthomson.com\/fr\/","name":"Miller Thomson | Cabinet de droit des affaires pancanadien","description":"National law firm providing business law expertise and litigation and disputes services for businesses across Canada since 1957.","publisher":{"@id":"https:\/\/www.millerthomson.com\/fr\/#organization"},"potentialAction":[{"@type":"SearchAction","target":{"@type":"EntryPoint","urlTemplate":"https:\/\/www.millerthomson.com\/fr\/?s={search_term_string}"},"query-input":{"@type":"PropertyValueSpecification","valueRequired":true,"valueName":"search_term_string"}}],"inLanguage":"fr-FR"},{"@type":"Organization","@id":"https:\/\/www.millerthomson.com\/fr\/#organization","name":"Miller Thomson | Cabinet de droit des affaires pancanadien","url":"https:\/\/www.millerthomson.com\/fr\/","logo":{"@type":"ImageObject","inLanguage":"fr-FR","@id":"https:\/\/www.millerthomson.com\/fr\/#\/schema\/logo\/image\/","url":"https:\/\/www.millerthomson.com\/wp-content\/uploads\/2024\/10\/miller-thomson.svg","contentUrl":"https:\/\/www.millerthomson.com\/wp-content\/uploads\/2024\/10\/miller-thomson.svg","width":380,"height":50,"caption":"Miller Thomson | Cabinet de droit des affaires pancanadien"},"image":{"@id":"https:\/\/www.millerthomson.com\/fr\/#\/schema\/logo\/image\/"},"sameAs":["https:\/\/www.facebook.com\/MillerThomsonLaw\/","https:\/\/x.com\/millerthomson","https:\/\/www.linkedin.com\/company\/miller-thomson-llp\/","https:\/\/www.youtube.com\/@millerthomson"]},{"@type":"Person","@id":"https:\/\/www.millerthomson.com\/fr\/#\/schema\/person\/5473b50a564d1e37f327fdd79cb348f6","name":"Katherine Chan","image":{"@type":"ImageObject","inLanguage":"fr-FR","@id":"https:\/\/www.millerthomson.com\/fr\/#\/schema\/person\/image\/","url":"https:\/\/secure.gravatar.com\/avatar\/da8a18c240b27905220d948a87957ba19ab6de326b44a2ce3072235c121f996f?s=96&d=mm&r=g","contentUrl":"https:\/\/secure.gravatar.com\/avatar\/da8a18c240b27905220d948a87957ba19ab6de326b44a2ce3072235c121f996f?s=96&d=mm&r=g","caption":"Katherine Chan"}}]}},"_links":{"self":[{"href":"https:\/\/www.millerthomson.com\/fr\/wp-json\/wp\/v2\/news\/29407","targetHints":{"allow":["GET"]}}],"collection":[{"href":"https:\/\/www.millerthomson.com\/fr\/wp-json\/wp\/v2\/news"}],"about":[{"href":"https:\/\/www.millerthomson.com\/fr\/wp-json\/wp\/v2\/types\/news"}],"author":[{"embeddable":true,"href":"https:\/\/www.millerthomson.com\/fr\/wp-json\/wp\/v2\/users\/5"}],"version-history":[{"count":0,"href":"https:\/\/www.millerthomson.com\/fr\/wp-json\/wp\/v2\/news\/29407\/revisions"}],"wp:featuredmedia":[{"embeddable":true,"href":"https:\/\/www.millerthomson.com\/fr\/wp-json\/wp\/v2\/media\/25456"}],"wp:attachment":[{"href":"https:\/\/www.millerthomson.com\/fr\/wp-json\/wp\/v2\/media?parent=29407"}],"wp:term":[{"taxonomy":"news-category","embeddable":true,"href":"https:\/\/www.millerthomson.com\/fr\/wp-json\/wp\/v2\/news-category?post=29407"}],"curies":[{"name":"wp","href":"https:\/\/api.w.org\/{rel}","templated":true}]}}