{"id":29264,"date":"2025-03-06T17:12:58","date_gmt":"2025-03-06T22:12:58","guid":{"rendered":"https:\/\/www.millerthomson.com\/?post_type=news&#038;p=29264"},"modified":"2025-03-06T17:12:58","modified_gmt":"2025-03-06T22:12:58","slug":"thomson-reuters-classe-miller-thomson-parmi-les-talents-dexception-de-2025","status":"publish","type":"news","link":"https:\/\/www.millerthomson.com\/fr\/nouvelles\/thomson-reuters-classe-miller-thomson-parmi-les-talents-dexception-de-2025\/","title":{"rendered":"Thomson Reuters classe Miller Thomson parmi les talents d\u2019exception de 2025"},"content":{"rendered":"\n<p>Miller Thomson est heureux d&rsquo;annoncer que 15 de ses avocats ont \u00e9t\u00e9 nomm\u00e9s dans le r\u00e9pertoire des talents d\u2019exception de 2025 de Thomson Reuters. Cette reconnaissance t\u00e9moigne de leur service exceptionnel, tel que soulign\u00e9 par leurs clients.<\/p>\n\n\n\n<p>Les talents d\u2019exception sont s\u00e9lectionn\u00e9s dans le cadre de l\u2019\u00e9tude annuelle <em>Sharplegal <\/em>de Thomson Reuters, o\u00f9 des conseillers juridiques seniors d\u2019organisations de grande envergure sont invit\u00e9s \u00e0 nommer jusqu\u2019\u00e0 trois avocats avec lesquels ils ont collabor\u00e9 au cours de l\u2019ann\u00e9e \u00e9coul\u00e9e. Ces avocats sont salu\u00e9s pour l&rsquo;impact qu&rsquo;ils ont sur la satisfaction des clients et leur capacit\u00e9 \u00e0 d\u00e9fendre leurs int\u00e9r\u00eats, ainsi que pour leur aptitude \u00e0 s\u2019adapter aux nouvelles tendances et \u00e0 produire des r\u00e9sultats concrets.<\/p>\n\n\n\n<p>Avec plus de 2 000 acheteurs juridiques seniors \u00e0 travers le monde participant aux nominations, la liste des talents d\u2019exception met en lumi\u00e8re ceux qui ont v\u00e9ritablement marqu\u00e9 leur domaine. Selon Thomson Reuters, les cabinets disposant de ces avocats b\u00e9n\u00e9ficient d&rsquo;une satisfaction client accrue, d\u2019une meilleure image de marque, d\u2019une plus grande fid\u00e9lit\u00e9 de leurs clients et d\u2019une rentabilit\u00e9 en hausse.<\/p>\n\n\n\n<p>Toutes nos f\u00e9licitations aux avocats d\u2019exception de Miller Thomson!<\/p>\n\n\n\n<ul class=\"wp-block-list\">\n<li>Mark Alexander <\/li>\n\n\n\n<li>Louis Amato-Gauci <\/li>\n\n\n\n<li>Douglas F.\u00a0 Best <\/li>\n\n\n\n<li>Stuart Chaimberg <\/li>\n\n\n\n<li>Eric Dufour <\/li>\n\n\n\n<li>Scott Hammel <\/li>\n\n\n\n<li>Robert Hayhoe <\/li>\n\n\n\n<li>Jasmin Lefebvre <\/li>\n\n\n\n<li>Susan M. Manwaring <\/li>\n\n\n\n<li>Bobby Sachdeva <\/li>\n\n\n\n<li>Fergus I.\u00a0 Schappert <\/li>\n\n\n\n<li>Joshua I. Selby <\/li>\n\n\n\n<li>Eric Sherkin <\/li>\n\n\n\n<li>Andrew Valentine <\/li>\n\n\n\n<li>Hugh Wright<\/li>\n<\/ul>\n","protected":false},"author":5,"featured_media":40448,"template":"","news-category":[655],"class_list":["post-29264","news","type-news","status-publish","has-post-thumbnail","hentry"],"acf":[],"yoast_head":"<!-- This site is optimized with the Yoast SEO plugin v26.1.1 - https:\/\/yoast.com\/wordpress\/plugins\/seo\/ -->\n<title>Thomson Reuters classe Miller Thomson parmi les talents d\u2019exception de 2025 | Miller Thomson<\/title>\n<meta name=\"robots\" content=\"index, follow, max-snippet:-1, max-image-preview:large, max-video-preview:-1\" \/>\n<link rel=\"canonical\" href=\"https:\/\/www.millerthomson.com\/fr\/nouvelles\/thomson-reuters-classe-miller-thomson-parmi-les-talents-dexception-de-2025\/\" \/>\n<meta property=\"og:locale\" content=\"fr_FR\" \/>\n<meta property=\"og:type\" content=\"article\" \/>\n<meta property=\"og:title\" content=\"Thomson Reuters classe Miller Thomson parmi les talents d\u2019exception de 2025 | Miller Thomson\" \/>\n<meta property=\"og:description\" content=\"Miller Thomson est heureux d&rsquo;annoncer que 15 de ses avocats ont \u00e9t\u00e9 nomm\u00e9s dans le r\u00e9pertoire des talents d\u2019exception de 2025 de Thomson Reuters. Cette reconnaissance t\u00e9moigne de leur service exceptionnel, tel que soulign\u00e9 par leurs clients. Les talents d\u2019exception sont s\u00e9lectionn\u00e9s dans le cadre de l\u2019\u00e9tude annuelle Sharplegal de Thomson Reuters, o\u00f9 des conseillers [&hellip;]\" \/>\n<meta property=\"og:url\" content=\"https:\/\/www.millerthomson.com\/fr\/nouvelles\/thomson-reuters-classe-miller-thomson-parmi-les-talents-dexception-de-2025\/\" \/>\n<meta property=\"og:site_name\" content=\"Miller Thomson\" \/>\n<meta property=\"article:publisher\" content=\"https:\/\/www.facebook.com\/MillerThomsonLaw\/\" \/>\n<meta property=\"og:image\" content=\"https:\/\/www.millerthomson.com\/wp-content\/uploads\/2025\/10\/featured_news_stars-purple.jpg\" \/>\n\t<meta property=\"og:image:width\" content=\"1920\" \/>\n\t<meta property=\"og:image:height\" content=\"1098\" \/>\n\t<meta property=\"og:image:type\" content=\"image\/jpeg\" \/>\n<meta name=\"twitter:card\" content=\"summary_large_image\" \/>\n<meta name=\"twitter:site\" content=\"@millerthomson\" \/>\n<meta name=\"twitter:label1\" content=\"Est. reading time\" \/>\n\t<meta name=\"twitter:data1\" content=\"1 minute\" \/>\n<script type=\"application\/ld+json\" class=\"yoast-schema-graph\">{\"@context\":\"https:\/\/schema.org\",\"@graph\":[{\"@type\":\"NewsArticle\",\"@id\":\"https:\/\/www.millerthomson.com\/fr\/nouvelles\/thomson-reuters-classe-miller-thomson-parmi-les-talents-dexception-de-2025\/#article\",\"isPartOf\":{\"@id\":\"https:\/\/www.millerthomson.com\/fr\/nouvelles\/thomson-reuters-classe-miller-thomson-parmi-les-talents-dexception-de-2025\/\"},\"author\":{\"name\":\"Katherine Chan\",\"@id\":\"https:\/\/www.millerthomson.com\/fr\/#\/schema\/person\/5473b50a564d1e37f327fdd79cb348f6\"},\"headline\":\"Thomson Reuters classe Miller Thomson parmi les talents d\u2019exception de 2025\",\"datePublished\":\"2025-03-06T22:12:58+00:00\",\"mainEntityOfPage\":{\"@id\":\"https:\/\/www.millerthomson.com\/fr\/nouvelles\/thomson-reuters-classe-miller-thomson-parmi-les-talents-dexception-de-2025\/\"},\"wordCount\":254,\"publisher\":{\"@id\":\"https:\/\/www.millerthomson.com\/fr\/#organization\"},\"image\":{\"@id\":\"https:\/\/www.millerthomson.com\/fr\/nouvelles\/thomson-reuters-classe-miller-thomson-parmi-les-talents-dexception-de-2025\/#primaryimage\"},\"thumbnailUrl\":\"https:\/\/www.millerthomson.com\/wp-content\/uploads\/2025\/10\/featured_news_stars-purple.jpg\",\"inLanguage\":\"fr-FR\"},{\"@type\":\"WebPage\",\"@id\":\"https:\/\/www.millerthomson.com\/fr\/nouvelles\/thomson-reuters-classe-miller-thomson-parmi-les-talents-dexception-de-2025\/\",\"url\":\"https:\/\/www.millerthomson.com\/fr\/nouvelles\/thomson-reuters-classe-miller-thomson-parmi-les-talents-dexception-de-2025\/\",\"name\":\"Thomson Reuters classe Miller Thomson parmi les talents d\u2019exception de 2025 | Miller Thomson\",\"isPartOf\":{\"@id\":\"https:\/\/www.millerthomson.com\/fr\/#website\"},\"primaryImageOfPage\":{\"@id\":\"https:\/\/www.millerthomson.com\/fr\/nouvelles\/thomson-reuters-classe-miller-thomson-parmi-les-talents-dexception-de-2025\/#primaryimage\"},\"image\":{\"@id\":\"https:\/\/www.millerthomson.com\/fr\/nouvelles\/thomson-reuters-classe-miller-thomson-parmi-les-talents-dexception-de-2025\/#primaryimage\"},\"thumbnailUrl\":\"https:\/\/www.millerthomson.com\/wp-content\/uploads\/2025\/10\/featured_news_stars-purple.jpg\",\"datePublished\":\"2025-03-06T22:12:58+00:00\",\"breadcrumb\":{\"@id\":\"https:\/\/www.millerthomson.com\/fr\/nouvelles\/thomson-reuters-classe-miller-thomson-parmi-les-talents-dexception-de-2025\/#breadcrumb\"},\"inLanguage\":\"fr-FR\",\"potentialAction\":[{\"@type\":\"ReadAction\",\"target\":[\"https:\/\/www.millerthomson.com\/fr\/nouvelles\/thomson-reuters-classe-miller-thomson-parmi-les-talents-dexception-de-2025\/\"]}]},{\"@type\":\"ImageObject\",\"inLanguage\":\"fr-FR\",\"@id\":\"https:\/\/www.millerthomson.com\/fr\/nouvelles\/thomson-reuters-classe-miller-thomson-parmi-les-talents-dexception-de-2025\/#primaryimage\",\"url\":\"https:\/\/www.millerthomson.com\/wp-content\/uploads\/2025\/10\/featured_news_stars-purple.jpg\",\"contentUrl\":\"https:\/\/www.millerthomson.com\/wp-content\/uploads\/2025\/10\/featured_news_stars-purple.jpg\",\"width\":1920,\"height\":1098,\"caption\":\"Five stars with an increasing rating on blue background. Rising positive ratings or ranking concept 3D render.\"},{\"@type\":\"BreadcrumbList\",\"@id\":\"https:\/\/www.millerthomson.com\/fr\/nouvelles\/thomson-reuters-classe-miller-thomson-parmi-les-talents-dexception-de-2025\/#breadcrumb\",\"itemListElement\":[{\"@type\":\"ListItem\",\"position\":1,\"name\":\"Accueil\",\"item\":\"https:\/\/www.millerthomson.com\/fr\/\"},{\"@type\":\"ListItem\",\"position\":2,\"name\":\"Nouvelles\",\"item\":\"https:\/\/www.millerthomson.com\/fr\/nouvelles\/\"},{\"@type\":\"ListItem\",\"position\":3,\"name\":\"Thomson Reuters classe Miller Thomson parmi les talents d\u2019exception de 2025\"}]},{\"@type\":\"WebSite\",\"@id\":\"https:\/\/www.millerthomson.com\/fr\/#website\",\"url\":\"https:\/\/www.millerthomson.com\/fr\/\",\"name\":\"Miller Thomson | Cabinet de droit des affaires pancanadien\",\"description\":\"National law firm providing business law expertise and litigation and disputes services for businesses across Canada since 1957.\",\"publisher\":{\"@id\":\"https:\/\/www.millerthomson.com\/fr\/#organization\"},\"potentialAction\":[{\"@type\":\"SearchAction\",\"target\":{\"@type\":\"EntryPoint\",\"urlTemplate\":\"https:\/\/www.millerthomson.com\/fr\/?s={search_term_string}\"},\"query-input\":{\"@type\":\"PropertyValueSpecification\",\"valueRequired\":true,\"valueName\":\"search_term_string\"}}],\"inLanguage\":\"fr-FR\"},{\"@type\":\"Organization\",\"@id\":\"https:\/\/www.millerthomson.com\/fr\/#organization\",\"name\":\"Miller Thomson | Cabinet de droit des affaires pancanadien\",\"url\":\"https:\/\/www.millerthomson.com\/fr\/\",\"logo\":{\"@type\":\"ImageObject\",\"inLanguage\":\"fr-FR\",\"@id\":\"https:\/\/www.millerthomson.com\/fr\/#\/schema\/logo\/image\/\",\"url\":\"https:\/\/www.millerthomson.com\/wp-content\/uploads\/2024\/10\/miller-thomson.svg\",\"contentUrl\":\"https:\/\/www.millerthomson.com\/wp-content\/uploads\/2024\/10\/miller-thomson.svg\",\"width\":380,\"height\":50,\"caption\":\"Miller Thomson | Cabinet de droit des affaires pancanadien\"},\"image\":{\"@id\":\"https:\/\/www.millerthomson.com\/fr\/#\/schema\/logo\/image\/\"},\"sameAs\":[\"https:\/\/www.facebook.com\/MillerThomsonLaw\/\",\"https:\/\/x.com\/millerthomson\",\"https:\/\/www.linkedin.com\/company\/miller-thomson-llp\/\",\"https:\/\/www.youtube.com\/@millerthomson\"]},{\"@type\":\"Person\",\"@id\":\"https:\/\/www.millerthomson.com\/fr\/#\/schema\/person\/5473b50a564d1e37f327fdd79cb348f6\",\"name\":\"Katherine Chan\",\"image\":{\"@type\":\"ImageObject\",\"inLanguage\":\"fr-FR\",\"@id\":\"https:\/\/www.millerthomson.com\/fr\/#\/schema\/person\/image\/\",\"url\":\"https:\/\/secure.gravatar.com\/avatar\/da8a18c240b27905220d948a87957ba19ab6de326b44a2ce3072235c121f996f?s=96&d=mm&r=g\",\"contentUrl\":\"https:\/\/secure.gravatar.com\/avatar\/da8a18c240b27905220d948a87957ba19ab6de326b44a2ce3072235c121f996f?s=96&d=mm&r=g\",\"caption\":\"Katherine Chan\"}}]}<\/script>\n<!-- \/ Yoast SEO plugin. -->","yoast_head_json":{"title":"Thomson Reuters classe Miller Thomson parmi les talents d\u2019exception de 2025 | Miller Thomson","robots":{"index":"index","follow":"follow","max-snippet":"max-snippet:-1","max-image-preview":"max-image-preview:large","max-video-preview":"max-video-preview:-1"},"canonical":"https:\/\/www.millerthomson.com\/fr\/nouvelles\/thomson-reuters-classe-miller-thomson-parmi-les-talents-dexception-de-2025\/","og_locale":"fr_FR","og_type":"article","og_title":"Thomson Reuters classe Miller Thomson parmi les talents d\u2019exception de 2025 | Miller Thomson","og_description":"Miller Thomson est heureux d&rsquo;annoncer que 15 de ses avocats ont \u00e9t\u00e9 nomm\u00e9s dans le r\u00e9pertoire des talents d\u2019exception de 2025 de Thomson Reuters. Cette reconnaissance t\u00e9moigne de leur service exceptionnel, tel que soulign\u00e9 par leurs clients. Les talents d\u2019exception sont s\u00e9lectionn\u00e9s dans le cadre de l\u2019\u00e9tude annuelle Sharplegal de Thomson Reuters, o\u00f9 des conseillers [&hellip;]","og_url":"https:\/\/www.millerthomson.com\/fr\/nouvelles\/thomson-reuters-classe-miller-thomson-parmi-les-talents-dexception-de-2025\/","og_site_name":"Miller Thomson","article_publisher":"https:\/\/www.facebook.com\/MillerThomsonLaw\/","og_image":[{"width":1920,"height":1098,"url":"https:\/\/www.millerthomson.com\/wp-content\/uploads\/2025\/10\/featured_news_stars-purple.jpg","type":"image\/jpeg"}],"twitter_card":"summary_large_image","twitter_site":"@millerthomson","twitter_misc":{"Est. reading time":"1 minute"},"schema":{"@context":"https:\/\/schema.org","@graph":[{"@type":"NewsArticle","@id":"https:\/\/www.millerthomson.com\/fr\/nouvelles\/thomson-reuters-classe-miller-thomson-parmi-les-talents-dexception-de-2025\/#article","isPartOf":{"@id":"https:\/\/www.millerthomson.com\/fr\/nouvelles\/thomson-reuters-classe-miller-thomson-parmi-les-talents-dexception-de-2025\/"},"author":{"name":"Katherine Chan","@id":"https:\/\/www.millerthomson.com\/fr\/#\/schema\/person\/5473b50a564d1e37f327fdd79cb348f6"},"headline":"Thomson Reuters classe Miller Thomson parmi les talents d\u2019exception de 2025","datePublished":"2025-03-06T22:12:58+00:00","mainEntityOfPage":{"@id":"https:\/\/www.millerthomson.com\/fr\/nouvelles\/thomson-reuters-classe-miller-thomson-parmi-les-talents-dexception-de-2025\/"},"wordCount":254,"publisher":{"@id":"https:\/\/www.millerthomson.com\/fr\/#organization"},"image":{"@id":"https:\/\/www.millerthomson.com\/fr\/nouvelles\/thomson-reuters-classe-miller-thomson-parmi-les-talents-dexception-de-2025\/#primaryimage"},"thumbnailUrl":"https:\/\/www.millerthomson.com\/wp-content\/uploads\/2025\/10\/featured_news_stars-purple.jpg","inLanguage":"fr-FR"},{"@type":"WebPage","@id":"https:\/\/www.millerthomson.com\/fr\/nouvelles\/thomson-reuters-classe-miller-thomson-parmi-les-talents-dexception-de-2025\/","url":"https:\/\/www.millerthomson.com\/fr\/nouvelles\/thomson-reuters-classe-miller-thomson-parmi-les-talents-dexception-de-2025\/","name":"Thomson Reuters classe Miller Thomson parmi les talents d\u2019exception de 2025 | Miller Thomson","isPartOf":{"@id":"https:\/\/www.millerthomson.com\/fr\/#website"},"primaryImageOfPage":{"@id":"https:\/\/www.millerthomson.com\/fr\/nouvelles\/thomson-reuters-classe-miller-thomson-parmi-les-talents-dexception-de-2025\/#primaryimage"},"image":{"@id":"https:\/\/www.millerthomson.com\/fr\/nouvelles\/thomson-reuters-classe-miller-thomson-parmi-les-talents-dexception-de-2025\/#primaryimage"},"thumbnailUrl":"https:\/\/www.millerthomson.com\/wp-content\/uploads\/2025\/10\/featured_news_stars-purple.jpg","datePublished":"2025-03-06T22:12:58+00:00","breadcrumb":{"@id":"https:\/\/www.millerthomson.com\/fr\/nouvelles\/thomson-reuters-classe-miller-thomson-parmi-les-talents-dexception-de-2025\/#breadcrumb"},"inLanguage":"fr-FR","potentialAction":[{"@type":"ReadAction","target":["https:\/\/www.millerthomson.com\/fr\/nouvelles\/thomson-reuters-classe-miller-thomson-parmi-les-talents-dexception-de-2025\/"]}]},{"@type":"ImageObject","inLanguage":"fr-FR","@id":"https:\/\/www.millerthomson.com\/fr\/nouvelles\/thomson-reuters-classe-miller-thomson-parmi-les-talents-dexception-de-2025\/#primaryimage","url":"https:\/\/www.millerthomson.com\/wp-content\/uploads\/2025\/10\/featured_news_stars-purple.jpg","contentUrl":"https:\/\/www.millerthomson.com\/wp-content\/uploads\/2025\/10\/featured_news_stars-purple.jpg","width":1920,"height":1098,"caption":"Five stars with an increasing rating on blue background. Rising positive ratings or ranking concept 3D render."},{"@type":"BreadcrumbList","@id":"https:\/\/www.millerthomson.com\/fr\/nouvelles\/thomson-reuters-classe-miller-thomson-parmi-les-talents-dexception-de-2025\/#breadcrumb","itemListElement":[{"@type":"ListItem","position":1,"name":"Accueil","item":"https:\/\/www.millerthomson.com\/fr\/"},{"@type":"ListItem","position":2,"name":"Nouvelles","item":"https:\/\/www.millerthomson.com\/fr\/nouvelles\/"},{"@type":"ListItem","position":3,"name":"Thomson Reuters classe Miller Thomson parmi les talents d\u2019exception de 2025"}]},{"@type":"WebSite","@id":"https:\/\/www.millerthomson.com\/fr\/#website","url":"https:\/\/www.millerthomson.com\/fr\/","name":"Miller Thomson | Cabinet de droit des affaires pancanadien","description":"National law firm providing business law expertise and litigation and disputes services for businesses across Canada since 1957.","publisher":{"@id":"https:\/\/www.millerthomson.com\/fr\/#organization"},"potentialAction":[{"@type":"SearchAction","target":{"@type":"EntryPoint","urlTemplate":"https:\/\/www.millerthomson.com\/fr\/?s={search_term_string}"},"query-input":{"@type":"PropertyValueSpecification","valueRequired":true,"valueName":"search_term_string"}}],"inLanguage":"fr-FR"},{"@type":"Organization","@id":"https:\/\/www.millerthomson.com\/fr\/#organization","name":"Miller Thomson | Cabinet de droit des affaires pancanadien","url":"https:\/\/www.millerthomson.com\/fr\/","logo":{"@type":"ImageObject","inLanguage":"fr-FR","@id":"https:\/\/www.millerthomson.com\/fr\/#\/schema\/logo\/image\/","url":"https:\/\/www.millerthomson.com\/wp-content\/uploads\/2024\/10\/miller-thomson.svg","contentUrl":"https:\/\/www.millerthomson.com\/wp-content\/uploads\/2024\/10\/miller-thomson.svg","width":380,"height":50,"caption":"Miller Thomson | Cabinet de droit des affaires pancanadien"},"image":{"@id":"https:\/\/www.millerthomson.com\/fr\/#\/schema\/logo\/image\/"},"sameAs":["https:\/\/www.facebook.com\/MillerThomsonLaw\/","https:\/\/x.com\/millerthomson","https:\/\/www.linkedin.com\/company\/miller-thomson-llp\/","https:\/\/www.youtube.com\/@millerthomson"]},{"@type":"Person","@id":"https:\/\/www.millerthomson.com\/fr\/#\/schema\/person\/5473b50a564d1e37f327fdd79cb348f6","name":"Katherine Chan","image":{"@type":"ImageObject","inLanguage":"fr-FR","@id":"https:\/\/www.millerthomson.com\/fr\/#\/schema\/person\/image\/","url":"https:\/\/secure.gravatar.com\/avatar\/da8a18c240b27905220d948a87957ba19ab6de326b44a2ce3072235c121f996f?s=96&d=mm&r=g","contentUrl":"https:\/\/secure.gravatar.com\/avatar\/da8a18c240b27905220d948a87957ba19ab6de326b44a2ce3072235c121f996f?s=96&d=mm&r=g","caption":"Katherine Chan"}}]}},"_links":{"self":[{"href":"https:\/\/www.millerthomson.com\/fr\/wp-json\/wp\/v2\/news\/29264","targetHints":{"allow":["GET"]}}],"collection":[{"href":"https:\/\/www.millerthomson.com\/fr\/wp-json\/wp\/v2\/news"}],"about":[{"href":"https:\/\/www.millerthomson.com\/fr\/wp-json\/wp\/v2\/types\/news"}],"author":[{"embeddable":true,"href":"https:\/\/www.millerthomson.com\/fr\/wp-json\/wp\/v2\/users\/5"}],"version-history":[{"count":0,"href":"https:\/\/www.millerthomson.com\/fr\/wp-json\/wp\/v2\/news\/29264\/revisions"}],"wp:featuredmedia":[{"embeddable":true,"href":"https:\/\/www.millerthomson.com\/fr\/wp-json\/wp\/v2\/media\/40448"}],"wp:attachment":[{"href":"https:\/\/www.millerthomson.com\/fr\/wp-json\/wp\/v2\/media?parent=29264"}],"wp:term":[{"taxonomy":"news-category","embeddable":true,"href":"https:\/\/www.millerthomson.com\/fr\/wp-json\/wp\/v2\/news-category?post=29264"}],"curies":[{"name":"wp","href":"https:\/\/api.w.org\/{rel}","templated":true}]}}