{"id":29061,"date":"2025-03-05T15:48:13","date_gmt":"2025-03-05T20:48:13","guid":{"rendered":"https:\/\/www.millerthomson.com\/?post_type=news&#038;p=29061"},"modified":"2025-03-05T15:48:27","modified_gmt":"2025-03-05T20:48:27","slug":"daniel-mahler-rejoint-le-bureau-de-miller-thomson-de-toronto-en-tant-quassocie-et-responsable-de-groupe-dexpertise","status":"publish","type":"news","link":"https:\/\/www.millerthomson.com\/fr\/nouvelles\/daniel-mahler-rejoint-le-bureau-de-miller-thomson-de-toronto-en-tant-quassocie-et-responsable-de-groupe-dexpertise\/","title":{"rendered":"Daniel Mahler rejoint le bureau de Miller\u00a0Thomson de Toronto en tant qu\u2019associ\u00e9 et responsable de groupe d\u2019expertise"},"content":{"rendered":"\n<p>Miller&nbsp;Thomson a le plaisir d\u2019annoncer que <a href=\"https:\/\/www.millerthomson.com\/fr\/votre-equipe\/daniel-mahler\" rel=\"noreferrer noopener\" target=\"_blank\">Daniel Mahler<\/a> s&rsquo;est joint au cabinet Miller&nbsp;Thomson en tant qu\u2019associ\u00e9 et coresponsable du groupe national Transactions immobili\u00e8res et baux. Il est bas\u00e9 au bureau de Toronto.<\/p>\n\n\n\n<p>Fort de plus de 15&nbsp;ans d\u2019exp\u00e9rience, Daniel est un avocat chevronn\u00e9 qui poss\u00e8de une expertise approfondie couvrant toutes les facettes des transactions immobili\u00e8res commerciales. Il prodigue des conseils \u00e0 ses clients relativement aux acquisitions, aux cessions, \u00e0 la structuration de coentreprises, au financement et \u00e0 la location de divers types d\u2019actifs, notamment les immeubles de bureaux, commerciaux, industriels, \u00e0 usage mixte et r\u00e9sidentiels multifamiliaux.<\/p>\n\n\n\n<p>Daniel est reconnu pour offrir un service \u00e0 la client\u00e8le hors pair \u00e0 des acteurs les plus actifs du march\u00e9 immobilier canadien, qu\u2019il s\u2019agisse de gestionnaires de placements, de fonds d\u2019investissement immobilier (FPI), de promoteurs, de propri\u00e9taires ou de locataires.<\/p>\n\n\n\n<p>\u00ab&nbsp;Nous sommes ravis d\u2019accueillir Daniel au sein de notre \u00e9quipe&nbsp;\u00bb, a d\u00e9clar\u00e9 <a href=\"https:\/\/www.millerthomson.com\/fr\/votre-equipe\/perry-katz\/\" rel=\"noreferrer noopener\" target=\"_blank\">Perry Katz<\/a>, coresponsable du groupe national Transactions immobili\u00e8res et baux de Miller&nbsp;Thomson. \u00ab&nbsp;Son exp\u00e9rience approfondie et ses comp\u00e9tences de pointe viendront sans aucun doute renforcer les capacit\u00e9s de notre cabinet.&nbsp;\u00bb<\/p>\n\n\n\n<p>\u00ab&nbsp;Nous avons h\u00e2te de voir les contributions significatives que Daniel apportera \u00e0 la r\u00e9ussite de nos clients et \u00e0 la croissance continue du cabinet&nbsp;\u00bb, a ajout\u00e9 <a href=\"https:\/\/www.millerthomson.com\/fr\/votre-equipe\/kenneth-r-rosenstein\/\" rel=\"noreferrer noopener\" target=\"_blank\">Kenneth Rosenstein<\/a>, associ\u00e9 directeur du bureau de Toronto.<\/p>\n\n\n\n<p>Ses solides connaissances du march\u00e9 immobilier et son engagement \u00e0 fournir des solutions strat\u00e9giques sur mesure font de lui un atout inestimable pour l\u2019\u00e9quipe de professionnels juridiques de Miller&nbsp;Thomson.<\/p>\n\n\n\n<p><\/p>\n","protected":false},"author":5,"featured_media":35054,"template":"","news-category":[654],"class_list":["post-29061","news","type-news","status-publish","has-post-thumbnail","hentry"],"acf":[],"yoast_head":"<!-- This site is optimized with the Yoast SEO plugin v26.1.1 - https:\/\/yoast.com\/wordpress\/plugins\/seo\/ -->\n<title>Daniel Mahler rejoint le bureau de Miller\u00a0Thomson de Toronto en tant qu\u2019associ\u00e9 et responsable de groupe d\u2019expertise | Miller Thomson<\/title>\n<meta name=\"robots\" content=\"index, follow, max-snippet:-1, max-image-preview:large, max-video-preview:-1\" \/>\n<link rel=\"canonical\" href=\"https:\/\/www.millerthomson.com\/fr\/nouvelles\/daniel-mahler-rejoint-le-bureau-de-miller-thomson-de-toronto-en-tant-quassocie-et-responsable-de-groupe-dexpertise\/\" \/>\n<meta property=\"og:locale\" content=\"fr_FR\" \/>\n<meta property=\"og:type\" content=\"article\" \/>\n<meta property=\"og:title\" content=\"Daniel Mahler rejoint le bureau de Miller\u00a0Thomson de Toronto en tant qu\u2019associ\u00e9 et responsable de groupe d\u2019expertise | Miller Thomson\" \/>\n<meta property=\"og:description\" content=\"Miller&nbsp;Thomson a le plaisir d\u2019annoncer que Daniel Mahler s&rsquo;est joint au cabinet Miller&nbsp;Thomson en tant qu\u2019associ\u00e9 et coresponsable du groupe national Transactions immobili\u00e8res et baux. Il est bas\u00e9 au bureau de Toronto. Fort de plus de 15&nbsp;ans d\u2019exp\u00e9rience, Daniel est un avocat chevronn\u00e9 qui poss\u00e8de une expertise approfondie couvrant toutes les facettes des transactions immobili\u00e8res [&hellip;]\" \/>\n<meta property=\"og:url\" content=\"https:\/\/www.millerthomson.com\/fr\/nouvelles\/daniel-mahler-rejoint-le-bureau-de-miller-thomson-de-toronto-en-tant-quassocie-et-responsable-de-groupe-dexpertise\/\" \/>\n<meta property=\"og:site_name\" content=\"Miller Thomson\" \/>\n<meta property=\"article:publisher\" content=\"https:\/\/www.facebook.com\/MillerThomsonLaw\/\" \/>\n<meta property=\"article:modified_time\" content=\"2025-03-05T20:48:27+00:00\" \/>\n<meta property=\"og:image\" content=\"https:\/\/www.millerthomson.com\/wp-content\/uploads\/2025\/07\/featured_news_toronto2.jpg\" \/>\n\t<meta property=\"og:image:width\" content=\"1920\" \/>\n\t<meta property=\"og:image:height\" content=\"1098\" \/>\n\t<meta property=\"og:image:type\" content=\"image\/jpeg\" \/>\n<meta name=\"twitter:card\" content=\"summary_large_image\" \/>\n<meta name=\"twitter:site\" content=\"@millerthomson\" \/>\n<meta name=\"twitter:label1\" content=\"Est. reading time\" \/>\n\t<meta name=\"twitter:data1\" content=\"2 minutes\" \/>\n<script type=\"application\/ld+json\" class=\"yoast-schema-graph\">{\"@context\":\"https:\/\/schema.org\",\"@graph\":[{\"@type\":\"NewsArticle\",\"@id\":\"https:\/\/www.millerthomson.com\/fr\/nouvelles\/daniel-mahler-rejoint-le-bureau-de-miller-thomson-de-toronto-en-tant-quassocie-et-responsable-de-groupe-dexpertise\/#article\",\"isPartOf\":{\"@id\":\"https:\/\/www.millerthomson.com\/fr\/nouvelles\/daniel-mahler-rejoint-le-bureau-de-miller-thomson-de-toronto-en-tant-quassocie-et-responsable-de-groupe-dexpertise\/\"},\"author\":{\"name\":\"Katherine Chan\",\"@id\":\"https:\/\/www.millerthomson.com\/fr\/#\/schema\/person\/5473b50a564d1e37f327fdd79cb348f6\"},\"headline\":\"Daniel Mahler rejoint le bureau de Miller\u00a0Thomson de Toronto en tant qu\u2019associ\u00e9 et responsable de groupe d\u2019expertise\",\"datePublished\":\"2025-03-05T20:48:13+00:00\",\"dateModified\":\"2025-03-05T20:48:27+00:00\",\"mainEntityOfPage\":{\"@id\":\"https:\/\/www.millerthomson.com\/fr\/nouvelles\/daniel-mahler-rejoint-le-bureau-de-miller-thomson-de-toronto-en-tant-quassocie-et-responsable-de-groupe-dexpertise\/\"},\"wordCount\":292,\"publisher\":{\"@id\":\"https:\/\/www.millerthomson.com\/fr\/#organization\"},\"image\":{\"@id\":\"https:\/\/www.millerthomson.com\/fr\/nouvelles\/daniel-mahler-rejoint-le-bureau-de-miller-thomson-de-toronto-en-tant-quassocie-et-responsable-de-groupe-dexpertise\/#primaryimage\"},\"thumbnailUrl\":\"https:\/\/www.millerthomson.com\/wp-content\/uploads\/2025\/07\/featured_news_toronto2.jpg\",\"inLanguage\":\"fr-FR\"},{\"@type\":\"WebPage\",\"@id\":\"https:\/\/www.millerthomson.com\/fr\/nouvelles\/daniel-mahler-rejoint-le-bureau-de-miller-thomson-de-toronto-en-tant-quassocie-et-responsable-de-groupe-dexpertise\/\",\"url\":\"https:\/\/www.millerthomson.com\/fr\/nouvelles\/daniel-mahler-rejoint-le-bureau-de-miller-thomson-de-toronto-en-tant-quassocie-et-responsable-de-groupe-dexpertise\/\",\"name\":\"Daniel Mahler rejoint le bureau de Miller\u00a0Thomson de Toronto en tant qu\u2019associ\u00e9 et responsable de groupe d\u2019expertise | Miller Thomson\",\"isPartOf\":{\"@id\":\"https:\/\/www.millerthomson.com\/fr\/#website\"},\"primaryImageOfPage\":{\"@id\":\"https:\/\/www.millerthomson.com\/fr\/nouvelles\/daniel-mahler-rejoint-le-bureau-de-miller-thomson-de-toronto-en-tant-quassocie-et-responsable-de-groupe-dexpertise\/#primaryimage\"},\"image\":{\"@id\":\"https:\/\/www.millerthomson.com\/fr\/nouvelles\/daniel-mahler-rejoint-le-bureau-de-miller-thomson-de-toronto-en-tant-quassocie-et-responsable-de-groupe-dexpertise\/#primaryimage\"},\"thumbnailUrl\":\"https:\/\/www.millerthomson.com\/wp-content\/uploads\/2025\/07\/featured_news_toronto2.jpg\",\"datePublished\":\"2025-03-05T20:48:13+00:00\",\"dateModified\":\"2025-03-05T20:48:27+00:00\",\"breadcrumb\":{\"@id\":\"https:\/\/www.millerthomson.com\/fr\/nouvelles\/daniel-mahler-rejoint-le-bureau-de-miller-thomson-de-toronto-en-tant-quassocie-et-responsable-de-groupe-dexpertise\/#breadcrumb\"},\"inLanguage\":\"fr-FR\",\"potentialAction\":[{\"@type\":\"ReadAction\",\"target\":[\"https:\/\/www.millerthomson.com\/fr\/nouvelles\/daniel-mahler-rejoint-le-bureau-de-miller-thomson-de-toronto-en-tant-quassocie-et-responsable-de-groupe-dexpertise\/\"]}]},{\"@type\":\"ImageObject\",\"inLanguage\":\"fr-FR\",\"@id\":\"https:\/\/www.millerthomson.com\/fr\/nouvelles\/daniel-mahler-rejoint-le-bureau-de-miller-thomson-de-toronto-en-tant-quassocie-et-responsable-de-groupe-dexpertise\/#primaryimage\",\"url\":\"https:\/\/www.millerthomson.com\/wp-content\/uploads\/2025\/07\/featured_news_toronto2.jpg\",\"contentUrl\":\"https:\/\/www.millerthomson.com\/wp-content\/uploads\/2025\/07\/featured_news_toronto2.jpg\",\"width\":1920,\"height\":1098},{\"@type\":\"BreadcrumbList\",\"@id\":\"https:\/\/www.millerthomson.com\/fr\/nouvelles\/daniel-mahler-rejoint-le-bureau-de-miller-thomson-de-toronto-en-tant-quassocie-et-responsable-de-groupe-dexpertise\/#breadcrumb\",\"itemListElement\":[{\"@type\":\"ListItem\",\"position\":1,\"name\":\"Accueil\",\"item\":\"https:\/\/www.millerthomson.com\/fr\/\"},{\"@type\":\"ListItem\",\"position\":2,\"name\":\"Nouvelles\",\"item\":\"https:\/\/www.millerthomson.com\/fr\/nouvelles\/\"},{\"@type\":\"ListItem\",\"position\":3,\"name\":\"Daniel Mahler rejoint le bureau de Miller\u00a0Thomson de Toronto en tant qu\u2019associ\u00e9 et responsable de groupe d\u2019expertise\"}]},{\"@type\":\"WebSite\",\"@id\":\"https:\/\/www.millerthomson.com\/fr\/#website\",\"url\":\"https:\/\/www.millerthomson.com\/fr\/\",\"name\":\"Miller Thomson | Cabinet de droit des affaires pancanadien\",\"description\":\"National law firm providing business law expertise and litigation and disputes services for businesses across Canada since 1957.\",\"publisher\":{\"@id\":\"https:\/\/www.millerthomson.com\/fr\/#organization\"},\"potentialAction\":[{\"@type\":\"SearchAction\",\"target\":{\"@type\":\"EntryPoint\",\"urlTemplate\":\"https:\/\/www.millerthomson.com\/fr\/?s={search_term_string}\"},\"query-input\":{\"@type\":\"PropertyValueSpecification\",\"valueRequired\":true,\"valueName\":\"search_term_string\"}}],\"inLanguage\":\"fr-FR\"},{\"@type\":\"Organization\",\"@id\":\"https:\/\/www.millerthomson.com\/fr\/#organization\",\"name\":\"Miller Thomson | Cabinet de droit des affaires pancanadien\",\"url\":\"https:\/\/www.millerthomson.com\/fr\/\",\"logo\":{\"@type\":\"ImageObject\",\"inLanguage\":\"fr-FR\",\"@id\":\"https:\/\/www.millerthomson.com\/fr\/#\/schema\/logo\/image\/\",\"url\":\"https:\/\/www.millerthomson.com\/wp-content\/uploads\/2024\/10\/miller-thomson.svg\",\"contentUrl\":\"https:\/\/www.millerthomson.com\/wp-content\/uploads\/2024\/10\/miller-thomson.svg\",\"width\":380,\"height\":50,\"caption\":\"Miller Thomson | Cabinet de droit des affaires pancanadien\"},\"image\":{\"@id\":\"https:\/\/www.millerthomson.com\/fr\/#\/schema\/logo\/image\/\"},\"sameAs\":[\"https:\/\/www.facebook.com\/MillerThomsonLaw\/\",\"https:\/\/x.com\/millerthomson\",\"https:\/\/www.linkedin.com\/company\/miller-thomson-llp\/\",\"https:\/\/www.youtube.com\/@millerthomson\"]},{\"@type\":\"Person\",\"@id\":\"https:\/\/www.millerthomson.com\/fr\/#\/schema\/person\/5473b50a564d1e37f327fdd79cb348f6\",\"name\":\"Katherine Chan\",\"image\":{\"@type\":\"ImageObject\",\"inLanguage\":\"fr-FR\",\"@id\":\"https:\/\/www.millerthomson.com\/fr\/#\/schema\/person\/image\/\",\"url\":\"https:\/\/secure.gravatar.com\/avatar\/da8a18c240b27905220d948a87957ba19ab6de326b44a2ce3072235c121f996f?s=96&d=mm&r=g\",\"contentUrl\":\"https:\/\/secure.gravatar.com\/avatar\/da8a18c240b27905220d948a87957ba19ab6de326b44a2ce3072235c121f996f?s=96&d=mm&r=g\",\"caption\":\"Katherine Chan\"}}]}<\/script>\n<!-- \/ Yoast SEO plugin. -->","yoast_head_json":{"title":"Daniel Mahler rejoint le bureau de Miller\u00a0Thomson de Toronto en tant qu\u2019associ\u00e9 et responsable de groupe d\u2019expertise | Miller Thomson","robots":{"index":"index","follow":"follow","max-snippet":"max-snippet:-1","max-image-preview":"max-image-preview:large","max-video-preview":"max-video-preview:-1"},"canonical":"https:\/\/www.millerthomson.com\/fr\/nouvelles\/daniel-mahler-rejoint-le-bureau-de-miller-thomson-de-toronto-en-tant-quassocie-et-responsable-de-groupe-dexpertise\/","og_locale":"fr_FR","og_type":"article","og_title":"Daniel Mahler rejoint le bureau de Miller\u00a0Thomson de Toronto en tant qu\u2019associ\u00e9 et responsable de groupe d\u2019expertise | Miller Thomson","og_description":"Miller&nbsp;Thomson a le plaisir d\u2019annoncer que Daniel Mahler s&rsquo;est joint au cabinet Miller&nbsp;Thomson en tant qu\u2019associ\u00e9 et coresponsable du groupe national Transactions immobili\u00e8res et baux. Il est bas\u00e9 au bureau de Toronto. Fort de plus de 15&nbsp;ans d\u2019exp\u00e9rience, Daniel est un avocat chevronn\u00e9 qui poss\u00e8de une expertise approfondie couvrant toutes les facettes des transactions immobili\u00e8res [&hellip;]","og_url":"https:\/\/www.millerthomson.com\/fr\/nouvelles\/daniel-mahler-rejoint-le-bureau-de-miller-thomson-de-toronto-en-tant-quassocie-et-responsable-de-groupe-dexpertise\/","og_site_name":"Miller Thomson","article_publisher":"https:\/\/www.facebook.com\/MillerThomsonLaw\/","article_modified_time":"2025-03-05T20:48:27+00:00","og_image":[{"width":1920,"height":1098,"url":"https:\/\/www.millerthomson.com\/wp-content\/uploads\/2025\/07\/featured_news_toronto2.jpg","type":"image\/jpeg"}],"twitter_card":"summary_large_image","twitter_site":"@millerthomson","twitter_misc":{"Est. reading time":"2 minutes"},"schema":{"@context":"https:\/\/schema.org","@graph":[{"@type":"NewsArticle","@id":"https:\/\/www.millerthomson.com\/fr\/nouvelles\/daniel-mahler-rejoint-le-bureau-de-miller-thomson-de-toronto-en-tant-quassocie-et-responsable-de-groupe-dexpertise\/#article","isPartOf":{"@id":"https:\/\/www.millerthomson.com\/fr\/nouvelles\/daniel-mahler-rejoint-le-bureau-de-miller-thomson-de-toronto-en-tant-quassocie-et-responsable-de-groupe-dexpertise\/"},"author":{"name":"Katherine Chan","@id":"https:\/\/www.millerthomson.com\/fr\/#\/schema\/person\/5473b50a564d1e37f327fdd79cb348f6"},"headline":"Daniel Mahler rejoint le bureau de Miller\u00a0Thomson de Toronto en tant qu\u2019associ\u00e9 et responsable de groupe d\u2019expertise","datePublished":"2025-03-05T20:48:13+00:00","dateModified":"2025-03-05T20:48:27+00:00","mainEntityOfPage":{"@id":"https:\/\/www.millerthomson.com\/fr\/nouvelles\/daniel-mahler-rejoint-le-bureau-de-miller-thomson-de-toronto-en-tant-quassocie-et-responsable-de-groupe-dexpertise\/"},"wordCount":292,"publisher":{"@id":"https:\/\/www.millerthomson.com\/fr\/#organization"},"image":{"@id":"https:\/\/www.millerthomson.com\/fr\/nouvelles\/daniel-mahler-rejoint-le-bureau-de-miller-thomson-de-toronto-en-tant-quassocie-et-responsable-de-groupe-dexpertise\/#primaryimage"},"thumbnailUrl":"https:\/\/www.millerthomson.com\/wp-content\/uploads\/2025\/07\/featured_news_toronto2.jpg","inLanguage":"fr-FR"},{"@type":"WebPage","@id":"https:\/\/www.millerthomson.com\/fr\/nouvelles\/daniel-mahler-rejoint-le-bureau-de-miller-thomson-de-toronto-en-tant-quassocie-et-responsable-de-groupe-dexpertise\/","url":"https:\/\/www.millerthomson.com\/fr\/nouvelles\/daniel-mahler-rejoint-le-bureau-de-miller-thomson-de-toronto-en-tant-quassocie-et-responsable-de-groupe-dexpertise\/","name":"Daniel Mahler rejoint le bureau de Miller\u00a0Thomson de Toronto en tant qu\u2019associ\u00e9 et responsable de groupe d\u2019expertise | Miller Thomson","isPartOf":{"@id":"https:\/\/www.millerthomson.com\/fr\/#website"},"primaryImageOfPage":{"@id":"https:\/\/www.millerthomson.com\/fr\/nouvelles\/daniel-mahler-rejoint-le-bureau-de-miller-thomson-de-toronto-en-tant-quassocie-et-responsable-de-groupe-dexpertise\/#primaryimage"},"image":{"@id":"https:\/\/www.millerthomson.com\/fr\/nouvelles\/daniel-mahler-rejoint-le-bureau-de-miller-thomson-de-toronto-en-tant-quassocie-et-responsable-de-groupe-dexpertise\/#primaryimage"},"thumbnailUrl":"https:\/\/www.millerthomson.com\/wp-content\/uploads\/2025\/07\/featured_news_toronto2.jpg","datePublished":"2025-03-05T20:48:13+00:00","dateModified":"2025-03-05T20:48:27+00:00","breadcrumb":{"@id":"https:\/\/www.millerthomson.com\/fr\/nouvelles\/daniel-mahler-rejoint-le-bureau-de-miller-thomson-de-toronto-en-tant-quassocie-et-responsable-de-groupe-dexpertise\/#breadcrumb"},"inLanguage":"fr-FR","potentialAction":[{"@type":"ReadAction","target":["https:\/\/www.millerthomson.com\/fr\/nouvelles\/daniel-mahler-rejoint-le-bureau-de-miller-thomson-de-toronto-en-tant-quassocie-et-responsable-de-groupe-dexpertise\/"]}]},{"@type":"ImageObject","inLanguage":"fr-FR","@id":"https:\/\/www.millerthomson.com\/fr\/nouvelles\/daniel-mahler-rejoint-le-bureau-de-miller-thomson-de-toronto-en-tant-quassocie-et-responsable-de-groupe-dexpertise\/#primaryimage","url":"https:\/\/www.millerthomson.com\/wp-content\/uploads\/2025\/07\/featured_news_toronto2.jpg","contentUrl":"https:\/\/www.millerthomson.com\/wp-content\/uploads\/2025\/07\/featured_news_toronto2.jpg","width":1920,"height":1098},{"@type":"BreadcrumbList","@id":"https:\/\/www.millerthomson.com\/fr\/nouvelles\/daniel-mahler-rejoint-le-bureau-de-miller-thomson-de-toronto-en-tant-quassocie-et-responsable-de-groupe-dexpertise\/#breadcrumb","itemListElement":[{"@type":"ListItem","position":1,"name":"Accueil","item":"https:\/\/www.millerthomson.com\/fr\/"},{"@type":"ListItem","position":2,"name":"Nouvelles","item":"https:\/\/www.millerthomson.com\/fr\/nouvelles\/"},{"@type":"ListItem","position":3,"name":"Daniel Mahler rejoint le bureau de Miller\u00a0Thomson de Toronto en tant qu\u2019associ\u00e9 et responsable de groupe d\u2019expertise"}]},{"@type":"WebSite","@id":"https:\/\/www.millerthomson.com\/fr\/#website","url":"https:\/\/www.millerthomson.com\/fr\/","name":"Miller Thomson | Cabinet de droit des affaires pancanadien","description":"National law firm providing business law expertise and litigation and disputes services for businesses across Canada since 1957.","publisher":{"@id":"https:\/\/www.millerthomson.com\/fr\/#organization"},"potentialAction":[{"@type":"SearchAction","target":{"@type":"EntryPoint","urlTemplate":"https:\/\/www.millerthomson.com\/fr\/?s={search_term_string}"},"query-input":{"@type":"PropertyValueSpecification","valueRequired":true,"valueName":"search_term_string"}}],"inLanguage":"fr-FR"},{"@type":"Organization","@id":"https:\/\/www.millerthomson.com\/fr\/#organization","name":"Miller Thomson | Cabinet de droit des affaires pancanadien","url":"https:\/\/www.millerthomson.com\/fr\/","logo":{"@type":"ImageObject","inLanguage":"fr-FR","@id":"https:\/\/www.millerthomson.com\/fr\/#\/schema\/logo\/image\/","url":"https:\/\/www.millerthomson.com\/wp-content\/uploads\/2024\/10\/miller-thomson.svg","contentUrl":"https:\/\/www.millerthomson.com\/wp-content\/uploads\/2024\/10\/miller-thomson.svg","width":380,"height":50,"caption":"Miller Thomson | Cabinet de droit des affaires pancanadien"},"image":{"@id":"https:\/\/www.millerthomson.com\/fr\/#\/schema\/logo\/image\/"},"sameAs":["https:\/\/www.facebook.com\/MillerThomsonLaw\/","https:\/\/x.com\/millerthomson","https:\/\/www.linkedin.com\/company\/miller-thomson-llp\/","https:\/\/www.youtube.com\/@millerthomson"]},{"@type":"Person","@id":"https:\/\/www.millerthomson.com\/fr\/#\/schema\/person\/5473b50a564d1e37f327fdd79cb348f6","name":"Katherine Chan","image":{"@type":"ImageObject","inLanguage":"fr-FR","@id":"https:\/\/www.millerthomson.com\/fr\/#\/schema\/person\/image\/","url":"https:\/\/secure.gravatar.com\/avatar\/da8a18c240b27905220d948a87957ba19ab6de326b44a2ce3072235c121f996f?s=96&d=mm&r=g","contentUrl":"https:\/\/secure.gravatar.com\/avatar\/da8a18c240b27905220d948a87957ba19ab6de326b44a2ce3072235c121f996f?s=96&d=mm&r=g","caption":"Katherine Chan"}}]}},"_links":{"self":[{"href":"https:\/\/www.millerthomson.com\/fr\/wp-json\/wp\/v2\/news\/29061","targetHints":{"allow":["GET"]}}],"collection":[{"href":"https:\/\/www.millerthomson.com\/fr\/wp-json\/wp\/v2\/news"}],"about":[{"href":"https:\/\/www.millerthomson.com\/fr\/wp-json\/wp\/v2\/types\/news"}],"author":[{"embeddable":true,"href":"https:\/\/www.millerthomson.com\/fr\/wp-json\/wp\/v2\/users\/5"}],"version-history":[{"count":0,"href":"https:\/\/www.millerthomson.com\/fr\/wp-json\/wp\/v2\/news\/29061\/revisions"}],"wp:featuredmedia":[{"embeddable":true,"href":"https:\/\/www.millerthomson.com\/fr\/wp-json\/wp\/v2\/media\/35054"}],"wp:attachment":[{"href":"https:\/\/www.millerthomson.com\/fr\/wp-json\/wp\/v2\/media?parent=29061"}],"wp:term":[{"taxonomy":"news-category","embeddable":true,"href":"https:\/\/www.millerthomson.com\/fr\/wp-json\/wp\/v2\/news-category?post=29061"}],"curies":[{"name":"wp","href":"https:\/\/api.w.org\/{rel}","templated":true}]}}