{"id":21370,"date":"2024-10-01T07:34:28","date_gmt":"2024-10-01T11:34:28","guid":{"rendered":"https:\/\/www.millerthomson.com\/?post_type=news&#038;p=21370"},"modified":"2024-11-25T19:46:59","modified_gmt":"2024-11-26T00:46:59","slug":"miller-thomson-accueille-florind-polo-en-tant-quassocie-au-sein-du-groupe-droit-des-affaires-2","status":"publish","type":"news","link":"https:\/\/www.millerthomson.com\/fr\/nouvelles\/miller-thomson-accueille-florind-polo-en-tant-quassocie-au-sein-du-groupe-droit-des-affaires-2\/","title":{"rendered":"Miller Thomson accueille Florind Polo en tant qu\u2019associ\u00e9 au sein du groupe Droit des affaires"},"content":{"rendered":"\n<p>Miller Thomson est fier d\u2019annoncer que <strong>Florind Polo<\/strong> a rejoint le groupe Droit des affaires de Toronto en tant qu\u2019associ\u00e9.<\/p>\n\n\n\n<p>Fort d\u2019une vaste exp\u00e9rience en mati\u00e8re de fusions et acquisitions, d\u2019activisme actionnarial et de financement d\u2019entreprises, Florind accompagne ses clients lors de transactions complexes. Il a repr\u00e9sent\u00e9 des acqu\u00e9reurs et des cibles dans le cadre de transactions de fusions et acquisitions de soci\u00e9t\u00e9s ouvertes et ferm\u00e9es, et a \u00e9galement conseill\u00e9 des comit\u00e9s sp\u00e9ciaux et des conseils d\u2019administration. Son travail sur des dossiers majeurs est reconnu dans tout le Canada.<\/p>\n\n\n\n<p>Florind a par ailleurs une exp\u00e9rience consid\u00e9rable en mati\u00e8re de la repr\u00e9sentation d\u2019\u00e9metteurs et de courtiers lors de placements priv\u00e9s et d\u2019appels publics \u00e0 l\u2019\u00e9pargne, notamment dans le cadre d\u2019\u00e9missions de titres de cr\u00e9ance et de titres de participation. Son expertise lui en fait un atout inestimable pour nos clients \u00e0 la recherche de conseils strat\u00e9giques dans les domaines des fusions et acquisitions, du financement d\u2019entreprises et des march\u00e9s financiers.<\/p>\n\n\n\n<p>\u00ab Nous sommes ravis d\u2019accueillir Florind au sein de notre \u00e9quipe. Son expertise en fusions et acquisitions et en financement des entreprises fait de lui un atout strat\u00e9gique pour notre \u00e9quipe Financement d\u2019entreprises et valeurs mobili\u00e8res; une \u00e9quipe en pleine expansion qui propose des solutions sur mesure r\u00e9pondant aux besoins de nos clients dans les principaux secteurs de l\u2019\u00e9conomie canadienne \u00bb, a d\u00e9clar\u00e9 <strong>Kenneth R. Rosenstein<\/strong>, associ\u00e9 directeur du bureau de Toronto.<\/p>\n\n\n\n<p>Avant de rejoindre Miller Thomson, Florind exer\u00e7ait au sein d\u2019un autre grand cabinet canadien.<\/p>\n\n\n\n<p>Son exp\u00e9rience diversifi\u00e9e et ses connaissances approfondies lui permettront de contribuer pleinement d\u00e8s son arriv\u00e9e chez Miller Thomson.<\/p>\n","protected":false},"author":5,"featured_media":35052,"template":"","news-category":[654],"class_list":["post-21370","news","type-news","status-publish","has-post-thumbnail","hentry"],"acf":[],"yoast_head":"<!-- This site is optimized with the Yoast SEO plugin v26.1.1 - https:\/\/yoast.com\/wordpress\/plugins\/seo\/ -->\n<title>Miller Thomson accueille Florind Polo en tant qu\u2019associ\u00e9 au sein du groupe Droit des affaires | Miller Thomson<\/title>\n<meta name=\"robots\" content=\"index, follow, max-snippet:-1, max-image-preview:large, max-video-preview:-1\" \/>\n<link rel=\"canonical\" href=\"https:\/\/www.millerthomson.com\/fr\/nouvelles\/miller-thomson-accueille-florind-polo-en-tant-quassocie-au-sein-du-groupe-droit-des-affaires-2\/\" \/>\n<meta property=\"og:locale\" content=\"fr_FR\" \/>\n<meta property=\"og:type\" content=\"article\" \/>\n<meta property=\"og:title\" content=\"Miller Thomson accueille Florind Polo en tant qu\u2019associ\u00e9 au sein du groupe Droit des affaires | Miller Thomson\" \/>\n<meta property=\"og:description\" content=\"Miller Thomson est fier d\u2019annoncer que Florind Polo a rejoint le groupe Droit des affaires de Toronto en tant qu\u2019associ\u00e9. Fort d\u2019une vaste exp\u00e9rience en mati\u00e8re de fusions et acquisitions, d\u2019activisme actionnarial et de financement d\u2019entreprises, Florind accompagne ses clients lors de transactions complexes. Il a repr\u00e9sent\u00e9 des acqu\u00e9reurs et des cibles dans le cadre [&hellip;]\" \/>\n<meta property=\"og:url\" content=\"https:\/\/www.millerthomson.com\/fr\/nouvelles\/miller-thomson-accueille-florind-polo-en-tant-quassocie-au-sein-du-groupe-droit-des-affaires-2\/\" \/>\n<meta property=\"og:site_name\" content=\"Miller Thomson\" \/>\n<meta property=\"article:publisher\" content=\"https:\/\/www.facebook.com\/MillerThomsonLaw\/\" \/>\n<meta property=\"article:modified_time\" content=\"2024-11-26T00:46:59+00:00\" \/>\n<meta property=\"og:image\" content=\"https:\/\/www.millerthomson.com\/wp-content\/uploads\/2025\/07\/featured_news_toronto.jpg\" \/>\n\t<meta property=\"og:image:width\" content=\"1920\" \/>\n\t<meta property=\"og:image:height\" content=\"1098\" \/>\n\t<meta property=\"og:image:type\" content=\"image\/jpeg\" \/>\n<meta name=\"twitter:card\" content=\"summary_large_image\" \/>\n<meta name=\"twitter:site\" content=\"@millerthomson\" \/>\n<meta name=\"twitter:label1\" content=\"Est. reading time\" \/>\n\t<meta name=\"twitter:data1\" content=\"2 minutes\" \/>\n<script type=\"application\/ld+json\" class=\"yoast-schema-graph\">{\"@context\":\"https:\/\/schema.org\",\"@graph\":[{\"@type\":\"NewsArticle\",\"@id\":\"https:\/\/www.millerthomson.com\/fr\/nouvelles\/miller-thomson-accueille-florind-polo-en-tant-quassocie-au-sein-du-groupe-droit-des-affaires-2\/#article\",\"isPartOf\":{\"@id\":\"https:\/\/www.millerthomson.com\/fr\/nouvelles\/miller-thomson-accueille-florind-polo-en-tant-quassocie-au-sein-du-groupe-droit-des-affaires-2\/\"},\"author\":{\"name\":\"Katherine Chan\",\"@id\":\"https:\/\/www.millerthomson.com\/fr\/#\/schema\/person\/5473b50a564d1e37f327fdd79cb348f6\"},\"headline\":\"Miller Thomson accueille Florind Polo en tant qu\u2019associ\u00e9 au sein du groupe Droit des affaires\",\"datePublished\":\"2024-10-01T11:34:28+00:00\",\"dateModified\":\"2024-11-26T00:46:59+00:00\",\"mainEntityOfPage\":{\"@id\":\"https:\/\/www.millerthomson.com\/fr\/nouvelles\/miller-thomson-accueille-florind-polo-en-tant-quassocie-au-sein-du-groupe-droit-des-affaires-2\/\"},\"wordCount\":316,\"publisher\":{\"@id\":\"https:\/\/www.millerthomson.com\/fr\/#organization\"},\"image\":{\"@id\":\"https:\/\/www.millerthomson.com\/fr\/nouvelles\/miller-thomson-accueille-florind-polo-en-tant-quassocie-au-sein-du-groupe-droit-des-affaires-2\/#primaryimage\"},\"thumbnailUrl\":\"https:\/\/www.millerthomson.com\/wp-content\/uploads\/2025\/07\/featured_news_toronto.jpg\",\"inLanguage\":\"fr-FR\"},{\"@type\":\"WebPage\",\"@id\":\"https:\/\/www.millerthomson.com\/fr\/nouvelles\/miller-thomson-accueille-florind-polo-en-tant-quassocie-au-sein-du-groupe-droit-des-affaires-2\/\",\"url\":\"https:\/\/www.millerthomson.com\/fr\/nouvelles\/miller-thomson-accueille-florind-polo-en-tant-quassocie-au-sein-du-groupe-droit-des-affaires-2\/\",\"name\":\"Miller Thomson accueille Florind Polo en tant qu\u2019associ\u00e9 au sein du groupe Droit des affaires | Miller Thomson\",\"isPartOf\":{\"@id\":\"https:\/\/www.millerthomson.com\/fr\/#website\"},\"primaryImageOfPage\":{\"@id\":\"https:\/\/www.millerthomson.com\/fr\/nouvelles\/miller-thomson-accueille-florind-polo-en-tant-quassocie-au-sein-du-groupe-droit-des-affaires-2\/#primaryimage\"},\"image\":{\"@id\":\"https:\/\/www.millerthomson.com\/fr\/nouvelles\/miller-thomson-accueille-florind-polo-en-tant-quassocie-au-sein-du-groupe-droit-des-affaires-2\/#primaryimage\"},\"thumbnailUrl\":\"https:\/\/www.millerthomson.com\/wp-content\/uploads\/2025\/07\/featured_news_toronto.jpg\",\"datePublished\":\"2024-10-01T11:34:28+00:00\",\"dateModified\":\"2024-11-26T00:46:59+00:00\",\"breadcrumb\":{\"@id\":\"https:\/\/www.millerthomson.com\/fr\/nouvelles\/miller-thomson-accueille-florind-polo-en-tant-quassocie-au-sein-du-groupe-droit-des-affaires-2\/#breadcrumb\"},\"inLanguage\":\"fr-FR\",\"potentialAction\":[{\"@type\":\"ReadAction\",\"target\":[\"https:\/\/www.millerthomson.com\/fr\/nouvelles\/miller-thomson-accueille-florind-polo-en-tant-quassocie-au-sein-du-groupe-droit-des-affaires-2\/\"]}]},{\"@type\":\"ImageObject\",\"inLanguage\":\"fr-FR\",\"@id\":\"https:\/\/www.millerthomson.com\/fr\/nouvelles\/miller-thomson-accueille-florind-polo-en-tant-quassocie-au-sein-du-groupe-droit-des-affaires-2\/#primaryimage\",\"url\":\"https:\/\/www.millerthomson.com\/wp-content\/uploads\/2025\/07\/featured_news_toronto.jpg\",\"contentUrl\":\"https:\/\/www.millerthomson.com\/wp-content\/uploads\/2025\/07\/featured_news_toronto.jpg\",\"width\":1920,\"height\":1098,\"caption\":\"view of downtown Toronto skyline and CN Tower\"},{\"@type\":\"BreadcrumbList\",\"@id\":\"https:\/\/www.millerthomson.com\/fr\/nouvelles\/miller-thomson-accueille-florind-polo-en-tant-quassocie-au-sein-du-groupe-droit-des-affaires-2\/#breadcrumb\",\"itemListElement\":[{\"@type\":\"ListItem\",\"position\":1,\"name\":\"Accueil\",\"item\":\"https:\/\/www.millerthomson.com\/fr\/\"},{\"@type\":\"ListItem\",\"position\":2,\"name\":\"Nouvelles\",\"item\":\"https:\/\/www.millerthomson.com\/fr\/nouvelles\/\"},{\"@type\":\"ListItem\",\"position\":3,\"name\":\"Miller Thomson accueille Florind Polo en tant qu\u2019associ\u00e9 au sein du groupe Droit des affaires\"}]},{\"@type\":\"WebSite\",\"@id\":\"https:\/\/www.millerthomson.com\/fr\/#website\",\"url\":\"https:\/\/www.millerthomson.com\/fr\/\",\"name\":\"Miller Thomson | Cabinet de droit des affaires pancanadien\",\"description\":\"National law firm providing business law expertise and litigation and disputes services for businesses across Canada since 1957.\",\"publisher\":{\"@id\":\"https:\/\/www.millerthomson.com\/fr\/#organization\"},\"potentialAction\":[{\"@type\":\"SearchAction\",\"target\":{\"@type\":\"EntryPoint\",\"urlTemplate\":\"https:\/\/www.millerthomson.com\/fr\/?s={search_term_string}\"},\"query-input\":{\"@type\":\"PropertyValueSpecification\",\"valueRequired\":true,\"valueName\":\"search_term_string\"}}],\"inLanguage\":\"fr-FR\"},{\"@type\":\"Organization\",\"@id\":\"https:\/\/www.millerthomson.com\/fr\/#organization\",\"name\":\"Miller Thomson | Cabinet de droit des affaires pancanadien\",\"url\":\"https:\/\/www.millerthomson.com\/fr\/\",\"logo\":{\"@type\":\"ImageObject\",\"inLanguage\":\"fr-FR\",\"@id\":\"https:\/\/www.millerthomson.com\/fr\/#\/schema\/logo\/image\/\",\"url\":\"https:\/\/www.millerthomson.com\/wp-content\/uploads\/2024\/10\/miller-thomson.svg\",\"contentUrl\":\"https:\/\/www.millerthomson.com\/wp-content\/uploads\/2024\/10\/miller-thomson.svg\",\"width\":380,\"height\":50,\"caption\":\"Miller Thomson | Cabinet de droit des affaires pancanadien\"},\"image\":{\"@id\":\"https:\/\/www.millerthomson.com\/fr\/#\/schema\/logo\/image\/\"},\"sameAs\":[\"https:\/\/www.facebook.com\/MillerThomsonLaw\/\",\"https:\/\/x.com\/millerthomson\",\"https:\/\/www.linkedin.com\/company\/miller-thomson-llp\/\",\"https:\/\/www.youtube.com\/@millerthomson\"]},{\"@type\":\"Person\",\"@id\":\"https:\/\/www.millerthomson.com\/fr\/#\/schema\/person\/5473b50a564d1e37f327fdd79cb348f6\",\"name\":\"Katherine Chan\",\"image\":{\"@type\":\"ImageObject\",\"inLanguage\":\"fr-FR\",\"@id\":\"https:\/\/www.millerthomson.com\/fr\/#\/schema\/person\/image\/\",\"url\":\"https:\/\/secure.gravatar.com\/avatar\/da8a18c240b27905220d948a87957ba19ab6de326b44a2ce3072235c121f996f?s=96&d=mm&r=g\",\"contentUrl\":\"https:\/\/secure.gravatar.com\/avatar\/da8a18c240b27905220d948a87957ba19ab6de326b44a2ce3072235c121f996f?s=96&d=mm&r=g\",\"caption\":\"Katherine Chan\"}}]}<\/script>\n<!-- \/ Yoast SEO plugin. -->","yoast_head_json":{"title":"Miller Thomson accueille Florind Polo en tant qu\u2019associ\u00e9 au sein du groupe Droit des affaires | Miller Thomson","robots":{"index":"index","follow":"follow","max-snippet":"max-snippet:-1","max-image-preview":"max-image-preview:large","max-video-preview":"max-video-preview:-1"},"canonical":"https:\/\/www.millerthomson.com\/fr\/nouvelles\/miller-thomson-accueille-florind-polo-en-tant-quassocie-au-sein-du-groupe-droit-des-affaires-2\/","og_locale":"fr_FR","og_type":"article","og_title":"Miller Thomson accueille Florind Polo en tant qu\u2019associ\u00e9 au sein du groupe Droit des affaires | Miller Thomson","og_description":"Miller Thomson est fier d\u2019annoncer que Florind Polo a rejoint le groupe Droit des affaires de Toronto en tant qu\u2019associ\u00e9. Fort d\u2019une vaste exp\u00e9rience en mati\u00e8re de fusions et acquisitions, d\u2019activisme actionnarial et de financement d\u2019entreprises, Florind accompagne ses clients lors de transactions complexes. Il a repr\u00e9sent\u00e9 des acqu\u00e9reurs et des cibles dans le cadre [&hellip;]","og_url":"https:\/\/www.millerthomson.com\/fr\/nouvelles\/miller-thomson-accueille-florind-polo-en-tant-quassocie-au-sein-du-groupe-droit-des-affaires-2\/","og_site_name":"Miller Thomson","article_publisher":"https:\/\/www.facebook.com\/MillerThomsonLaw\/","article_modified_time":"2024-11-26T00:46:59+00:00","og_image":[{"width":1920,"height":1098,"url":"https:\/\/www.millerthomson.com\/wp-content\/uploads\/2025\/07\/featured_news_toronto.jpg","type":"image\/jpeg"}],"twitter_card":"summary_large_image","twitter_site":"@millerthomson","twitter_misc":{"Est. reading time":"2 minutes"},"schema":{"@context":"https:\/\/schema.org","@graph":[{"@type":"NewsArticle","@id":"https:\/\/www.millerthomson.com\/fr\/nouvelles\/miller-thomson-accueille-florind-polo-en-tant-quassocie-au-sein-du-groupe-droit-des-affaires-2\/#article","isPartOf":{"@id":"https:\/\/www.millerthomson.com\/fr\/nouvelles\/miller-thomson-accueille-florind-polo-en-tant-quassocie-au-sein-du-groupe-droit-des-affaires-2\/"},"author":{"name":"Katherine Chan","@id":"https:\/\/www.millerthomson.com\/fr\/#\/schema\/person\/5473b50a564d1e37f327fdd79cb348f6"},"headline":"Miller Thomson accueille Florind Polo en tant qu\u2019associ\u00e9 au sein du groupe Droit des affaires","datePublished":"2024-10-01T11:34:28+00:00","dateModified":"2024-11-26T00:46:59+00:00","mainEntityOfPage":{"@id":"https:\/\/www.millerthomson.com\/fr\/nouvelles\/miller-thomson-accueille-florind-polo-en-tant-quassocie-au-sein-du-groupe-droit-des-affaires-2\/"},"wordCount":316,"publisher":{"@id":"https:\/\/www.millerthomson.com\/fr\/#organization"},"image":{"@id":"https:\/\/www.millerthomson.com\/fr\/nouvelles\/miller-thomson-accueille-florind-polo-en-tant-quassocie-au-sein-du-groupe-droit-des-affaires-2\/#primaryimage"},"thumbnailUrl":"https:\/\/www.millerthomson.com\/wp-content\/uploads\/2025\/07\/featured_news_toronto.jpg","inLanguage":"fr-FR"},{"@type":"WebPage","@id":"https:\/\/www.millerthomson.com\/fr\/nouvelles\/miller-thomson-accueille-florind-polo-en-tant-quassocie-au-sein-du-groupe-droit-des-affaires-2\/","url":"https:\/\/www.millerthomson.com\/fr\/nouvelles\/miller-thomson-accueille-florind-polo-en-tant-quassocie-au-sein-du-groupe-droit-des-affaires-2\/","name":"Miller Thomson accueille Florind Polo en tant qu\u2019associ\u00e9 au sein du groupe Droit des affaires | Miller Thomson","isPartOf":{"@id":"https:\/\/www.millerthomson.com\/fr\/#website"},"primaryImageOfPage":{"@id":"https:\/\/www.millerthomson.com\/fr\/nouvelles\/miller-thomson-accueille-florind-polo-en-tant-quassocie-au-sein-du-groupe-droit-des-affaires-2\/#primaryimage"},"image":{"@id":"https:\/\/www.millerthomson.com\/fr\/nouvelles\/miller-thomson-accueille-florind-polo-en-tant-quassocie-au-sein-du-groupe-droit-des-affaires-2\/#primaryimage"},"thumbnailUrl":"https:\/\/www.millerthomson.com\/wp-content\/uploads\/2025\/07\/featured_news_toronto.jpg","datePublished":"2024-10-01T11:34:28+00:00","dateModified":"2024-11-26T00:46:59+00:00","breadcrumb":{"@id":"https:\/\/www.millerthomson.com\/fr\/nouvelles\/miller-thomson-accueille-florind-polo-en-tant-quassocie-au-sein-du-groupe-droit-des-affaires-2\/#breadcrumb"},"inLanguage":"fr-FR","potentialAction":[{"@type":"ReadAction","target":["https:\/\/www.millerthomson.com\/fr\/nouvelles\/miller-thomson-accueille-florind-polo-en-tant-quassocie-au-sein-du-groupe-droit-des-affaires-2\/"]}]},{"@type":"ImageObject","inLanguage":"fr-FR","@id":"https:\/\/www.millerthomson.com\/fr\/nouvelles\/miller-thomson-accueille-florind-polo-en-tant-quassocie-au-sein-du-groupe-droit-des-affaires-2\/#primaryimage","url":"https:\/\/www.millerthomson.com\/wp-content\/uploads\/2025\/07\/featured_news_toronto.jpg","contentUrl":"https:\/\/www.millerthomson.com\/wp-content\/uploads\/2025\/07\/featured_news_toronto.jpg","width":1920,"height":1098,"caption":"view of downtown Toronto skyline and CN Tower"},{"@type":"BreadcrumbList","@id":"https:\/\/www.millerthomson.com\/fr\/nouvelles\/miller-thomson-accueille-florind-polo-en-tant-quassocie-au-sein-du-groupe-droit-des-affaires-2\/#breadcrumb","itemListElement":[{"@type":"ListItem","position":1,"name":"Accueil","item":"https:\/\/www.millerthomson.com\/fr\/"},{"@type":"ListItem","position":2,"name":"Nouvelles","item":"https:\/\/www.millerthomson.com\/fr\/nouvelles\/"},{"@type":"ListItem","position":3,"name":"Miller Thomson accueille Florind Polo en tant qu\u2019associ\u00e9 au sein du groupe Droit des affaires"}]},{"@type":"WebSite","@id":"https:\/\/www.millerthomson.com\/fr\/#website","url":"https:\/\/www.millerthomson.com\/fr\/","name":"Miller Thomson | Cabinet de droit des affaires pancanadien","description":"National law firm providing business law expertise and litigation and disputes services for businesses across Canada since 1957.","publisher":{"@id":"https:\/\/www.millerthomson.com\/fr\/#organization"},"potentialAction":[{"@type":"SearchAction","target":{"@type":"EntryPoint","urlTemplate":"https:\/\/www.millerthomson.com\/fr\/?s={search_term_string}"},"query-input":{"@type":"PropertyValueSpecification","valueRequired":true,"valueName":"search_term_string"}}],"inLanguage":"fr-FR"},{"@type":"Organization","@id":"https:\/\/www.millerthomson.com\/fr\/#organization","name":"Miller Thomson | Cabinet de droit des affaires pancanadien","url":"https:\/\/www.millerthomson.com\/fr\/","logo":{"@type":"ImageObject","inLanguage":"fr-FR","@id":"https:\/\/www.millerthomson.com\/fr\/#\/schema\/logo\/image\/","url":"https:\/\/www.millerthomson.com\/wp-content\/uploads\/2024\/10\/miller-thomson.svg","contentUrl":"https:\/\/www.millerthomson.com\/wp-content\/uploads\/2024\/10\/miller-thomson.svg","width":380,"height":50,"caption":"Miller Thomson | Cabinet de droit des affaires pancanadien"},"image":{"@id":"https:\/\/www.millerthomson.com\/fr\/#\/schema\/logo\/image\/"},"sameAs":["https:\/\/www.facebook.com\/MillerThomsonLaw\/","https:\/\/x.com\/millerthomson","https:\/\/www.linkedin.com\/company\/miller-thomson-llp\/","https:\/\/www.youtube.com\/@millerthomson"]},{"@type":"Person","@id":"https:\/\/www.millerthomson.com\/fr\/#\/schema\/person\/5473b50a564d1e37f327fdd79cb348f6","name":"Katherine Chan","image":{"@type":"ImageObject","inLanguage":"fr-FR","@id":"https:\/\/www.millerthomson.com\/fr\/#\/schema\/person\/image\/","url":"https:\/\/secure.gravatar.com\/avatar\/da8a18c240b27905220d948a87957ba19ab6de326b44a2ce3072235c121f996f?s=96&d=mm&r=g","contentUrl":"https:\/\/secure.gravatar.com\/avatar\/da8a18c240b27905220d948a87957ba19ab6de326b44a2ce3072235c121f996f?s=96&d=mm&r=g","caption":"Katherine Chan"}}]}},"_links":{"self":[{"href":"https:\/\/www.millerthomson.com\/fr\/wp-json\/wp\/v2\/news\/21370","targetHints":{"allow":["GET"]}}],"collection":[{"href":"https:\/\/www.millerthomson.com\/fr\/wp-json\/wp\/v2\/news"}],"about":[{"href":"https:\/\/www.millerthomson.com\/fr\/wp-json\/wp\/v2\/types\/news"}],"author":[{"embeddable":true,"href":"https:\/\/www.millerthomson.com\/fr\/wp-json\/wp\/v2\/users\/5"}],"version-history":[{"count":0,"href":"https:\/\/www.millerthomson.com\/fr\/wp-json\/wp\/v2\/news\/21370\/revisions"}],"wp:featuredmedia":[{"embeddable":true,"href":"https:\/\/www.millerthomson.com\/fr\/wp-json\/wp\/v2\/media\/35052"}],"wp:attachment":[{"href":"https:\/\/www.millerthomson.com\/fr\/wp-json\/wp\/v2\/media?parent=21370"}],"wp:term":[{"taxonomy":"news-category","embeddable":true,"href":"https:\/\/www.millerthomson.com\/fr\/wp-json\/wp\/v2\/news-category?post=21370"}],"curies":[{"name":"wp","href":"https:\/\/api.w.org\/{rel}","templated":true}]}}