{"id":18031,"date":"2024-09-23T08:12:37","date_gmt":"2024-09-23T12:12:37","guid":{"rendered":"https:\/\/www.millerthomson.com\/?post_type=news&#038;p=224563"},"modified":"2024-12-01T13:21:54","modified_gmt":"2024-12-01T18:21:54","slug":"miller-thomson-accueille-yves-rocheleau-en-tant-quassocie-au-sein-du-groupe-droit-des-affaires","status":"publish","type":"news","link":"https:\/\/www.millerthomson.com\/fr\/nouvelles\/miller-thomson-accueille-yves-rocheleau-en-tant-quassocie-au-sein-du-groupe-droit-des-affaires\/","title":{"rendered":"Miller Thomson accueille Yves Rocheleau en tant qu\u2019associ\u00e9  au sein du groupe Droit des affaires"},"content":{"rendered":"<p>Miller Thomson est fier d\u2019annoncer l\u2019arriv\u00e9e de M<sup>e<\/sup> <a href=\"https:\/\/www.millerthomson.com\/fr\/votre-equipe\/yves-rocheleau\/\"><strong>Yves Rocheleau<\/strong><\/a> comme nouvel associ\u00e9 dans son groupe Droit des affaires au bureau de Montr\u00e9al.<\/p>\n<p>M<sup>e<\/sup> Rocheleau se distingue par une solide exp\u00e9rience en fusions et acquisitions, droit des soci\u00e9t\u00e9s et droit commercial. Il a men\u00e9 de nombreuses transactions complexes et a conseill\u00e9 plusieurs entreprises de premier plan dans les secteurs manufacturier et des services.<\/p>\n<p><a href=\"https:\/\/www.millerthomson.com\/fr\/votre-equipe\/fadi-amine\/\"><strong>Fadi Amine<\/strong><\/a>, associ\u00e9 directeur du bureau de Montr\u00e9al, souligne que \u00ab gr\u00e2ce \u00e0 son expertise, Yves Rocheleau aura un impact imm\u00e9diat sur notre capacit\u00e9 \u00e0 offrir un service de haute qualit\u00e9 et des solutions adapt\u00e9es aux besoins de nos clients dans les principaux secteurs de l\u2019\u00e9conomie qu\u00e9b\u00e9coise et canadienne \u00bb.<\/p>\n<p>Dipl\u00f4m\u00e9 en administration des affaires et en droit, M<sup>e<\/sup> Rocheleau poss\u00e8de une vaste expertise, allant des r\u00e9organisations corporatives \u00e0 la r\u00e9solution de litiges entre actionnaires, en passant par le financement des soci\u00e9t\u00e9s et les transactions de capital de risque. Il a \u00e9galement dirig\u00e9 des dossiers de rachats d\u2019entreprises par des cadres et a accompagn\u00e9 de nombreux propri\u00e9taires dans leurs projets de rel\u00e8ve entrepreneuriale, un domaine qu\u2019il aborde r\u00e9guli\u00e8rement dans ses conf\u00e9rences et s\u00e9minaires.<\/p>\n<p>\u00ab\u00a0Yves apporte une expertise pointue en fusions et acquisitions et une solide exp\u00e9rience dans des transactions complexes. Son int\u00e9gration est un atout majeur pour servir efficacement nos clients et r\u00e9pondre \u00e0 leurs besoins strat\u00e9giques\u00a0\u00bb, a d\u00e9clar\u00e9 <a href=\"https:\/\/www.millerthomson.com\/en\/your-team\/jay-m-hoffman\/\"><strong>Jay Hoffman<\/strong><\/a>, chef du groupe Droit des affaires et membre du comit\u00e9 ex\u00e9cutif.<\/p>\n<p>M<sup>e<\/sup> Rocheleau a d\u00e9but\u00e9 sa carri\u00e8re dans un grand cabinet d\u2019avocats \u00e0 Toronto, o\u00f9 il a pratiqu\u00e9 le droit des valeurs mobili\u00e8res ainsi que les fusions et acquisitions.<\/p>\n<p>\u00ab Je suis ravi de rejoindre Miller Thomson et de travailler avec une \u00e9quipe exp\u00e9riment\u00e9e qui poss\u00e8de une solide expertise au Qu\u00e9bec et au Canada. Je suis impatient de contribuer \u00e0 la r\u00e9ussite de nos clients, en mettant \u00e0 leur disposition mes comp\u00e9tences et mon savoir-faire, \u00bb a d\u00e9clar\u00e9 M<sup>e<\/sup> Rocheleau.<\/p>\n<p>M<sup>e<\/sup> Rocheleau est membre du Barreau du Qu\u00e9bec et du Barreau de l\u2019Ontario, apportant ainsi une perspective enrichissante et diversifi\u00e9e \u00e0 son r\u00f4le chez Miller Thomson.<\/p>\n","protected":false},"author":1,"featured_media":29181,"template":"","news-category":[654,651],"class_list":["post-18031","news","type-news","status-publish","has-post-thumbnail","hentry"],"acf":[],"yoast_head":"<!-- This site is optimized with the Yoast SEO plugin v26.1.1 - https:\/\/yoast.com\/wordpress\/plugins\/seo\/ -->\n<title>Miller Thomson accueille Yves Rocheleau en tant qu\u2019associ\u00e9 au sein du groupe Droit des affaires | Miller Thomson<\/title>\n<meta name=\"robots\" content=\"index, follow, max-snippet:-1, max-image-preview:large, max-video-preview:-1\" \/>\n<link rel=\"canonical\" href=\"https:\/\/www.millerthomson.com\/fr\/nouvelles\/miller-thomson-accueille-yves-rocheleau-en-tant-quassocie-au-sein-du-groupe-droit-des-affaires\/\" \/>\n<meta property=\"og:locale\" content=\"fr_FR\" \/>\n<meta property=\"og:type\" content=\"article\" \/>\n<meta property=\"og:title\" content=\"Miller Thomson accueille Yves Rocheleau en tant qu\u2019associ\u00e9 au sein du groupe Droit des affaires | Miller Thomson\" \/>\n<meta property=\"og:description\" content=\"Miller Thomson est fier d\u2019annoncer l\u2019arriv\u00e9e de Me Yves Rocheleau comme nouvel associ\u00e9 dans son groupe Droit des affaires au bureau de Montr\u00e9al. Me Rocheleau se distingue par une solide exp\u00e9rience en fusions et acquisitions, droit des soci\u00e9t\u00e9s et droit commercial. Il a men\u00e9 de nombreuses transactions complexes et a conseill\u00e9 plusieurs entreprises de premier [&hellip;]\" \/>\n<meta property=\"og:url\" content=\"https:\/\/www.millerthomson.com\/fr\/nouvelles\/miller-thomson-accueille-yves-rocheleau-en-tant-quassocie-au-sein-du-groupe-droit-des-affaires\/\" \/>\n<meta property=\"og:site_name\" content=\"Miller Thomson\" \/>\n<meta property=\"article:publisher\" content=\"https:\/\/www.facebook.com\/MillerThomsonLaw\/\" \/>\n<meta property=\"article:modified_time\" content=\"2024-12-01T18:21:54+00:00\" \/>\n<meta property=\"og:image\" content=\"https:\/\/www.millerthomson.com\/wp-content\/uploads\/2025\/03\/featured-news-montreal.jpg\" \/>\n\t<meta property=\"og:image:width\" content=\"1920\" \/>\n\t<meta property=\"og:image:height\" content=\"1098\" \/>\n\t<meta property=\"og:image:type\" content=\"image\/jpeg\" \/>\n<meta name=\"twitter:card\" content=\"summary_large_image\" \/>\n<meta name=\"twitter:site\" content=\"@millerthomson\" \/>\n<meta name=\"twitter:label1\" content=\"Est. reading time\" \/>\n\t<meta name=\"twitter:data1\" content=\"2 minutes\" \/>\n<script type=\"application\/ld+json\" class=\"yoast-schema-graph\">{\"@context\":\"https:\/\/schema.org\",\"@graph\":[{\"@type\":\"NewsArticle\",\"@id\":\"https:\/\/www.millerthomson.com\/fr\/nouvelles\/miller-thomson-accueille-yves-rocheleau-en-tant-quassocie-au-sein-du-groupe-droit-des-affaires\/#article\",\"isPartOf\":{\"@id\":\"https:\/\/www.millerthomson.com\/fr\/nouvelles\/miller-thomson-accueille-yves-rocheleau-en-tant-quassocie-au-sein-du-groupe-droit-des-affaires\/\"},\"author\":{\"name\":\"admin\",\"@id\":\"https:\/\/www.millerthomson.com\/fr\/#\/schema\/person\/3f9143e8aec04617923b89fecf6886ea\"},\"headline\":\"Miller Thomson accueille Yves Rocheleau en tant qu\u2019associ\u00e9 au sein du groupe Droit des affaires\",\"datePublished\":\"2024-09-23T12:12:37+00:00\",\"dateModified\":\"2024-12-01T18:21:54+00:00\",\"mainEntityOfPage\":{\"@id\":\"https:\/\/www.millerthomson.com\/fr\/nouvelles\/miller-thomson-accueille-yves-rocheleau-en-tant-quassocie-au-sein-du-groupe-droit-des-affaires\/\"},\"wordCount\":393,\"publisher\":{\"@id\":\"https:\/\/www.millerthomson.com\/fr\/#organization\"},\"image\":{\"@id\":\"https:\/\/www.millerthomson.com\/fr\/nouvelles\/miller-thomson-accueille-yves-rocheleau-en-tant-quassocie-au-sein-du-groupe-droit-des-affaires\/#primaryimage\"},\"thumbnailUrl\":\"https:\/\/www.millerthomson.com\/wp-content\/uploads\/2025\/03\/featured-news-montreal.jpg\",\"inLanguage\":\"fr-FR\"},{\"@type\":\"WebPage\",\"@id\":\"https:\/\/www.millerthomson.com\/fr\/nouvelles\/miller-thomson-accueille-yves-rocheleau-en-tant-quassocie-au-sein-du-groupe-droit-des-affaires\/\",\"url\":\"https:\/\/www.millerthomson.com\/fr\/nouvelles\/miller-thomson-accueille-yves-rocheleau-en-tant-quassocie-au-sein-du-groupe-droit-des-affaires\/\",\"name\":\"Miller Thomson accueille Yves Rocheleau en tant qu\u2019associ\u00e9 au sein du groupe Droit des affaires | Miller Thomson\",\"isPartOf\":{\"@id\":\"https:\/\/www.millerthomson.com\/fr\/#website\"},\"primaryImageOfPage\":{\"@id\":\"https:\/\/www.millerthomson.com\/fr\/nouvelles\/miller-thomson-accueille-yves-rocheleau-en-tant-quassocie-au-sein-du-groupe-droit-des-affaires\/#primaryimage\"},\"image\":{\"@id\":\"https:\/\/www.millerthomson.com\/fr\/nouvelles\/miller-thomson-accueille-yves-rocheleau-en-tant-quassocie-au-sein-du-groupe-droit-des-affaires\/#primaryimage\"},\"thumbnailUrl\":\"https:\/\/www.millerthomson.com\/wp-content\/uploads\/2025\/03\/featured-news-montreal.jpg\",\"datePublished\":\"2024-09-23T12:12:37+00:00\",\"dateModified\":\"2024-12-01T18:21:54+00:00\",\"breadcrumb\":{\"@id\":\"https:\/\/www.millerthomson.com\/fr\/nouvelles\/miller-thomson-accueille-yves-rocheleau-en-tant-quassocie-au-sein-du-groupe-droit-des-affaires\/#breadcrumb\"},\"inLanguage\":\"fr-FR\",\"potentialAction\":[{\"@type\":\"ReadAction\",\"target\":[\"https:\/\/www.millerthomson.com\/fr\/nouvelles\/miller-thomson-accueille-yves-rocheleau-en-tant-quassocie-au-sein-du-groupe-droit-des-affaires\/\"]}]},{\"@type\":\"ImageObject\",\"inLanguage\":\"fr-FR\",\"@id\":\"https:\/\/www.millerthomson.com\/fr\/nouvelles\/miller-thomson-accueille-yves-rocheleau-en-tant-quassocie-au-sein-du-groupe-droit-des-affaires\/#primaryimage\",\"url\":\"https:\/\/www.millerthomson.com\/wp-content\/uploads\/2025\/03\/featured-news-montreal.jpg\",\"contentUrl\":\"https:\/\/www.millerthomson.com\/wp-content\/uploads\/2025\/03\/featured-news-montreal.jpg\",\"width\":1920,\"height\":1098,\"caption\":\"Montreal sunrise with colourful fall folliage\"},{\"@type\":\"BreadcrumbList\",\"@id\":\"https:\/\/www.millerthomson.com\/fr\/nouvelles\/miller-thomson-accueille-yves-rocheleau-en-tant-quassocie-au-sein-du-groupe-droit-des-affaires\/#breadcrumb\",\"itemListElement\":[{\"@type\":\"ListItem\",\"position\":1,\"name\":\"Accueil\",\"item\":\"https:\/\/www.millerthomson.com\/fr\/\"},{\"@type\":\"ListItem\",\"position\":2,\"name\":\"Nouvelles\",\"item\":\"https:\/\/www.millerthomson.com\/fr\/nouvelles\/\"},{\"@type\":\"ListItem\",\"position\":3,\"name\":\"Miller Thomson accueille Yves Rocheleau en tant qu\u2019associ\u00e9 au sein du groupe Droit des affaires\"}]},{\"@type\":\"WebSite\",\"@id\":\"https:\/\/www.millerthomson.com\/fr\/#website\",\"url\":\"https:\/\/www.millerthomson.com\/fr\/\",\"name\":\"Miller Thomson | Cabinet de droit des affaires pancanadien\",\"description\":\"National law firm providing business law expertise and litigation and disputes services for businesses across Canada since 1957.\",\"publisher\":{\"@id\":\"https:\/\/www.millerthomson.com\/fr\/#organization\"},\"potentialAction\":[{\"@type\":\"SearchAction\",\"target\":{\"@type\":\"EntryPoint\",\"urlTemplate\":\"https:\/\/www.millerthomson.com\/fr\/?s={search_term_string}\"},\"query-input\":{\"@type\":\"PropertyValueSpecification\",\"valueRequired\":true,\"valueName\":\"search_term_string\"}}],\"inLanguage\":\"fr-FR\"},{\"@type\":\"Organization\",\"@id\":\"https:\/\/www.millerthomson.com\/fr\/#organization\",\"name\":\"Miller Thomson | Cabinet de droit des affaires pancanadien\",\"url\":\"https:\/\/www.millerthomson.com\/fr\/\",\"logo\":{\"@type\":\"ImageObject\",\"inLanguage\":\"fr-FR\",\"@id\":\"https:\/\/www.millerthomson.com\/fr\/#\/schema\/logo\/image\/\",\"url\":\"https:\/\/www.millerthomson.com\/wp-content\/uploads\/2024\/10\/miller-thomson.svg\",\"contentUrl\":\"https:\/\/www.millerthomson.com\/wp-content\/uploads\/2024\/10\/miller-thomson.svg\",\"width\":380,\"height\":50,\"caption\":\"Miller Thomson | Cabinet de droit des affaires pancanadien\"},\"image\":{\"@id\":\"https:\/\/www.millerthomson.com\/fr\/#\/schema\/logo\/image\/\"},\"sameAs\":[\"https:\/\/www.facebook.com\/MillerThomsonLaw\/\",\"https:\/\/x.com\/millerthomson\",\"https:\/\/www.linkedin.com\/company\/miller-thomson-llp\/\",\"https:\/\/www.youtube.com\/@millerthomson\"]},{\"@type\":\"Person\",\"@id\":\"https:\/\/www.millerthomson.com\/fr\/#\/schema\/person\/3f9143e8aec04617923b89fecf6886ea\",\"name\":\"admin\",\"image\":{\"@type\":\"ImageObject\",\"inLanguage\":\"fr-FR\",\"@id\":\"https:\/\/www.millerthomson.com\/fr\/#\/schema\/person\/image\/\",\"url\":\"https:\/\/secure.gravatar.com\/avatar\/2fb85dacd7d0cf6d162ec9c30c25b90c6e69a82dbe5ebe52991d2ec0d73e4890?s=96&d=mm&r=g\",\"contentUrl\":\"https:\/\/secure.gravatar.com\/avatar\/2fb85dacd7d0cf6d162ec9c30c25b90c6e69a82dbe5ebe52991d2ec0d73e4890?s=96&d=mm&r=g\",\"caption\":\"admin\"}}]}<\/script>\n<!-- \/ Yoast SEO plugin. -->","yoast_head_json":{"title":"Miller Thomson accueille Yves Rocheleau en tant qu\u2019associ\u00e9 au sein du groupe Droit des affaires | Miller Thomson","robots":{"index":"index","follow":"follow","max-snippet":"max-snippet:-1","max-image-preview":"max-image-preview:large","max-video-preview":"max-video-preview:-1"},"canonical":"https:\/\/www.millerthomson.com\/fr\/nouvelles\/miller-thomson-accueille-yves-rocheleau-en-tant-quassocie-au-sein-du-groupe-droit-des-affaires\/","og_locale":"fr_FR","og_type":"article","og_title":"Miller Thomson accueille Yves Rocheleau en tant qu\u2019associ\u00e9 au sein du groupe Droit des affaires | Miller Thomson","og_description":"Miller Thomson est fier d\u2019annoncer l\u2019arriv\u00e9e de Me Yves Rocheleau comme nouvel associ\u00e9 dans son groupe Droit des affaires au bureau de Montr\u00e9al. Me Rocheleau se distingue par une solide exp\u00e9rience en fusions et acquisitions, droit des soci\u00e9t\u00e9s et droit commercial. Il a men\u00e9 de nombreuses transactions complexes et a conseill\u00e9 plusieurs entreprises de premier [&hellip;]","og_url":"https:\/\/www.millerthomson.com\/fr\/nouvelles\/miller-thomson-accueille-yves-rocheleau-en-tant-quassocie-au-sein-du-groupe-droit-des-affaires\/","og_site_name":"Miller Thomson","article_publisher":"https:\/\/www.facebook.com\/MillerThomsonLaw\/","article_modified_time":"2024-12-01T18:21:54+00:00","og_image":[{"width":1920,"height":1098,"url":"https:\/\/www.millerthomson.com\/wp-content\/uploads\/2025\/03\/featured-news-montreal.jpg","type":"image\/jpeg"}],"twitter_card":"summary_large_image","twitter_site":"@millerthomson","twitter_misc":{"Est. reading time":"2 minutes"},"schema":{"@context":"https:\/\/schema.org","@graph":[{"@type":"NewsArticle","@id":"https:\/\/www.millerthomson.com\/fr\/nouvelles\/miller-thomson-accueille-yves-rocheleau-en-tant-quassocie-au-sein-du-groupe-droit-des-affaires\/#article","isPartOf":{"@id":"https:\/\/www.millerthomson.com\/fr\/nouvelles\/miller-thomson-accueille-yves-rocheleau-en-tant-quassocie-au-sein-du-groupe-droit-des-affaires\/"},"author":{"name":"admin","@id":"https:\/\/www.millerthomson.com\/fr\/#\/schema\/person\/3f9143e8aec04617923b89fecf6886ea"},"headline":"Miller Thomson accueille Yves Rocheleau en tant qu\u2019associ\u00e9 au sein du groupe Droit des affaires","datePublished":"2024-09-23T12:12:37+00:00","dateModified":"2024-12-01T18:21:54+00:00","mainEntityOfPage":{"@id":"https:\/\/www.millerthomson.com\/fr\/nouvelles\/miller-thomson-accueille-yves-rocheleau-en-tant-quassocie-au-sein-du-groupe-droit-des-affaires\/"},"wordCount":393,"publisher":{"@id":"https:\/\/www.millerthomson.com\/fr\/#organization"},"image":{"@id":"https:\/\/www.millerthomson.com\/fr\/nouvelles\/miller-thomson-accueille-yves-rocheleau-en-tant-quassocie-au-sein-du-groupe-droit-des-affaires\/#primaryimage"},"thumbnailUrl":"https:\/\/www.millerthomson.com\/wp-content\/uploads\/2025\/03\/featured-news-montreal.jpg","inLanguage":"fr-FR"},{"@type":"WebPage","@id":"https:\/\/www.millerthomson.com\/fr\/nouvelles\/miller-thomson-accueille-yves-rocheleau-en-tant-quassocie-au-sein-du-groupe-droit-des-affaires\/","url":"https:\/\/www.millerthomson.com\/fr\/nouvelles\/miller-thomson-accueille-yves-rocheleau-en-tant-quassocie-au-sein-du-groupe-droit-des-affaires\/","name":"Miller Thomson accueille Yves Rocheleau en tant qu\u2019associ\u00e9 au sein du groupe Droit des affaires | Miller Thomson","isPartOf":{"@id":"https:\/\/www.millerthomson.com\/fr\/#website"},"primaryImageOfPage":{"@id":"https:\/\/www.millerthomson.com\/fr\/nouvelles\/miller-thomson-accueille-yves-rocheleau-en-tant-quassocie-au-sein-du-groupe-droit-des-affaires\/#primaryimage"},"image":{"@id":"https:\/\/www.millerthomson.com\/fr\/nouvelles\/miller-thomson-accueille-yves-rocheleau-en-tant-quassocie-au-sein-du-groupe-droit-des-affaires\/#primaryimage"},"thumbnailUrl":"https:\/\/www.millerthomson.com\/wp-content\/uploads\/2025\/03\/featured-news-montreal.jpg","datePublished":"2024-09-23T12:12:37+00:00","dateModified":"2024-12-01T18:21:54+00:00","breadcrumb":{"@id":"https:\/\/www.millerthomson.com\/fr\/nouvelles\/miller-thomson-accueille-yves-rocheleau-en-tant-quassocie-au-sein-du-groupe-droit-des-affaires\/#breadcrumb"},"inLanguage":"fr-FR","potentialAction":[{"@type":"ReadAction","target":["https:\/\/www.millerthomson.com\/fr\/nouvelles\/miller-thomson-accueille-yves-rocheleau-en-tant-quassocie-au-sein-du-groupe-droit-des-affaires\/"]}]},{"@type":"ImageObject","inLanguage":"fr-FR","@id":"https:\/\/www.millerthomson.com\/fr\/nouvelles\/miller-thomson-accueille-yves-rocheleau-en-tant-quassocie-au-sein-du-groupe-droit-des-affaires\/#primaryimage","url":"https:\/\/www.millerthomson.com\/wp-content\/uploads\/2025\/03\/featured-news-montreal.jpg","contentUrl":"https:\/\/www.millerthomson.com\/wp-content\/uploads\/2025\/03\/featured-news-montreal.jpg","width":1920,"height":1098,"caption":"Montreal sunrise with colourful fall folliage"},{"@type":"BreadcrumbList","@id":"https:\/\/www.millerthomson.com\/fr\/nouvelles\/miller-thomson-accueille-yves-rocheleau-en-tant-quassocie-au-sein-du-groupe-droit-des-affaires\/#breadcrumb","itemListElement":[{"@type":"ListItem","position":1,"name":"Accueil","item":"https:\/\/www.millerthomson.com\/fr\/"},{"@type":"ListItem","position":2,"name":"Nouvelles","item":"https:\/\/www.millerthomson.com\/fr\/nouvelles\/"},{"@type":"ListItem","position":3,"name":"Miller Thomson accueille Yves Rocheleau en tant qu\u2019associ\u00e9 au sein du groupe Droit des affaires"}]},{"@type":"WebSite","@id":"https:\/\/www.millerthomson.com\/fr\/#website","url":"https:\/\/www.millerthomson.com\/fr\/","name":"Miller Thomson | Cabinet de droit des affaires pancanadien","description":"National law firm providing business law expertise and litigation and disputes services for businesses across Canada since 1957.","publisher":{"@id":"https:\/\/www.millerthomson.com\/fr\/#organization"},"potentialAction":[{"@type":"SearchAction","target":{"@type":"EntryPoint","urlTemplate":"https:\/\/www.millerthomson.com\/fr\/?s={search_term_string}"},"query-input":{"@type":"PropertyValueSpecification","valueRequired":true,"valueName":"search_term_string"}}],"inLanguage":"fr-FR"},{"@type":"Organization","@id":"https:\/\/www.millerthomson.com\/fr\/#organization","name":"Miller Thomson | Cabinet de droit des affaires pancanadien","url":"https:\/\/www.millerthomson.com\/fr\/","logo":{"@type":"ImageObject","inLanguage":"fr-FR","@id":"https:\/\/www.millerthomson.com\/fr\/#\/schema\/logo\/image\/","url":"https:\/\/www.millerthomson.com\/wp-content\/uploads\/2024\/10\/miller-thomson.svg","contentUrl":"https:\/\/www.millerthomson.com\/wp-content\/uploads\/2024\/10\/miller-thomson.svg","width":380,"height":50,"caption":"Miller Thomson | Cabinet de droit des affaires pancanadien"},"image":{"@id":"https:\/\/www.millerthomson.com\/fr\/#\/schema\/logo\/image\/"},"sameAs":["https:\/\/www.facebook.com\/MillerThomsonLaw\/","https:\/\/x.com\/millerthomson","https:\/\/www.linkedin.com\/company\/miller-thomson-llp\/","https:\/\/www.youtube.com\/@millerthomson"]},{"@type":"Person","@id":"https:\/\/www.millerthomson.com\/fr\/#\/schema\/person\/3f9143e8aec04617923b89fecf6886ea","name":"admin","image":{"@type":"ImageObject","inLanguage":"fr-FR","@id":"https:\/\/www.millerthomson.com\/fr\/#\/schema\/person\/image\/","url":"https:\/\/secure.gravatar.com\/avatar\/2fb85dacd7d0cf6d162ec9c30c25b90c6e69a82dbe5ebe52991d2ec0d73e4890?s=96&d=mm&r=g","contentUrl":"https:\/\/secure.gravatar.com\/avatar\/2fb85dacd7d0cf6d162ec9c30c25b90c6e69a82dbe5ebe52991d2ec0d73e4890?s=96&d=mm&r=g","caption":"admin"}}]}},"_links":{"self":[{"href":"https:\/\/www.millerthomson.com\/fr\/wp-json\/wp\/v2\/news\/18031","targetHints":{"allow":["GET"]}}],"collection":[{"href":"https:\/\/www.millerthomson.com\/fr\/wp-json\/wp\/v2\/news"}],"about":[{"href":"https:\/\/www.millerthomson.com\/fr\/wp-json\/wp\/v2\/types\/news"}],"author":[{"embeddable":true,"href":"https:\/\/www.millerthomson.com\/fr\/wp-json\/wp\/v2\/users\/1"}],"version-history":[{"count":0,"href":"https:\/\/www.millerthomson.com\/fr\/wp-json\/wp\/v2\/news\/18031\/revisions"}],"wp:featuredmedia":[{"embeddable":true,"href":"https:\/\/www.millerthomson.com\/fr\/wp-json\/wp\/v2\/media\/29181"}],"wp:attachment":[{"href":"https:\/\/www.millerthomson.com\/fr\/wp-json\/wp\/v2\/media?parent=18031"}],"wp:term":[{"taxonomy":"news-category","embeddable":true,"href":"https:\/\/www.millerthomson.com\/fr\/wp-json\/wp\/v2\/news-category?post=18031"}],"curies":[{"name":"wp","href":"https:\/\/api.w.org\/{rel}","templated":true}]}}