{"id":17957,"date":"2024-08-29T09:18:49","date_gmt":"2024-08-29T13:18:49","guid":{"rendered":"https:\/\/www.millerthomson.com\/?post_type=news&#038;p=223157"},"modified":"2025-12-08T11:39:06","modified_gmt":"2025-12-08T16:39:06","slug":"des-avocats-miller-thomson-nommes-au-classement-best-lawyers-in-canada","status":"publish","type":"news","link":"https:\/\/www.millerthomson.com\/fr\/nouvelles\/des-avocats-miller-thomson-nommes-au-classement-best-lawyers-in-canada\/","title":{"rendered":"Des avocats Miller Thomson nomm\u00e9s au classement Best Lawyers in Canada"},"content":{"rendered":"\n<p>Nous sommes honor\u00e9s de figurer dans l\u2019\u00e9dition&nbsp;2025 du prestigieux r\u00e9pertoire <a href=\"https:\/\/www.bestlawyers.com\/\"><em>Best Lawyers<\/em><\/a><em><sup>MD<\/sup><\/em><em> in Canada<\/em>. Cette reconnaissance ne couvre pas moins de 49&nbsp;domaines de pratiques r\u00e9partis dans tout le Canada et t\u00e9moigne de notre expertise de premier ordre dans l\u2019ensemble du secteur juridique.<\/p>\n\n\n\n<p>Toujours \u00e0 l\u2019avant-garde des derni\u00e8res tendances et des plus r\u00e9cents d\u00e9veloppements, notre \u00e9quipe pluridisciplinaire, compos\u00e9e d\u2019avocats de premier plan, a su gagner la reconnaissance de nos coll\u00e8gues de l\u2019industrie. Ce palmar\u00e8s annuel est \u00e9tabli \u00e0 la suite d\u2019une \u00e9valuation rigoureuse au cours de laquelle les avocats \u00e9valuent les comp\u00e9tences professionnelles de leurs pairs dans leur domaine de pratique.<\/p>\n\n\n\n<p>Cette ann\u00e9e, six de nos associ\u00e9s se sont distingu\u00e9s en remportant la mention d\u2019avocat de l\u2019ann\u00e9e pour avoir re\u00e7u les meilleures \u00e9valuations de la part de leurs pairs dans leur domaine de pratique et leur r\u00e9gion.<\/p>\n\n\n\n<ul class=\"wp-block-list\">\n<li>Louis Amato-Gauci, Transports, Toronto<\/li>\n\n\n\n<li>Ryan Done, Droit des soci\u00e9t\u00e9s, London<\/li>\n\n\n\n<li>Dwayne K. Kuiper, Fusions et acquisitions, R\u00e9gion de Waterloo<\/li>\n\n\n\n<li>Bryan Millman, Organismes de bienfaisance et \u00e0 but non lucratif, Vancouver<\/li>\n\n\n\n<li>Melissa Tummon, Droit des soci\u00e9t\u00e9s, R\u00e9gion de Waterloo<\/li>\n\n\n\n<li>Hugh Wright, Avantages sociaux, Toronto<\/li>\n<\/ul>\n\n\n\n<p>Vous trouverez ci-dessous la liste compl\u00e8te de nos avocats class\u00e9s&nbsp;:<\/p>\n\n\n\n<h2 class=\"wp-block-heading\">Droit autochtone<\/h2>\n\n\n\n<ul class=\"wp-block-list\">\n<li>John&nbsp;A.&nbsp;Doolan, Vancouver<\/li>\n<\/ul>\n\n\n\n<h2 class=\"wp-block-heading\">Droit administratif et public<\/h2>\n\n\n\n<ul class=\"wp-block-list\">\n<li>Steven&nbsp;J.&nbsp;O\u2019Melia, Waterloo<\/li>\n\n\n\n<li>Tara&nbsp;Piurko, Toronto<\/li>\n\n\n\n<li>Scott&nbsp;R.&nbsp;Spencer, Saskatoon<\/li>\n\n\n\n<li>Lisa&nbsp;Spiegel, Toronto<\/li>\n<\/ul>\n\n\n\n<h2 class=\"wp-block-heading\">Publicit\u00e9 et marketing<\/h2>\n\n\n\n<ul class=\"wp-block-list\">\n<li>Eric&nbsp;Dufour, Toronto<\/li>\n<\/ul>\n\n\n\n<h2 class=\"wp-block-heading\">Financement garanti par des actifs<\/h2>\n\n\n\n<ul class=\"wp-block-list\">\n<li>Ethan&nbsp;Campbell, Toronto<\/li>\n\n\n\n<li>Luc-Antoine&nbsp;Manneh, Montr\u00e9al<\/li>\n\n\n\n<li>Nora&nbsp;F.&nbsp;Osbaldeston, Toronto<\/li>\n\n\n\n<li>Amanda&nbsp;Plastina, Toronto<\/li>\n<\/ul>\n\n\n\n<h2 class=\"wp-block-heading\">Droit de l\u2019aviation<\/h2>\n\n\n\n<ul class=\"wp-block-list\">\n<li>Louis&nbsp;Amato-Gauci, Toronto<\/li>\n<\/ul>\n\n\n\n<h2 class=\"wp-block-heading\">Droit bancaire et financier<\/h2>\n\n\n\n<ul class=\"wp-block-list\">\n<li>John&nbsp;A.&nbsp;Cross, c.r., Edmonton<\/li>\n\n\n\n<li>Jonathan&nbsp;F.&nbsp;Dyck, Toronto<\/li>\n\n\n\n<li>Eric&nbsp;F.&nbsp;W.&nbsp;Johnson, Regina<\/li>\n\n\n\n<li>Richard&nbsp;D.&nbsp;Leblanc, Toronto<\/li>\n\n\n\n<li>Jean&nbsp;Leonard, Waterloo<br>Michael&nbsp;Morcom, Calgary<\/li>\n\n\n\n<li>Boris&nbsp;M.&nbsp;Muchalov, Toronto<\/li>\n\n\n\n<li>Nora&nbsp;F.&nbsp;Osbaldeston,&nbsp;Toronto<\/li>\n\n\n\n<li>Amanda&nbsp;Plastina, Toronto<\/li>\n\n\n\n<li>Maxime&nbsp;B.&nbsp;Rh\u00e9aume, Montr\u00e9al<\/li>\n\n\n\n<li>Andrew&nbsp;S.&nbsp;Roth, Waterloo<\/li>\n\n\n\n<li>Melissa&nbsp;Timbres, Edmonton<\/li>\n\n\n\n<li>Rick&nbsp;M.&nbsp;Van&nbsp;Beselaere, c.r., Regina<\/li>\n\n\n\n<li>Jenna&nbsp;Zaleski, Calgary*<\/li>\n<\/ul>\n\n\n\n<h2 class=\"wp-block-heading\">Cannabis<\/h2>\n\n\n\n<ul class=\"wp-block-list\">\n<li>Alexander&nbsp;Lalka, Toronto<\/li>\n<\/ul>\n\n\n\n<h2 class=\"wp-block-heading\">Organismes de bienfaisance et \u00e0 but non lucratif<\/h2>\n\n\n\n<ul class=\"wp-block-list\">\n<li>Michael&nbsp;Blatchford, Vancouver<\/li>\n\n\n\n<li>Sarah&nbsp;G.&nbsp;Fitzpatrick, Vancouver<\/li>\n\n\n\n<li>M.&nbsp;Elena&nbsp;Hoffstein, Toronto<\/li>\n\n\n\n<li>Susan&nbsp;M.&nbsp;Manwaring, Toronto<\/li>\n\n\n\n<li>Bryan&nbsp;Millman, Vancouver<\/li>\n\n\n\n<li>David&nbsp;Tang, Toronto<\/li>\n\n\n\n<li>Andrew&nbsp;Valentine, Toronto<\/li>\n<\/ul>\n\n\n\n<h2 class=\"wp-block-heading\">Actions collectives<\/h2>\n\n\n\n<ul class=\"wp-block-list\">\n<li>F.&nbsp;Paul&nbsp;Morrison, Toronto<\/li>\n<\/ul>\n\n\n\n<h2 class=\"wp-block-heading\">Baux commerciaux<\/h2>\n\n\n\n<ul class=\"wp-block-list\">\n<li>Steven&nbsp;L.&nbsp;Chaimberg, Montr\u00e9al<\/li>\n\n\n\n<li>John&nbsp;A.&nbsp;Cross, c.r., Edmonton<\/li>\n\n\n\n<li>Perry&nbsp;Katz, Toronto<\/li>\n\n\n\n<li>Kevin&nbsp;W.&nbsp;Keyes, Calgary<\/li>\n\n\n\n<li>Dwayne&nbsp;K.&nbsp;Kuiper, Waterloo<\/li>\n\n\n\n<li>Jean-Martin&nbsp;Lambert, Montr\u00e9al<\/li>\n\n\n\n<li>Steven&nbsp;J.&nbsp;O\u2019Melia, Waterloo<\/li>\n\n\n\n<li>Arthur&nbsp;Opalinski, Calgary*<\/li>\n\n\n\n<li>Joshua&nbsp;I.&nbsp;Selby, Calgary<\/li>\n\n\n\n<li>Michael&nbsp;Walker, Vancouver<\/li>\n\n\n\n<li>Michael&nbsp;J.&nbsp;Wren, Toronto<\/li>\n<\/ul>\n\n\n\n<h2 class=\"wp-block-heading\">Droit de la concurrence et antitrust<\/h2>\n\n\n\n<ul class=\"wp-block-list\">\n<li>Eric&nbsp;Dufour, Toronto<\/li>\n\n\n\n<li>Devin&nbsp;A.&nbsp;Persaud, Toronto*<\/li>\n<\/ul>\n\n\n\n<h2 class=\"wp-block-heading\">Droit de la construction<\/h2>\n\n\n\n<ul class=\"wp-block-list\">\n<li>Mark&nbsp;E.&nbsp;Alexander, Edmonton<\/li>\n\n\n\n<li>Michael&nbsp;Arbutina, Vaughan<\/li>\n\n\n\n<li>Gerry&nbsp;Argento, Montr\u00e9al<\/li>\n\n\n\n<li>Charles&nbsp;W.&nbsp;Bois, Vancouver<\/li>\n\n\n\n<li>Danielle&nbsp;M.&nbsp;Bouchard, Edmonton*<\/li>\n\n\n\n<li>Dra\u017een&nbsp;F.&nbsp;Bulat, Toronto<\/li>\n\n\n\n<li>Jennifer&nbsp;Bush, Toronto*<\/li>\n\n\n\n<li>Yann-Julien&nbsp;Chouinard, Montr\u00e9al<\/li>\n\n\n\n<li>Yannick&nbsp;Forget, Montr\u00e9al<\/li>\n\n\n\n<li>Adrienne&nbsp;S.&nbsp;Funk, Edmonton*<\/li>\n\n\n\n<li>Guy&nbsp;Gilain, Montr\u00e9al<\/li>\n\n\n\n<li>Paul&nbsp;Guaragna, Vaughan<\/li>\n\n\n\n<li>Scott&nbsp;J.&nbsp;Hammel, c.r., Edmonton<\/li>\n\n\n\n<li>Antonio&nbsp;Iacovelli, Montr\u00e9al<\/li>\n\n\n\n<li>Emma&nbsp;L.&nbsp;Johnston, Edmonton<\/li>\n\n\n\n<li>Jasmin&nbsp;Lefebvre, Montr\u00e9al<\/li>\n\n\n\n<li>Lindsay&nbsp;Moffatt, Toronto*<\/li>\n\n\n\n<li>Evelyne&nbsp;Morin, Montr\u00e9al*<\/li>\n\n\n\n<li>Fergus&nbsp;I.&nbsp;Schappert, Edmonton<\/li>\n\n\n\n<li>D.&nbsp;Bronwhyn&nbsp;Simmons, Calgary*<\/li>\n\n\n\n<li>Nicole&nbsp;T.&nbsp;Taylor-Smith, Calgary<\/li>\n\n\n\n<li>Stephan&nbsp;H.&nbsp;Trihey, Montr\u00e9al<\/li>\n\n\n\n<li>Thomas&nbsp;R.&nbsp;Whitby, Toronto<\/li>\n\n\n\n<li>Ian&nbsp;Wilson, Edmonton*<\/li>\n<\/ul>\n\n\n\n<h2 class=\"wp-block-heading\">Litiges en droit des soci\u00e9t\u00e9s et en droit commercial<\/h2>\n\n\n\n<ul class=\"wp-block-list\">\n<li>Susan&nbsp;Adam&nbsp;Metzler, Toronto<\/li>\n\n\n\n<li>Mark&nbsp;E.&nbsp;Alexander, Edmonton<\/li>\n\n\n\n<li>Fadi&nbsp;Amine, Montr\u00e9al<\/li>\n\n\n\n<li>Robert&nbsp;T.&nbsp; Anderson, Edmonton<\/li>\n\n\n\n<li>John&nbsp;J.&nbsp;Chapman, Toronto<\/li>\n\n\n\n<li>Debra&nbsp;Curcio&nbsp;Lister, Edmonton<\/li>\n\n\n\n<li>Sam&nbsp;De&nbsp;Caprio, Vaughan<\/li>\n\n\n\n<li>Bertrand&nbsp;Giroux, Montr\u00e9al<\/li>\n\n\n\n<li>Scott&nbsp;J.&nbsp;Hammel, c.r., Edmonton<\/li>\n\n\n\n<li>Darin&nbsp;J.&nbsp;Hannaford, Edmonton<\/li>\n\n\n\n<li>Sarah&nbsp;Hansen, Vancouver<\/li>\n\n\n\n<li>Sandra&nbsp;L.&nbsp;Hawes, Edmonton<\/li>\n\n\n\n<li>Bryan&nbsp;Hicks, Vancouver<\/li>\n\n\n\n<li>Bryan&nbsp;A.&nbsp;Hosking, Edmonton<\/li>\n\n\n\n<li>Ryan&nbsp;D.&nbsp;Kitzul, Regina<\/li>\n\n\n\n<li>F.&nbsp;Paul&nbsp;Morrison, Toronto<\/li>\n\n\n\n<li>Michael&nbsp;J.&nbsp;Percival, Vancouver<\/li>\n\n\n\n<li>Yves&nbsp;Robillard, Montr\u00e9al<\/li>\n\n\n\n<li>Bobby&nbsp;Sachdeva, Toronto<\/li>\n\n\n\n<li>Jeremy&nbsp;Sacks, Toronto<\/li>\n\n\n\n<li>Kelsey&nbsp;Sherriff, Vancouver<\/li>\n\n\n\n<li>John&nbsp;Shewfelt, Vancouver<\/li>\n\n\n\n<li>Hubert&nbsp;Sibre, Montr\u00e9al<\/li>\n\n\n\n<li>Lisa&nbsp;Spiegel, Toronto<\/li>\n\n\n\n<li>Adam&nbsp;Stephens, Toronto<\/li>\n\n\n\n<li>Karen&nbsp;L.&nbsp;Weslowski, Vancouver<\/li>\n\n\n\n<li>Alice&nbsp;M.&nbsp;L.&nbsp;Wong, Edmonton<\/li>\n<\/ul>\n\n\n\n<h2 class=\"wp-block-heading\">Gouvernance d\u2019entreprise<\/h2>\n\n\n\n<ul class=\"wp-block-list\">\n<li>Michael&nbsp;Blatchford, Vancouver<\/li>\n\n\n\n<li>Joseph&nbsp;W.&nbsp;Yurkovich, c.r., Edmonton<\/li>\n<\/ul>\n\n\n\n<h2 class=\"wp-block-heading\">Droit des soci\u00e9t\u00e9s<\/h2>\n\n\n\n<ul class=\"wp-block-list\">\n<li>Robert&nbsp;T.&nbsp;Anderson, Edmonton<\/li>\n\n\n\n<li>Adam&nbsp;Bata, Toronto<\/li>\n\n\n\n<li>John&nbsp;A.&nbsp;Cross, c.r., Edmonton<\/li>\n\n\n\n<li>Wendi&nbsp;P.&nbsp;Crowe, Edmonton<\/li>\n\n\n\n<li>Ryan&nbsp;Done, London<\/li>\n\n\n\n<li>Francis&nbsp;Dumoulin, Montr\u00e9al*<\/li>\n\n\n\n<li>Jamie&nbsp;Eichenbaum, Montr\u00e9al*<\/li>\n\n\n\n<li>Andrew&nbsp;Etcovitch, Montr\u00e9al<\/li>\n\n\n\n<li>John&nbsp;Ferber, Vancouver<\/li>\n\n\n\n<li>William&nbsp;J.&nbsp;Fowlis, c.r.,&nbsp;CAF, Calgary<\/li>\n\n\n\n<li>Bruce&nbsp;N.&nbsp;Geiger, Edmonton<\/li>\n\n\n\n<li>Jay&nbsp;M.&nbsp;Hoffman, Toronto<\/li>\n\n\n\n<li>Eric&nbsp;F.&nbsp;W.&nbsp;Johnson, Regina<\/li>\n\n\n\n<li>Seon&nbsp;K.&nbsp;Kang, Montr\u00e9al<\/li>\n\n\n\n<li>Adam&nbsp;Kline, Toronto<\/li>\n\n\n\n<li>James&nbsp;M.&nbsp;Klotz, Toronto<\/li>\n\n\n\n<li>Tom&nbsp;Koutoulakis, Toronto<\/li>\n\n\n\n<li>Dwayne&nbsp;K.&nbsp;Kuiper, Waterloo<\/li>\n\n\n\n<li>Alexander&nbsp;Lalka, Toronto<\/li>\n\n\n\n<li>Glen&nbsp;Lekach, Regina<\/li>\n\n\n\n<li>Philipp&nbsp;Park, Montr\u00e9al<\/li>\n\n\n\n<li>Devin&nbsp;A.&nbsp;Persaud, Toronto*<\/li>\n\n\n\n<li>Kevin&nbsp;Plowman, Calgary<\/li>\n\n\n\n<li>Eric&nbsp;Schneider, Waterloo<\/li>\n\n\n\n<li>Kristina&nbsp;Shaw, London<\/li>\n\n\n\n<li>Max&nbsp;Spearn, Toronto<\/li>\n\n\n\n<li>Robert&nbsp;M.&nbsp;Stewart, Toronto<\/li>\n\n\n\n<li>Philippe&nbsp;St-Louis, Montr\u00e9al<\/li>\n\n\n\n<li>Kevin&nbsp;D.&nbsp;Trumpour, Edmonton<\/li>\n\n\n\n<li>Melissa&nbsp;Tummon, Waterloo<\/li>\n\n\n\n<li>Luigi&nbsp;Valente, Vaughan<\/li>\n\n\n\n<li>Rick&nbsp;M.&nbsp;Van&nbsp;Beselaere, c.r., Regina<\/li>\n\n\n\n<li>Tony&nbsp;Van&nbsp;Klink, London<\/li>\n\n\n\n<li>Lawrence&nbsp;D.&nbsp;Wilder, Toronto<\/li>\n\n\n\n<li>Joseph&nbsp;W.&nbsp;Yurkovich, c.r., Edmonton<\/li>\n<\/ul>\n\n\n\n<h2 class=\"wp-block-heading\">Responsabilit\u00e9 des administrateurs et des dirigeants<\/h2>\n\n\n\n<ul class=\"wp-block-list\">\n<li>F.&nbsp;Paul&nbsp;Morrison, Toronto<\/li>\n<\/ul>\n\n\n\n<h2 class=\"wp-block-heading\">Droit de l\u2019\u00e9ducation<\/h2>\n\n\n\n<ul class=\"wp-block-list\">\n<li>Nadya&nbsp;Tymochenko, Toronto<\/li>\n<\/ul>\n\n\n\n<h2 class=\"wp-block-heading\">Avantages sociaux<\/h2>\n\n\n\n<ul class=\"wp-block-list\">\n<li>Gary&nbsp;S.&nbsp;Rosen, Montr\u00e9al<\/li>\n\n\n\n<li>Hugh&nbsp;Wright, Toronto<\/li>\n<\/ul>\n\n\n\n<h2 class=\"wp-block-heading\">Droit de l\u2019\u00e9nergie<\/h2>\n\n\n\n<ul class=\"wp-block-list\">\n<li>Aaron&nbsp;Atcheson, London<\/li>\n\n\n\n<li>Charles&nbsp;W.&nbsp;Bois, Vancouver<\/li>\n<\/ul>\n\n\n\n<h2 class=\"wp-block-heading\">Droit du divertissement<\/h2>\n\n\n\n<ul class=\"wp-block-list\">\n<li>Dean&nbsp;J.&nbsp;Chenoy, Montr\u00e9al<\/li>\n\n\n\n<li>Jonathan&nbsp;F.&nbsp;Dyck, Toronto<\/li>\n<\/ul>\n\n\n\n<h2 class=\"wp-block-heading\">Droit de l\u2019environnement<\/h2>\n\n\n\n<ul class=\"wp-block-list\">\n<li>Aaron&nbsp;Atcheson, London<\/li>\n\n\n\n<li>Charles&nbsp;W.&nbsp;Bois, Vancouver<\/li>\n\n\n\n<li>Bryan&nbsp;J.&nbsp;Buttigieg, Vaughan<\/li>\n\n\n\n<li>Tamara&nbsp;Farber, Toronto<\/li>\n\n\n\n<li>Tara&nbsp;Piurko, Toronto<\/li>\n<\/ul>\n\n\n\n<h2 class=\"wp-block-heading\">Expropriation<\/h2>\n\n\n\n<ul class=\"wp-block-list\">\n<li>Steven&nbsp;J.&nbsp;O\u2019Melia, Waterloo<\/li>\n<\/ul>\n\n\n\n<h2 class=\"wp-block-heading\">Droit de la famille<\/h2>\n\n\n\n<ul class=\"wp-block-list\">\n<li>Joanne&nbsp;Biron, Montr\u00e9al<\/li>\n\n\n\n<li>Rebecca&nbsp;Grosz, Vaughan<\/li>\n<\/ul>\n\n\n\n<h2 class=\"wp-block-heading\">Droit du franchisage<\/h2>\n\n\n\n<ul class=\"wp-block-list\">\n<li>Pascale&nbsp;Cloutier, Toronto<\/li>\n\n\n\n<li>Bruce&nbsp;N.&nbsp;Geiger, Edmonton<\/li>\n\n\n\n<li>Richard&nbsp;D.&nbsp;Leblanc, Toronto<\/li>\n\n\n\n<li>Glen&nbsp;Lekach, Regina<\/li>\n<\/ul>\n\n\n\n<h2 class=\"wp-block-heading\">Droit de la sant\u00e9<\/h2>\n\n\n\n<ul class=\"wp-block-list\">\n<li>Kathryn&nbsp;M.&nbsp;Frelick, Toronto<\/li>\n\n\n\n<li>Karima&nbsp;Kanani, Toronto<\/li>\n\n\n\n<li>Lisa&nbsp;Spiegel, Toronto<\/li>\n<\/ul>\n\n\n\n<h2 class=\"wp-block-heading\">Immigration<\/h2>\n\n\n\n<ul class=\"wp-block-list\">\n<li>Veronica&nbsp;Choy, Calgary<\/li>\n\n\n\n<li>Mabel&nbsp;Kyei, Toronto*<\/li>\n<\/ul>\n\n\n\n<h2 class=\"wp-block-heading\">Technologies de l\u2019information<\/h2>\n\n\n\n<ul class=\"wp-block-list\">\n<li>Lisa&nbsp;Sim, Vancouver<\/li>\n<\/ul>\n\n\n\n<h2 class=\"wp-block-heading\">Insolvabilit\u00e9 et r\u00e9organisation d\u2019entreprise<\/h2>\n\n\n\n<ul class=\"wp-block-list\">\n<li>Jeffrey&nbsp;C.&nbsp;Carhart, Toronto<\/li>\n\n\n\n<li>Pat&nbsp;Corney, Toronto<\/li>\n\n\n\n<li>Gavin&nbsp;Finlayson, Toronto<\/li>\n\n\n\n<li>Bertrand&nbsp;Giroux, Montr\u00e9al<\/li>\n\n\n\n<li>Michel&nbsp;La&nbsp;Roche, Montr\u00e9al<\/li>\n\n\n\n<li>Kyla&nbsp;E.&nbsp;M.&nbsp;Mahar, Toronto<\/li>\n\n\n\n<li>Craig&nbsp;Mills, Toronto<\/li>\n\n\n\n<li>Spencer&nbsp;Norris, Edmonton<\/li>\n\n\n\n<li>Rick&nbsp;T.&nbsp;G.&nbsp;Reeson, c.r., Edmonton<\/li>\n\n\n\n<li>James&nbsp;W.&nbsp;Reid, Calgary<\/li>\n\n\n\n<li>Bobby&nbsp;Sachdeva, Toronto<\/li>\n\n\n\n<li>Hubert&nbsp;Sibre, Montr\u00e9al<\/li>\n\n\n\n<li>Pavin&nbsp;Takhar, Calgary*<\/li>\n\n\n\n<li>Rick&nbsp;M.&nbsp;Van&nbsp;Beselaere, c.r., Regina<\/li>\n\n\n\n<li>Terrence&nbsp;M.&nbsp;Warner, Edmonton<\/li>\n<\/ul>\n\n\n\n<h2 class=\"wp-block-heading\">Droit des assurances<\/h2>\n\n\n\n<ul class=\"wp-block-list\">\n<li>Mark&nbsp;E.&nbsp;Alexander, Edmonton<\/li>\n\n\n\n<li>Christopher&nbsp;T.&nbsp;J.&nbsp;Blom, Toronto<\/li>\n\n\n\n<li>James&nbsp;D.&nbsp;Bromiley, Waterloo<\/li>\n\n\n\n<li>Debra&nbsp;Curcio&nbsp;Lister, Edmonton<\/li>\n\n\n\n<li>Patricia&nbsp;J.&nbsp;Forte, Waterloo<\/li>\n\n\n\n<li>Mark&nbsp;R.&nbsp;Frederick, Toronto<\/li>\n\n\n\n<li>Adrienne&nbsp;S.&nbsp;Funk, Edmonton*<\/li>\n\n\n\n<li>Sandra&nbsp;L.&nbsp;Hawes, Edmonton<\/li>\n\n\n\n<li>Dan&nbsp;Rabinowitz, Toronto<\/li>\n\n\n\n<li>Karen&nbsp;L.&nbsp;Weslowski, Vancouver<\/li>\n\n\n\n<li>Thomas&nbsp;R.&nbsp;Whitby, Toronto<\/li>\n<\/ul>\n\n\n\n<h2 class=\"wp-block-heading\">Propri\u00e9t\u00e9 intellectuelle<\/h2>\n\n\n\n<ul class=\"wp-block-list\">\n<li>Alexandre&nbsp;Ajami, Montr\u00e9al<\/li>\n\n\n\n<li>Ben&nbsp;Pearson, Vancouver*<\/li>\n\n\n\n<li>Lisa&nbsp;Sim, Vancouver<\/li>\n<\/ul>\n\n\n\n<h2 class=\"wp-block-heading\">Commerce international et finances<\/h2>\n\n\n\n<ul class=\"wp-block-list\">\n<li>Barry&nbsp;Horne, Toronto<\/li>\n\n\n\n<li>Daniel&nbsp;Kiselbach, Vancouver<\/li>\n\n\n\n<li>James&nbsp;M.&nbsp;Klotz, Toronto<\/li>\n<\/ul>\n\n\n\n<h2 class=\"wp-block-heading\">Droit du travail et de l\u2019emploi<\/h2>\n\n\n\n<ul class=\"wp-block-list\">\n<li>Nafisah&nbsp;Chowdhury*, Toronto<\/li>\n\n\n\n<li>Claudia&nbsp;Desjardins&nbsp;B\u00e9lisle, Montr\u00e9al<\/li>\n\n\n\n<li>Thomas&nbsp;V.&nbsp; Duke, Edmonton<\/li>\n\n\n\n<li>Hugh&nbsp;R.&nbsp;Dyer, Toronto<\/li>\n\n\n\n<li>Robert&nbsp;England, Toronto<\/li>\n\n\n\n<li>Patricia&nbsp;J.&nbsp;Forte, Waterloo<\/li>\n\n\n\n<li>Lisa&nbsp;Goodfellow, Toronto<\/li>\n\n\n\n<li>Mabel&nbsp;Kyei, Toronto*<\/li>\n\n\n\n<li>Michelle&nbsp;D.&nbsp;MacGillivray, Toronto<\/li>\n\n\n\n<li>M.&nbsp;Christine&nbsp;O\u2019Donohue, Toronto<\/li>\n\n\n\n<li>Teri&nbsp;Treiber, Calgary<\/li>\n\n\n\n<li>David&nbsp;Tsai, Toronto<\/li>\n\n\n\n<li>Nadya&nbsp;Tymochenko, Toronto<\/li>\n\n\n\n<li>Dirk&nbsp;L.&nbsp;Van&nbsp;de&nbsp;Kamer, Toronto<\/li>\n\n\n\n<li>Jill&nbsp;W.&nbsp;Wilkie, Calgary<\/li>\n\n\n\n<li>Ian&nbsp;Wilson, Edmonton*<\/li>\n\n\n\n<li>Lawrence&nbsp;Witt, Montr\u00e9al<\/li>\n<\/ul>\n\n\n\n<h2 class=\"wp-block-heading\">N\u00e9gligence m\u00e9dicale<\/h2>\n\n\n\n<ul class=\"wp-block-list\">\n<li>Ryan&nbsp;D.&nbsp;Kitzul, Regina<\/li>\n<\/ul>\n\n\n\n<h2 class=\"wp-block-heading\">Fusions et acquisitions<\/h2>\n\n\n\n<ul class=\"wp-block-list\">\n<li>Bernard&nbsp;Blouin, Montr\u00e9al<\/li>\n\n\n\n<li>Louis-Philippe&nbsp;Borduas, Montr\u00e9al<\/li>\n\n\n\n<li>Bruno&nbsp;Caron, Montr\u00e9al<\/li>\n\n\n\n<li>Andrew&nbsp;M.&nbsp;Cohen, Montr\u00e9al<\/li>\n\n\n\n<li>Francis&nbsp;Dumoulin, Montr\u00e9al*<\/li>\n\n\n\n<li>Jamie&nbsp;Eichenbaum, Montr\u00e9al*<\/li>\n\n\n\n<li>William&nbsp;J.&nbsp;Fowlis, c.r.,&nbsp;CAF, Calgary<\/li>\n\n\n\n<li>Bruce&nbsp;N.&nbsp;Geiger, Edmonton<\/li>\n\n\n\n<li>Alexandre&nbsp;H\u00e9bert, Montr\u00e9al<\/li>\n\n\n\n<li>Jay&nbsp;M.&nbsp;Hoffman, Toronto<\/li>\n\n\n\n<li>Adam&nbsp;Kline, Toronto<\/li>\n\n\n\n<li>Dwayne&nbsp;K.&nbsp;Kuiper, Waterloo<\/li>\n\n\n\n<li>Glen&nbsp;Lekach, Regina<\/li>\n\n\n\n<li>Jonathan&nbsp;Lin, London<\/li>\n\n\n\n<li>Philipp&nbsp;Park, Montr\u00e9al<\/li>\n\n\n\n<li>Eric&nbsp;Schneider, Waterloo<\/li>\n\n\n\n<li>Philippe&nbsp;St-Louis, Montr\u00e9al<\/li>\n\n\n\n<li>Kevin&nbsp;D.&nbsp;Trumpour, Edmonton<\/li>\n\n\n\n<li>Lawrence&nbsp;D.&nbsp;Wilder, Toronto<\/li>\n\n\n\n<li>Joseph&nbsp;W.&nbsp;Yurkovich, c.r., Edmonton<\/li>\n<\/ul>\n\n\n\n<h2 class=\"wp-block-heading\">Droit minier<\/h2>\n\n\n\n<ul class=\"wp-block-list\">\n<li>Geoff&nbsp;Clarke, Toronto<\/li>\n<\/ul>\n\n\n\n<h2 class=\"wp-block-heading\">Droit municipal<\/h2>\n\n\n\n<ul class=\"wp-block-list\">\n<li>Steven&nbsp;J.&nbsp;O\u2019Melia, Waterloo<\/li>\n\n\n\n<li>Tara&nbsp;Piurko, Toronto<\/li>\n\n\n\n<li>David&nbsp;Tang, Toronto<\/li>\n\n\n\n<li>T.&nbsp;Jesse&nbsp;White, Toronto*<\/li>\n<\/ul>\n\n\n\n<h2 class=\"wp-block-heading\">Pr\u00e9judices personnels<\/h2>\n\n\n\n<ul class=\"wp-block-list\">\n<li>Christopher&nbsp;T.&nbsp;J.&nbsp;Blom, Toronto<\/li>\n\n\n\n<li>K.&nbsp;Hollick&nbsp;Chipman, Calgary<\/li>\n\n\n\n<li>Patricia&nbsp;J.&nbsp;Forte, Waterloo<\/li>\n\n\n\n<li>Ryan&nbsp;D.&nbsp;Kitzul, Regina<\/li>\n\n\n\n<li>Robyn&nbsp;L.&nbsp;Meara, Edmonton<\/li>\n\n\n\n<li>F.&nbsp;Paul&nbsp;Morrison, Toronto<\/li>\n\n\n\n<li>Michael&nbsp;J.&nbsp;Pucylo, Edmonton<\/li>\n<\/ul>\n\n\n\n<h2 class=\"wp-block-heading\">Protection de la vie priv\u00e9e et cybers\u00e9curit\u00e9<\/h2>\n\n\n\n<ul class=\"wp-block-list\">\n<li>Catherine&nbsp;M.&nbsp;Dennis&nbsp;Brooks, Toronto<\/li>\n\n\n\n<li>David&nbsp;Krebs, Saskatoon<\/li>\n<\/ul>\n\n\n\n<h2 class=\"wp-block-heading\">Responsabilit\u00e9 du fabricant<\/h2>\n\n\n\n<ul class=\"wp-block-list\">\n<li>F.&nbsp;Paul&nbsp;Morrison, Toronto<\/li>\n<\/ul>\n\n\n\n<h2 class=\"wp-block-heading\">Financement de projets<\/h2>\n\n\n\n<ul class=\"wp-block-list\">\n<li>Rick&nbsp;M.&nbsp;Van&nbsp;Beselaere, c.r., Regina<\/li>\n<\/ul>\n\n\n\n<h2 class=\"wp-block-heading\">March\u00e9s publics<\/h2>\n\n\n\n<ul class=\"wp-block-list\">\n<li>Jasmin&nbsp;Lefebvre, Montr\u00e9al<\/li>\n<\/ul>\n\n\n\n<h2 class=\"wp-block-heading\">Immobilier<\/h2>\n\n\n\n<ul class=\"wp-block-list\">\n<li>Cindy&nbsp;Aulicino, Vaughan<\/li>\n\n\n\n<li>Sean&nbsp;Bryden, Saskatoon<\/li>\n\n\n\n<li>Steven&nbsp;L.&nbsp;Chaimberg, Montr\u00e9al<\/li>\n\n\n\n<li>John&nbsp;A.&nbsp;Cross, c.r., Edmonton<\/li>\n\n\n\n<li>Nizar&nbsp;Dahrouge, Edmonton<\/li>\n\n\n\n<li>John&nbsp;A.&nbsp;Doolan, Vancouver<\/li>\n\n\n\n<li>Emma&nbsp;Rose&nbsp;Grolla, Vancouver*<\/li>\n\n\n\n<li>Eric&nbsp;F.&nbsp;W.&nbsp;Johnson, Regina<\/li>\n\n\n\n<li>Perry&nbsp;Katz, Toronto<\/li>\n\n\n\n<li>Jean-Martin&nbsp;Lambert, Montr\u00e9al<\/li>\n\n\n\n<li>Sharon&nbsp;MacMillan, Vancouver<\/li>\n\n\n\n<li>Jessica&nbsp;Penley, Vaughan<\/li>\n\n\n\n<li>Tara&nbsp;Piurko, Toronto<\/li>\n\n\n\n<li>Lynn&nbsp;Ramsay, c.r., Vancouver<\/li>\n\n\n\n<li>Maxime&nbsp;B.&nbsp;Rh\u00e9aume, Montr\u00e9al<\/li>\n\n\n\n<li>Andrew&nbsp;S.&nbsp;Roth, Waterloo<\/li>\n\n\n\n<li>Joshua&nbsp;I.&nbsp;Selby, Calgary<\/li>\n\n\n\n<li>Julia Thielmann, Vancouver*<\/li>\n\n\n\n<li>Melissa\u00a0Timbres, Edmonton<\/li>\n\n\n\n<li>Frank&nbsp;Torchia, Vaughan<\/li>\n\n\n\n<li>Michael&nbsp;Walker, Vancouver<\/li>\n\n\n\n<li>Michael&nbsp;J.&nbsp;Wren, Toronto<\/li>\n<\/ul>\n\n\n\n<h2 class=\"wp-block-heading\">Valeurs mobili\u00e8res<\/h2>\n\n\n\n<ul class=\"wp-block-list\">\n<li>Bruno&nbsp;Caron, Montr\u00e9al<\/li>\n\n\n\n<li>Jay&nbsp;M.&nbsp;Hoffman, Toronto<\/li>\n\n\n\n<li>Adam&nbsp;Kline, Toronto<\/li>\n\n\n\n<li>Glen&nbsp;Lekach, Regina<\/li>\n\n\n\n<li>Lawrence&nbsp;D.&nbsp;Wilder, Toronto<\/li>\n<\/ul>\n\n\n\n<h2 class=\"wp-block-heading\">Droit fiscal<\/h2>\n\n\n\n<ul class=\"wp-block-list\">\n<li>Andrew&nbsp;Bateman, Calgary<\/li>\n\n\n\n<li>John&nbsp;M.&nbsp;Campbell, Toronto<\/li>\n\n\n\n<li>David&nbsp;W.&nbsp;Chodikoff, Toronto<\/li>\n\n\n\n<li>Wendi&nbsp;P.&nbsp;Crowe, Edmonton<\/li>\n\n\n\n<li>Andrew&nbsp;Etcovitch, Montr\u00e9al<\/li>\n\n\n\n<li>William&nbsp;J.&nbsp;Fowlis, c.r.,&nbsp;CAF, Calgary<\/li>\n\n\n\n<li>M.&nbsp;Elena&nbsp;Hoffstein<\/li>\n\n\n\n<li>Barry&nbsp;Horne, Toronto<\/li>\n\n\n\n<li>Joan&nbsp;E.&nbsp;Jung, Toronto<\/li>\n\n\n\n<li>Lesley&nbsp;Kim, Toronto<\/li>\n\n\n\n<li>Nathalie&nbsp;Marchand, Montr\u00e9al<\/li>\n\n\n\n<li>Joseph&nbsp;W.&nbsp;Yurkovich, c.r., Edmonton<\/li>\n<\/ul>\n\n\n\n<h2 class=\"wp-block-heading\">Transports<\/h2>\n\n\n\n<ul class=\"wp-block-list\">\n<li>Louis&nbsp;Amato-Gauci, Toronto<\/li>\n\n\n\n<li>Darin&nbsp;J.&nbsp;Hannaford, Edmonton<\/li>\n\n\n\n<li>Jaclyne&nbsp;Reive, Toronto<\/li>\n<\/ul>\n\n\n\n<h2 class=\"wp-block-heading\">Fiducies et successions<\/h2>\n\n\n\n<ul class=\"wp-block-list\">\n<li>Howard&nbsp;S.&nbsp;Black, Toronto<\/li>\n\n\n\n<li>Gail&nbsp;P.&nbsp;Black, c.r., Calgary<\/li>\n\n\n\n<li>Michael&nbsp;Walker, Vancouver<\/li>\n\n\n\n<li>Rick&nbsp;Breen, c.r., Calgary<\/li>\n\n\n\n<li>John&nbsp;M.&nbsp;Campbell, Toronto<\/li>\n\n\n\n<li>Kelly&nbsp;A.&nbsp;Charlebois, Toronto<\/li>\n\n\n\n<li>Wendi&nbsp;P.&nbsp;Crowe, Edmonton<\/li>\n\n\n\n<li>Debra&nbsp;Curcio&nbsp;Lister, Edmonton<\/li>\n\n\n\n<li>Christopher&nbsp;Crisman-Cox, Guelph*<\/li>\n\n\n\n<li>Dwight&nbsp;D.&nbsp;Dee, Vancouver<\/li>\n\n\n\n<li>Andrew&nbsp;Etcovitch, Montr\u00e9al<\/li>\n\n\n\n<li>Sarah&nbsp;G.&nbsp;Fitzpatrick, Vancouver<\/li>\n\n\n\n<li>William&nbsp;J.&nbsp;Fowlis, c.r.,&nbsp;CAF, Calgary<\/li>\n\n\n\n<li>M.&nbsp;Elena&nbsp;Hoffstein, Toronto<\/li>\n\n\n\n<li>Stephen&nbsp;Hsia, Vancouver<\/li>\n\n\n\n<li>Antonio&nbsp;Iacovelli, Montr\u00e9al<\/li>\n\n\n\n<li>Joan&nbsp;E.&nbsp;Jung, Toronto<\/li>\n\n\n\n<li>Sarah&nbsp;Langille, Waterloo*<\/li>\n\n\n\n<li>Susan&nbsp;M.&nbsp;Manwaring, Toronto<\/li>\n\n\n\n<li>Nathalie&nbsp;Marchand, Montr\u00e9al<\/li>\n\n\n\n<li>Sheila&nbsp;Morris, Toronto<\/li>\n\n\n\n<li>Tsvetomira&nbsp;Niklin, Toronto*<\/li>\n\n\n\n<li>Kelsey&nbsp;Sherriff, Vancouver<\/li>\n\n\n\n<li>Amanda&nbsp;J.&nbsp;Stacey, Vancouver<\/li>\n\n\n\n<li>Brittany&nbsp;Sud, Toronto<\/li>\n\n\n\n<li>Andrew&nbsp;Valentine, Toronto<\/li>\n\n\n\n<li>Nicole&nbsp;Woodward, Toronto<\/li>\n\n\n\n<li>Joseph&nbsp;W.&nbsp;Yurkovich, c.r., Edmonton<\/li>\n<\/ul>\n\n\n\n<h2 class=\"wp-block-heading\">Capital de risque<\/h2>\n\n\n\n<ul class=\"wp-block-list\">\n<li>Seon&nbsp;K.&nbsp;Kang, Montr\u00e9al<\/li>\n\n\n\n<li>Philippe&nbsp;St-Louis, Montr\u00e9al<\/li>\n<\/ul>\n\n\n\n<p>*Ces avocats ont \u00e9t\u00e9 nomm\u00e9s \u00e0 la cat\u00e9gorie <em>Best Lawyers<\/em>&nbsp;<em>: Ones to Watch<\/em>. Cette distinction vise \u00e0 reconna\u00eetre l\u2019excellence en pratique priv\u00e9e d\u2019avocats en d\u00e9but de carri\u00e8re.<\/p>\n","protected":false},"author":1,"featured_media":40428,"template":"","news-category":[655],"class_list":["post-17957","news","type-news","status-publish","has-post-thumbnail","hentry"],"acf":[],"yoast_head":"<!-- This site is optimized with the Yoast SEO plugin v26.1.1 - https:\/\/yoast.com\/wordpress\/plugins\/seo\/ -->\n<title>Des avocats Miller Thomson nomm\u00e9s au classement Best Lawyers in Canada | Miller Thomson<\/title>\n<meta name=\"robots\" content=\"index, follow, max-snippet:-1, max-image-preview:large, max-video-preview:-1\" \/>\n<link rel=\"canonical\" href=\"https:\/\/www.millerthomson.com\/fr\/nouvelles\/des-avocats-miller-thomson-nommes-au-classement-best-lawyers-in-canada\/\" \/>\n<meta property=\"og:locale\" content=\"fr_FR\" \/>\n<meta property=\"og:type\" content=\"article\" \/>\n<meta property=\"og:title\" content=\"Des avocats Miller Thomson nomm\u00e9s au classement Best Lawyers in Canada | Miller Thomson\" \/>\n<meta property=\"og:description\" content=\"Nous sommes honor\u00e9s de figurer dans l\u2019\u00e9dition&nbsp;2025 du prestigieux r\u00e9pertoire Best LawyersMD in Canada. Cette reconnaissance ne couvre pas moins de 49&nbsp;domaines de pratiques r\u00e9partis dans tout le Canada et t\u00e9moigne de notre expertise de premier ordre dans l\u2019ensemble du secteur juridique. Toujours \u00e0 l\u2019avant-garde des derni\u00e8res tendances et des plus r\u00e9cents d\u00e9veloppements, notre \u00e9quipe [&hellip;]\" \/>\n<meta property=\"og:url\" content=\"https:\/\/www.millerthomson.com\/fr\/nouvelles\/des-avocats-miller-thomson-nommes-au-classement-best-lawyers-in-canada\/\" \/>\n<meta property=\"og:site_name\" content=\"Miller Thomson\" \/>\n<meta property=\"article:publisher\" content=\"https:\/\/www.facebook.com\/MillerThomsonLaw\/\" \/>\n<meta property=\"article:modified_time\" content=\"2025-12-08T16:39:06+00:00\" \/>\n<meta property=\"og:image\" content=\"https:\/\/www.millerthomson.com\/wp-content\/uploads\/2025\/10\/featured_news_people_lobby.jpg\" \/>\n\t<meta property=\"og:image:width\" content=\"1920\" \/>\n\t<meta property=\"og:image:height\" content=\"1098\" \/>\n\t<meta property=\"og:image:type\" content=\"image\/jpeg\" \/>\n<meta name=\"twitter:card\" content=\"summary_large_image\" \/>\n<meta name=\"twitter:site\" content=\"@millerthomson\" \/>\n<meta name=\"twitter:label1\" content=\"Est. reading time\" \/>\n\t<meta name=\"twitter:data1\" content=\"7 minutes\" \/>\n<script type=\"application\/ld+json\" class=\"yoast-schema-graph\">{\"@context\":\"https:\/\/schema.org\",\"@graph\":[{\"@type\":\"NewsArticle\",\"@id\":\"https:\/\/www.millerthomson.com\/fr\/nouvelles\/des-avocats-miller-thomson-nommes-au-classement-best-lawyers-in-canada\/#article\",\"isPartOf\":{\"@id\":\"https:\/\/www.millerthomson.com\/fr\/nouvelles\/des-avocats-miller-thomson-nommes-au-classement-best-lawyers-in-canada\/\"},\"author\":{\"name\":\"admin\",\"@id\":\"https:\/\/www.millerthomson.com\/fr\/#\/schema\/person\/3f9143e8aec04617923b89fecf6886ea\"},\"headline\":\"Des avocats Miller Thomson nomm\u00e9s au classement Best Lawyers in Canada\",\"datePublished\":\"2024-08-29T13:18:49+00:00\",\"dateModified\":\"2025-12-08T16:39:06+00:00\",\"mainEntityOfPage\":{\"@id\":\"https:\/\/www.millerthomson.com\/fr\/nouvelles\/des-avocats-miller-thomson-nommes-au-classement-best-lawyers-in-canada\/\"},\"wordCount\":2187,\"publisher\":{\"@id\":\"https:\/\/www.millerthomson.com\/fr\/#organization\"},\"image\":{\"@id\":\"https:\/\/www.millerthomson.com\/fr\/nouvelles\/des-avocats-miller-thomson-nommes-au-classement-best-lawyers-in-canada\/#primaryimage\"},\"thumbnailUrl\":\"https:\/\/www.millerthomson.com\/wp-content\/uploads\/2025\/10\/featured_news_people_lobby.jpg\",\"inLanguage\":\"fr-FR\"},{\"@type\":\"WebPage\",\"@id\":\"https:\/\/www.millerthomson.com\/fr\/nouvelles\/des-avocats-miller-thomson-nommes-au-classement-best-lawyers-in-canada\/\",\"url\":\"https:\/\/www.millerthomson.com\/fr\/nouvelles\/des-avocats-miller-thomson-nommes-au-classement-best-lawyers-in-canada\/\",\"name\":\"Des avocats Miller Thomson nomm\u00e9s au classement Best Lawyers in Canada | Miller Thomson\",\"isPartOf\":{\"@id\":\"https:\/\/www.millerthomson.com\/fr\/#website\"},\"primaryImageOfPage\":{\"@id\":\"https:\/\/www.millerthomson.com\/fr\/nouvelles\/des-avocats-miller-thomson-nommes-au-classement-best-lawyers-in-canada\/#primaryimage\"},\"image\":{\"@id\":\"https:\/\/www.millerthomson.com\/fr\/nouvelles\/des-avocats-miller-thomson-nommes-au-classement-best-lawyers-in-canada\/#primaryimage\"},\"thumbnailUrl\":\"https:\/\/www.millerthomson.com\/wp-content\/uploads\/2025\/10\/featured_news_people_lobby.jpg\",\"datePublished\":\"2024-08-29T13:18:49+00:00\",\"dateModified\":\"2025-12-08T16:39:06+00:00\",\"breadcrumb\":{\"@id\":\"https:\/\/www.millerthomson.com\/fr\/nouvelles\/des-avocats-miller-thomson-nommes-au-classement-best-lawyers-in-canada\/#breadcrumb\"},\"inLanguage\":\"fr-FR\",\"potentialAction\":[{\"@type\":\"ReadAction\",\"target\":[\"https:\/\/www.millerthomson.com\/fr\/nouvelles\/des-avocats-miller-thomson-nommes-au-classement-best-lawyers-in-canada\/\"]}]},{\"@type\":\"ImageObject\",\"inLanguage\":\"fr-FR\",\"@id\":\"https:\/\/www.millerthomson.com\/fr\/nouvelles\/des-avocats-miller-thomson-nommes-au-classement-best-lawyers-in-canada\/#primaryimage\",\"url\":\"https:\/\/www.millerthomson.com\/wp-content\/uploads\/2025\/10\/featured_news_people_lobby.jpg\",\"contentUrl\":\"https:\/\/www.millerthomson.com\/wp-content\/uploads\/2025\/10\/featured_news_people_lobby.jpg\",\"width\":1920,\"height\":1098,\"caption\":\"people walking in an office lobby viewed from above\"},{\"@type\":\"BreadcrumbList\",\"@id\":\"https:\/\/www.millerthomson.com\/fr\/nouvelles\/des-avocats-miller-thomson-nommes-au-classement-best-lawyers-in-canada\/#breadcrumb\",\"itemListElement\":[{\"@type\":\"ListItem\",\"position\":1,\"name\":\"Accueil\",\"item\":\"https:\/\/www.millerthomson.com\/fr\/\"},{\"@type\":\"ListItem\",\"position\":2,\"name\":\"Nouvelles\",\"item\":\"https:\/\/www.millerthomson.com\/fr\/nouvelles\/\"},{\"@type\":\"ListItem\",\"position\":3,\"name\":\"Des avocats Miller Thomson nomm\u00e9s au classement Best Lawyers in Canada\"}]},{\"@type\":\"WebSite\",\"@id\":\"https:\/\/www.millerthomson.com\/fr\/#website\",\"url\":\"https:\/\/www.millerthomson.com\/fr\/\",\"name\":\"Miller Thomson | Cabinet de droit des affaires pancanadien\",\"description\":\"National law firm providing business law expertise and litigation and disputes services for businesses across Canada since 1957.\",\"publisher\":{\"@id\":\"https:\/\/www.millerthomson.com\/fr\/#organization\"},\"potentialAction\":[{\"@type\":\"SearchAction\",\"target\":{\"@type\":\"EntryPoint\",\"urlTemplate\":\"https:\/\/www.millerthomson.com\/fr\/?s={search_term_string}\"},\"query-input\":{\"@type\":\"PropertyValueSpecification\",\"valueRequired\":true,\"valueName\":\"search_term_string\"}}],\"inLanguage\":\"fr-FR\"},{\"@type\":\"Organization\",\"@id\":\"https:\/\/www.millerthomson.com\/fr\/#organization\",\"name\":\"Miller Thomson | Cabinet de droit des affaires pancanadien\",\"url\":\"https:\/\/www.millerthomson.com\/fr\/\",\"logo\":{\"@type\":\"ImageObject\",\"inLanguage\":\"fr-FR\",\"@id\":\"https:\/\/www.millerthomson.com\/fr\/#\/schema\/logo\/image\/\",\"url\":\"https:\/\/www.millerthomson.com\/wp-content\/uploads\/2024\/10\/miller-thomson.svg\",\"contentUrl\":\"https:\/\/www.millerthomson.com\/wp-content\/uploads\/2024\/10\/miller-thomson.svg\",\"width\":380,\"height\":50,\"caption\":\"Miller Thomson | Cabinet de droit des affaires pancanadien\"},\"image\":{\"@id\":\"https:\/\/www.millerthomson.com\/fr\/#\/schema\/logo\/image\/\"},\"sameAs\":[\"https:\/\/www.facebook.com\/MillerThomsonLaw\/\",\"https:\/\/x.com\/millerthomson\",\"https:\/\/www.linkedin.com\/company\/miller-thomson-llp\/\",\"https:\/\/www.youtube.com\/@millerthomson\"]},{\"@type\":\"Person\",\"@id\":\"https:\/\/www.millerthomson.com\/fr\/#\/schema\/person\/3f9143e8aec04617923b89fecf6886ea\",\"name\":\"admin\",\"image\":{\"@type\":\"ImageObject\",\"inLanguage\":\"fr-FR\",\"@id\":\"https:\/\/www.millerthomson.com\/fr\/#\/schema\/person\/image\/\",\"url\":\"https:\/\/secure.gravatar.com\/avatar\/2fb85dacd7d0cf6d162ec9c30c25b90c6e69a82dbe5ebe52991d2ec0d73e4890?s=96&d=mm&r=g\",\"contentUrl\":\"https:\/\/secure.gravatar.com\/avatar\/2fb85dacd7d0cf6d162ec9c30c25b90c6e69a82dbe5ebe52991d2ec0d73e4890?s=96&d=mm&r=g\",\"caption\":\"admin\"}}]}<\/script>\n<!-- \/ Yoast SEO plugin. -->","yoast_head_json":{"title":"Des avocats Miller Thomson nomm\u00e9s au classement Best Lawyers in Canada | Miller Thomson","robots":{"index":"index","follow":"follow","max-snippet":"max-snippet:-1","max-image-preview":"max-image-preview:large","max-video-preview":"max-video-preview:-1"},"canonical":"https:\/\/www.millerthomson.com\/fr\/nouvelles\/des-avocats-miller-thomson-nommes-au-classement-best-lawyers-in-canada\/","og_locale":"fr_FR","og_type":"article","og_title":"Des avocats Miller Thomson nomm\u00e9s au classement Best Lawyers in Canada | Miller Thomson","og_description":"Nous sommes honor\u00e9s de figurer dans l\u2019\u00e9dition&nbsp;2025 du prestigieux r\u00e9pertoire Best LawyersMD in Canada. Cette reconnaissance ne couvre pas moins de 49&nbsp;domaines de pratiques r\u00e9partis dans tout le Canada et t\u00e9moigne de notre expertise de premier ordre dans l\u2019ensemble du secteur juridique. Toujours \u00e0 l\u2019avant-garde des derni\u00e8res tendances et des plus r\u00e9cents d\u00e9veloppements, notre \u00e9quipe [&hellip;]","og_url":"https:\/\/www.millerthomson.com\/fr\/nouvelles\/des-avocats-miller-thomson-nommes-au-classement-best-lawyers-in-canada\/","og_site_name":"Miller Thomson","article_publisher":"https:\/\/www.facebook.com\/MillerThomsonLaw\/","article_modified_time":"2025-12-08T16:39:06+00:00","og_image":[{"width":1920,"height":1098,"url":"https:\/\/www.millerthomson.com\/wp-content\/uploads\/2025\/10\/featured_news_people_lobby.jpg","type":"image\/jpeg"}],"twitter_card":"summary_large_image","twitter_site":"@millerthomson","twitter_misc":{"Est. reading time":"7 minutes"},"schema":{"@context":"https:\/\/schema.org","@graph":[{"@type":"NewsArticle","@id":"https:\/\/www.millerthomson.com\/fr\/nouvelles\/des-avocats-miller-thomson-nommes-au-classement-best-lawyers-in-canada\/#article","isPartOf":{"@id":"https:\/\/www.millerthomson.com\/fr\/nouvelles\/des-avocats-miller-thomson-nommes-au-classement-best-lawyers-in-canada\/"},"author":{"name":"admin","@id":"https:\/\/www.millerthomson.com\/fr\/#\/schema\/person\/3f9143e8aec04617923b89fecf6886ea"},"headline":"Des avocats Miller Thomson nomm\u00e9s au classement Best Lawyers in Canada","datePublished":"2024-08-29T13:18:49+00:00","dateModified":"2025-12-08T16:39:06+00:00","mainEntityOfPage":{"@id":"https:\/\/www.millerthomson.com\/fr\/nouvelles\/des-avocats-miller-thomson-nommes-au-classement-best-lawyers-in-canada\/"},"wordCount":2187,"publisher":{"@id":"https:\/\/www.millerthomson.com\/fr\/#organization"},"image":{"@id":"https:\/\/www.millerthomson.com\/fr\/nouvelles\/des-avocats-miller-thomson-nommes-au-classement-best-lawyers-in-canada\/#primaryimage"},"thumbnailUrl":"https:\/\/www.millerthomson.com\/wp-content\/uploads\/2025\/10\/featured_news_people_lobby.jpg","inLanguage":"fr-FR"},{"@type":"WebPage","@id":"https:\/\/www.millerthomson.com\/fr\/nouvelles\/des-avocats-miller-thomson-nommes-au-classement-best-lawyers-in-canada\/","url":"https:\/\/www.millerthomson.com\/fr\/nouvelles\/des-avocats-miller-thomson-nommes-au-classement-best-lawyers-in-canada\/","name":"Des avocats Miller Thomson nomm\u00e9s au classement Best Lawyers in Canada | Miller Thomson","isPartOf":{"@id":"https:\/\/www.millerthomson.com\/fr\/#website"},"primaryImageOfPage":{"@id":"https:\/\/www.millerthomson.com\/fr\/nouvelles\/des-avocats-miller-thomson-nommes-au-classement-best-lawyers-in-canada\/#primaryimage"},"image":{"@id":"https:\/\/www.millerthomson.com\/fr\/nouvelles\/des-avocats-miller-thomson-nommes-au-classement-best-lawyers-in-canada\/#primaryimage"},"thumbnailUrl":"https:\/\/www.millerthomson.com\/wp-content\/uploads\/2025\/10\/featured_news_people_lobby.jpg","datePublished":"2024-08-29T13:18:49+00:00","dateModified":"2025-12-08T16:39:06+00:00","breadcrumb":{"@id":"https:\/\/www.millerthomson.com\/fr\/nouvelles\/des-avocats-miller-thomson-nommes-au-classement-best-lawyers-in-canada\/#breadcrumb"},"inLanguage":"fr-FR","potentialAction":[{"@type":"ReadAction","target":["https:\/\/www.millerthomson.com\/fr\/nouvelles\/des-avocats-miller-thomson-nommes-au-classement-best-lawyers-in-canada\/"]}]},{"@type":"ImageObject","inLanguage":"fr-FR","@id":"https:\/\/www.millerthomson.com\/fr\/nouvelles\/des-avocats-miller-thomson-nommes-au-classement-best-lawyers-in-canada\/#primaryimage","url":"https:\/\/www.millerthomson.com\/wp-content\/uploads\/2025\/10\/featured_news_people_lobby.jpg","contentUrl":"https:\/\/www.millerthomson.com\/wp-content\/uploads\/2025\/10\/featured_news_people_lobby.jpg","width":1920,"height":1098,"caption":"people walking in an office lobby viewed from above"},{"@type":"BreadcrumbList","@id":"https:\/\/www.millerthomson.com\/fr\/nouvelles\/des-avocats-miller-thomson-nommes-au-classement-best-lawyers-in-canada\/#breadcrumb","itemListElement":[{"@type":"ListItem","position":1,"name":"Accueil","item":"https:\/\/www.millerthomson.com\/fr\/"},{"@type":"ListItem","position":2,"name":"Nouvelles","item":"https:\/\/www.millerthomson.com\/fr\/nouvelles\/"},{"@type":"ListItem","position":3,"name":"Des avocats Miller Thomson nomm\u00e9s au classement Best Lawyers in Canada"}]},{"@type":"WebSite","@id":"https:\/\/www.millerthomson.com\/fr\/#website","url":"https:\/\/www.millerthomson.com\/fr\/","name":"Miller Thomson | Cabinet de droit des affaires pancanadien","description":"National law firm providing business law expertise and litigation and disputes services for businesses across Canada since 1957.","publisher":{"@id":"https:\/\/www.millerthomson.com\/fr\/#organization"},"potentialAction":[{"@type":"SearchAction","target":{"@type":"EntryPoint","urlTemplate":"https:\/\/www.millerthomson.com\/fr\/?s={search_term_string}"},"query-input":{"@type":"PropertyValueSpecification","valueRequired":true,"valueName":"search_term_string"}}],"inLanguage":"fr-FR"},{"@type":"Organization","@id":"https:\/\/www.millerthomson.com\/fr\/#organization","name":"Miller Thomson | Cabinet de droit des affaires pancanadien","url":"https:\/\/www.millerthomson.com\/fr\/","logo":{"@type":"ImageObject","inLanguage":"fr-FR","@id":"https:\/\/www.millerthomson.com\/fr\/#\/schema\/logo\/image\/","url":"https:\/\/www.millerthomson.com\/wp-content\/uploads\/2024\/10\/miller-thomson.svg","contentUrl":"https:\/\/www.millerthomson.com\/wp-content\/uploads\/2024\/10\/miller-thomson.svg","width":380,"height":50,"caption":"Miller Thomson | Cabinet de droit des affaires pancanadien"},"image":{"@id":"https:\/\/www.millerthomson.com\/fr\/#\/schema\/logo\/image\/"},"sameAs":["https:\/\/www.facebook.com\/MillerThomsonLaw\/","https:\/\/x.com\/millerthomson","https:\/\/www.linkedin.com\/company\/miller-thomson-llp\/","https:\/\/www.youtube.com\/@millerthomson"]},{"@type":"Person","@id":"https:\/\/www.millerthomson.com\/fr\/#\/schema\/person\/3f9143e8aec04617923b89fecf6886ea","name":"admin","image":{"@type":"ImageObject","inLanguage":"fr-FR","@id":"https:\/\/www.millerthomson.com\/fr\/#\/schema\/person\/image\/","url":"https:\/\/secure.gravatar.com\/avatar\/2fb85dacd7d0cf6d162ec9c30c25b90c6e69a82dbe5ebe52991d2ec0d73e4890?s=96&d=mm&r=g","contentUrl":"https:\/\/secure.gravatar.com\/avatar\/2fb85dacd7d0cf6d162ec9c30c25b90c6e69a82dbe5ebe52991d2ec0d73e4890?s=96&d=mm&r=g","caption":"admin"}}]}},"_links":{"self":[{"href":"https:\/\/www.millerthomson.com\/fr\/wp-json\/wp\/v2\/news\/17957","targetHints":{"allow":["GET"]}}],"collection":[{"href":"https:\/\/www.millerthomson.com\/fr\/wp-json\/wp\/v2\/news"}],"about":[{"href":"https:\/\/www.millerthomson.com\/fr\/wp-json\/wp\/v2\/types\/news"}],"author":[{"embeddable":true,"href":"https:\/\/www.millerthomson.com\/fr\/wp-json\/wp\/v2\/users\/1"}],"version-history":[{"count":0,"href":"https:\/\/www.millerthomson.com\/fr\/wp-json\/wp\/v2\/news\/17957\/revisions"}],"wp:featuredmedia":[{"embeddable":true,"href":"https:\/\/www.millerthomson.com\/fr\/wp-json\/wp\/v2\/media\/40428"}],"wp:attachment":[{"href":"https:\/\/www.millerthomson.com\/fr\/wp-json\/wp\/v2\/media?parent=17957"}],"wp:term":[{"taxonomy":"news-category","embeddable":true,"href":"https:\/\/www.millerthomson.com\/fr\/wp-json\/wp\/v2\/news-category?post=17957"}],"curies":[{"name":"wp","href":"https:\/\/api.w.org\/{rel}","templated":true}]}}